{"id":19539,"date":"2023-10-19T17:02:50","date_gmt":"2023-10-19T15:02:50","guid":{"rendered":"https:\/\/kinaikaleidoszkop.hu\/?p=19539"},"modified":"2023-10-19T17:03:01","modified_gmt":"2023-10-19T15:03:01","slug":"cmg-kommentar-kina-a-vilagmeretu-korszerusites-elomozditasara-torekszik-a-kovetkezo-tiz-evben","status":"publish","type":"post","link":"https:\/\/kinaikaleidoszkop.hu\/index.php\/2023\/10\/19\/cmg-kommentar-kina-a-vilagmeretu-korszerusites-elomozditasara-torekszik-a-kovetkezo-tiz-evben\/","title":{"rendered":"CMG-komment\u00e1r: K\u00edna a vil\u00e1gm\u00e9ret\u0171 korszer\u0171s\u00edt\u00e9s el\u0151mozd\u00edt\u00e1s\u00e1ra t\u00f6rekszik a k\u00f6vetkez\u0151 t\u00edz \u00e9vben"},"content":{"rendered":"\n<p><strong>A korszer\u0171s\u00edt\u00e9s az emberis\u00e9g k\u00f6z\u00f6s c\u00e9lja, \u00e1m a vil\u00e1g rengeteg orsz\u00e1gai k\u00f6z\u00fcl ma csak alig t\u00f6bb mint 20 tartozik a fejlettek k\u00f6z\u00e9.<\/strong><\/p>\n\n\n\n<p>Az \u00d6vezet \u00e9s \u00dat kezdem\u00e9nyez\u00e9s elind\u00edt\u00e1s\u00e1nak t\u00edzedik \u00e9vfordul\u00f3ja alkalm\u00e1b\u00f3l Hszi Csin-ping k\u00ednai \u00e1llameln\u00f6k r\u00e1mutatott, hogy az \u00d6vezet \u00e9s \u00dat min\u0151s\u00e9gi fejleszt\u00e9seinek \u00faj szakasz\u00e1ban a vil\u00e1g orsz\u00e1gaiban t\u00f6rt\u00e9n\u0151 korszer\u0171s\u00edt\u00e9s megval\u00f3s\u00edt\u00e1s\u00e1ra kell t\u00f6rekedni. A k\u00ednai \u00e1llameln\u00f6k \u201enyolc l\u00e9p\u00e9st\u201d jelentett be, amelyekkel K\u00edna t\u00e9nylegesen el\u0151 k\u00edv\u00e1nja mozd\u00edtani e c\u00e9l megval\u00f3s\u00edt\u00e1s\u00e1t a k\u00f6vetkez\u0151 \u00e9vtizedben.<\/p>\n\n\n\n<p>A \u201enyolc l\u00e9p\u00e9s\u201d tartalmazza az \u00d6vezet \u00e9s \u00dat h\u00e1romdimenzi\u00f3s k\u00f6zleked\u00e9si h\u00e1l\u00f3zat\u00e1nak l\u00e9trehoz\u00e1s\u00e1t, a nyitott vil\u00e1ggazdas\u00e1g t\u00e1mogat\u00e1s\u00e1t, a gyakorlati egy\u00fcttm\u0171k\u00f6d\u00e9sek fokoz\u00e1s\u00e1t, a z\u00f6ld fejleszt\u00e9st, illetve a technol\u00f3giai innov\u00e1ci\u00f3 el\u0151mozd\u00edt\u00e1s\u00e1t. E l\u00e9p\u00e9sek nemcsak a glob\u00e1lis gazdas\u00e1g\u00e9p\u00edt\u00e9s gyeng\u00fcl\u00e9s\u00e9nek meg\u00e1ll\u00edt\u00e1s\u00e1t szolg\u00e1lj\u00e1k, hanem megfelelnek a kor \u00e9s a technol\u00f3gia fejl\u0151d\u00e9si ir\u00e1ny\u00e1nak. A program fedezete, r\u00e9szletesen kidolgozott int\u00e9zked\u00e9sei \u00e9s tart\u00f3s rendszere hozz\u00e1j\u00e1rul a vil\u00e1g korszer\u0171s\u00edt\u00e9s\u00e9hez.<\/p>\n\n\n\n<figure class=\"wp-block-image size-full\"><img loading=\"lazy\" decoding=\"async\" width=\"1024\" height=\"768\" src=\"https:\/\/kinaikaleidoszkop.hu\/wp-content\/uploads\/2023\/10\/1019CMGCMG-kommentar-Kina-a-vilagmeretu-korszerusites-elomozditasara-torekszik-a-kovetkezo-tiz-evben.jpg\" alt=\"\" class=\"wp-image-19541\" srcset=\"https:\/\/kinaikaleidoszkop.hu\/wp-content\/uploads\/2023\/10\/1019CMGCMG-kommentar-Kina-a-vilagmeretu-korszerusites-elomozditasara-torekszik-a-kovetkezo-tiz-evben.jpg 1024w, https:\/\/kinaikaleidoszkop.hu\/wp-content\/uploads\/2023\/10\/1019CMGCMG-kommentar-Kina-a-vilagmeretu-korszerusites-elomozditasara-torekszik-a-kovetkezo-tiz-evben-300x225.jpg 300w, https:\/\/kinaikaleidoszkop.hu\/wp-content\/uploads\/2023\/10\/1019CMGCMG-kommentar-Kina-a-vilagmeretu-korszerusites-elomozditasara-torekszik-a-kovetkezo-tiz-evben-768x576.jpg 768w, https:\/\/kinaikaleidoszkop.hu\/wp-content\/uploads\/2023\/10\/1019CMGCMG-kommentar-Kina-a-vilagmeretu-korszerusites-elomozditasara-torekszik-a-kovetkezo-tiz-evben-74x55.jpg 74w, https:\/\/kinaikaleidoszkop.hu\/wp-content\/uploads\/2023\/10\/1019CMGCMG-kommentar-Kina-a-vilagmeretu-korszerusites-elomozditasara-torekszik-a-kovetkezo-tiz-evben-111x83.jpg 111w, https:\/\/kinaikaleidoszkop.hu\/wp-content\/uploads\/2023\/10\/1019CMGCMG-kommentar-Kina-a-vilagmeretu-korszerusites-elomozditasara-torekszik-a-kovetkezo-tiz-evben-215x161.jpg 215w, https:\/\/kinaikaleidoszkop.hu\/wp-content\/uploads\/2023\/10\/1019CMGCMG-kommentar-Kina-a-vilagmeretu-korszerusites-elomozditasara-torekszik-a-kovetkezo-tiz-evben-990x743.jpg 990w\" sizes=\"auto, (max-width: 1024px) 100vw, 1024px\" \/><\/figure>\n\n\n\n<p>A CMG \u00e1ltal megk\u00e9rdezett szak\u00e9rt\u0151 elmondta, hogy az \u00e9vsz\u00e1zad v\u00e1ltoz\u00e1sai k\u00f6zepette Hszi eln\u00f6k az \u00edg\u00e9reteivel er\u0151s bizalmat v\u00e1ltott ki az \u00d6vezet \u00e9s \u00dat k\u00f6z\u00f6s \u00e9p\u00edt\u00e9s\u00e9nek j\u00f6v\u0151je szempontj\u00e1b\u00f3l. A \u201enyolc l\u00e9p\u00e9s\u201d a nagyhatalom felel\u0151s\u00e9g\u00e9t mutatja, hogy el\u0151mozd\u00edtsa a vil\u00e1g orsz\u00e1gainak egy\u00fcttm\u0171k\u00f6d\u00e9s\u00e9t \u00e9s a k\u00f6z\u00f6s fejl\u0151d\u00e9s\u00e9t.<\/p>\n\n\n\n<p>A korszer\u0171s\u00edt\u00e9s azonban nem egyenl\u0151 a nyugatiasod\u00e1ssal. Az elm\u00falt \u00e9vtizedekben egyes fejl\u0151d\u0151 orsz\u00e1gok zavaros helyzetben kerest\u00e9k az utat a nyugati mint\u00e1t k\u00f6vetve, de azt nem tudt\u00e1k a saj\u00e1t rendszer\u00fckbe adapt\u00e1lni.<\/p>\n\n\n\n<p>Mindek\u00f6zben a szerb Smederevo ac\u00e9lm\u0171 \u00fajj\u00e1sz\u00fcletett, az els\u0151 tengeren \u00e1t\u00edvel\u0151 h\u00edd sz\u00e9pen fesz\u00fcl a Mald\u00edv-szigeteken, Nig\u00e9ria t\u00e1voli vid\u00e9kein a falvakban is beindult az internet szolg\u00e1ltat\u00e1s, a a d\u00e9l-afrikai De Aar telep\u00fcl\u00e9sen \u00e9p\u00fclt tiszta sz\u00e9lenergia b\u00e1zis t\u00f6bb mint 300 ezer csal\u00e1dnak ad \u00e1ramot. Az elm\u00falt t\u00edz \u00e9vben az \u00d6vezet \u00e9s \u00dat kezdem\u00e9nyez\u00e9s k\u00f6z\u00f6s \u00e9p\u00edtkez\u00e9seivel felgyors\u00edtotta a helyi korszer\u0171s\u00edt\u00e9st szolg\u00e1l\u00f3 beruh\u00e1z\u00e1sokat \u00e9s \u00faj alternat\u00edv\u00e1t ny\u00fajtott a fejl\u0151d\u0151 orsz\u00e1goknak a j\u00f3l\u00e9t megteremt\u00e9s\u00e9hez.<\/p>\n\n\n\n<p>A k\u00f6zelm\u00faltban Indon\u00e9zi\u00e1ban k\u00ednai k\u00f6zrem\u0171k\u00f6d\u00e9ssel elk\u00e9sz\u00fclt az orsz\u00e1g els\u0151 nagysebess\u00e9g\u0171 vas\u00fatja. Ez nemcsak hat\u00e1ssal van K\u00edna \u00e9s Indon\u00e9zia kapcsolatainak fejleszt\u00e9s\u00e9re, hanem az \u00d6vezet \u00e9s \u00dat sz\u00e9p j\u00f6v\u0151j\u00e9t is felv\u00e1zolja a helyiek sz\u00e1m\u00e1ra. A k\u00f6vetkez\u0151 \u201earany t\u00edz \u00e9vben\u201d K\u00edna az egy\u00fcttm\u0171k\u00f6d\u00e9st fenntartva \u00faj lehet\u0151s\u00e9geket hoz a vil\u00e1gnak a kiterjedt korszer\u0171s\u00edt\u00e9s megval\u00f3s\u00edt\u00e1sa, \u00e9s az emberis\u00e9g sorsk\u00f6z\u00f6ss\u00e9g\u00e9nek \u00e9p\u00edt\u00e9se ter\u00e9n.<\/p>\n\n\n\n<p><strong><em>2023. 10. 19.<\/em><\/strong><\/p>\n\n\n\n<p><strong>(Wang Yuzhe \u2013 China Media Group)<\/strong><\/p>\n\n\n\n<p><strong><em>(x)<\/em><\/strong><\/p>\n","protected":false},"excerpt":{"rendered":"<p>A korszer\u0171s\u00edt\u00e9s az emberis\u00e9g k\u00f6z\u00f6s c\u00e9lja, \u00e1m a vil\u00e1g rengeteg orsz\u00e1gai k\u00f6z\u00fcl ma csak alig t\u00f6bb mint 20 tartozik a fejlettek k\u00f6z\u00e9. Az \u00d6vezet \u00e9s \u00dat kezdem\u00e9nyez\u00e9s elind\u00edt\u00e1s\u00e1nak t\u00edzedik \u00e9vfordul\u00f3ja alkalm\u00e1b\u00f3l Hszi Csin-ping k\u00ednai \u00e1llameln\u00f6k r\u00e1mutatott, hogy az \u00d6vezet \u00e9s \u00dat min\u0151s\u00e9gi fejleszt\u00e9seinek \u00faj szakasz\u00e1ban a vil\u00e1g orsz\u00e1gaiban t\u00f6rt\u00e9n\u0151 korszer\u0171s\u00edt\u00e9s megval\u00f3s\u00edt\u00e1s\u00e1ra kell t\u00f6rekedni. A k\u00ednai [&hellip;]<\/p>\n","protected":false},"author":6,"featured_media":19541,"comment_status":"closed","ping_status":"closed","sticky":false,"template":"","format":"standard","meta":{"footnotes":""},"categories":[45],"tags":[512,363,2520,273,66,3186],"class_list":["post-19539","post","type-post","status-publish","format-standard","has-post-thumbnail","hentry","category-hirek","tag-china-media-group","tag-cmg","tag-cmg-kommentar","tag-egyuttmukodes","tag-gazdasag","tag-korszerusites"],"yoast_head":"<!-- This site is optimized with the Yoast SEO plugin v23.7 - https:\/\/yoast.com\/wordpress\/plugins\/seo\/ -->\n<title>CMG-komment\u00e1r: K\u00edna a vil\u00e1gm\u00e9ret\u0171 korszer\u0171s\u00edt\u00e9s el\u0151mozd\u00edt\u00e1s\u00e1ra t\u00f6rekszik a k\u00f6vetkez\u0151 t\u00edz \u00e9vben - kinaikaleidoszkop.hu<\/title>\n<meta name=\"robots\" content=\"index, follow, max-snippet:-1, max-image-preview:large, max-video-preview:-1\" \/>\n<link rel=\"canonical\" href=\"https:\/\/kinaikaleidoszkop.hu\/index.php\/2023\/10\/19\/cmg-kommentar-kina-a-vilagmeretu-korszerusites-elomozditasara-torekszik-a-kovetkezo-tiz-evben\/\" \/>\n<meta property=\"og:locale\" content=\"hu_HU\" \/>\n<meta property=\"og:type\" content=\"article\" \/>\n<meta property=\"og:title\" content=\"CMG-komment\u00e1r: K\u00edna a vil\u00e1gm\u00e9ret\u0171 korszer\u0171s\u00edt\u00e9s el\u0151mozd\u00edt\u00e1s\u00e1ra t\u00f6rekszik a k\u00f6vetkez\u0151 t\u00edz \u00e9vben - kinaikaleidoszkop.hu\" \/>\n<meta property=\"og:description\" content=\"A korszer\u0171s\u00edt\u00e9s az emberis\u00e9g k\u00f6z\u00f6s c\u00e9lja, \u00e1m a vil\u00e1g rengeteg orsz\u00e1gai k\u00f6z\u00fcl ma csak alig t\u00f6bb mint 20 tartozik a fejlettek k\u00f6z\u00e9. Az \u00d6vezet \u00e9s \u00dat kezdem\u00e9nyez\u00e9s elind\u00edt\u00e1s\u00e1nak t\u00edzedik \u00e9vfordul\u00f3ja alkalm\u00e1b\u00f3l Hszi Csin-ping k\u00ednai \u00e1llameln\u00f6k r\u00e1mutatott, hogy az \u00d6vezet \u00e9s \u00dat min\u0151s\u00e9gi fejleszt\u00e9seinek \u00faj szakasz\u00e1ban a vil\u00e1g orsz\u00e1gaiban t\u00f6rt\u00e9n\u0151 korszer\u0171s\u00edt\u00e9s megval\u00f3s\u00edt\u00e1s\u00e1ra kell t\u00f6rekedni. A k\u00ednai [&hellip;]\" \/>\n<meta property=\"og:url\" content=\"https:\/\/kinaikaleidoszkop.hu\/index.php\/2023\/10\/19\/cmg-kommentar-kina-a-vilagmeretu-korszerusites-elomozditasara-torekszik-a-kovetkezo-tiz-evben\/\" \/>\n<meta property=\"og:site_name\" content=\"kinaikaleidoszkop.hu\" \/>\n<meta property=\"article:published_time\" content=\"2023-10-19T15:02:50+00:00\" \/>\n<meta property=\"article:modified_time\" content=\"2023-10-19T15:03:01+00:00\" \/>\n<meta property=\"og:image\" content=\"https:\/\/kinaikaleidoszkop.hu\/wp-content\/uploads\/2023\/10\/1019CMGCMG-kommentar-Kina-a-vilagmeretu-korszerusites-elomozditasara-torekszik-a-kovetkezo-tiz-evben.jpg\" \/>\n\t<meta property=\"og:image:width\" content=\"1024\" \/>\n\t<meta property=\"og:image:height\" content=\"768\" \/>\n\t<meta property=\"og:image:type\" content=\"image\/jpeg\" \/>\n<meta name=\"author\" content=\"admin-sebi\" \/>\n<meta name=\"twitter:card\" content=\"summary_large_image\" \/>\n<meta name=\"twitter:label1\" content=\"Szerz\u0151:\" \/>\n\t<meta name=\"twitter:data1\" content=\"admin-sebi\" \/>\n\t<meta name=\"twitter:label2\" content=\"Becs\u00fclt olvas\u00e1si id\u0151\" \/>\n\t<meta name=\"twitter:data2\" content=\"3 perc\" \/>\n<script type=\"application\/ld+json\" class=\"yoast-schema-graph\">{\"@context\":\"https:\/\/schema.org\",\"@graph\":[{\"@type\":\"WebPage\",\"@id\":\"https:\/\/kinaikaleidoszkop.hu\/index.php\/2023\/10\/19\/cmg-kommentar-kina-a-vilagmeretu-korszerusites-elomozditasara-torekszik-a-kovetkezo-tiz-evben\/\",\"url\":\"https:\/\/kinaikaleidoszkop.hu\/index.php\/2023\/10\/19\/cmg-kommentar-kina-a-vilagmeretu-korszerusites-elomozditasara-torekszik-a-kovetkezo-tiz-evben\/\",\"name\":\"CMG-komment\u00e1r: K\u00edna a vil\u00e1gm\u00e9ret\u0171 korszer\u0171s\u00edt\u00e9s el\u0151mozd\u00edt\u00e1s\u00e1ra t\u00f6rekszik a k\u00f6vetkez\u0151 t\u00edz \u00e9vben - kinaikaleidoszkop.hu\",\"isPartOf\":{\"@id\":\"https:\/\/kinaikaleidoszkop.hu\/#website\"},\"primaryImageOfPage\":{\"@id\":\"https:\/\/kinaikaleidoszkop.hu\/index.php\/2023\/10\/19\/cmg-kommentar-kina-a-vilagmeretu-korszerusites-elomozditasara-torekszik-a-kovetkezo-tiz-evben\/#primaryimage\"},\"image\":{\"@id\":\"https:\/\/kinaikaleidoszkop.hu\/index.php\/2023\/10\/19\/cmg-kommentar-kina-a-vilagmeretu-korszerusites-elomozditasara-torekszik-a-kovetkezo-tiz-evben\/#primaryimage\"},\"thumbnailUrl\":\"https:\/\/kinaikaleidoszkop.hu\/wp-content\/uploads\/2023\/10\/1019CMGCMG-kommentar-Kina-a-vilagmeretu-korszerusites-elomozditasara-torekszik-a-kovetkezo-tiz-evben.jpg\",\"datePublished\":\"2023-10-19T15:02:50+00:00\",\"dateModified\":\"2023-10-19T15:03:01+00:00\",\"author\":{\"@id\":\"https:\/\/kinaikaleidoszkop.hu\/#\/schema\/person\/fd215d3a8bab54daeb796ae166f99ea5\"},\"breadcrumb\":{\"@id\":\"https:\/\/kinaikaleidoszkop.hu\/index.php\/2023\/10\/19\/cmg-kommentar-kina-a-vilagmeretu-korszerusites-elomozditasara-torekszik-a-kovetkezo-tiz-evben\/#breadcrumb\"},\"inLanguage\":\"hu\",\"potentialAction\":[{\"@type\":\"ReadAction\",\"target\":[\"https:\/\/kinaikaleidoszkop.hu\/index.php\/2023\/10\/19\/cmg-kommentar-kina-a-vilagmeretu-korszerusites-elomozditasara-torekszik-a-kovetkezo-tiz-evben\/\"]}]},{\"@type\":\"ImageObject\",\"inLanguage\":\"hu\",\"@id\":\"https:\/\/kinaikaleidoszkop.hu\/index.php\/2023\/10\/19\/cmg-kommentar-kina-a-vilagmeretu-korszerusites-elomozditasara-torekszik-a-kovetkezo-tiz-evben\/#primaryimage\",\"url\":\"https:\/\/kinaikaleidoszkop.hu\/wp-content\/uploads\/2023\/10\/1019CMGCMG-kommentar-Kina-a-vilagmeretu-korszerusites-elomozditasara-torekszik-a-kovetkezo-tiz-evben.jpg\",\"contentUrl\":\"https:\/\/kinaikaleidoszkop.hu\/wp-content\/uploads\/2023\/10\/1019CMGCMG-kommentar-Kina-a-vilagmeretu-korszerusites-elomozditasara-torekszik-a-kovetkezo-tiz-evben.jpg\",\"width\":1024,\"height\":768},{\"@type\":\"BreadcrumbList\",\"@id\":\"https:\/\/kinaikaleidoszkop.hu\/index.php\/2023\/10\/19\/cmg-kommentar-kina-a-vilagmeretu-korszerusites-elomozditasara-torekszik-a-kovetkezo-tiz-evben\/#breadcrumb\",\"itemListElement\":[{\"@type\":\"ListItem\",\"position\":1,\"name\":\"Kezd\u0151lap\",\"item\":\"https:\/\/kinaikaleidoszkop.hu\/\"},{\"@type\":\"ListItem\",\"position\":2,\"name\":\"CMG-komment\u00e1r: K\u00edna a vil\u00e1gm\u00e9ret\u0171 korszer\u0171s\u00edt\u00e9s el\u0151mozd\u00edt\u00e1s\u00e1ra t\u00f6rekszik a k\u00f6vetkez\u0151 t\u00edz \u00e9vben\"}]},{\"@type\":\"WebSite\",\"@id\":\"https:\/\/kinaikaleidoszkop.hu\/#website\",\"url\":\"https:\/\/kinaikaleidoszkop.hu\/\",\"name\":\"kinaikaleidoszkop.hu\",\"description\":\"\",\"potentialAction\":[{\"@type\":\"SearchAction\",\"target\":{\"@type\":\"EntryPoint\",\"urlTemplate\":\"https:\/\/kinaikaleidoszkop.hu\/?s={search_term_string}\"},\"query-input\":{\"@type\":\"PropertyValueSpecification\",\"valueRequired\":true,\"valueName\":\"search_term_string\"}}],\"inLanguage\":\"hu\"},{\"@type\":\"Person\",\"@id\":\"https:\/\/kinaikaleidoszkop.hu\/#\/schema\/person\/fd215d3a8bab54daeb796ae166f99ea5\",\"name\":\"admin-sebi\",\"image\":{\"@type\":\"ImageObject\",\"inLanguage\":\"hu\",\"@id\":\"https:\/\/kinaikaleidoszkop.hu\/#\/schema\/person\/image\/\",\"url\":\"https:\/\/secure.gravatar.com\/avatar\/b1498042bc4969020b4951f204f963e97c3d7d199f3790c1071adf67c61d0aa5?s=96&d=mm&r=g\",\"contentUrl\":\"https:\/\/secure.gravatar.com\/avatar\/b1498042bc4969020b4951f204f963e97c3d7d199f3790c1071adf67c61d0aa5?s=96&d=mm&r=g\",\"caption\":\"admin-sebi\"},\"url\":\"https:\/\/kinaikaleidoszkop.hu\/index.php\/author\/admin-sebi\/\"}]}<\/script>\n<!-- \/ Yoast SEO plugin. -->","yoast_head_json":{"title":"CMG-komment\u00e1r: K\u00edna a vil\u00e1gm\u00e9ret\u0171 korszer\u0171s\u00edt\u00e9s el\u0151mozd\u00edt\u00e1s\u00e1ra t\u00f6rekszik a k\u00f6vetkez\u0151 t\u00edz \u00e9vben - kinaikaleidoszkop.hu","robots":{"index":"index","follow":"follow","max-snippet":"max-snippet:-1","max-image-preview":"max-image-preview:large","max-video-preview":"max-video-preview:-1"},"canonical":"https:\/\/kinaikaleidoszkop.hu\/index.php\/2023\/10\/19\/cmg-kommentar-kina-a-vilagmeretu-korszerusites-elomozditasara-torekszik-a-kovetkezo-tiz-evben\/","og_locale":"hu_HU","og_type":"article","og_title":"CMG-komment\u00e1r: K\u00edna a vil\u00e1gm\u00e9ret\u0171 korszer\u0171s\u00edt\u00e9s el\u0151mozd\u00edt\u00e1s\u00e1ra t\u00f6rekszik a k\u00f6vetkez\u0151 t\u00edz \u00e9vben - kinaikaleidoszkop.hu","og_description":"A korszer\u0171s\u00edt\u00e9s az emberis\u00e9g k\u00f6z\u00f6s c\u00e9lja, \u00e1m a vil\u00e1g rengeteg orsz\u00e1gai k\u00f6z\u00fcl ma csak alig t\u00f6bb mint 20 tartozik a fejlettek k\u00f6z\u00e9. Az \u00d6vezet \u00e9s \u00dat kezdem\u00e9nyez\u00e9s elind\u00edt\u00e1s\u00e1nak t\u00edzedik \u00e9vfordul\u00f3ja alkalm\u00e1b\u00f3l Hszi Csin-ping k\u00ednai \u00e1llameln\u00f6k r\u00e1mutatott, hogy az \u00d6vezet \u00e9s \u00dat min\u0151s\u00e9gi fejleszt\u00e9seinek \u00faj szakasz\u00e1ban a vil\u00e1g orsz\u00e1gaiban t\u00f6rt\u00e9n\u0151 korszer\u0171s\u00edt\u00e9s megval\u00f3s\u00edt\u00e1s\u00e1ra kell t\u00f6rekedni. A k\u00ednai [&hellip;]","og_url":"https:\/\/kinaikaleidoszkop.hu\/index.php\/2023\/10\/19\/cmg-kommentar-kina-a-vilagmeretu-korszerusites-elomozditasara-torekszik-a-kovetkezo-tiz-evben\/","og_site_name":"kinaikaleidoszkop.hu","article_published_time":"2023-10-19T15:02:50+00:00","article_modified_time":"2023-10-19T15:03:01+00:00","og_image":[{"width":1024,"height":768,"url":"https:\/\/kinaikaleidoszkop.hu\/wp-content\/uploads\/2023\/10\/1019CMGCMG-kommentar-Kina-a-vilagmeretu-korszerusites-elomozditasara-torekszik-a-kovetkezo-tiz-evben.jpg","type":"image\/jpeg"}],"author":"admin-sebi","twitter_card":"summary_large_image","twitter_misc":{"Szerz\u0151:":"admin-sebi","Becs\u00fclt olvas\u00e1si id\u0151":"3 perc"},"schema":{"@context":"https:\/\/schema.org","@graph":[{"@type":"WebPage","@id":"https:\/\/kinaikaleidoszkop.hu\/index.php\/2023\/10\/19\/cmg-kommentar-kina-a-vilagmeretu-korszerusites-elomozditasara-torekszik-a-kovetkezo-tiz-evben\/","url":"https:\/\/kinaikaleidoszkop.hu\/index.php\/2023\/10\/19\/cmg-kommentar-kina-a-vilagmeretu-korszerusites-elomozditasara-torekszik-a-kovetkezo-tiz-evben\/","name":"CMG-komment\u00e1r: K\u00edna a vil\u00e1gm\u00e9ret\u0171 korszer\u0171s\u00edt\u00e9s el\u0151mozd\u00edt\u00e1s\u00e1ra t\u00f6rekszik a k\u00f6vetkez\u0151 t\u00edz \u00e9vben - kinaikaleidoszkop.hu","isPartOf":{"@id":"https:\/\/kinaikaleidoszkop.hu\/#website"},"primaryImageOfPage":{"@id":"https:\/\/kinaikaleidoszkop.hu\/index.php\/2023\/10\/19\/cmg-kommentar-kina-a-vilagmeretu-korszerusites-elomozditasara-torekszik-a-kovetkezo-tiz-evben\/#primaryimage"},"image":{"@id":"https:\/\/kinaikaleidoszkop.hu\/index.php\/2023\/10\/19\/cmg-kommentar-kina-a-vilagmeretu-korszerusites-elomozditasara-torekszik-a-kovetkezo-tiz-evben\/#primaryimage"},"thumbnailUrl":"https:\/\/kinaikaleidoszkop.hu\/wp-content\/uploads\/2023\/10\/1019CMGCMG-kommentar-Kina-a-vilagmeretu-korszerusites-elomozditasara-torekszik-a-kovetkezo-tiz-evben.jpg","datePublished":"2023-10-19T15:02:50+00:00","dateModified":"2023-10-19T15:03:01+00:00","author":{"@id":"https:\/\/kinaikaleidoszkop.hu\/#\/schema\/person\/fd215d3a8bab54daeb796ae166f99ea5"},"breadcrumb":{"@id":"https:\/\/kinaikaleidoszkop.hu\/index.php\/2023\/10\/19\/cmg-kommentar-kina-a-vilagmeretu-korszerusites-elomozditasara-torekszik-a-kovetkezo-tiz-evben\/#breadcrumb"},"inLanguage":"hu","potentialAction":[{"@type":"ReadAction","target":["https:\/\/kinaikaleidoszkop.hu\/index.php\/2023\/10\/19\/cmg-kommentar-kina-a-vilagmeretu-korszerusites-elomozditasara-torekszik-a-kovetkezo-tiz-evben\/"]}]},{"@type":"ImageObject","inLanguage":"hu","@id":"https:\/\/kinaikaleidoszkop.hu\/index.php\/2023\/10\/19\/cmg-kommentar-kina-a-vilagmeretu-korszerusites-elomozditasara-torekszik-a-kovetkezo-tiz-evben\/#primaryimage","url":"https:\/\/kinaikaleidoszkop.hu\/wp-content\/uploads\/2023\/10\/1019CMGCMG-kommentar-Kina-a-vilagmeretu-korszerusites-elomozditasara-torekszik-a-kovetkezo-tiz-evben.jpg","contentUrl":"https:\/\/kinaikaleidoszkop.hu\/wp-content\/uploads\/2023\/10\/1019CMGCMG-kommentar-Kina-a-vilagmeretu-korszerusites-elomozditasara-torekszik-a-kovetkezo-tiz-evben.jpg","width":1024,"height":768},{"@type":"BreadcrumbList","@id":"https:\/\/kinaikaleidoszkop.hu\/index.php\/2023\/10\/19\/cmg-kommentar-kina-a-vilagmeretu-korszerusites-elomozditasara-torekszik-a-kovetkezo-tiz-evben\/#breadcrumb","itemListElement":[{"@type":"ListItem","position":1,"name":"Kezd\u0151lap","item":"https:\/\/kinaikaleidoszkop.hu\/"},{"@type":"ListItem","position":2,"name":"CMG-komment\u00e1r: K\u00edna a vil\u00e1gm\u00e9ret\u0171 korszer\u0171s\u00edt\u00e9s el\u0151mozd\u00edt\u00e1s\u00e1ra t\u00f6rekszik a k\u00f6vetkez\u0151 t\u00edz \u00e9vben"}]},{"@type":"WebSite","@id":"https:\/\/kinaikaleidoszkop.hu\/#website","url":"https:\/\/kinaikaleidoszkop.hu\/","name":"kinaikaleidoszkop.hu","description":"","potentialAction":[{"@type":"SearchAction","target":{"@type":"EntryPoint","urlTemplate":"https:\/\/kinaikaleidoszkop.hu\/?s={search_term_string}"},"query-input":{"@type":"PropertyValueSpecification","valueRequired":true,"valueName":"search_term_string"}}],"inLanguage":"hu"},{"@type":"Person","@id":"https:\/\/kinaikaleidoszkop.hu\/#\/schema\/person\/fd215d3a8bab54daeb796ae166f99ea5","name":"admin-sebi","image":{"@type":"ImageObject","inLanguage":"hu","@id":"https:\/\/kinaikaleidoszkop.hu\/#\/schema\/person\/image\/","url":"https:\/\/secure.gravatar.com\/avatar\/b1498042bc4969020b4951f204f963e97c3d7d199f3790c1071adf67c61d0aa5?s=96&d=mm&r=g","contentUrl":"https:\/\/secure.gravatar.com\/avatar\/b1498042bc4969020b4951f204f963e97c3d7d199f3790c1071adf67c61d0aa5?s=96&d=mm&r=g","caption":"admin-sebi"},"url":"https:\/\/kinaikaleidoszkop.hu\/index.php\/author\/admin-sebi\/"}]}},"views":223,"distributor_meta":false,"distributor_terms":false,"distributor_media":false,"distributor_original_site_name":"kinaikaleidoszkop.hu","distributor_original_site_url":"https:\/\/kinaikaleidoszkop.hu","push-errors":false,"_links":{"self":[{"href":"https:\/\/kinaikaleidoszkop.hu\/index.php\/wp-json\/wp\/v2\/posts\/19539","targetHints":{"allow":["GET"]}}],"collection":[{"href":"https:\/\/kinaikaleidoszkop.hu\/index.php\/wp-json\/wp\/v2\/posts"}],"about":[{"href":"https:\/\/kinaikaleidoszkop.hu\/index.php\/wp-json\/wp\/v2\/types\/post"}],"author":[{"embeddable":true,"href":"https:\/\/kinaikaleidoszkop.hu\/index.php\/wp-json\/wp\/v2\/users\/6"}],"replies":[{"embeddable":true,"href":"https:\/\/kinaikaleidoszkop.hu\/index.php\/wp-json\/wp\/v2\/comments?post=19539"}],"version-history":[{"count":1,"href":"https:\/\/kinaikaleidoszkop.hu\/index.php\/wp-json\/wp\/v2\/posts\/19539\/revisions"}],"predecessor-version":[{"id":19542,"href":"https:\/\/kinaikaleidoszkop.hu\/index.php\/wp-json\/wp\/v2\/posts\/19539\/revisions\/19542"}],"wp:featuredmedia":[{"embeddable":true,"href":"https:\/\/kinaikaleidoszkop.hu\/index.php\/wp-json\/wp\/v2\/media\/19541"}],"wp:attachment":[{"href":"https:\/\/kinaikaleidoszkop.hu\/index.php\/wp-json\/wp\/v2\/media?parent=19539"}],"wp:term":[{"taxonomy":"category","embeddable":true,"href":"https:\/\/kinaikaleidoszkop.hu\/index.php\/wp-json\/wp\/v2\/categories?post=19539"},{"taxonomy":"post_tag","embeddable":true,"href":"https:\/\/kinaikaleidoszkop.hu\/index.php\/wp-json\/wp\/v2\/tags?post=19539"}],"curies":[{"name":"wp","href":"https:\/\/api.w.org\/{rel}","templated":true}]}}