{"id":19586,"date":"2023-10-26T11:37:48","date_gmt":"2023-10-26T09:37:48","guid":{"rendered":"https:\/\/kinaikaleidoszkop.hu\/?p=19586"},"modified":"2023-10-26T11:37:50","modified_gmt":"2023-10-26T09:37:50","slug":"strategiai-partnersegre-emeltek-kina-es-kolumbia-viszonyat","status":"publish","type":"post","link":"https:\/\/kinaikaleidoszkop.hu\/index.php\/2023\/10\/26\/strategiai-partnersegre-emeltek-kina-es-kolumbia-viszonyat\/","title":{"rendered":"Strat\u00e9giai partners\u00e9gre emelt\u00e9k K\u00edna \u00e9s Kolumbia viszony\u00e1t"},"content":{"rendered":"\n<p><strong>Okt\u00f3ber 25-\u00e9n Hszi Csin-ping k\u00ednai \u00e1llameln\u00f6k Pekingben t\u00e1rgyal\u00e1st folytatott Gustavo Petr\u00f3val, a Kolumbiai K\u00f6zt\u00e1rsas\u00e1g eln\u00f6k\u00e9vel.<\/strong><\/p>\n\n\n\n<p>A k\u00ednai \u00e1llameln\u00f6k kolumbiai koll\u00e9g\u00e1j\u00e1nak utalt r\u00e1, hogy Gustavo Petro az els\u0151 \u00e1llamf\u0151, akivel tal\u00e1lkozott az \u00d6vezet \u00e9s \u00dat III. Nemzetk\u00f6zi Egy\u00fcttm\u0171k\u00f6d\u00e9si F\u00f3rumot k\u00f6vet\u0151en.<\/p>\n\n\n\n<p>Hszi hangs\u00falyozta, hogy a k\u00e9t orsz\u00e1g k\u00f6z\u00f6tti diplom\u00e1ciai kapcsolatok l\u00e9trehoz\u00e1sa \u00f3ta eltelt 43 \u00e9v sor\u00e1n v\u00e1ltozatos nemzetk\u00f6zi k\u00f6r\u00fclm\u00e9nyek k\u00f6zepette a k\u00e9t orsz\u00e1g kapcsolatai j\u00f3l haladtak. A k\u00e9t orsz\u00e1g elismeri \u00e9s t\u00e1mogatja egym\u00e1st alapvet\u0151 \u00e9rdekeikben, egy\u00fcttm\u0171k\u00f6dnek k\u00fcl\u00f6nb\u00f6z\u0151 ter\u00fcleteken, elm\u00e9ly\u00edtett\u00e9k a k\u00e9t n\u00e9p k\u00f6z\u00f6tti bar\u00e1ts\u00e1got, s egy\u00fcttm\u0171k\u00f6d\u0151 j\u00f3 bar\u00e1tok \u00e9s partnerek lettek. A k\u00e9t \u00e1llamf\u0151 \u00f6r\u00f6mmel jelentette be, hogy a k\u00e9t orsz\u00e1g k\u00f6z\u00f6tti kapcsolatokat strat\u00e9giai partners\u00e9gre emelt\u00e9k.<\/p>\n\n\n\n<figure class=\"wp-block-image size-full\"><img loading=\"lazy\" decoding=\"async\" width=\"900\" height=\"696\" src=\"https:\/\/kinaikaleidoszkop.hu\/wp-content\/uploads\/2023\/10\/1026CMGStrategiai-partnersegre-emeltek-Kina-es-Kolumbia-viszonyat.jpg\" alt=\"\" class=\"wp-image-19588\" srcset=\"https:\/\/kinaikaleidoszkop.hu\/wp-content\/uploads\/2023\/10\/1026CMGStrategiai-partnersegre-emeltek-Kina-es-Kolumbia-viszonyat.jpg 900w, https:\/\/kinaikaleidoszkop.hu\/wp-content\/uploads\/2023\/10\/1026CMGStrategiai-partnersegre-emeltek-Kina-es-Kolumbia-viszonyat-300x232.jpg 300w, https:\/\/kinaikaleidoszkop.hu\/wp-content\/uploads\/2023\/10\/1026CMGStrategiai-partnersegre-emeltek-Kina-es-Kolumbia-viszonyat-768x594.jpg 768w\" sizes=\"auto, (max-width: 900px) 100vw, 900px\" \/><\/figure>\n\n\n\n<p>Hszi m\u00e9g felid\u00e9zte, hogy 2019-ben j\u00e1rt Kolumbi\u00e1ban, aminek sor\u00e1n az orsz\u00e1g t\u00f6rt\u00e9nelme \u00e9s kult\u00far\u00e1ja, valamint szolgalmas n\u00e9pe egyar\u00e1nt leny\u0171g\u00f6zt\u00e9k \u0151t. 2021. m\u00e1rcius\u00e1ban &#8211; a vil\u00e1gj\u00e1rv\u00e1ny idej\u00e9n &#8211; Hszi Csin-ping vide\u00f3s besz\u00e9dben sz\u00f3lt a kolumbiaiakhoz.<\/p>\n\n\n\n<p>\u201eEln\u00f6k \u00far a korm\u00e1nyz\u00e1s\u00e1t\u00f3l kezdve akt\u00edvan el\u0151mozd\u00edtja az \u00e1tfog\u00f3 b\u00e9k\u00e9t, teljes sz\u00edvvel szolg\u00e1lja a n\u00e9p\u00e9t, ez\u00e9rt gratul\u00e1lok az eredm\u00e9nyeihez \u00e9s a korm\u00e1nyz\u00e1sa siker\u00e9hez\u201d \u2013 fogalmazott a k\u00ednai \u00e1llameln\u00f6k.<\/p>\n\n\n\n<p>Hszi eln\u00f6k k\u00f6z\u00f6lte, hogy k\u00e9sz fejleszteni a k\u00e9t orsz\u00e1g kapcsolatait, a k\u00e9t n\u00e9p j\u00f3l\u00e9t\u00e9t szem el\u0151tt tartva el\u0151mozd\u00edtani a strat\u00e9giai partners\u00e9get, \u00e9s k\u00e9sz hozz\u00e1j\u00e1rulni is a vil\u00e1g b\u00e9k\u00e9j\u00e9hez \u00e9s fejl\u0151d\u00e9s\u00e9hez.<\/p>\n\n\n\n<p><strong><em>2023. 10. 26.<\/em><\/strong><\/p>\n\n\n\n<p><strong><em>(China Media Group \u2013 Wang Yuzhe)<\/em><\/strong><\/p>\n\n\n\n<p><strong><em>(x)<\/em><\/strong><\/p>\n","protected":false},"excerpt":{"rendered":"<p>Okt\u00f3ber 25-\u00e9n Hszi Csin-ping k\u00ednai \u00e1llameln\u00f6k Pekingben t\u00e1rgyal\u00e1st folytatott Gustavo Petr\u00f3val, a Kolumbiai K\u00f6zt\u00e1rsas\u00e1g eln\u00f6k\u00e9vel. A k\u00ednai \u00e1llameln\u00f6k kolumbiai koll\u00e9g\u00e1j\u00e1nak utalt r\u00e1, hogy Gustavo Petro az els\u0151 \u00e1llamf\u0151, akivel tal\u00e1lkozott az \u00d6vezet \u00e9s \u00dat III. Nemzetk\u00f6zi Egy\u00fcttm\u0171k\u00f6d\u00e9si F\u00f3rumot k\u00f6vet\u0151en. Hszi hangs\u00falyozta, hogy a k\u00e9t orsz\u00e1g k\u00f6z\u00f6tti diplom\u00e1ciai kapcsolatok l\u00e9trehoz\u00e1sa \u00f3ta eltelt 43 \u00e9v sor\u00e1n v\u00e1ltozatos [&hellip;]<\/p>\n","protected":false},"author":6,"featured_media":19588,"comment_status":"closed","ping_status":"closed","sticky":false,"template":"","format":"standard","meta":{"footnotes":""},"categories":[45],"tags":[273,414,66,305,326,3260],"class_list":["post-19586","post","type-post","status-publish","format-standard","has-post-thumbnail","hentry","category-hirek","tag-egyuttmukodes","tag-fejlodes","tag-gazdasag","tag-hszi-csin-ping","tag-kinai-allamelnok","tag-kolumbia"],"yoast_head":"<!-- This site is optimized with the Yoast SEO plugin v23.7 - https:\/\/yoast.com\/wordpress\/plugins\/seo\/ -->\n<title>Strat\u00e9giai partners\u00e9gre emelt\u00e9k K\u00edna \u00e9s Kolumbia viszony\u00e1t - kinaikaleidoszkop.hu<\/title>\n<meta name=\"robots\" content=\"index, follow, max-snippet:-1, max-image-preview:large, max-video-preview:-1\" \/>\n<link rel=\"canonical\" href=\"https:\/\/kinaikaleidoszkop.hu\/index.php\/2023\/10\/26\/strategiai-partnersegre-emeltek-kina-es-kolumbia-viszonyat\/\" \/>\n<meta property=\"og:locale\" content=\"hu_HU\" \/>\n<meta property=\"og:type\" content=\"article\" \/>\n<meta property=\"og:title\" content=\"Strat\u00e9giai partners\u00e9gre emelt\u00e9k K\u00edna \u00e9s Kolumbia viszony\u00e1t - kinaikaleidoszkop.hu\" \/>\n<meta property=\"og:description\" content=\"Okt\u00f3ber 25-\u00e9n Hszi Csin-ping k\u00ednai \u00e1llameln\u00f6k Pekingben t\u00e1rgyal\u00e1st folytatott Gustavo Petr\u00f3val, a Kolumbiai K\u00f6zt\u00e1rsas\u00e1g eln\u00f6k\u00e9vel. A k\u00ednai \u00e1llameln\u00f6k kolumbiai koll\u00e9g\u00e1j\u00e1nak utalt r\u00e1, hogy Gustavo Petro az els\u0151 \u00e1llamf\u0151, akivel tal\u00e1lkozott az \u00d6vezet \u00e9s \u00dat III. Nemzetk\u00f6zi Egy\u00fcttm\u0171k\u00f6d\u00e9si F\u00f3rumot k\u00f6vet\u0151en. Hszi hangs\u00falyozta, hogy a k\u00e9t orsz\u00e1g k\u00f6z\u00f6tti diplom\u00e1ciai kapcsolatok l\u00e9trehoz\u00e1sa \u00f3ta eltelt 43 \u00e9v sor\u00e1n v\u00e1ltozatos [&hellip;]\" \/>\n<meta property=\"og:url\" content=\"https:\/\/kinaikaleidoszkop.hu\/index.php\/2023\/10\/26\/strategiai-partnersegre-emeltek-kina-es-kolumbia-viszonyat\/\" \/>\n<meta property=\"og:site_name\" content=\"kinaikaleidoszkop.hu\" \/>\n<meta property=\"article:published_time\" content=\"2023-10-26T09:37:48+00:00\" \/>\n<meta property=\"article:modified_time\" content=\"2023-10-26T09:37:50+00:00\" \/>\n<meta property=\"og:image\" content=\"https:\/\/kinaikaleidoszkop.hu\/wp-content\/uploads\/2023\/10\/1026CMGStrategiai-partnersegre-emeltek-Kina-es-Kolumbia-viszonyat.jpg\" \/>\n\t<meta property=\"og:image:width\" content=\"900\" \/>\n\t<meta property=\"og:image:height\" content=\"696\" \/>\n\t<meta property=\"og:image:type\" content=\"image\/jpeg\" \/>\n<meta name=\"author\" content=\"admin-sebi\" \/>\n<meta name=\"twitter:card\" content=\"summary_large_image\" \/>\n<meta name=\"twitter:label1\" content=\"Szerz\u0151:\" \/>\n\t<meta name=\"twitter:data1\" content=\"admin-sebi\" \/>\n\t<meta name=\"twitter:label2\" content=\"Becs\u00fclt olvas\u00e1si id\u0151\" \/>\n\t<meta name=\"twitter:data2\" content=\"2 perc\" \/>\n<script type=\"application\/ld+json\" class=\"yoast-schema-graph\">{\"@context\":\"https:\/\/schema.org\",\"@graph\":[{\"@type\":\"WebPage\",\"@id\":\"https:\/\/kinaikaleidoszkop.hu\/index.php\/2023\/10\/26\/strategiai-partnersegre-emeltek-kina-es-kolumbia-viszonyat\/\",\"url\":\"https:\/\/kinaikaleidoszkop.hu\/index.php\/2023\/10\/26\/strategiai-partnersegre-emeltek-kina-es-kolumbia-viszonyat\/\",\"name\":\"Strat\u00e9giai partners\u00e9gre emelt\u00e9k K\u00edna \u00e9s Kolumbia viszony\u00e1t - kinaikaleidoszkop.hu\",\"isPartOf\":{\"@id\":\"https:\/\/kinaikaleidoszkop.hu\/#website\"},\"primaryImageOfPage\":{\"@id\":\"https:\/\/kinaikaleidoszkop.hu\/index.php\/2023\/10\/26\/strategiai-partnersegre-emeltek-kina-es-kolumbia-viszonyat\/#primaryimage\"},\"image\":{\"@id\":\"https:\/\/kinaikaleidoszkop.hu\/index.php\/2023\/10\/26\/strategiai-partnersegre-emeltek-kina-es-kolumbia-viszonyat\/#primaryimage\"},\"thumbnailUrl\":\"https:\/\/kinaikaleidoszkop.hu\/wp-content\/uploads\/2023\/10\/1026CMGStrategiai-partnersegre-emeltek-Kina-es-Kolumbia-viszonyat.jpg\",\"datePublished\":\"2023-10-26T09:37:48+00:00\",\"dateModified\":\"2023-10-26T09:37:50+00:00\",\"author\":{\"@id\":\"https:\/\/kinaikaleidoszkop.hu\/#\/schema\/person\/fd215d3a8bab54daeb796ae166f99ea5\"},\"breadcrumb\":{\"@id\":\"https:\/\/kinaikaleidoszkop.hu\/index.php\/2023\/10\/26\/strategiai-partnersegre-emeltek-kina-es-kolumbia-viszonyat\/#breadcrumb\"},\"inLanguage\":\"hu\",\"potentialAction\":[{\"@type\":\"ReadAction\",\"target\":[\"https:\/\/kinaikaleidoszkop.hu\/index.php\/2023\/10\/26\/strategiai-partnersegre-emeltek-kina-es-kolumbia-viszonyat\/\"]}]},{\"@type\":\"ImageObject\",\"inLanguage\":\"hu\",\"@id\":\"https:\/\/kinaikaleidoszkop.hu\/index.php\/2023\/10\/26\/strategiai-partnersegre-emeltek-kina-es-kolumbia-viszonyat\/#primaryimage\",\"url\":\"https:\/\/kinaikaleidoszkop.hu\/wp-content\/uploads\/2023\/10\/1026CMGStrategiai-partnersegre-emeltek-Kina-es-Kolumbia-viszonyat.jpg\",\"contentUrl\":\"https:\/\/kinaikaleidoszkop.hu\/wp-content\/uploads\/2023\/10\/1026CMGStrategiai-partnersegre-emeltek-Kina-es-Kolumbia-viszonyat.jpg\",\"width\":900,\"height\":696},{\"@type\":\"BreadcrumbList\",\"@id\":\"https:\/\/kinaikaleidoszkop.hu\/index.php\/2023\/10\/26\/strategiai-partnersegre-emeltek-kina-es-kolumbia-viszonyat\/#breadcrumb\",\"itemListElement\":[{\"@type\":\"ListItem\",\"position\":1,\"name\":\"Kezd\u0151lap\",\"item\":\"https:\/\/kinaikaleidoszkop.hu\/\"},{\"@type\":\"ListItem\",\"position\":2,\"name\":\"Strat\u00e9giai partners\u00e9gre emelt\u00e9k K\u00edna \u00e9s Kolumbia viszony\u00e1t\"}]},{\"@type\":\"WebSite\",\"@id\":\"https:\/\/kinaikaleidoszkop.hu\/#website\",\"url\":\"https:\/\/kinaikaleidoszkop.hu\/\",\"name\":\"kinaikaleidoszkop.hu\",\"description\":\"\",\"potentialAction\":[{\"@type\":\"SearchAction\",\"target\":{\"@type\":\"EntryPoint\",\"urlTemplate\":\"https:\/\/kinaikaleidoszkop.hu\/?s={search_term_string}\"},\"query-input\":{\"@type\":\"PropertyValueSpecification\",\"valueRequired\":true,\"valueName\":\"search_term_string\"}}],\"inLanguage\":\"hu\"},{\"@type\":\"Person\",\"@id\":\"https:\/\/kinaikaleidoszkop.hu\/#\/schema\/person\/fd215d3a8bab54daeb796ae166f99ea5\",\"name\":\"admin-sebi\",\"image\":{\"@type\":\"ImageObject\",\"inLanguage\":\"hu\",\"@id\":\"https:\/\/kinaikaleidoszkop.hu\/#\/schema\/person\/image\/\",\"url\":\"https:\/\/secure.gravatar.com\/avatar\/b1498042bc4969020b4951f204f963e97c3d7d199f3790c1071adf67c61d0aa5?s=96&d=mm&r=g\",\"contentUrl\":\"https:\/\/secure.gravatar.com\/avatar\/b1498042bc4969020b4951f204f963e97c3d7d199f3790c1071adf67c61d0aa5?s=96&d=mm&r=g\",\"caption\":\"admin-sebi\"},\"url\":\"https:\/\/kinaikaleidoszkop.hu\/index.php\/author\/admin-sebi\/\"}]}<\/script>\n<!-- \/ Yoast SEO plugin. -->","yoast_head_json":{"title":"Strat\u00e9giai partners\u00e9gre emelt\u00e9k K\u00edna \u00e9s Kolumbia viszony\u00e1t - kinaikaleidoszkop.hu","robots":{"index":"index","follow":"follow","max-snippet":"max-snippet:-1","max-image-preview":"max-image-preview:large","max-video-preview":"max-video-preview:-1"},"canonical":"https:\/\/kinaikaleidoszkop.hu\/index.php\/2023\/10\/26\/strategiai-partnersegre-emeltek-kina-es-kolumbia-viszonyat\/","og_locale":"hu_HU","og_type":"article","og_title":"Strat\u00e9giai partners\u00e9gre emelt\u00e9k K\u00edna \u00e9s Kolumbia viszony\u00e1t - kinaikaleidoszkop.hu","og_description":"Okt\u00f3ber 25-\u00e9n Hszi Csin-ping k\u00ednai \u00e1llameln\u00f6k Pekingben t\u00e1rgyal\u00e1st folytatott Gustavo Petr\u00f3val, a Kolumbiai K\u00f6zt\u00e1rsas\u00e1g eln\u00f6k\u00e9vel. A k\u00ednai \u00e1llameln\u00f6k kolumbiai koll\u00e9g\u00e1j\u00e1nak utalt r\u00e1, hogy Gustavo Petro az els\u0151 \u00e1llamf\u0151, akivel tal\u00e1lkozott az \u00d6vezet \u00e9s \u00dat III. Nemzetk\u00f6zi Egy\u00fcttm\u0171k\u00f6d\u00e9si F\u00f3rumot k\u00f6vet\u0151en. Hszi hangs\u00falyozta, hogy a k\u00e9t orsz\u00e1g k\u00f6z\u00f6tti diplom\u00e1ciai kapcsolatok l\u00e9trehoz\u00e1sa \u00f3ta eltelt 43 \u00e9v sor\u00e1n v\u00e1ltozatos [&hellip;]","og_url":"https:\/\/kinaikaleidoszkop.hu\/index.php\/2023\/10\/26\/strategiai-partnersegre-emeltek-kina-es-kolumbia-viszonyat\/","og_site_name":"kinaikaleidoszkop.hu","article_published_time":"2023-10-26T09:37:48+00:00","article_modified_time":"2023-10-26T09:37:50+00:00","og_image":[{"width":900,"height":696,"url":"https:\/\/kinaikaleidoszkop.hu\/wp-content\/uploads\/2023\/10\/1026CMGStrategiai-partnersegre-emeltek-Kina-es-Kolumbia-viszonyat.jpg","type":"image\/jpeg"}],"author":"admin-sebi","twitter_card":"summary_large_image","twitter_misc":{"Szerz\u0151:":"admin-sebi","Becs\u00fclt olvas\u00e1si id\u0151":"2 perc"},"schema":{"@context":"https:\/\/schema.org","@graph":[{"@type":"WebPage","@id":"https:\/\/kinaikaleidoszkop.hu\/index.php\/2023\/10\/26\/strategiai-partnersegre-emeltek-kina-es-kolumbia-viszonyat\/","url":"https:\/\/kinaikaleidoszkop.hu\/index.php\/2023\/10\/26\/strategiai-partnersegre-emeltek-kina-es-kolumbia-viszonyat\/","name":"Strat\u00e9giai partners\u00e9gre emelt\u00e9k K\u00edna \u00e9s Kolumbia viszony\u00e1t - kinaikaleidoszkop.hu","isPartOf":{"@id":"https:\/\/kinaikaleidoszkop.hu\/#website"},"primaryImageOfPage":{"@id":"https:\/\/kinaikaleidoszkop.hu\/index.php\/2023\/10\/26\/strategiai-partnersegre-emeltek-kina-es-kolumbia-viszonyat\/#primaryimage"},"image":{"@id":"https:\/\/kinaikaleidoszkop.hu\/index.php\/2023\/10\/26\/strategiai-partnersegre-emeltek-kina-es-kolumbia-viszonyat\/#primaryimage"},"thumbnailUrl":"https:\/\/kinaikaleidoszkop.hu\/wp-content\/uploads\/2023\/10\/1026CMGStrategiai-partnersegre-emeltek-Kina-es-Kolumbia-viszonyat.jpg","datePublished":"2023-10-26T09:37:48+00:00","dateModified":"2023-10-26T09:37:50+00:00","author":{"@id":"https:\/\/kinaikaleidoszkop.hu\/#\/schema\/person\/fd215d3a8bab54daeb796ae166f99ea5"},"breadcrumb":{"@id":"https:\/\/kinaikaleidoszkop.hu\/index.php\/2023\/10\/26\/strategiai-partnersegre-emeltek-kina-es-kolumbia-viszonyat\/#breadcrumb"},"inLanguage":"hu","potentialAction":[{"@type":"ReadAction","target":["https:\/\/kinaikaleidoszkop.hu\/index.php\/2023\/10\/26\/strategiai-partnersegre-emeltek-kina-es-kolumbia-viszonyat\/"]}]},{"@type":"ImageObject","inLanguage":"hu","@id":"https:\/\/kinaikaleidoszkop.hu\/index.php\/2023\/10\/26\/strategiai-partnersegre-emeltek-kina-es-kolumbia-viszonyat\/#primaryimage","url":"https:\/\/kinaikaleidoszkop.hu\/wp-content\/uploads\/2023\/10\/1026CMGStrategiai-partnersegre-emeltek-Kina-es-Kolumbia-viszonyat.jpg","contentUrl":"https:\/\/kinaikaleidoszkop.hu\/wp-content\/uploads\/2023\/10\/1026CMGStrategiai-partnersegre-emeltek-Kina-es-Kolumbia-viszonyat.jpg","width":900,"height":696},{"@type":"BreadcrumbList","@id":"https:\/\/kinaikaleidoszkop.hu\/index.php\/2023\/10\/26\/strategiai-partnersegre-emeltek-kina-es-kolumbia-viszonyat\/#breadcrumb","itemListElement":[{"@type":"ListItem","position":1,"name":"Kezd\u0151lap","item":"https:\/\/kinaikaleidoszkop.hu\/"},{"@type":"ListItem","position":2,"name":"Strat\u00e9giai partners\u00e9gre emelt\u00e9k K\u00edna \u00e9s Kolumbia viszony\u00e1t"}]},{"@type":"WebSite","@id":"https:\/\/kinaikaleidoszkop.hu\/#website","url":"https:\/\/kinaikaleidoszkop.hu\/","name":"kinaikaleidoszkop.hu","description":"","potentialAction":[{"@type":"SearchAction","target":{"@type":"EntryPoint","urlTemplate":"https:\/\/kinaikaleidoszkop.hu\/?s={search_term_string}"},"query-input":{"@type":"PropertyValueSpecification","valueRequired":true,"valueName":"search_term_string"}}],"inLanguage":"hu"},{"@type":"Person","@id":"https:\/\/kinaikaleidoszkop.hu\/#\/schema\/person\/fd215d3a8bab54daeb796ae166f99ea5","name":"admin-sebi","image":{"@type":"ImageObject","inLanguage":"hu","@id":"https:\/\/kinaikaleidoszkop.hu\/#\/schema\/person\/image\/","url":"https:\/\/secure.gravatar.com\/avatar\/b1498042bc4969020b4951f204f963e97c3d7d199f3790c1071adf67c61d0aa5?s=96&d=mm&r=g","contentUrl":"https:\/\/secure.gravatar.com\/avatar\/b1498042bc4969020b4951f204f963e97c3d7d199f3790c1071adf67c61d0aa5?s=96&d=mm&r=g","caption":"admin-sebi"},"url":"https:\/\/kinaikaleidoszkop.hu\/index.php\/author\/admin-sebi\/"}]}},"views":216,"distributor_meta":false,"distributor_terms":false,"distributor_media":false,"distributor_original_site_name":"kinaikaleidoszkop.hu","distributor_original_site_url":"https:\/\/kinaikaleidoszkop.hu","push-errors":false,"_links":{"self":[{"href":"https:\/\/kinaikaleidoszkop.hu\/index.php\/wp-json\/wp\/v2\/posts\/19586","targetHints":{"allow":["GET"]}}],"collection":[{"href":"https:\/\/kinaikaleidoszkop.hu\/index.php\/wp-json\/wp\/v2\/posts"}],"about":[{"href":"https:\/\/kinaikaleidoszkop.hu\/index.php\/wp-json\/wp\/v2\/types\/post"}],"author":[{"embeddable":true,"href":"https:\/\/kinaikaleidoszkop.hu\/index.php\/wp-json\/wp\/v2\/users\/6"}],"replies":[{"embeddable":true,"href":"https:\/\/kinaikaleidoszkop.hu\/index.php\/wp-json\/wp\/v2\/comments?post=19586"}],"version-history":[{"count":1,"href":"https:\/\/kinaikaleidoszkop.hu\/index.php\/wp-json\/wp\/v2\/posts\/19586\/revisions"}],"predecessor-version":[{"id":19589,"href":"https:\/\/kinaikaleidoszkop.hu\/index.php\/wp-json\/wp\/v2\/posts\/19586\/revisions\/19589"}],"wp:featuredmedia":[{"embeddable":true,"href":"https:\/\/kinaikaleidoszkop.hu\/index.php\/wp-json\/wp\/v2\/media\/19588"}],"wp:attachment":[{"href":"https:\/\/kinaikaleidoszkop.hu\/index.php\/wp-json\/wp\/v2\/media?parent=19586"}],"wp:term":[{"taxonomy":"category","embeddable":true,"href":"https:\/\/kinaikaleidoszkop.hu\/index.php\/wp-json\/wp\/v2\/categories?post=19586"},{"taxonomy":"post_tag","embeddable":true,"href":"https:\/\/kinaikaleidoszkop.hu\/index.php\/wp-json\/wp\/v2\/tags?post=19586"}],"curies":[{"name":"wp","href":"https:\/\/api.w.org\/{rel}","templated":true}]}}