{"id":19602,"date":"2023-10-27T07:44:14","date_gmt":"2023-10-27T05:44:14","guid":{"rendered":"https:\/\/kinaikaleidoszkop.hu\/?p=19602"},"modified":"2023-10-27T07:44:29","modified_gmt":"2023-10-27T05:44:29","slug":"a-cmg-utazas-a-civilizaciokon-keresztul-cimmel-kiallitast-tart-genfben","status":"publish","type":"post","link":"https:\/\/kinaikaleidoszkop.hu\/index.php\/2023\/10\/27\/a-cmg-utazas-a-civilizaciokon-keresztul-cimmel-kiallitast-tart-genfben\/","title":{"rendered":"A CMG \u201eUtaz\u00e1s a civiliz\u00e1ci\u00f3kon kereszt\u00fcl\u201d c\u00edmmel ki\u00e1ll\u00edt\u00e1st tart Genfben"},"content":{"rendered":"\n<p><strong>A China Media Group (CMG) \u00e9s az ENSZ genfi irod\u00e1ja cs\u00fct\u00f6rt\u00f6k\u00f6n a genfi Nemzetek Palot\u00e1j\u00e1ban k\u00f6z\u00f6sen nyitotta meg az \u201eUtaz\u00e1s a civiliz\u00e1ci\u00f3kon kereszt\u00fcl\u201d c\u00edm\u0171 k\u00fcl\u00f6nleges ki\u00e1ll\u00edt\u00e1st.<\/strong><\/p>\n\n\n\n<p>Shen Haixiong, a CMG eln\u00f6ke, Francesco Pisano, az ENSZ Genfi Irod\u00e1ja kultur\u00e1lis bizotts\u00e1g\u00e1nak eln\u00f6ke, valamint t\u00f6bb mint 30 orsz\u00e1g genfi \u00e1lland\u00f3 irod\u00e1j\u00e1nak k\u00e9pvisel\u0151i vettek r\u00e9szt a megnyit\u00f3\u00fcnneps\u00e9gen.<\/p>\n\n\n\n<figure class=\"wp-block-image size-large\"><img loading=\"lazy\" decoding=\"async\" width=\"1024\" height=\"677\" src=\"https:\/\/kinaikaleidoszkop.hu\/wp-content\/uploads\/2023\/10\/\u4f55\u4ee5\u6587\u660e-1024x677.jpg\" alt=\"\" class=\"wp-image-19604\" srcset=\"https:\/\/kinaikaleidoszkop.hu\/wp-content\/uploads\/2023\/10\/\u4f55\u4ee5\u6587\u660e-1024x677.jpg 1024w, https:\/\/kinaikaleidoszkop.hu\/wp-content\/uploads\/2023\/10\/\u4f55\u4ee5\u6587\u660e-300x198.jpg 300w, https:\/\/kinaikaleidoszkop.hu\/wp-content\/uploads\/2023\/10\/\u4f55\u4ee5\u6587\u660e-768x508.jpg 768w, https:\/\/kinaikaleidoszkop.hu\/wp-content\/uploads\/2023\/10\/\u4f55\u4ee5\u6587\u660e-1536x1016.jpg 1536w, https:\/\/kinaikaleidoszkop.hu\/wp-content\/uploads\/2023\/10\/\u4f55\u4ee5\u6587\u660e-130x86.jpg 130w, https:\/\/kinaikaleidoszkop.hu\/wp-content\/uploads\/2023\/10\/\u4f55\u4ee5\u6587\u660e-187x124.jpg 187w, https:\/\/kinaikaleidoszkop.hu\/wp-content\/uploads\/2023\/10\/\u4f55\u4ee5\u6587\u660e-990x655.jpg 990w, https:\/\/kinaikaleidoszkop.hu\/wp-content\/uploads\/2023\/10\/\u4f55\u4ee5\u6587\u660e-1320x873.jpg 1320w, https:\/\/kinaikaleidoszkop.hu\/wp-content\/uploads\/2023\/10\/\u4f55\u4ee5\u6587\u660e.jpg 2000w\" sizes=\"auto, (max-width: 1024px) 100vw, 1024px\" \/><\/figure>\n\n\n\n<p>Shen elmondta, hogy a civiliz\u00e1ci\u00f3k j\u00f3l\u00e9te \u00e9s az emberis\u00e9g fejl\u0151d\u00e9se elv\u00e1laszthatatlan a cserekapcsolatokt\u00f3l \u00e9s a k\u00f6lcs\u00f6n\u00f6s tanul\u00e1st\u00f3l. A \u201eUtaz\u00e1s a civiliz\u00e1ci\u00f3kon kereszt\u00fcl\u201d nagy sz\u00ednpada a k\u00fcl\u00f6nb\u00f6z\u0151 \u00f6tletek, a multikulturalizmus \u00e9s a k\u00fcl\u00f6nb\u00f6z\u0151 civiliz\u00e1ci\u00f3k kevered\u00e9s\u00e9nek a nemzetk\u00f6zi k\u00f6z\u00f6ss\u00e9gben, fogalmazott Shen.<\/p>\n\n\n\n<p>A CMG hajland\u00f3 hasonl\u00f3 gondolkod\u00e1s\u00fa bar\u00e1taival egy\u00fctt tov\u00e1bbra is a kultur\u00e1lis cser\u00e9k el\u0151mozd\u00edt\u00e1s\u00e1n dolgozni szerte a vil\u00e1gon, k\u00e9sz sz\u00ednesebb\u00e9 tenni a vil\u00e1g civiliz\u00e1ci\u00f3it, tette hozz\u00e1 Shen.<\/p>\n\n\n\n<p>Az ENSZ genfi irod\u00e1ja nev\u00e9ben Francesco Pisano gratul\u00e1l az \u201eUtaz\u00e1s a civiliz\u00e1ci\u00f3kon kereszt\u00fcl\u201d ki\u00e1ll\u00edt\u00e1s megnyit\u00e1s\u00e1hoz, \u00e9s rem\u00e9ny\u00e9t fejezte ki, hogy a ki\u00e1ll\u00edt\u00e1s elhozza K\u00edna \u0151si civiliz\u00e1ci\u00f3j\u00e1t Nyugatra, lehet\u0151v\u00e9 teszi a vil\u00e1g sz\u00e1m\u00e1ra, hogy megtapasztalja a k\u00ednai kult\u00fara soksz\u00edn\u0171s\u00e9g\u00e9t, \u00e9s akt\u00edv szerepet j\u00e1tsszon a k\u00fcl\u00f6nb\u00f6z\u0151 civiliz\u00e1ci\u00f3k k\u00f6z\u00f6tti k\u00f6lcs\u00f6n\u00f6s megbecs\u00fcl\u00e9s el\u0151mozd\u00edt\u00e1s\u00e1ban.<\/p>\n\n\n\n<p><strong><em>2023. 10. 27.<\/em><\/strong><\/p>\n\n\n\n<p><strong>(Zhou Huiwen- China Media Group)<\/strong><\/p>\n\n\n\n<p><strong><em>(x)<\/em><\/strong><\/p>\n","protected":false},"excerpt":{"rendered":"<p>A China Media Group (CMG) \u00e9s az ENSZ genfi irod\u00e1ja cs\u00fct\u00f6rt\u00f6k\u00f6n a genfi Nemzetek Palot\u00e1j\u00e1ban k\u00f6z\u00f6sen nyitotta meg az \u201eUtaz\u00e1s a civiliz\u00e1ci\u00f3kon kereszt\u00fcl\u201d c\u00edm\u0171 k\u00fcl\u00f6nleges ki\u00e1ll\u00edt\u00e1st. Shen Haixiong, a CMG eln\u00f6ke, Francesco Pisano, az ENSZ Genfi Irod\u00e1ja kultur\u00e1lis bizotts\u00e1g\u00e1nak eln\u00f6ke, valamint t\u00f6bb mint 30 orsz\u00e1g genfi \u00e1lland\u00f3 irod\u00e1j\u00e1nak k\u00e9pvisel\u0151i vettek r\u00e9szt a megnyit\u00f3\u00fcnneps\u00e9gen. Shen elmondta, [&hellip;]<\/p>\n","protected":false},"author":6,"featured_media":19604,"comment_status":"closed","ping_status":"closed","sticky":false,"template":"","format":"standard","meta":{"footnotes":""},"categories":[45],"tags":[512,363,325,816,127],"class_list":["post-19602","post","type-post","status-publish","format-standard","has-post-thumbnail","hentry","category-hirek","tag-china-media-group","tag-cmg","tag-ensz","tag-genf","tag-kiallitas"],"yoast_head":"<!-- This site is optimized with the Yoast SEO plugin v23.7 - https:\/\/yoast.com\/wordpress\/plugins\/seo\/ -->\n<title>A CMG \u201eUtaz\u00e1s a civiliz\u00e1ci\u00f3kon kereszt\u00fcl\u201d c\u00edmmel ki\u00e1ll\u00edt\u00e1st tart Genfben - kinaikaleidoszkop.hu<\/title>\n<meta name=\"robots\" content=\"index, follow, max-snippet:-1, max-image-preview:large, max-video-preview:-1\" \/>\n<link rel=\"canonical\" href=\"https:\/\/kinaikaleidoszkop.hu\/index.php\/2023\/10\/27\/a-cmg-utazas-a-civilizaciokon-keresztul-cimmel-kiallitast-tart-genfben\/\" \/>\n<meta property=\"og:locale\" content=\"hu_HU\" \/>\n<meta property=\"og:type\" content=\"article\" \/>\n<meta property=\"og:title\" content=\"A CMG \u201eUtaz\u00e1s a civiliz\u00e1ci\u00f3kon kereszt\u00fcl\u201d c\u00edmmel ki\u00e1ll\u00edt\u00e1st tart Genfben - kinaikaleidoszkop.hu\" \/>\n<meta property=\"og:description\" content=\"A China Media Group (CMG) \u00e9s az ENSZ genfi irod\u00e1ja cs\u00fct\u00f6rt\u00f6k\u00f6n a genfi Nemzetek Palot\u00e1j\u00e1ban k\u00f6z\u00f6sen nyitotta meg az \u201eUtaz\u00e1s a civiliz\u00e1ci\u00f3kon kereszt\u00fcl\u201d c\u00edm\u0171 k\u00fcl\u00f6nleges ki\u00e1ll\u00edt\u00e1st. Shen Haixiong, a CMG eln\u00f6ke, Francesco Pisano, az ENSZ Genfi Irod\u00e1ja kultur\u00e1lis bizotts\u00e1g\u00e1nak eln\u00f6ke, valamint t\u00f6bb mint 30 orsz\u00e1g genfi \u00e1lland\u00f3 irod\u00e1j\u00e1nak k\u00e9pvisel\u0151i vettek r\u00e9szt a megnyit\u00f3\u00fcnneps\u00e9gen. Shen elmondta, [&hellip;]\" \/>\n<meta property=\"og:url\" content=\"https:\/\/kinaikaleidoszkop.hu\/index.php\/2023\/10\/27\/a-cmg-utazas-a-civilizaciokon-keresztul-cimmel-kiallitast-tart-genfben\/\" \/>\n<meta property=\"og:site_name\" content=\"kinaikaleidoszkop.hu\" \/>\n<meta property=\"article:published_time\" content=\"2023-10-27T05:44:14+00:00\" \/>\n<meta property=\"article:modified_time\" content=\"2023-10-27T05:44:29+00:00\" \/>\n<meta property=\"og:image\" content=\"https:\/\/kinaikaleidoszkop.hu\/wp-content\/uploads\/2023\/10\/\u4f55\u4ee5\u6587\u660e.jpg\" \/>\n\t<meta property=\"og:image:width\" content=\"2000\" \/>\n\t<meta property=\"og:image:height\" content=\"1323\" \/>\n\t<meta property=\"og:image:type\" content=\"image\/jpeg\" \/>\n<meta name=\"author\" content=\"admin-sebi\" \/>\n<meta name=\"twitter:card\" content=\"summary_large_image\" \/>\n<meta name=\"twitter:label1\" content=\"Szerz\u0151:\" \/>\n\t<meta name=\"twitter:data1\" content=\"admin-sebi\" \/>\n\t<meta name=\"twitter:label2\" content=\"Becs\u00fclt olvas\u00e1si id\u0151\" \/>\n\t<meta name=\"twitter:data2\" content=\"2 perc\" \/>\n<script type=\"application\/ld+json\" class=\"yoast-schema-graph\">{\"@context\":\"https:\/\/schema.org\",\"@graph\":[{\"@type\":\"WebPage\",\"@id\":\"https:\/\/kinaikaleidoszkop.hu\/index.php\/2023\/10\/27\/a-cmg-utazas-a-civilizaciokon-keresztul-cimmel-kiallitast-tart-genfben\/\",\"url\":\"https:\/\/kinaikaleidoszkop.hu\/index.php\/2023\/10\/27\/a-cmg-utazas-a-civilizaciokon-keresztul-cimmel-kiallitast-tart-genfben\/\",\"name\":\"A CMG \u201eUtaz\u00e1s a civiliz\u00e1ci\u00f3kon kereszt\u00fcl\u201d c\u00edmmel ki\u00e1ll\u00edt\u00e1st tart Genfben - kinaikaleidoszkop.hu\",\"isPartOf\":{\"@id\":\"https:\/\/kinaikaleidoszkop.hu\/#website\"},\"primaryImageOfPage\":{\"@id\":\"https:\/\/kinaikaleidoszkop.hu\/index.php\/2023\/10\/27\/a-cmg-utazas-a-civilizaciokon-keresztul-cimmel-kiallitast-tart-genfben\/#primaryimage\"},\"image\":{\"@id\":\"https:\/\/kinaikaleidoszkop.hu\/index.php\/2023\/10\/27\/a-cmg-utazas-a-civilizaciokon-keresztul-cimmel-kiallitast-tart-genfben\/#primaryimage\"},\"thumbnailUrl\":\"https:\/\/kinaikaleidoszkop.hu\/wp-content\/uploads\/2023\/10\/\u4f55\u4ee5\u6587\u660e.jpg\",\"datePublished\":\"2023-10-27T05:44:14+00:00\",\"dateModified\":\"2023-10-27T05:44:29+00:00\",\"author\":{\"@id\":\"https:\/\/kinaikaleidoszkop.hu\/#\/schema\/person\/fd215d3a8bab54daeb796ae166f99ea5\"},\"breadcrumb\":{\"@id\":\"https:\/\/kinaikaleidoszkop.hu\/index.php\/2023\/10\/27\/a-cmg-utazas-a-civilizaciokon-keresztul-cimmel-kiallitast-tart-genfben\/#breadcrumb\"},\"inLanguage\":\"hu\",\"potentialAction\":[{\"@type\":\"ReadAction\",\"target\":[\"https:\/\/kinaikaleidoszkop.hu\/index.php\/2023\/10\/27\/a-cmg-utazas-a-civilizaciokon-keresztul-cimmel-kiallitast-tart-genfben\/\"]}]},{\"@type\":\"ImageObject\",\"inLanguage\":\"hu\",\"@id\":\"https:\/\/kinaikaleidoszkop.hu\/index.php\/2023\/10\/27\/a-cmg-utazas-a-civilizaciokon-keresztul-cimmel-kiallitast-tart-genfben\/#primaryimage\",\"url\":\"https:\/\/kinaikaleidoszkop.hu\/wp-content\/uploads\/2023\/10\/\u4f55\u4ee5\u6587\u660e.jpg\",\"contentUrl\":\"https:\/\/kinaikaleidoszkop.hu\/wp-content\/uploads\/2023\/10\/\u4f55\u4ee5\u6587\u660e.jpg\",\"width\":2000,\"height\":1323},{\"@type\":\"BreadcrumbList\",\"@id\":\"https:\/\/kinaikaleidoszkop.hu\/index.php\/2023\/10\/27\/a-cmg-utazas-a-civilizaciokon-keresztul-cimmel-kiallitast-tart-genfben\/#breadcrumb\",\"itemListElement\":[{\"@type\":\"ListItem\",\"position\":1,\"name\":\"Kezd\u0151lap\",\"item\":\"https:\/\/kinaikaleidoszkop.hu\/\"},{\"@type\":\"ListItem\",\"position\":2,\"name\":\"A CMG \u201eUtaz\u00e1s a civiliz\u00e1ci\u00f3kon kereszt\u00fcl\u201d c\u00edmmel ki\u00e1ll\u00edt\u00e1st tart Genfben\"}]},{\"@type\":\"WebSite\",\"@id\":\"https:\/\/kinaikaleidoszkop.hu\/#website\",\"url\":\"https:\/\/kinaikaleidoszkop.hu\/\",\"name\":\"kinaikaleidoszkop.hu\",\"description\":\"\",\"potentialAction\":[{\"@type\":\"SearchAction\",\"target\":{\"@type\":\"EntryPoint\",\"urlTemplate\":\"https:\/\/kinaikaleidoszkop.hu\/?s={search_term_string}\"},\"query-input\":{\"@type\":\"PropertyValueSpecification\",\"valueRequired\":true,\"valueName\":\"search_term_string\"}}],\"inLanguage\":\"hu\"},{\"@type\":\"Person\",\"@id\":\"https:\/\/kinaikaleidoszkop.hu\/#\/schema\/person\/fd215d3a8bab54daeb796ae166f99ea5\",\"name\":\"admin-sebi\",\"image\":{\"@type\":\"ImageObject\",\"inLanguage\":\"hu\",\"@id\":\"https:\/\/kinaikaleidoszkop.hu\/#\/schema\/person\/image\/\",\"url\":\"https:\/\/secure.gravatar.com\/avatar\/b1498042bc4969020b4951f204f963e97c3d7d199f3790c1071adf67c61d0aa5?s=96&d=mm&r=g\",\"contentUrl\":\"https:\/\/secure.gravatar.com\/avatar\/b1498042bc4969020b4951f204f963e97c3d7d199f3790c1071adf67c61d0aa5?s=96&d=mm&r=g\",\"caption\":\"admin-sebi\"},\"url\":\"https:\/\/kinaikaleidoszkop.hu\/index.php\/author\/admin-sebi\/\"}]}<\/script>\n<!-- \/ Yoast SEO plugin. -->","yoast_head_json":{"title":"A CMG \u201eUtaz\u00e1s a civiliz\u00e1ci\u00f3kon kereszt\u00fcl\u201d c\u00edmmel ki\u00e1ll\u00edt\u00e1st tart Genfben - kinaikaleidoszkop.hu","robots":{"index":"index","follow":"follow","max-snippet":"max-snippet:-1","max-image-preview":"max-image-preview:large","max-video-preview":"max-video-preview:-1"},"canonical":"https:\/\/kinaikaleidoszkop.hu\/index.php\/2023\/10\/27\/a-cmg-utazas-a-civilizaciokon-keresztul-cimmel-kiallitast-tart-genfben\/","og_locale":"hu_HU","og_type":"article","og_title":"A CMG \u201eUtaz\u00e1s a civiliz\u00e1ci\u00f3kon kereszt\u00fcl\u201d c\u00edmmel ki\u00e1ll\u00edt\u00e1st tart Genfben - kinaikaleidoszkop.hu","og_description":"A China Media Group (CMG) \u00e9s az ENSZ genfi irod\u00e1ja cs\u00fct\u00f6rt\u00f6k\u00f6n a genfi Nemzetek Palot\u00e1j\u00e1ban k\u00f6z\u00f6sen nyitotta meg az \u201eUtaz\u00e1s a civiliz\u00e1ci\u00f3kon kereszt\u00fcl\u201d c\u00edm\u0171 k\u00fcl\u00f6nleges ki\u00e1ll\u00edt\u00e1st. Shen Haixiong, a CMG eln\u00f6ke, Francesco Pisano, az ENSZ Genfi Irod\u00e1ja kultur\u00e1lis bizotts\u00e1g\u00e1nak eln\u00f6ke, valamint t\u00f6bb mint 30 orsz\u00e1g genfi \u00e1lland\u00f3 irod\u00e1j\u00e1nak k\u00e9pvisel\u0151i vettek r\u00e9szt a megnyit\u00f3\u00fcnneps\u00e9gen. Shen elmondta, [&hellip;]","og_url":"https:\/\/kinaikaleidoszkop.hu\/index.php\/2023\/10\/27\/a-cmg-utazas-a-civilizaciokon-keresztul-cimmel-kiallitast-tart-genfben\/","og_site_name":"kinaikaleidoszkop.hu","article_published_time":"2023-10-27T05:44:14+00:00","article_modified_time":"2023-10-27T05:44:29+00:00","og_image":[{"width":2000,"height":1323,"url":"https:\/\/kinaikaleidoszkop.hu\/wp-content\/uploads\/2023\/10\/\u4f55\u4ee5\u6587\u660e.jpg","type":"image\/jpeg"}],"author":"admin-sebi","twitter_card":"summary_large_image","twitter_misc":{"Szerz\u0151:":"admin-sebi","Becs\u00fclt olvas\u00e1si id\u0151":"2 perc"},"schema":{"@context":"https:\/\/schema.org","@graph":[{"@type":"WebPage","@id":"https:\/\/kinaikaleidoszkop.hu\/index.php\/2023\/10\/27\/a-cmg-utazas-a-civilizaciokon-keresztul-cimmel-kiallitast-tart-genfben\/","url":"https:\/\/kinaikaleidoszkop.hu\/index.php\/2023\/10\/27\/a-cmg-utazas-a-civilizaciokon-keresztul-cimmel-kiallitast-tart-genfben\/","name":"A CMG \u201eUtaz\u00e1s a civiliz\u00e1ci\u00f3kon kereszt\u00fcl\u201d c\u00edmmel ki\u00e1ll\u00edt\u00e1st tart Genfben - kinaikaleidoszkop.hu","isPartOf":{"@id":"https:\/\/kinaikaleidoszkop.hu\/#website"},"primaryImageOfPage":{"@id":"https:\/\/kinaikaleidoszkop.hu\/index.php\/2023\/10\/27\/a-cmg-utazas-a-civilizaciokon-keresztul-cimmel-kiallitast-tart-genfben\/#primaryimage"},"image":{"@id":"https:\/\/kinaikaleidoszkop.hu\/index.php\/2023\/10\/27\/a-cmg-utazas-a-civilizaciokon-keresztul-cimmel-kiallitast-tart-genfben\/#primaryimage"},"thumbnailUrl":"https:\/\/kinaikaleidoszkop.hu\/wp-content\/uploads\/2023\/10\/\u4f55\u4ee5\u6587\u660e.jpg","datePublished":"2023-10-27T05:44:14+00:00","dateModified":"2023-10-27T05:44:29+00:00","author":{"@id":"https:\/\/kinaikaleidoszkop.hu\/#\/schema\/person\/fd215d3a8bab54daeb796ae166f99ea5"},"breadcrumb":{"@id":"https:\/\/kinaikaleidoszkop.hu\/index.php\/2023\/10\/27\/a-cmg-utazas-a-civilizaciokon-keresztul-cimmel-kiallitast-tart-genfben\/#breadcrumb"},"inLanguage":"hu","potentialAction":[{"@type":"ReadAction","target":["https:\/\/kinaikaleidoszkop.hu\/index.php\/2023\/10\/27\/a-cmg-utazas-a-civilizaciokon-keresztul-cimmel-kiallitast-tart-genfben\/"]}]},{"@type":"ImageObject","inLanguage":"hu","@id":"https:\/\/kinaikaleidoszkop.hu\/index.php\/2023\/10\/27\/a-cmg-utazas-a-civilizaciokon-keresztul-cimmel-kiallitast-tart-genfben\/#primaryimage","url":"https:\/\/kinaikaleidoszkop.hu\/wp-content\/uploads\/2023\/10\/\u4f55\u4ee5\u6587\u660e.jpg","contentUrl":"https:\/\/kinaikaleidoszkop.hu\/wp-content\/uploads\/2023\/10\/\u4f55\u4ee5\u6587\u660e.jpg","width":2000,"height":1323},{"@type":"BreadcrumbList","@id":"https:\/\/kinaikaleidoszkop.hu\/index.php\/2023\/10\/27\/a-cmg-utazas-a-civilizaciokon-keresztul-cimmel-kiallitast-tart-genfben\/#breadcrumb","itemListElement":[{"@type":"ListItem","position":1,"name":"Kezd\u0151lap","item":"https:\/\/kinaikaleidoszkop.hu\/"},{"@type":"ListItem","position":2,"name":"A CMG \u201eUtaz\u00e1s a civiliz\u00e1ci\u00f3kon kereszt\u00fcl\u201d c\u00edmmel ki\u00e1ll\u00edt\u00e1st tart Genfben"}]},{"@type":"WebSite","@id":"https:\/\/kinaikaleidoszkop.hu\/#website","url":"https:\/\/kinaikaleidoszkop.hu\/","name":"kinaikaleidoszkop.hu","description":"","potentialAction":[{"@type":"SearchAction","target":{"@type":"EntryPoint","urlTemplate":"https:\/\/kinaikaleidoszkop.hu\/?s={search_term_string}"},"query-input":{"@type":"PropertyValueSpecification","valueRequired":true,"valueName":"search_term_string"}}],"inLanguage":"hu"},{"@type":"Person","@id":"https:\/\/kinaikaleidoszkop.hu\/#\/schema\/person\/fd215d3a8bab54daeb796ae166f99ea5","name":"admin-sebi","image":{"@type":"ImageObject","inLanguage":"hu","@id":"https:\/\/kinaikaleidoszkop.hu\/#\/schema\/person\/image\/","url":"https:\/\/secure.gravatar.com\/avatar\/b1498042bc4969020b4951f204f963e97c3d7d199f3790c1071adf67c61d0aa5?s=96&d=mm&r=g","contentUrl":"https:\/\/secure.gravatar.com\/avatar\/b1498042bc4969020b4951f204f963e97c3d7d199f3790c1071adf67c61d0aa5?s=96&d=mm&r=g","caption":"admin-sebi"},"url":"https:\/\/kinaikaleidoszkop.hu\/index.php\/author\/admin-sebi\/"}]}},"views":221,"distributor_meta":false,"distributor_terms":false,"distributor_media":false,"distributor_original_site_name":"kinaikaleidoszkop.hu","distributor_original_site_url":"https:\/\/kinaikaleidoszkop.hu","push-errors":false,"_links":{"self":[{"href":"https:\/\/kinaikaleidoszkop.hu\/index.php\/wp-json\/wp\/v2\/posts\/19602","targetHints":{"allow":["GET"]}}],"collection":[{"href":"https:\/\/kinaikaleidoszkop.hu\/index.php\/wp-json\/wp\/v2\/posts"}],"about":[{"href":"https:\/\/kinaikaleidoszkop.hu\/index.php\/wp-json\/wp\/v2\/types\/post"}],"author":[{"embeddable":true,"href":"https:\/\/kinaikaleidoszkop.hu\/index.php\/wp-json\/wp\/v2\/users\/6"}],"replies":[{"embeddable":true,"href":"https:\/\/kinaikaleidoszkop.hu\/index.php\/wp-json\/wp\/v2\/comments?post=19602"}],"version-history":[{"count":1,"href":"https:\/\/kinaikaleidoszkop.hu\/index.php\/wp-json\/wp\/v2\/posts\/19602\/revisions"}],"predecessor-version":[{"id":19605,"href":"https:\/\/kinaikaleidoszkop.hu\/index.php\/wp-json\/wp\/v2\/posts\/19602\/revisions\/19605"}],"wp:featuredmedia":[{"embeddable":true,"href":"https:\/\/kinaikaleidoszkop.hu\/index.php\/wp-json\/wp\/v2\/media\/19604"}],"wp:attachment":[{"href":"https:\/\/kinaikaleidoszkop.hu\/index.php\/wp-json\/wp\/v2\/media?parent=19602"}],"wp:term":[{"taxonomy":"category","embeddable":true,"href":"https:\/\/kinaikaleidoszkop.hu\/index.php\/wp-json\/wp\/v2\/categories?post=19602"},{"taxonomy":"post_tag","embeddable":true,"href":"https:\/\/kinaikaleidoszkop.hu\/index.php\/wp-json\/wp\/v2\/tags?post=19602"}],"curies":[{"name":"wp","href":"https:\/\/api.w.org\/{rel}","templated":true}]}}