{"id":19653,"date":"2023-10-31T12:02:59","date_gmt":"2023-10-31T11:02:59","guid":{"rendered":"https:\/\/kinaikaleidoszkop.hu\/?p=19653"},"modified":"2023-10-31T18:29:50","modified_gmt":"2023-10-31T17:29:50","slug":"a-kinai-shenzhou-16-urhajosai-visszatertek-a-foldre","status":"publish","type":"post","link":"https:\/\/kinaikaleidoszkop.hu\/index.php\/2023\/10\/31\/a-kinai-shenzhou-16-urhajosai-visszatertek-a-foldre\/","title":{"rendered":"A k\u00ednai Shenzhou\u201316 \u0171rhaj\u00f3sai visszat\u00e9rtek a F\u00f6ldre"},"content":{"rendered":"\n<p class=\"has-text-align-left\"><strong>A Tiangong \u0171r\u00e1llom\u00e1son t\u00f6lt\u00f6tt 5 h\u00f3nap ut\u00e1n a k\u00ednai Shenzhou\u201316 \u0171rhaj\u00f3sai okt\u00f3ber 31-\u00e1n reggel visszat\u00e9rtek a F\u00f6ldre.<\/strong><\/p>\n\n\n<div class=\"wp-block-image\">\n<figure class=\"aligncenter size-full\"><img decoding=\"async\" src=\"https:\/\/regiokelet.hu\/wp-content\/uploads\/2023\/10\/1031Lea4.png\" alt=\"\" class=\"wp-image-24225\"\/><\/figure>\n<\/div>\n\n\n<p>Pekingi id\u0151 szerint kedden reggel 7 \u00f3ra 21 perckor az \u0171rhaj\u00f3 elv\u00e1lt a visszat\u00e9r\u0151 kabint\u00f3l, 8 \u00f3ra 11 perckor a Shenzhou\u201316 \u0171rhaj\u00f3 sikeresen landolt az \u00e9szaknyugat-k\u00ednai G\u00f3bi sivatagban.<\/p>\n\n\n\n<p>Jing Haipeng, a misszi\u00f3 parancsnoka, vezet\u0151 \u0171rhaj\u00f3s volt az els\u0151, aki kij\u00f6tt a visszat\u00e9r\u0151 kabinb\u00f3l, \u00e9s azt mondta, hogy a feladatot hiba n\u00e9lk\u00fcl megoldott\u00e1k. K\u00f6vetkezett a szem\u00e9lyzet k\u00e9t tagja, Zhu Yangzhu \u00e9s Gui Haichao, akik az els\u0151 \u0171rutaz\u00e1sukb\u00f3l t\u00e9rtek vissza.<\/p>\n\n\n\n<p>A h\u00e1rom \u0171rhaj\u00f3s 154 napot t\u00f6lt\u00f6tt az \u0171r\u00e1llom\u00e1son, mik\u00f6zben egy \u0171rhaj\u00f3n k\u00edv\u00fcli m\u0171veletet v\u00e9geztek j\u00falius 20-\u00e1n, \u00e9s egy alkalommal, szeptember 21-\u00e9n d\u00e9lut\u00e1n adtak el\u0151 az \u00e9rdekl\u0151d\u0151 gyerekeknek. Emellett tudom\u00e1nyos k\u00eds\u00e9rleteket v\u00e9geztek a m\u00e9rn\u00f6ktudom\u00e1ny, az \u0171rkutat\u00e1s, a biotechnol\u00f3gia, az anyagtudom\u00e1ny, a folyad\u00e9kfizika \u00e9s az \u0171rtechnol\u00f3gia ter\u00fclet\u00e9n.<\/p>\n\n\n<div class=\"wp-block-image\">\n<figure class=\"aligncenter size-large\"><img decoding=\"async\" src=\"https:\/\/hirpest.hu\/wp-content\/uploads\/2023\/10\/Kep1.png\" alt=\"\" class=\"wp-image-19359\"\/><figcaption class=\"wp-element-caption\"><br>J\u00falius 20-\u00e1n a Shenzhou\u201316 \u0171rhaj\u00f3sai 8 \u00f3r\u00e1s \u0171rhaj\u00f3n k\u00edv\u00fcli m\u0171veletet v\u00e9geztek.<\/figcaption><\/figure>\n<\/div>\n\n\n<p>A K\u00ednai Emberes \u0170rm\u00e9rn\u00f6ki Iroda jelent\u00e9se szerint a visszat\u00e9rt h\u00e1rom \u0171rhaj\u00f3s ma d\u00e9lut\u00e1n rep\u00fcl\u0151g\u00e9ppel \u00e9rkezik Pekingbe, ahol megvizsg\u00e1lj\u00e1k az eg\u00e9szs\u00e9gi \u00e1llapotukat, majd pihennek \u00e9s regener\u00e1l\u00f3dnak, azt\u00e1n tal\u00e1lkozni fognak a m\u00e9di\u00e1val.<\/p>\n\n\n<div class=\"wp-block-image\">\n<figure class=\"aligncenter size-large\"><img decoding=\"async\" src=\"https:\/\/hirpest.hu\/wp-content\/uploads\/2023\/10\/1031Lea4-2.png\" alt=\"\" class=\"wp-image-19360\"\/><figcaption class=\"wp-element-caption\">Pekingi id\u0151 szerint kedden reggel 8 \u00f3ra 11 perckor a Shenzhou\u201316 \u0171rhaj\u00f3 sikeresen landolt az \u00e9szaknyugat-k\u00ednai G\u00f3bi sivatagban. Jing Haipeng, a misszi\u00f3 parancsnoka, vezet\u0151 \u0171rhaj\u00f3s volt az els\u0151, aki kisz\u00e1llt a visszat\u00e9r\u0151 kabinb\u00f3l.<\/figcaption><\/figure>\n<\/div>\n\n\n<p>A Shenzhou emberes \u0171rhaj\u00f3 program\u00e9rt felel\u0151s Jiang Yue szerint a Shenzhou\u201316 \u0171rhaj\u00f3 \u00f6sszesen 22 f\u00e9le k\u00eds\u00e9rleti mint\u00e1t hozott vissza mag\u00e1val, t\u00f6bbek k\u00f6z\u00f6tt hum\u00e1n m\u00e1jsejteket \u00e9s endotheli\u00e1lis sejteket, l\u00fadf\u0171 (arabidopsis thaliana) pal\u00e1nt\u00e1j\u00e1t, fonalf\u00e9rgeket, valamint biomakromolekul\u00e1kat, amelyek nagy jelent\u0151s\u00e9ggel b\u00edrnak a j\u00f6v\u0151beni tudom\u00e1nyos kutat\u00e1sok sz\u00e1m\u00e1ra.<\/p>\n\n\n\n<p>A m\u00falt h\u00e9ten K\u00edna elind\u00edtotta a Shenzhou\u201317 \u0171rhaj\u00f3t, hogy felv\u00e1ltsa a Shenzhou\u201316 leg\u00e9nys\u00e9g\u00e9t, \u00e9s hogy kib\u0151v\u00edtse K\u00edna els\u0151 \u0171r\u00e1llom\u00e1s\u00e1t, a Tiangongot.<\/p>\n\n\n\n<p><strong><em>2023. 10. 31.<\/em><\/strong><\/p>\n\n\n\n<p><strong>(China Media Group)<\/strong><\/p>\n\n\n\n<p><strong><em>(x)<\/em><\/strong><\/p>\n","protected":false},"excerpt":{"rendered":"<p>A Tiangong \u0171r\u00e1llom\u00e1son t\u00f6lt\u00f6tt 5 h\u00f3nap ut\u00e1n a k\u00ednai Shenzhou\u201316 \u0171rhaj\u00f3sai okt\u00f3ber 31-\u00e1n reggel visszat\u00e9rtek a F\u00f6ldre. Pekingi id\u0151 szerint kedden reggel 7 \u00f3ra 21 perckor az \u0171rhaj\u00f3 elv\u00e1lt a visszat\u00e9r\u0151 kabint\u00f3l, 8 \u00f3ra 11 perckor a Shenzhou\u201316 \u0171rhaj\u00f3 sikeresen landolt az \u00e9szaknyugat-k\u00ednai G\u00f3bi sivatagban. Jing Haipeng, a misszi\u00f3 parancsnoka, vezet\u0151 \u0171rhaj\u00f3s volt az els\u0151, [&hellip;]<\/p>\n","protected":false},"author":6,"featured_media":19655,"comment_status":"closed","ping_status":"closed","sticky":false,"template":"","format":"standard","meta":{"footnotes":""},"categories":[45],"tags":[791,3046,3287,1242,794],"class_list":["post-19653","post","type-post","status-publish","format-standard","has-post-thumbnail","hentry","category-hirek","tag-kinai-urallomas","tag-kinai-urkutatas","tag-shenzhou-16","tag-urhajos","tag-urkutatas"],"yoast_head":"<!-- This site is optimized with the Yoast SEO plugin v23.7 - https:\/\/yoast.com\/wordpress\/plugins\/seo\/ -->\n<title>A k\u00ednai Shenzhou\u201316 \u0171rhaj\u00f3sai visszat\u00e9rtek a F\u00f6ldre - kinaikaleidoszkop.hu<\/title>\n<meta name=\"robots\" content=\"index, follow, max-snippet:-1, max-image-preview:large, max-video-preview:-1\" \/>\n<link rel=\"canonical\" href=\"https:\/\/kinaikaleidoszkop.hu\/index.php\/2023\/10\/31\/a-kinai-shenzhou-16-urhajosai-visszatertek-a-foldre\/\" \/>\n<meta property=\"og:locale\" content=\"hu_HU\" \/>\n<meta property=\"og:type\" content=\"article\" \/>\n<meta property=\"og:title\" content=\"A k\u00ednai Shenzhou\u201316 \u0171rhaj\u00f3sai visszat\u00e9rtek a F\u00f6ldre - kinaikaleidoszkop.hu\" \/>\n<meta property=\"og:description\" content=\"A Tiangong \u0171r\u00e1llom\u00e1son t\u00f6lt\u00f6tt 5 h\u00f3nap ut\u00e1n a k\u00ednai Shenzhou\u201316 \u0171rhaj\u00f3sai okt\u00f3ber 31-\u00e1n reggel visszat\u00e9rtek a F\u00f6ldre. Pekingi id\u0151 szerint kedden reggel 7 \u00f3ra 21 perckor az \u0171rhaj\u00f3 elv\u00e1lt a visszat\u00e9r\u0151 kabint\u00f3l, 8 \u00f3ra 11 perckor a Shenzhou\u201316 \u0171rhaj\u00f3 sikeresen landolt az \u00e9szaknyugat-k\u00ednai G\u00f3bi sivatagban. Jing Haipeng, a misszi\u00f3 parancsnoka, vezet\u0151 \u0171rhaj\u00f3s volt az els\u0151, [&hellip;]\" \/>\n<meta property=\"og:url\" content=\"https:\/\/kinaikaleidoszkop.hu\/index.php\/2023\/10\/31\/a-kinai-shenzhou-16-urhajosai-visszatertek-a-foldre\/\" \/>\n<meta property=\"og:site_name\" content=\"kinaikaleidoszkop.hu\" \/>\n<meta property=\"article:published_time\" content=\"2023-10-31T11:02:59+00:00\" \/>\n<meta property=\"article:modified_time\" content=\"2023-10-31T17:29:50+00:00\" \/>\n<meta property=\"og:image\" content=\"https:\/\/kinaikaleidoszkop.hu\/wp-content\/uploads\/2023\/10\/1031Lea4.png\" \/>\n\t<meta property=\"og:image:width\" content=\"600\" \/>\n\t<meta property=\"og:image:height\" content=\"338\" \/>\n\t<meta property=\"og:image:type\" content=\"image\/png\" \/>\n<meta name=\"author\" content=\"admin-sebi\" \/>\n<meta name=\"twitter:card\" content=\"summary_large_image\" \/>\n<meta name=\"twitter:label1\" content=\"Szerz\u0151:\" \/>\n\t<meta name=\"twitter:data1\" content=\"admin-sebi\" \/>\n\t<meta name=\"twitter:label2\" content=\"Becs\u00fclt olvas\u00e1si id\u0151\" \/>\n\t<meta name=\"twitter:data2\" content=\"3 perc\" \/>\n<script type=\"application\/ld+json\" class=\"yoast-schema-graph\">{\"@context\":\"https:\/\/schema.org\",\"@graph\":[{\"@type\":\"WebPage\",\"@id\":\"https:\/\/kinaikaleidoszkop.hu\/index.php\/2023\/10\/31\/a-kinai-shenzhou-16-urhajosai-visszatertek-a-foldre\/\",\"url\":\"https:\/\/kinaikaleidoszkop.hu\/index.php\/2023\/10\/31\/a-kinai-shenzhou-16-urhajosai-visszatertek-a-foldre\/\",\"name\":\"A k\u00ednai Shenzhou\u201316 \u0171rhaj\u00f3sai visszat\u00e9rtek a F\u00f6ldre - kinaikaleidoszkop.hu\",\"isPartOf\":{\"@id\":\"https:\/\/kinaikaleidoszkop.hu\/#website\"},\"primaryImageOfPage\":{\"@id\":\"https:\/\/kinaikaleidoszkop.hu\/index.php\/2023\/10\/31\/a-kinai-shenzhou-16-urhajosai-visszatertek-a-foldre\/#primaryimage\"},\"image\":{\"@id\":\"https:\/\/kinaikaleidoszkop.hu\/index.php\/2023\/10\/31\/a-kinai-shenzhou-16-urhajosai-visszatertek-a-foldre\/#primaryimage\"},\"thumbnailUrl\":\"https:\/\/kinaikaleidoszkop.hu\/wp-content\/uploads\/2023\/10\/1031Lea4.png\",\"datePublished\":\"2023-10-31T11:02:59+00:00\",\"dateModified\":\"2023-10-31T17:29:50+00:00\",\"author\":{\"@id\":\"https:\/\/kinaikaleidoszkop.hu\/#\/schema\/person\/fd215d3a8bab54daeb796ae166f99ea5\"},\"breadcrumb\":{\"@id\":\"https:\/\/kinaikaleidoszkop.hu\/index.php\/2023\/10\/31\/a-kinai-shenzhou-16-urhajosai-visszatertek-a-foldre\/#breadcrumb\"},\"inLanguage\":\"hu\",\"potentialAction\":[{\"@type\":\"ReadAction\",\"target\":[\"https:\/\/kinaikaleidoszkop.hu\/index.php\/2023\/10\/31\/a-kinai-shenzhou-16-urhajosai-visszatertek-a-foldre\/\"]}]},{\"@type\":\"ImageObject\",\"inLanguage\":\"hu\",\"@id\":\"https:\/\/kinaikaleidoszkop.hu\/index.php\/2023\/10\/31\/a-kinai-shenzhou-16-urhajosai-visszatertek-a-foldre\/#primaryimage\",\"url\":\"https:\/\/kinaikaleidoszkop.hu\/wp-content\/uploads\/2023\/10\/1031Lea4.png\",\"contentUrl\":\"https:\/\/kinaikaleidoszkop.hu\/wp-content\/uploads\/2023\/10\/1031Lea4.png\",\"width\":600,\"height\":338},{\"@type\":\"BreadcrumbList\",\"@id\":\"https:\/\/kinaikaleidoszkop.hu\/index.php\/2023\/10\/31\/a-kinai-shenzhou-16-urhajosai-visszatertek-a-foldre\/#breadcrumb\",\"itemListElement\":[{\"@type\":\"ListItem\",\"position\":1,\"name\":\"Kezd\u0151lap\",\"item\":\"https:\/\/kinaikaleidoszkop.hu\/\"},{\"@type\":\"ListItem\",\"position\":2,\"name\":\"A k\u00ednai Shenzhou\u201316 \u0171rhaj\u00f3sai visszat\u00e9rtek a F\u00f6ldre\"}]},{\"@type\":\"WebSite\",\"@id\":\"https:\/\/kinaikaleidoszkop.hu\/#website\",\"url\":\"https:\/\/kinaikaleidoszkop.hu\/\",\"name\":\"kinaikaleidoszkop.hu\",\"description\":\"\",\"potentialAction\":[{\"@type\":\"SearchAction\",\"target\":{\"@type\":\"EntryPoint\",\"urlTemplate\":\"https:\/\/kinaikaleidoszkop.hu\/?s={search_term_string}\"},\"query-input\":{\"@type\":\"PropertyValueSpecification\",\"valueRequired\":true,\"valueName\":\"search_term_string\"}}],\"inLanguage\":\"hu\"},{\"@type\":\"Person\",\"@id\":\"https:\/\/kinaikaleidoszkop.hu\/#\/schema\/person\/fd215d3a8bab54daeb796ae166f99ea5\",\"name\":\"admin-sebi\",\"image\":{\"@type\":\"ImageObject\",\"inLanguage\":\"hu\",\"@id\":\"https:\/\/kinaikaleidoszkop.hu\/#\/schema\/person\/image\/\",\"url\":\"https:\/\/secure.gravatar.com\/avatar\/b1498042bc4969020b4951f204f963e97c3d7d199f3790c1071adf67c61d0aa5?s=96&d=mm&r=g\",\"contentUrl\":\"https:\/\/secure.gravatar.com\/avatar\/b1498042bc4969020b4951f204f963e97c3d7d199f3790c1071adf67c61d0aa5?s=96&d=mm&r=g\",\"caption\":\"admin-sebi\"},\"url\":\"https:\/\/kinaikaleidoszkop.hu\/index.php\/author\/admin-sebi\/\"}]}<\/script>\n<!-- \/ Yoast SEO plugin. -->","yoast_head_json":{"title":"A k\u00ednai Shenzhou\u201316 \u0171rhaj\u00f3sai visszat\u00e9rtek a F\u00f6ldre - kinaikaleidoszkop.hu","robots":{"index":"index","follow":"follow","max-snippet":"max-snippet:-1","max-image-preview":"max-image-preview:large","max-video-preview":"max-video-preview:-1"},"canonical":"https:\/\/kinaikaleidoszkop.hu\/index.php\/2023\/10\/31\/a-kinai-shenzhou-16-urhajosai-visszatertek-a-foldre\/","og_locale":"hu_HU","og_type":"article","og_title":"A k\u00ednai Shenzhou\u201316 \u0171rhaj\u00f3sai visszat\u00e9rtek a F\u00f6ldre - kinaikaleidoszkop.hu","og_description":"A Tiangong \u0171r\u00e1llom\u00e1son t\u00f6lt\u00f6tt 5 h\u00f3nap ut\u00e1n a k\u00ednai Shenzhou\u201316 \u0171rhaj\u00f3sai okt\u00f3ber 31-\u00e1n reggel visszat\u00e9rtek a F\u00f6ldre. Pekingi id\u0151 szerint kedden reggel 7 \u00f3ra 21 perckor az \u0171rhaj\u00f3 elv\u00e1lt a visszat\u00e9r\u0151 kabint\u00f3l, 8 \u00f3ra 11 perckor a Shenzhou\u201316 \u0171rhaj\u00f3 sikeresen landolt az \u00e9szaknyugat-k\u00ednai G\u00f3bi sivatagban. Jing Haipeng, a misszi\u00f3 parancsnoka, vezet\u0151 \u0171rhaj\u00f3s volt az els\u0151, [&hellip;]","og_url":"https:\/\/kinaikaleidoszkop.hu\/index.php\/2023\/10\/31\/a-kinai-shenzhou-16-urhajosai-visszatertek-a-foldre\/","og_site_name":"kinaikaleidoszkop.hu","article_published_time":"2023-10-31T11:02:59+00:00","article_modified_time":"2023-10-31T17:29:50+00:00","og_image":[{"width":600,"height":338,"url":"https:\/\/kinaikaleidoszkop.hu\/wp-content\/uploads\/2023\/10\/1031Lea4.png","type":"image\/png"}],"author":"admin-sebi","twitter_card":"summary_large_image","twitter_misc":{"Szerz\u0151:":"admin-sebi","Becs\u00fclt olvas\u00e1si id\u0151":"3 perc"},"schema":{"@context":"https:\/\/schema.org","@graph":[{"@type":"WebPage","@id":"https:\/\/kinaikaleidoszkop.hu\/index.php\/2023\/10\/31\/a-kinai-shenzhou-16-urhajosai-visszatertek-a-foldre\/","url":"https:\/\/kinaikaleidoszkop.hu\/index.php\/2023\/10\/31\/a-kinai-shenzhou-16-urhajosai-visszatertek-a-foldre\/","name":"A k\u00ednai Shenzhou\u201316 \u0171rhaj\u00f3sai visszat\u00e9rtek a F\u00f6ldre - kinaikaleidoszkop.hu","isPartOf":{"@id":"https:\/\/kinaikaleidoszkop.hu\/#website"},"primaryImageOfPage":{"@id":"https:\/\/kinaikaleidoszkop.hu\/index.php\/2023\/10\/31\/a-kinai-shenzhou-16-urhajosai-visszatertek-a-foldre\/#primaryimage"},"image":{"@id":"https:\/\/kinaikaleidoszkop.hu\/index.php\/2023\/10\/31\/a-kinai-shenzhou-16-urhajosai-visszatertek-a-foldre\/#primaryimage"},"thumbnailUrl":"https:\/\/kinaikaleidoszkop.hu\/wp-content\/uploads\/2023\/10\/1031Lea4.png","datePublished":"2023-10-31T11:02:59+00:00","dateModified":"2023-10-31T17:29:50+00:00","author":{"@id":"https:\/\/kinaikaleidoszkop.hu\/#\/schema\/person\/fd215d3a8bab54daeb796ae166f99ea5"},"breadcrumb":{"@id":"https:\/\/kinaikaleidoszkop.hu\/index.php\/2023\/10\/31\/a-kinai-shenzhou-16-urhajosai-visszatertek-a-foldre\/#breadcrumb"},"inLanguage":"hu","potentialAction":[{"@type":"ReadAction","target":["https:\/\/kinaikaleidoszkop.hu\/index.php\/2023\/10\/31\/a-kinai-shenzhou-16-urhajosai-visszatertek-a-foldre\/"]}]},{"@type":"ImageObject","inLanguage":"hu","@id":"https:\/\/kinaikaleidoszkop.hu\/index.php\/2023\/10\/31\/a-kinai-shenzhou-16-urhajosai-visszatertek-a-foldre\/#primaryimage","url":"https:\/\/kinaikaleidoszkop.hu\/wp-content\/uploads\/2023\/10\/1031Lea4.png","contentUrl":"https:\/\/kinaikaleidoszkop.hu\/wp-content\/uploads\/2023\/10\/1031Lea4.png","width":600,"height":338},{"@type":"BreadcrumbList","@id":"https:\/\/kinaikaleidoszkop.hu\/index.php\/2023\/10\/31\/a-kinai-shenzhou-16-urhajosai-visszatertek-a-foldre\/#breadcrumb","itemListElement":[{"@type":"ListItem","position":1,"name":"Kezd\u0151lap","item":"https:\/\/kinaikaleidoszkop.hu\/"},{"@type":"ListItem","position":2,"name":"A k\u00ednai Shenzhou\u201316 \u0171rhaj\u00f3sai visszat\u00e9rtek a F\u00f6ldre"}]},{"@type":"WebSite","@id":"https:\/\/kinaikaleidoszkop.hu\/#website","url":"https:\/\/kinaikaleidoszkop.hu\/","name":"kinaikaleidoszkop.hu","description":"","potentialAction":[{"@type":"SearchAction","target":{"@type":"EntryPoint","urlTemplate":"https:\/\/kinaikaleidoszkop.hu\/?s={search_term_string}"},"query-input":{"@type":"PropertyValueSpecification","valueRequired":true,"valueName":"search_term_string"}}],"inLanguage":"hu"},{"@type":"Person","@id":"https:\/\/kinaikaleidoszkop.hu\/#\/schema\/person\/fd215d3a8bab54daeb796ae166f99ea5","name":"admin-sebi","image":{"@type":"ImageObject","inLanguage":"hu","@id":"https:\/\/kinaikaleidoszkop.hu\/#\/schema\/person\/image\/","url":"https:\/\/secure.gravatar.com\/avatar\/b1498042bc4969020b4951f204f963e97c3d7d199f3790c1071adf67c61d0aa5?s=96&d=mm&r=g","contentUrl":"https:\/\/secure.gravatar.com\/avatar\/b1498042bc4969020b4951f204f963e97c3d7d199f3790c1071adf67c61d0aa5?s=96&d=mm&r=g","caption":"admin-sebi"},"url":"https:\/\/kinaikaleidoszkop.hu\/index.php\/author\/admin-sebi\/"}]}},"views":231,"distributor_meta":false,"distributor_terms":false,"distributor_media":false,"distributor_original_site_name":"kinaikaleidoszkop.hu","distributor_original_site_url":"https:\/\/kinaikaleidoszkop.hu","push-errors":false,"_links":{"self":[{"href":"https:\/\/kinaikaleidoszkop.hu\/index.php\/wp-json\/wp\/v2\/posts\/19653","targetHints":{"allow":["GET"]}}],"collection":[{"href":"https:\/\/kinaikaleidoszkop.hu\/index.php\/wp-json\/wp\/v2\/posts"}],"about":[{"href":"https:\/\/kinaikaleidoszkop.hu\/index.php\/wp-json\/wp\/v2\/types\/post"}],"author":[{"embeddable":true,"href":"https:\/\/kinaikaleidoszkop.hu\/index.php\/wp-json\/wp\/v2\/users\/6"}],"replies":[{"embeddable":true,"href":"https:\/\/kinaikaleidoszkop.hu\/index.php\/wp-json\/wp\/v2\/comments?post=19653"}],"version-history":[{"count":2,"href":"https:\/\/kinaikaleidoszkop.hu\/index.php\/wp-json\/wp\/v2\/posts\/19653\/revisions"}],"predecessor-version":[{"id":19660,"href":"https:\/\/kinaikaleidoszkop.hu\/index.php\/wp-json\/wp\/v2\/posts\/19653\/revisions\/19660"}],"wp:featuredmedia":[{"embeddable":true,"href":"https:\/\/kinaikaleidoszkop.hu\/index.php\/wp-json\/wp\/v2\/media\/19655"}],"wp:attachment":[{"href":"https:\/\/kinaikaleidoszkop.hu\/index.php\/wp-json\/wp\/v2\/media?parent=19653"}],"wp:term":[{"taxonomy":"category","embeddable":true,"href":"https:\/\/kinaikaleidoszkop.hu\/index.php\/wp-json\/wp\/v2\/categories?post=19653"},{"taxonomy":"post_tag","embeddable":true,"href":"https:\/\/kinaikaleidoszkop.hu\/index.php\/wp-json\/wp\/v2\/tags?post=19653"}],"curies":[{"name":"wp","href":"https:\/\/api.w.org\/{rel}","templated":true}]}}