{"id":19661,"date":"2023-11-01T14:38:22","date_gmt":"2023-11-01T13:38:22","guid":{"rendered":"https:\/\/kinaikaleidoszkop.hu\/?p=19661"},"modified":"2023-11-02T11:43:29","modified_gmt":"2023-11-02T10:43:29","slug":"a-kulcsfontossagu-konferencia-alaphangot-ad-kina-penzugyi-fejlodesenek","status":"publish","type":"post","link":"https:\/\/kinaikaleidoszkop.hu\/index.php\/2023\/11\/01\/a-kulcsfontossagu-konferencia-alaphangot-ad-kina-penzugyi-fejlodesenek\/","title":{"rendered":"A kulcsfontoss\u00e1g\u00fa konferencia alaphangot ad K\u00edna p\u00e9nz\u00fcgyi fejl\u0151d\u00e9s\u00e9nek"},"content":{"rendered":"\n<p><strong>H\u00e9tf\u0151n \u00e9s\u00a0kedden Pekingben k\u00f6zponti p\u00e9nz\u00fcgyi munkakonferenci\u00e1t tartottak, amelyen Hszi Csin-ping k\u00ednai \u00e1llameln\u00f6k fontos besz\u00e9det mondott.<\/strong><\/p>\n\n\n\n<p>Hszi elemezte a p\u00e9nz\u00fcgyi szektor magas sz\u00ednvonal\u00fa fejl\u0151d\u00e9s\u00e9nek helyzet\u00e9t,&nbsp;\u00e9s felv\u00e1zolta a jelenlegi&nbsp;\u00e9s a j\u00f6v\u0151beli id\u0151szakok relev\u00e1ns munk\u00e1it.<\/p>\n\n\n\n<p>A konferencia szerint a k\u00ednai saj\u00e1toss\u00e1g\u00fa p\u00e9nz\u00fcgyi fejl\u0151d\u00e9s&nbsp;\u00fatj\u00e1nak felt\u00e1r\u00e1sa sor\u00e1n K\u00edn\u00e1nak k\u00f6vetnie kell a K\u00ednai Kommunista P\u00e1rt K\u00f6zponti Bizotts\u00e1g\u00e1nak k\u00f6zpontos\u00edtott&nbsp;\u00e9s egys\u00e9ges vezet\u00e9s\u00e9t, fenn kell tartania az emberk\u00f6zpont\u00fa&nbsp;koncepci\u00f3t,&nbsp;\u00e9s ragaszkodnia kell a re\u00e1lgazdas\u00e1g szolg\u00e1lat\u00e1nak v\u00e9gs\u0151&nbsp;k\u00fcldet\u00e9s\u00e9hez.<\/p>\n\n\n\n<figure class=\"wp-block-image size-full\"><img loading=\"lazy\" decoding=\"async\" width=\"900\" height=\"584\" src=\"https:\/\/kinaikaleidoszkop.hu\/wp-content\/uploads\/2023\/11\/\u91d1\u878d\u5de5\u4f5c\u4f1a\u8bae.jpg\" alt=\"\" class=\"wp-image-19663\" srcset=\"https:\/\/kinaikaleidoszkop.hu\/wp-content\/uploads\/2023\/11\/\u91d1\u878d\u5de5\u4f5c\u4f1a\u8bae.jpg 900w, https:\/\/kinaikaleidoszkop.hu\/wp-content\/uploads\/2023\/11\/\u91d1\u878d\u5de5\u4f5c\u4f1a\u8bae-300x195.jpg 300w, https:\/\/kinaikaleidoszkop.hu\/wp-content\/uploads\/2023\/11\/\u91d1\u878d\u5de5\u4f5c\u4f1a\u8bae-768x498.jpg 768w\" sizes=\"auto, (max-width: 900px) 100vw, 900px\" \/><\/figure>\n\n\n\n<p>A p\u00e9nz\u00fcgyi kock\u00e1zatok megel\u0151z\u00e9s\u00e9nek a p\u00e9nz\u00fcgyi szektor&nbsp;\u00f6r\u00f6k t\u00e9m\u00e1j\u00e1nak kell lennie, a p\u00e9nz\u00fcgyi innov\u00e1ci\u00f3nak piacorient\u00e1ltnak kell lennie,&nbsp;\u00e9s tov\u00e1bbra is meg kell felelnie a t\u00f6rv\u00e9nyeknek, hangzott el a&nbsp;konferenci\u00e1n.<\/p>\n\n\n\n<p>A konferencia r\u00e1mutatott arra&nbsp;is, hogy m\u00e9g mindig vannak probl\u00e9m\u00e1k a p\u00e9nz\u00fcgyi szektorban, mint p\u00e9ld\u00e1ul a korrupci\u00f3, az orsz\u00e1gnak alapvet\u0151en meg kell oldani a probl\u00e9m\u00e1kat.<\/p>\n\n\n\n<p>A konferenci\u00e1n hat\u00e1rozott er\u0151fesz\u00edt\u00e9seket s\u00fcrgettek a j\u00f3 monet\u00e1ris&nbsp;\u00e9s p\u00e9nz\u00fcgyi k\u00f6rnyezet megteremt\u00e9se&nbsp;\u00e9rdek\u00e9ben, mik\u00f6zben fokozz\u00e1k a min\u0151s\u00e9gi p\u00e9nz\u00fcgyi szolg\u00e1ltat\u00e1sokat a f\u0151bb strat\u00e9gi\u00e1k, a kulcsfontoss\u00e1g\u00fa&nbsp;ter\u00fcletek&nbsp;\u00e9s a gyenge r\u00e9szek tekintet\u00e9ben. Prudens monet\u00e1ris politik\u00e1t kell fenntartani, jegyezt\u00e9k meg a konferenci\u00e1n.<\/p>\n\n\n\n<p>T\u00f6bb p\u00e9nz\u00fcgyi forr\u00e1st kell mozg\u00f3s\u00edtani a tudom\u00e1nyos \u00e9s technol\u00f3giai innov\u00e1ci\u00f3k, a fejlett gy\u00e1rt\u00e1s, a z\u00f6ld fejleszt\u00e9s, a mikro-, kis-&nbsp;\u00e9s k\u00f6z\u00e9pv\u00e1llalkoz\u00e1sok, valamint az innov\u00e1ci\u00f3vez\u00e9relt fejleszt\u00e9si strat\u00e9gi\u00e1k&nbsp;\u00e9s az&nbsp;\u00f6sszehangolt region\u00e1lis fejleszt\u00e9si strat\u00e9gi\u00e1k t\u00e1mogat\u00e1s\u00e1ra, hangoztatt\u00e1k a konferencia r\u00e9sztvev\u0151i.&nbsp;&nbsp;<\/p>\n\n\n\n<p><strong><em>(Zhou Huiwen &#8211; China Media Group)<\/em><\/strong><\/p>\n\n\n\n<p><strong>2023. november 1.<\/strong><\/p>\n\n\n\n<p><strong><em>(x)<\/em><\/strong><\/p>\n","protected":false},"excerpt":{"rendered":"<p>H\u00e9tf\u0151n \u00e9s\u00a0kedden Pekingben k\u00f6zponti p\u00e9nz\u00fcgyi munkakonferenci\u00e1t tartottak, amelyen Hszi Csin-ping k\u00ednai \u00e1llameln\u00f6k fontos besz\u00e9det mondott. Hszi elemezte a p\u00e9nz\u00fcgyi szektor magas sz\u00ednvonal\u00fa fejl\u0151d\u00e9s\u00e9nek helyzet\u00e9t,&nbsp;\u00e9s felv\u00e1zolta a jelenlegi&nbsp;\u00e9s a j\u00f6v\u0151beli id\u0151szakok relev\u00e1ns munk\u00e1it. A konferencia szerint a k\u00ednai saj\u00e1toss\u00e1g\u00fa p\u00e9nz\u00fcgyi fejl\u0151d\u00e9s&nbsp;\u00fatj\u00e1nak felt\u00e1r\u00e1sa sor\u00e1n K\u00edn\u00e1nak k\u00f6vetnie kell a K\u00ednai Kommunista P\u00e1rt K\u00f6zponti Bizotts\u00e1g\u00e1nak k\u00f6zpontos\u00edtott&nbsp;\u00e9s egys\u00e9ges vezet\u00e9s\u00e9t, fenn [&hellip;]<\/p>\n","protected":false},"author":7,"featured_media":19663,"comment_status":"closed","ping_status":"closed","sticky":false,"template":"","format":"standard","meta":{"footnotes":""},"categories":[45],"tags":[2062,305,458,703],"class_list":["post-19661","post","type-post","status-publish","format-standard","has-post-thumbnail","hentry","category-hirek","tag-ertekeles","tag-hszi-csin-ping","tag-konferencia","tag-penzugy"],"yoast_head":"<!-- This site is optimized with the Yoast SEO plugin v23.7 - https:\/\/yoast.com\/wordpress\/plugins\/seo\/ -->\n<title>A kulcsfontoss\u00e1g\u00fa konferencia alaphangot ad K\u00edna p\u00e9nz\u00fcgyi fejl\u0151d\u00e9s\u00e9nek - kinaikaleidoszkop.hu<\/title>\n<meta name=\"robots\" content=\"index, follow, max-snippet:-1, max-image-preview:large, max-video-preview:-1\" \/>\n<link rel=\"canonical\" href=\"https:\/\/kinaikaleidoszkop.hu\/index.php\/2023\/11\/01\/a-kulcsfontossagu-konferencia-alaphangot-ad-kina-penzugyi-fejlodesenek\/\" \/>\n<meta property=\"og:locale\" content=\"hu_HU\" \/>\n<meta property=\"og:type\" content=\"article\" \/>\n<meta property=\"og:title\" content=\"A kulcsfontoss\u00e1g\u00fa konferencia alaphangot ad K\u00edna p\u00e9nz\u00fcgyi fejl\u0151d\u00e9s\u00e9nek - kinaikaleidoszkop.hu\" \/>\n<meta property=\"og:description\" content=\"H\u00e9tf\u0151n \u00e9s\u00a0kedden Pekingben k\u00f6zponti p\u00e9nz\u00fcgyi munkakonferenci\u00e1t tartottak, amelyen Hszi Csin-ping k\u00ednai \u00e1llameln\u00f6k fontos besz\u00e9det mondott. Hszi elemezte a p\u00e9nz\u00fcgyi szektor magas sz\u00ednvonal\u00fa fejl\u0151d\u00e9s\u00e9nek helyzet\u00e9t,&nbsp;\u00e9s felv\u00e1zolta a jelenlegi&nbsp;\u00e9s a j\u00f6v\u0151beli id\u0151szakok relev\u00e1ns munk\u00e1it. A konferencia szerint a k\u00ednai saj\u00e1toss\u00e1g\u00fa p\u00e9nz\u00fcgyi fejl\u0151d\u00e9s&nbsp;\u00fatj\u00e1nak felt\u00e1r\u00e1sa sor\u00e1n K\u00edn\u00e1nak k\u00f6vetnie kell a K\u00ednai Kommunista P\u00e1rt K\u00f6zponti Bizotts\u00e1g\u00e1nak k\u00f6zpontos\u00edtott&nbsp;\u00e9s egys\u00e9ges vezet\u00e9s\u00e9t, fenn [&hellip;]\" \/>\n<meta property=\"og:url\" content=\"https:\/\/kinaikaleidoszkop.hu\/index.php\/2023\/11\/01\/a-kulcsfontossagu-konferencia-alaphangot-ad-kina-penzugyi-fejlodesenek\/\" \/>\n<meta property=\"og:site_name\" content=\"kinaikaleidoszkop.hu\" \/>\n<meta property=\"article:published_time\" content=\"2023-11-01T13:38:22+00:00\" \/>\n<meta property=\"article:modified_time\" content=\"2023-11-02T10:43:29+00:00\" \/>\n<meta property=\"og:image\" content=\"https:\/\/kinaikaleidoszkop.hu\/wp-content\/uploads\/2023\/11\/\u91d1\u878d\u5de5\u4f5c\u4f1a\u8bae.jpg\" \/>\n\t<meta property=\"og:image:width\" content=\"900\" \/>\n\t<meta property=\"og:image:height\" content=\"584\" \/>\n\t<meta property=\"og:image:type\" content=\"image\/jpeg\" \/>\n<meta name=\"author\" content=\"Szerk_Erik\" \/>\n<meta name=\"twitter:card\" content=\"summary_large_image\" \/>\n<meta name=\"twitter:label1\" content=\"Szerz\u0151:\" \/>\n\t<meta name=\"twitter:data1\" content=\"Szerk_Erik\" \/>\n\t<meta name=\"twitter:label2\" content=\"Becs\u00fclt olvas\u00e1si id\u0151\" \/>\n\t<meta name=\"twitter:data2\" content=\"2 perc\" \/>\n<script type=\"application\/ld+json\" class=\"yoast-schema-graph\">{\"@context\":\"https:\/\/schema.org\",\"@graph\":[{\"@type\":\"WebPage\",\"@id\":\"https:\/\/kinaikaleidoszkop.hu\/index.php\/2023\/11\/01\/a-kulcsfontossagu-konferencia-alaphangot-ad-kina-penzugyi-fejlodesenek\/\",\"url\":\"https:\/\/kinaikaleidoszkop.hu\/index.php\/2023\/11\/01\/a-kulcsfontossagu-konferencia-alaphangot-ad-kina-penzugyi-fejlodesenek\/\",\"name\":\"A kulcsfontoss\u00e1g\u00fa konferencia alaphangot ad K\u00edna p\u00e9nz\u00fcgyi fejl\u0151d\u00e9s\u00e9nek - kinaikaleidoszkop.hu\",\"isPartOf\":{\"@id\":\"https:\/\/kinaikaleidoszkop.hu\/#website\"},\"primaryImageOfPage\":{\"@id\":\"https:\/\/kinaikaleidoszkop.hu\/index.php\/2023\/11\/01\/a-kulcsfontossagu-konferencia-alaphangot-ad-kina-penzugyi-fejlodesenek\/#primaryimage\"},\"image\":{\"@id\":\"https:\/\/kinaikaleidoszkop.hu\/index.php\/2023\/11\/01\/a-kulcsfontossagu-konferencia-alaphangot-ad-kina-penzugyi-fejlodesenek\/#primaryimage\"},\"thumbnailUrl\":\"https:\/\/kinaikaleidoszkop.hu\/wp-content\/uploads\/2023\/11\/\u91d1\u878d\u5de5\u4f5c\u4f1a\u8bae.jpg\",\"datePublished\":\"2023-11-01T13:38:22+00:00\",\"dateModified\":\"2023-11-02T10:43:29+00:00\",\"author\":{\"@id\":\"https:\/\/kinaikaleidoszkop.hu\/#\/schema\/person\/4d69b71e7e70322713b9d9287b610556\"},\"breadcrumb\":{\"@id\":\"https:\/\/kinaikaleidoszkop.hu\/index.php\/2023\/11\/01\/a-kulcsfontossagu-konferencia-alaphangot-ad-kina-penzugyi-fejlodesenek\/#breadcrumb\"},\"inLanguage\":\"hu\",\"potentialAction\":[{\"@type\":\"ReadAction\",\"target\":[\"https:\/\/kinaikaleidoszkop.hu\/index.php\/2023\/11\/01\/a-kulcsfontossagu-konferencia-alaphangot-ad-kina-penzugyi-fejlodesenek\/\"]}]},{\"@type\":\"ImageObject\",\"inLanguage\":\"hu\",\"@id\":\"https:\/\/kinaikaleidoszkop.hu\/index.php\/2023\/11\/01\/a-kulcsfontossagu-konferencia-alaphangot-ad-kina-penzugyi-fejlodesenek\/#primaryimage\",\"url\":\"https:\/\/kinaikaleidoszkop.hu\/wp-content\/uploads\/2023\/11\/\u91d1\u878d\u5de5\u4f5c\u4f1a\u8bae.jpg\",\"contentUrl\":\"https:\/\/kinaikaleidoszkop.hu\/wp-content\/uploads\/2023\/11\/\u91d1\u878d\u5de5\u4f5c\u4f1a\u8bae.jpg\",\"width\":900,\"height\":584},{\"@type\":\"BreadcrumbList\",\"@id\":\"https:\/\/kinaikaleidoszkop.hu\/index.php\/2023\/11\/01\/a-kulcsfontossagu-konferencia-alaphangot-ad-kina-penzugyi-fejlodesenek\/#breadcrumb\",\"itemListElement\":[{\"@type\":\"ListItem\",\"position\":1,\"name\":\"Kezd\u0151lap\",\"item\":\"https:\/\/kinaikaleidoszkop.hu\/\"},{\"@type\":\"ListItem\",\"position\":2,\"name\":\"A kulcsfontoss\u00e1g\u00fa konferencia alaphangot ad K\u00edna p\u00e9nz\u00fcgyi fejl\u0151d\u00e9s\u00e9nek\"}]},{\"@type\":\"WebSite\",\"@id\":\"https:\/\/kinaikaleidoszkop.hu\/#website\",\"url\":\"https:\/\/kinaikaleidoszkop.hu\/\",\"name\":\"kinaikaleidoszkop.hu\",\"description\":\"\",\"potentialAction\":[{\"@type\":\"SearchAction\",\"target\":{\"@type\":\"EntryPoint\",\"urlTemplate\":\"https:\/\/kinaikaleidoszkop.hu\/?s={search_term_string}\"},\"query-input\":{\"@type\":\"PropertyValueSpecification\",\"valueRequired\":true,\"valueName\":\"search_term_string\"}}],\"inLanguage\":\"hu\"},{\"@type\":\"Person\",\"@id\":\"https:\/\/kinaikaleidoszkop.hu\/#\/schema\/person\/4d69b71e7e70322713b9d9287b610556\",\"name\":\"Szerk_Erik\",\"image\":{\"@type\":\"ImageObject\",\"inLanguage\":\"hu\",\"@id\":\"https:\/\/kinaikaleidoszkop.hu\/#\/schema\/person\/image\/\",\"url\":\"https:\/\/secure.gravatar.com\/avatar\/3c1e909a14c0c91d2eaef877aaacb584c667f8e7137de69653aa9561fd0e8062?s=96&d=mm&r=g\",\"contentUrl\":\"https:\/\/secure.gravatar.com\/avatar\/3c1e909a14c0c91d2eaef877aaacb584c667f8e7137de69653aa9561fd0e8062?s=96&d=mm&r=g\",\"caption\":\"Szerk_Erik\"},\"url\":\"https:\/\/kinaikaleidoszkop.hu\/index.php\/author\/szerk_erik\/\"}]}<\/script>\n<!-- \/ Yoast SEO plugin. -->","yoast_head_json":{"title":"A kulcsfontoss\u00e1g\u00fa konferencia alaphangot ad K\u00edna p\u00e9nz\u00fcgyi fejl\u0151d\u00e9s\u00e9nek - kinaikaleidoszkop.hu","robots":{"index":"index","follow":"follow","max-snippet":"max-snippet:-1","max-image-preview":"max-image-preview:large","max-video-preview":"max-video-preview:-1"},"canonical":"https:\/\/kinaikaleidoszkop.hu\/index.php\/2023\/11\/01\/a-kulcsfontossagu-konferencia-alaphangot-ad-kina-penzugyi-fejlodesenek\/","og_locale":"hu_HU","og_type":"article","og_title":"A kulcsfontoss\u00e1g\u00fa konferencia alaphangot ad K\u00edna p\u00e9nz\u00fcgyi fejl\u0151d\u00e9s\u00e9nek - kinaikaleidoszkop.hu","og_description":"H\u00e9tf\u0151n \u00e9s\u00a0kedden Pekingben k\u00f6zponti p\u00e9nz\u00fcgyi munkakonferenci\u00e1t tartottak, amelyen Hszi Csin-ping k\u00ednai \u00e1llameln\u00f6k fontos besz\u00e9det mondott. Hszi elemezte a p\u00e9nz\u00fcgyi szektor magas sz\u00ednvonal\u00fa fejl\u0151d\u00e9s\u00e9nek helyzet\u00e9t,&nbsp;\u00e9s felv\u00e1zolta a jelenlegi&nbsp;\u00e9s a j\u00f6v\u0151beli id\u0151szakok relev\u00e1ns munk\u00e1it. A konferencia szerint a k\u00ednai saj\u00e1toss\u00e1g\u00fa p\u00e9nz\u00fcgyi fejl\u0151d\u00e9s&nbsp;\u00fatj\u00e1nak felt\u00e1r\u00e1sa sor\u00e1n K\u00edn\u00e1nak k\u00f6vetnie kell a K\u00ednai Kommunista P\u00e1rt K\u00f6zponti Bizotts\u00e1g\u00e1nak k\u00f6zpontos\u00edtott&nbsp;\u00e9s egys\u00e9ges vezet\u00e9s\u00e9t, fenn [&hellip;]","og_url":"https:\/\/kinaikaleidoszkop.hu\/index.php\/2023\/11\/01\/a-kulcsfontossagu-konferencia-alaphangot-ad-kina-penzugyi-fejlodesenek\/","og_site_name":"kinaikaleidoszkop.hu","article_published_time":"2023-11-01T13:38:22+00:00","article_modified_time":"2023-11-02T10:43:29+00:00","og_image":[{"width":900,"height":584,"url":"https:\/\/kinaikaleidoszkop.hu\/wp-content\/uploads\/2023\/11\/\u91d1\u878d\u5de5\u4f5c\u4f1a\u8bae.jpg","type":"image\/jpeg"}],"author":"Szerk_Erik","twitter_card":"summary_large_image","twitter_misc":{"Szerz\u0151:":"Szerk_Erik","Becs\u00fclt olvas\u00e1si id\u0151":"2 perc"},"schema":{"@context":"https:\/\/schema.org","@graph":[{"@type":"WebPage","@id":"https:\/\/kinaikaleidoszkop.hu\/index.php\/2023\/11\/01\/a-kulcsfontossagu-konferencia-alaphangot-ad-kina-penzugyi-fejlodesenek\/","url":"https:\/\/kinaikaleidoszkop.hu\/index.php\/2023\/11\/01\/a-kulcsfontossagu-konferencia-alaphangot-ad-kina-penzugyi-fejlodesenek\/","name":"A kulcsfontoss\u00e1g\u00fa konferencia alaphangot ad K\u00edna p\u00e9nz\u00fcgyi fejl\u0151d\u00e9s\u00e9nek - kinaikaleidoszkop.hu","isPartOf":{"@id":"https:\/\/kinaikaleidoszkop.hu\/#website"},"primaryImageOfPage":{"@id":"https:\/\/kinaikaleidoszkop.hu\/index.php\/2023\/11\/01\/a-kulcsfontossagu-konferencia-alaphangot-ad-kina-penzugyi-fejlodesenek\/#primaryimage"},"image":{"@id":"https:\/\/kinaikaleidoszkop.hu\/index.php\/2023\/11\/01\/a-kulcsfontossagu-konferencia-alaphangot-ad-kina-penzugyi-fejlodesenek\/#primaryimage"},"thumbnailUrl":"https:\/\/kinaikaleidoszkop.hu\/wp-content\/uploads\/2023\/11\/\u91d1\u878d\u5de5\u4f5c\u4f1a\u8bae.jpg","datePublished":"2023-11-01T13:38:22+00:00","dateModified":"2023-11-02T10:43:29+00:00","author":{"@id":"https:\/\/kinaikaleidoszkop.hu\/#\/schema\/person\/4d69b71e7e70322713b9d9287b610556"},"breadcrumb":{"@id":"https:\/\/kinaikaleidoszkop.hu\/index.php\/2023\/11\/01\/a-kulcsfontossagu-konferencia-alaphangot-ad-kina-penzugyi-fejlodesenek\/#breadcrumb"},"inLanguage":"hu","potentialAction":[{"@type":"ReadAction","target":["https:\/\/kinaikaleidoszkop.hu\/index.php\/2023\/11\/01\/a-kulcsfontossagu-konferencia-alaphangot-ad-kina-penzugyi-fejlodesenek\/"]}]},{"@type":"ImageObject","inLanguage":"hu","@id":"https:\/\/kinaikaleidoszkop.hu\/index.php\/2023\/11\/01\/a-kulcsfontossagu-konferencia-alaphangot-ad-kina-penzugyi-fejlodesenek\/#primaryimage","url":"https:\/\/kinaikaleidoszkop.hu\/wp-content\/uploads\/2023\/11\/\u91d1\u878d\u5de5\u4f5c\u4f1a\u8bae.jpg","contentUrl":"https:\/\/kinaikaleidoszkop.hu\/wp-content\/uploads\/2023\/11\/\u91d1\u878d\u5de5\u4f5c\u4f1a\u8bae.jpg","width":900,"height":584},{"@type":"BreadcrumbList","@id":"https:\/\/kinaikaleidoszkop.hu\/index.php\/2023\/11\/01\/a-kulcsfontossagu-konferencia-alaphangot-ad-kina-penzugyi-fejlodesenek\/#breadcrumb","itemListElement":[{"@type":"ListItem","position":1,"name":"Kezd\u0151lap","item":"https:\/\/kinaikaleidoszkop.hu\/"},{"@type":"ListItem","position":2,"name":"A kulcsfontoss\u00e1g\u00fa konferencia alaphangot ad K\u00edna p\u00e9nz\u00fcgyi fejl\u0151d\u00e9s\u00e9nek"}]},{"@type":"WebSite","@id":"https:\/\/kinaikaleidoszkop.hu\/#website","url":"https:\/\/kinaikaleidoszkop.hu\/","name":"kinaikaleidoszkop.hu","description":"","potentialAction":[{"@type":"SearchAction","target":{"@type":"EntryPoint","urlTemplate":"https:\/\/kinaikaleidoszkop.hu\/?s={search_term_string}"},"query-input":{"@type":"PropertyValueSpecification","valueRequired":true,"valueName":"search_term_string"}}],"inLanguage":"hu"},{"@type":"Person","@id":"https:\/\/kinaikaleidoszkop.hu\/#\/schema\/person\/4d69b71e7e70322713b9d9287b610556","name":"Szerk_Erik","image":{"@type":"ImageObject","inLanguage":"hu","@id":"https:\/\/kinaikaleidoszkop.hu\/#\/schema\/person\/image\/","url":"https:\/\/secure.gravatar.com\/avatar\/3c1e909a14c0c91d2eaef877aaacb584c667f8e7137de69653aa9561fd0e8062?s=96&d=mm&r=g","contentUrl":"https:\/\/secure.gravatar.com\/avatar\/3c1e909a14c0c91d2eaef877aaacb584c667f8e7137de69653aa9561fd0e8062?s=96&d=mm&r=g","caption":"Szerk_Erik"},"url":"https:\/\/kinaikaleidoszkop.hu\/index.php\/author\/szerk_erik\/"}]}},"views":237,"distributor_meta":false,"distributor_terms":false,"distributor_media":false,"distributor_original_site_name":"kinaikaleidoszkop.hu","distributor_original_site_url":"https:\/\/kinaikaleidoszkop.hu","push-errors":false,"_links":{"self":[{"href":"https:\/\/kinaikaleidoszkop.hu\/index.php\/wp-json\/wp\/v2\/posts\/19661","targetHints":{"allow":["GET"]}}],"collection":[{"href":"https:\/\/kinaikaleidoszkop.hu\/index.php\/wp-json\/wp\/v2\/posts"}],"about":[{"href":"https:\/\/kinaikaleidoszkop.hu\/index.php\/wp-json\/wp\/v2\/types\/post"}],"author":[{"embeddable":true,"href":"https:\/\/kinaikaleidoszkop.hu\/index.php\/wp-json\/wp\/v2\/users\/7"}],"replies":[{"embeddable":true,"href":"https:\/\/kinaikaleidoszkop.hu\/index.php\/wp-json\/wp\/v2\/comments?post=19661"}],"version-history":[{"count":2,"href":"https:\/\/kinaikaleidoszkop.hu\/index.php\/wp-json\/wp\/v2\/posts\/19661\/revisions"}],"predecessor-version":[{"id":19678,"href":"https:\/\/kinaikaleidoszkop.hu\/index.php\/wp-json\/wp\/v2\/posts\/19661\/revisions\/19678"}],"wp:featuredmedia":[{"embeddable":true,"href":"https:\/\/kinaikaleidoszkop.hu\/index.php\/wp-json\/wp\/v2\/media\/19663"}],"wp:attachment":[{"href":"https:\/\/kinaikaleidoszkop.hu\/index.php\/wp-json\/wp\/v2\/media?parent=19661"}],"wp:term":[{"taxonomy":"category","embeddable":true,"href":"https:\/\/kinaikaleidoszkop.hu\/index.php\/wp-json\/wp\/v2\/categories?post=19661"},{"taxonomy":"post_tag","embeddable":true,"href":"https:\/\/kinaikaleidoszkop.hu\/index.php\/wp-json\/wp\/v2\/tags?post=19661"}],"curies":[{"name":"wp","href":"https:\/\/api.w.org\/{rel}","templated":true}]}}