{"id":19665,"date":"2023-11-01T14:54:14","date_gmt":"2023-11-01T13:54:14","guid":{"rendered":"https:\/\/kinaikaleidoszkop.hu\/?p=19665"},"modified":"2023-11-02T11:50:54","modified_gmt":"2023-11-02T10:50:54","slug":"cmg-kommentar-ovatos-optimizmusra-ad-okot-a-kinai-amerikai-vezetoi-talalkozo","status":"publish","type":"post","link":"https:\/\/kinaikaleidoszkop.hu\/index.php\/2023\/11\/01\/cmg-kommentar-ovatos-optimizmusra-ad-okot-a-kinai-amerikai-vezetoi-talalkozo\/","title":{"rendered":"CMG-komment\u00e1r: \u00d3vatos optimizmusra ad okot a k\u00ednai\u2013amerikai vezet\u0151i tal\u00e1lkoz\u00f3"},"content":{"rendered":"\n<p><strong>\u201eA l\u00e1togat\u00e1s rem\u00e9nyt hozott a k\u00ednai\u2013amerikai kapcsolatok jav\u00edt\u00e1s\u00e1ra\u201d \u2013 \u00e9rt\u00e9kelte az AP amerikai m\u00e9dia Wang Yi k\u00ednai k\u00fcl\u00fcgyminiszter amerikai utaz\u00e1s\u00e1t.<\/strong><\/p>\n\n\n\n<figure class=\"wp-block-image size-full\"><img loading=\"lazy\" decoding=\"async\" width=\"900\" height=\"600\" src=\"https:\/\/kinaikaleidoszkop.hu\/wp-content\/uploads\/2023\/11\/1101CMGCMG-kommentar-Ovatos-optimizmusra-ad-okot-a-kinai\u2013amerikai-vezetoi-talalkozo.png\" alt=\"\" class=\"wp-image-19667\" srcset=\"https:\/\/kinaikaleidoszkop.hu\/wp-content\/uploads\/2023\/11\/1101CMGCMG-kommentar-Ovatos-optimizmusra-ad-okot-a-kinai\u2013amerikai-vezetoi-talalkozo.png 900w, https:\/\/kinaikaleidoszkop.hu\/wp-content\/uploads\/2023\/11\/1101CMGCMG-kommentar-Ovatos-optimizmusra-ad-okot-a-kinai\u2013amerikai-vezetoi-talalkozo-300x200.png 300w, https:\/\/kinaikaleidoszkop.hu\/wp-content\/uploads\/2023\/11\/1101CMGCMG-kommentar-Ovatos-optimizmusra-ad-okot-a-kinai\u2013amerikai-vezetoi-talalkozo-768x512.png 768w, https:\/\/kinaikaleidoszkop.hu\/wp-content\/uploads\/2023\/11\/1101CMGCMG-kommentar-Ovatos-optimizmusra-ad-okot-a-kinai\u2013amerikai-vezetoi-talalkozo-414x276.png 414w, https:\/\/kinaikaleidoszkop.hu\/wp-content\/uploads\/2023\/11\/1101CMGCMG-kommentar-Ovatos-optimizmusra-ad-okot-a-kinai\u2013amerikai-vezetoi-talalkozo-470x313.png 470w, https:\/\/kinaikaleidoszkop.hu\/wp-content\/uploads\/2023\/11\/1101CMGCMG-kommentar-Ovatos-optimizmusra-ad-okot-a-kinai\u2013amerikai-vezetoi-talalkozo-640x426.png 640w, https:\/\/kinaikaleidoszkop.hu\/wp-content\/uploads\/2023\/11\/1101CMGCMG-kommentar-Ovatos-optimizmusra-ad-okot-a-kinai\u2013amerikai-vezetoi-talalkozo-130x86.png 130w, https:\/\/kinaikaleidoszkop.hu\/wp-content\/uploads\/2023\/11\/1101CMGCMG-kommentar-Ovatos-optimizmusra-ad-okot-a-kinai\u2013amerikai-vezetoi-talalkozo-187x124.png 187w\" sizes=\"auto, (max-width: 900px) 100vw, 900px\" \/><\/figure>\n\n\n\n<p>Okt\u00f3ber 26-\u00e1t\u00f3l 28-\u00e1ig az Egyes\u00fclt \u00c1llamok megh\u00edv\u00e1s\u00e1ra Wang Yi az USA-ba l\u00e1togatott, ahol Joe Biden amerikai eln\u00f6kkel is tal\u00e1lkozott. Wang k\u00e9t t\u00e1rgyal\u00e1st tartott Antony Blinken amerikai k\u00fcl\u00fcgyminiszterrel, \u00e9s tal\u00e1lkozott Jacob Sullivan amerikai nemzetbiztons\u00e1gi f\u0151tan\u00e1csad\u00f3val is. Ez az els\u0151 magas rang\u00fa k\u00ednai tisztvisel\u0151i l\u00e1togat\u00e1s az USA-ban, miut\u00e1n amerikai tisztvisel\u0151k l\u00e1togattak K\u00edn\u00e1ba id\u00e9n j\u00faniusban.<\/p>\n\n\n\n<p>A k\u00ednai \u00e9s az amerikai k\u00fcl\u00fcgyminiszter tal\u00e1lkoz\u00e1s\u00e1r\u00f3l a K\u00ednai K\u00fcl\u00fcgyminiszt\u00e9rium egy nyilatkozata keltette fel a vil\u00e1g figyelm\u00e9t, amely szerint a k\u00e9t f\u00e9l egyet\u00e9rtett, hogy er\u0151fesz\u00edt\u00e9seket tesznek a k\u00e9t orsz\u00e1gvezet\u0151 San Francisc\u00f3-i tal\u00e1lkoz\u00e1s\u00e1nak megval\u00f3s\u00edt\u00e1s\u00e1ra. Az elemz\u0151k szerint a K\u00ednai K\u00fcl\u00fcgyminiszt\u00e9rium \u00e1ltal kiadott nyilatkozat nyilv\u00e1nos jelet mutat, hogy \u00f3vatos optimizmussal lehet tekinteni a k\u00e9t orsz\u00e1g viszony\u00e1nak fejl\u0151d\u00e9s\u00e9re a k\u00f6vetkez\u0151 id\u0151kben.<\/p>\n\n\n\n<p>A l\u00e1togat\u00e1s sor\u00e1n Wang Yi \u201e5 kell\u201d-et fejtett ki, azaz k\u00f6vetni kell a k\u00e9t orsz\u00e1gvezet\u0151 \u00e1ltal el\u00e9rt konszenzusokat, stabiliz\u00e1lni kell a k\u00e9t orsz\u00e1g kapcsolatait, nyitva kell tartani a k\u00e9t orsz\u00e1g kommunik\u00e1ci\u00f3j\u00e1t, ellen\u0151rizni kell a n\u00e9zetelt\u00e9r\u00e9seket, \u00e9s el\u0151 kell mozd\u00edtni a k\u00f6lcs\u00f6n\u00f6sen el\u0151ny\u00f6s egy\u00fcttm\u0171k\u00f6d\u00e9seket. A k\u00ednai k\u00fcl\u00fcgyminiszter szerint ez az \u201e5 kell\u201d \u00f6sszefoglalja a k\u00e9t orsz\u00e1g kapcsolatainak neh\u00e9zs\u00e9geit.<\/p>\n\n\n\n<p>Az USA ezekre pozit\u00edvan reag\u00e1lt. A 2024-es eln\u00f6kv\u00e1laszt\u00e1s miatt egyre s\u00fcrg\u0151sebb az Egyes\u00fclt \u00c1llamoknak, hogy sikereket \u00e9rjen el diplom\u00e1ciai ter\u00fcleten. A norm\u00e1lis k\u00ednai\u2013amerikai viszonyok hasznot hozhatnak a k\u00e9t orsz\u00e1g fejl\u0151d\u00e9s\u00e9nek, \u00e9s a legval\u00f3sz\u00edn\u0171bben el\u00e9rhet\u0151 Joe Biden korm\u00e1nya sz\u00e1m\u00e1ra. Ez\u00e9rt volt v\u00e1rhat\u00f3 az amerikai korm\u00e1ny pozit\u00edv \u00e9s pragmatikus fordulata.<\/p>\n\n\n\n<p>A k\u00ednai\u2013amerikai kapcsolat a vil\u00e1g legfontosabb k\u00e9toldal\u00fa kapcsolata, amely kapcsol\u00f3dik az emberis\u00e9g sors\u00e1hoz is. A k\u00f6lcs\u00f6n\u00f6s tisztelet, a b\u00e9k\u00e9s egy\u00fctt\u00e9l\u00e9s \u00e9s a win-win egy\u00fcttm\u0171k\u00f6d\u00e9s, ezt a h\u00e1rom elvet eml\u00edtette Hszi Csin-ping k\u00ednai \u00e1llameln\u00f6k, amelyek megval\u00f3s\u00edt\u00e1sa a probl\u00e9m\u00e1k megold\u00e1sa, ami nemcsak K\u00edna felel\u0151ss\u00e9ge, hanem az Egyes\u00fclt \u00c1llamok\u00e9 is.<\/p>\n\n\n\n<p><strong><em>(Wang Yuzhe &#8211; China Media Group)<\/em><\/strong><\/p>\n\n\n\n<p><strong>2023. november 1.<\/strong><\/p>\n\n\n\n<p><strong><em>(x)<\/em><\/strong><\/p>\n","protected":false},"excerpt":{"rendered":"<p>\u201eA l\u00e1togat\u00e1s rem\u00e9nyt hozott a k\u00ednai\u2013amerikai kapcsolatok jav\u00edt\u00e1s\u00e1ra\u201d \u2013 \u00e9rt\u00e9kelte az AP amerikai m\u00e9dia Wang Yi k\u00ednai k\u00fcl\u00fcgyminiszter amerikai utaz\u00e1s\u00e1t. Okt\u00f3ber 26-\u00e1t\u00f3l 28-\u00e1ig az Egyes\u00fclt \u00c1llamok megh\u00edv\u00e1s\u00e1ra Wang Yi az USA-ba l\u00e1togatott, ahol Joe Biden amerikai eln\u00f6kkel is tal\u00e1lkozott. Wang k\u00e9t t\u00e1rgyal\u00e1st tartott Antony Blinken amerikai k\u00fcl\u00fcgyminiszterrel, \u00e9s tal\u00e1lkozott Jacob Sullivan amerikai nemzetbiztons\u00e1gi f\u0151tan\u00e1csad\u00f3val is. [&hellip;]<\/p>\n","protected":false},"author":7,"featured_media":19667,"comment_status":"closed","ping_status":"closed","sticky":false,"template":"","format":"standard","meta":{"footnotes":""},"categories":[45],"tags":[1204,637,305,398,595],"class_list":["post-19665","post","type-post","status-publish","format-standard","has-post-thumbnail","hentry","category-hirek","tag-beke","tag-diplomacia","tag-hszi-csin-ping","tag-kapcsolat","tag-talalkozo"],"yoast_head":"<!-- This site is optimized with the Yoast SEO plugin v23.7 - https:\/\/yoast.com\/wordpress\/plugins\/seo\/ -->\n<title>CMG-komment\u00e1r: \u00d3vatos optimizmusra ad okot a k\u00ednai\u2013amerikai vezet\u0151i tal\u00e1lkoz\u00f3 - kinaikaleidoszkop.hu<\/title>\n<meta name=\"robots\" content=\"index, follow, max-snippet:-1, max-image-preview:large, max-video-preview:-1\" \/>\n<link rel=\"canonical\" href=\"https:\/\/kinaikaleidoszkop.hu\/index.php\/2023\/11\/01\/cmg-kommentar-ovatos-optimizmusra-ad-okot-a-kinai-amerikai-vezetoi-talalkozo\/\" \/>\n<meta property=\"og:locale\" content=\"hu_HU\" \/>\n<meta property=\"og:type\" content=\"article\" \/>\n<meta property=\"og:title\" content=\"CMG-komment\u00e1r: \u00d3vatos optimizmusra ad okot a k\u00ednai\u2013amerikai vezet\u0151i tal\u00e1lkoz\u00f3 - kinaikaleidoszkop.hu\" \/>\n<meta property=\"og:description\" content=\"\u201eA l\u00e1togat\u00e1s rem\u00e9nyt hozott a k\u00ednai\u2013amerikai kapcsolatok jav\u00edt\u00e1s\u00e1ra\u201d \u2013 \u00e9rt\u00e9kelte az AP amerikai m\u00e9dia Wang Yi k\u00ednai k\u00fcl\u00fcgyminiszter amerikai utaz\u00e1s\u00e1t. Okt\u00f3ber 26-\u00e1t\u00f3l 28-\u00e1ig az Egyes\u00fclt \u00c1llamok megh\u00edv\u00e1s\u00e1ra Wang Yi az USA-ba l\u00e1togatott, ahol Joe Biden amerikai eln\u00f6kkel is tal\u00e1lkozott. Wang k\u00e9t t\u00e1rgyal\u00e1st tartott Antony Blinken amerikai k\u00fcl\u00fcgyminiszterrel, \u00e9s tal\u00e1lkozott Jacob Sullivan amerikai nemzetbiztons\u00e1gi f\u0151tan\u00e1csad\u00f3val is. [&hellip;]\" \/>\n<meta property=\"og:url\" content=\"https:\/\/kinaikaleidoszkop.hu\/index.php\/2023\/11\/01\/cmg-kommentar-ovatos-optimizmusra-ad-okot-a-kinai-amerikai-vezetoi-talalkozo\/\" \/>\n<meta property=\"og:site_name\" content=\"kinaikaleidoszkop.hu\" \/>\n<meta property=\"article:published_time\" content=\"2023-11-01T13:54:14+00:00\" \/>\n<meta property=\"article:modified_time\" content=\"2023-11-02T10:50:54+00:00\" \/>\n<meta property=\"og:image\" content=\"https:\/\/kinaikaleidoszkop.hu\/wp-content\/uploads\/2023\/11\/1101CMGCMG-kommentar-Ovatos-optimizmusra-ad-okot-a-kinai\u2013amerikai-vezetoi-talalkozo.png\" \/>\n\t<meta property=\"og:image:width\" content=\"900\" \/>\n\t<meta property=\"og:image:height\" content=\"600\" \/>\n\t<meta property=\"og:image:type\" content=\"image\/png\" \/>\n<meta name=\"author\" content=\"Szerk_Erik\" \/>\n<meta name=\"twitter:card\" content=\"summary_large_image\" \/>\n<meta name=\"twitter:label1\" content=\"Szerz\u0151:\" \/>\n\t<meta name=\"twitter:data1\" content=\"Szerk_Erik\" \/>\n\t<meta name=\"twitter:label2\" content=\"Becs\u00fclt olvas\u00e1si id\u0151\" \/>\n\t<meta name=\"twitter:data2\" content=\"2 perc\" \/>\n<script type=\"application\/ld+json\" class=\"yoast-schema-graph\">{\"@context\":\"https:\/\/schema.org\",\"@graph\":[{\"@type\":\"WebPage\",\"@id\":\"https:\/\/kinaikaleidoszkop.hu\/index.php\/2023\/11\/01\/cmg-kommentar-ovatos-optimizmusra-ad-okot-a-kinai-amerikai-vezetoi-talalkozo\/\",\"url\":\"https:\/\/kinaikaleidoszkop.hu\/index.php\/2023\/11\/01\/cmg-kommentar-ovatos-optimizmusra-ad-okot-a-kinai-amerikai-vezetoi-talalkozo\/\",\"name\":\"CMG-komment\u00e1r: \u00d3vatos optimizmusra ad okot a k\u00ednai\u2013amerikai vezet\u0151i tal\u00e1lkoz\u00f3 - kinaikaleidoszkop.hu\",\"isPartOf\":{\"@id\":\"https:\/\/kinaikaleidoszkop.hu\/#website\"},\"primaryImageOfPage\":{\"@id\":\"https:\/\/kinaikaleidoszkop.hu\/index.php\/2023\/11\/01\/cmg-kommentar-ovatos-optimizmusra-ad-okot-a-kinai-amerikai-vezetoi-talalkozo\/#primaryimage\"},\"image\":{\"@id\":\"https:\/\/kinaikaleidoszkop.hu\/index.php\/2023\/11\/01\/cmg-kommentar-ovatos-optimizmusra-ad-okot-a-kinai-amerikai-vezetoi-talalkozo\/#primaryimage\"},\"thumbnailUrl\":\"https:\/\/kinaikaleidoszkop.hu\/wp-content\/uploads\/2023\/11\/1101CMGCMG-kommentar-Ovatos-optimizmusra-ad-okot-a-kinai\u2013amerikai-vezetoi-talalkozo.png\",\"datePublished\":\"2023-11-01T13:54:14+00:00\",\"dateModified\":\"2023-11-02T10:50:54+00:00\",\"author\":{\"@id\":\"https:\/\/kinaikaleidoszkop.hu\/#\/schema\/person\/4d69b71e7e70322713b9d9287b610556\"},\"breadcrumb\":{\"@id\":\"https:\/\/kinaikaleidoszkop.hu\/index.php\/2023\/11\/01\/cmg-kommentar-ovatos-optimizmusra-ad-okot-a-kinai-amerikai-vezetoi-talalkozo\/#breadcrumb\"},\"inLanguage\":\"hu\",\"potentialAction\":[{\"@type\":\"ReadAction\",\"target\":[\"https:\/\/kinaikaleidoszkop.hu\/index.php\/2023\/11\/01\/cmg-kommentar-ovatos-optimizmusra-ad-okot-a-kinai-amerikai-vezetoi-talalkozo\/\"]}]},{\"@type\":\"ImageObject\",\"inLanguage\":\"hu\",\"@id\":\"https:\/\/kinaikaleidoszkop.hu\/index.php\/2023\/11\/01\/cmg-kommentar-ovatos-optimizmusra-ad-okot-a-kinai-amerikai-vezetoi-talalkozo\/#primaryimage\",\"url\":\"https:\/\/kinaikaleidoszkop.hu\/wp-content\/uploads\/2023\/11\/1101CMGCMG-kommentar-Ovatos-optimizmusra-ad-okot-a-kinai\u2013amerikai-vezetoi-talalkozo.png\",\"contentUrl\":\"https:\/\/kinaikaleidoszkop.hu\/wp-content\/uploads\/2023\/11\/1101CMGCMG-kommentar-Ovatos-optimizmusra-ad-okot-a-kinai\u2013amerikai-vezetoi-talalkozo.png\",\"width\":900,\"height\":600},{\"@type\":\"BreadcrumbList\",\"@id\":\"https:\/\/kinaikaleidoszkop.hu\/index.php\/2023\/11\/01\/cmg-kommentar-ovatos-optimizmusra-ad-okot-a-kinai-amerikai-vezetoi-talalkozo\/#breadcrumb\",\"itemListElement\":[{\"@type\":\"ListItem\",\"position\":1,\"name\":\"Kezd\u0151lap\",\"item\":\"https:\/\/kinaikaleidoszkop.hu\/\"},{\"@type\":\"ListItem\",\"position\":2,\"name\":\"CMG-komment\u00e1r: \u00d3vatos optimizmusra ad okot a k\u00ednai\u2013amerikai vezet\u0151i tal\u00e1lkoz\u00f3\"}]},{\"@type\":\"WebSite\",\"@id\":\"https:\/\/kinaikaleidoszkop.hu\/#website\",\"url\":\"https:\/\/kinaikaleidoszkop.hu\/\",\"name\":\"kinaikaleidoszkop.hu\",\"description\":\"\",\"potentialAction\":[{\"@type\":\"SearchAction\",\"target\":{\"@type\":\"EntryPoint\",\"urlTemplate\":\"https:\/\/kinaikaleidoszkop.hu\/?s={search_term_string}\"},\"query-input\":{\"@type\":\"PropertyValueSpecification\",\"valueRequired\":true,\"valueName\":\"search_term_string\"}}],\"inLanguage\":\"hu\"},{\"@type\":\"Person\",\"@id\":\"https:\/\/kinaikaleidoszkop.hu\/#\/schema\/person\/4d69b71e7e70322713b9d9287b610556\",\"name\":\"Szerk_Erik\",\"image\":{\"@type\":\"ImageObject\",\"inLanguage\":\"hu\",\"@id\":\"https:\/\/kinaikaleidoszkop.hu\/#\/schema\/person\/image\/\",\"url\":\"https:\/\/secure.gravatar.com\/avatar\/3c1e909a14c0c91d2eaef877aaacb584c667f8e7137de69653aa9561fd0e8062?s=96&d=mm&r=g\",\"contentUrl\":\"https:\/\/secure.gravatar.com\/avatar\/3c1e909a14c0c91d2eaef877aaacb584c667f8e7137de69653aa9561fd0e8062?s=96&d=mm&r=g\",\"caption\":\"Szerk_Erik\"},\"url\":\"https:\/\/kinaikaleidoszkop.hu\/index.php\/author\/szerk_erik\/\"}]}<\/script>\n<!-- \/ Yoast SEO plugin. -->","yoast_head_json":{"title":"CMG-komment\u00e1r: \u00d3vatos optimizmusra ad okot a k\u00ednai\u2013amerikai vezet\u0151i tal\u00e1lkoz\u00f3 - kinaikaleidoszkop.hu","robots":{"index":"index","follow":"follow","max-snippet":"max-snippet:-1","max-image-preview":"max-image-preview:large","max-video-preview":"max-video-preview:-1"},"canonical":"https:\/\/kinaikaleidoszkop.hu\/index.php\/2023\/11\/01\/cmg-kommentar-ovatos-optimizmusra-ad-okot-a-kinai-amerikai-vezetoi-talalkozo\/","og_locale":"hu_HU","og_type":"article","og_title":"CMG-komment\u00e1r: \u00d3vatos optimizmusra ad okot a k\u00ednai\u2013amerikai vezet\u0151i tal\u00e1lkoz\u00f3 - kinaikaleidoszkop.hu","og_description":"\u201eA l\u00e1togat\u00e1s rem\u00e9nyt hozott a k\u00ednai\u2013amerikai kapcsolatok jav\u00edt\u00e1s\u00e1ra\u201d \u2013 \u00e9rt\u00e9kelte az AP amerikai m\u00e9dia Wang Yi k\u00ednai k\u00fcl\u00fcgyminiszter amerikai utaz\u00e1s\u00e1t. Okt\u00f3ber 26-\u00e1t\u00f3l 28-\u00e1ig az Egyes\u00fclt \u00c1llamok megh\u00edv\u00e1s\u00e1ra Wang Yi az USA-ba l\u00e1togatott, ahol Joe Biden amerikai eln\u00f6kkel is tal\u00e1lkozott. Wang k\u00e9t t\u00e1rgyal\u00e1st tartott Antony Blinken amerikai k\u00fcl\u00fcgyminiszterrel, \u00e9s tal\u00e1lkozott Jacob Sullivan amerikai nemzetbiztons\u00e1gi f\u0151tan\u00e1csad\u00f3val is. [&hellip;]","og_url":"https:\/\/kinaikaleidoszkop.hu\/index.php\/2023\/11\/01\/cmg-kommentar-ovatos-optimizmusra-ad-okot-a-kinai-amerikai-vezetoi-talalkozo\/","og_site_name":"kinaikaleidoszkop.hu","article_published_time":"2023-11-01T13:54:14+00:00","article_modified_time":"2023-11-02T10:50:54+00:00","og_image":[{"width":900,"height":600,"url":"https:\/\/kinaikaleidoszkop.hu\/wp-content\/uploads\/2023\/11\/1101CMGCMG-kommentar-Ovatos-optimizmusra-ad-okot-a-kinai\u2013amerikai-vezetoi-talalkozo.png","type":"image\/png"}],"author":"Szerk_Erik","twitter_card":"summary_large_image","twitter_misc":{"Szerz\u0151:":"Szerk_Erik","Becs\u00fclt olvas\u00e1si id\u0151":"2 perc"},"schema":{"@context":"https:\/\/schema.org","@graph":[{"@type":"WebPage","@id":"https:\/\/kinaikaleidoszkop.hu\/index.php\/2023\/11\/01\/cmg-kommentar-ovatos-optimizmusra-ad-okot-a-kinai-amerikai-vezetoi-talalkozo\/","url":"https:\/\/kinaikaleidoszkop.hu\/index.php\/2023\/11\/01\/cmg-kommentar-ovatos-optimizmusra-ad-okot-a-kinai-amerikai-vezetoi-talalkozo\/","name":"CMG-komment\u00e1r: \u00d3vatos optimizmusra ad okot a k\u00ednai\u2013amerikai vezet\u0151i tal\u00e1lkoz\u00f3 - kinaikaleidoszkop.hu","isPartOf":{"@id":"https:\/\/kinaikaleidoszkop.hu\/#website"},"primaryImageOfPage":{"@id":"https:\/\/kinaikaleidoszkop.hu\/index.php\/2023\/11\/01\/cmg-kommentar-ovatos-optimizmusra-ad-okot-a-kinai-amerikai-vezetoi-talalkozo\/#primaryimage"},"image":{"@id":"https:\/\/kinaikaleidoszkop.hu\/index.php\/2023\/11\/01\/cmg-kommentar-ovatos-optimizmusra-ad-okot-a-kinai-amerikai-vezetoi-talalkozo\/#primaryimage"},"thumbnailUrl":"https:\/\/kinaikaleidoszkop.hu\/wp-content\/uploads\/2023\/11\/1101CMGCMG-kommentar-Ovatos-optimizmusra-ad-okot-a-kinai\u2013amerikai-vezetoi-talalkozo.png","datePublished":"2023-11-01T13:54:14+00:00","dateModified":"2023-11-02T10:50:54+00:00","author":{"@id":"https:\/\/kinaikaleidoszkop.hu\/#\/schema\/person\/4d69b71e7e70322713b9d9287b610556"},"breadcrumb":{"@id":"https:\/\/kinaikaleidoszkop.hu\/index.php\/2023\/11\/01\/cmg-kommentar-ovatos-optimizmusra-ad-okot-a-kinai-amerikai-vezetoi-talalkozo\/#breadcrumb"},"inLanguage":"hu","potentialAction":[{"@type":"ReadAction","target":["https:\/\/kinaikaleidoszkop.hu\/index.php\/2023\/11\/01\/cmg-kommentar-ovatos-optimizmusra-ad-okot-a-kinai-amerikai-vezetoi-talalkozo\/"]}]},{"@type":"ImageObject","inLanguage":"hu","@id":"https:\/\/kinaikaleidoszkop.hu\/index.php\/2023\/11\/01\/cmg-kommentar-ovatos-optimizmusra-ad-okot-a-kinai-amerikai-vezetoi-talalkozo\/#primaryimage","url":"https:\/\/kinaikaleidoszkop.hu\/wp-content\/uploads\/2023\/11\/1101CMGCMG-kommentar-Ovatos-optimizmusra-ad-okot-a-kinai\u2013amerikai-vezetoi-talalkozo.png","contentUrl":"https:\/\/kinaikaleidoszkop.hu\/wp-content\/uploads\/2023\/11\/1101CMGCMG-kommentar-Ovatos-optimizmusra-ad-okot-a-kinai\u2013amerikai-vezetoi-talalkozo.png","width":900,"height":600},{"@type":"BreadcrumbList","@id":"https:\/\/kinaikaleidoszkop.hu\/index.php\/2023\/11\/01\/cmg-kommentar-ovatos-optimizmusra-ad-okot-a-kinai-amerikai-vezetoi-talalkozo\/#breadcrumb","itemListElement":[{"@type":"ListItem","position":1,"name":"Kezd\u0151lap","item":"https:\/\/kinaikaleidoszkop.hu\/"},{"@type":"ListItem","position":2,"name":"CMG-komment\u00e1r: \u00d3vatos optimizmusra ad okot a k\u00ednai\u2013amerikai vezet\u0151i tal\u00e1lkoz\u00f3"}]},{"@type":"WebSite","@id":"https:\/\/kinaikaleidoszkop.hu\/#website","url":"https:\/\/kinaikaleidoszkop.hu\/","name":"kinaikaleidoszkop.hu","description":"","potentialAction":[{"@type":"SearchAction","target":{"@type":"EntryPoint","urlTemplate":"https:\/\/kinaikaleidoszkop.hu\/?s={search_term_string}"},"query-input":{"@type":"PropertyValueSpecification","valueRequired":true,"valueName":"search_term_string"}}],"inLanguage":"hu"},{"@type":"Person","@id":"https:\/\/kinaikaleidoszkop.hu\/#\/schema\/person\/4d69b71e7e70322713b9d9287b610556","name":"Szerk_Erik","image":{"@type":"ImageObject","inLanguage":"hu","@id":"https:\/\/kinaikaleidoszkop.hu\/#\/schema\/person\/image\/","url":"https:\/\/secure.gravatar.com\/avatar\/3c1e909a14c0c91d2eaef877aaacb584c667f8e7137de69653aa9561fd0e8062?s=96&d=mm&r=g","contentUrl":"https:\/\/secure.gravatar.com\/avatar\/3c1e909a14c0c91d2eaef877aaacb584c667f8e7137de69653aa9561fd0e8062?s=96&d=mm&r=g","caption":"Szerk_Erik"},"url":"https:\/\/kinaikaleidoszkop.hu\/index.php\/author\/szerk_erik\/"}]}},"views":258,"distributor_meta":false,"distributor_terms":false,"distributor_media":false,"distributor_original_site_name":"kinaikaleidoszkop.hu","distributor_original_site_url":"https:\/\/kinaikaleidoszkop.hu","push-errors":false,"_links":{"self":[{"href":"https:\/\/kinaikaleidoszkop.hu\/index.php\/wp-json\/wp\/v2\/posts\/19665","targetHints":{"allow":["GET"]}}],"collection":[{"href":"https:\/\/kinaikaleidoszkop.hu\/index.php\/wp-json\/wp\/v2\/posts"}],"about":[{"href":"https:\/\/kinaikaleidoszkop.hu\/index.php\/wp-json\/wp\/v2\/types\/post"}],"author":[{"embeddable":true,"href":"https:\/\/kinaikaleidoszkop.hu\/index.php\/wp-json\/wp\/v2\/users\/7"}],"replies":[{"embeddable":true,"href":"https:\/\/kinaikaleidoszkop.hu\/index.php\/wp-json\/wp\/v2\/comments?post=19665"}],"version-history":[{"count":2,"href":"https:\/\/kinaikaleidoszkop.hu\/index.php\/wp-json\/wp\/v2\/posts\/19665\/revisions"}],"predecessor-version":[{"id":19679,"href":"https:\/\/kinaikaleidoszkop.hu\/index.php\/wp-json\/wp\/v2\/posts\/19665\/revisions\/19679"}],"wp:featuredmedia":[{"embeddable":true,"href":"https:\/\/kinaikaleidoszkop.hu\/index.php\/wp-json\/wp\/v2\/media\/19667"}],"wp:attachment":[{"href":"https:\/\/kinaikaleidoszkop.hu\/index.php\/wp-json\/wp\/v2\/media?parent=19665"}],"wp:term":[{"taxonomy":"category","embeddable":true,"href":"https:\/\/kinaikaleidoszkop.hu\/index.php\/wp-json\/wp\/v2\/categories?post=19665"},{"taxonomy":"post_tag","embeddable":true,"href":"https:\/\/kinaikaleidoszkop.hu\/index.php\/wp-json\/wp\/v2\/tags?post=19665"}],"curies":[{"name":"wp","href":"https:\/\/api.w.org\/{rel}","templated":true}]}}