{"id":19669,"date":"2023-11-01T15:04:42","date_gmt":"2023-11-01T14:04:42","guid":{"rendered":"https:\/\/kinaikaleidoszkop.hu\/?p=19669"},"modified":"2023-11-02T12:06:14","modified_gmt":"2023-11-02T11:06:14","slug":"heves-harcok-gazaban-a-cmg-tudositoja-jelenti-a-helyszinrol","status":"publish","type":"post","link":"https:\/\/kinaikaleidoszkop.hu\/index.php\/2023\/11\/01\/heves-harcok-gazaban-a-cmg-tudositoja-jelenti-a-helyszinrol\/","title":{"rendered":"Heves harcok G\u00e1z\u00e1ban \u2013 A CMG tud\u00f3s\u00edt\u00f3ja jelenti a helysz\u00ednr\u0151l"},"content":{"rendered":"\n<p><strong>Harci rep\u00fcl\u0151k, helikopterek, dr\u00f3nok hangja hallatszik, folyamatosak a bomb\u00e1z\u00e1sok \u2013 jelentette Chen Huihui, a CMG tud\u00f3s\u00edt\u00f3ja a palesztin-izraeli hat\u00e1rr\u00f3l. A tud\u00f3s\u00edt\u00f3 heves \u00f6sszecsap\u00e1sokr\u00f3l sz\u00e1molt be a Ham\u00e1sz \u00e9s az izraeli er\u0151k k\u00f6z\u00f6tt. Izrael egyre t\u00f6bb katon\u00e1t k\u00fcld a G\u00e1zai \u00f6vezetbe, \u00e9s egyre t\u00f6bb rak\u00e9t\u00e1val t\u00e1mad a Ham\u00e1sz.<\/strong><\/p>\n\n\n\n<figure class=\"wp-block-image\"><img decoding=\"async\" src=\"https:\/\/forintfiller.hu\/wp-content\/uploads\/2023\/11\/1101CMGHeves-harcok-Gazaban-1.jpg\" alt=\"\" class=\"wp-image-13742\"\/><\/figure>\n\n\n\n<p>Helyi id\u0151 szerint okt\u00f3ber 30-\u00e1n az izraeli v\u00e9delmi er\u0151k bejelentett\u00e9k, hogy n\u00f6velt\u00e9k a G\u00e1z\u00e1ba k\u00fcld\u00f6tt katon\u00e1ik sz\u00e1m\u00e1t. \u201eMost Sderotban vagyok, alig egy kilom\u00e9terre G\u00e1z\u00e1t\u00f3l. M\u00f6g\u00f6ttem lez\u00e1rt\u00e1k az utat, csak a katon\u00e1k k\u00f6zlekedhetnek. Ez a leggyorsabb \u00fat G\u00e1z\u00e1ba \u00e9s a legk\u00f6zelebbi bej\u00e1ratok egyike Izraelb\u0151l G\u00e1z\u00e1ba\u201d \u2013 sz\u00e1molt be Chen.<\/p>\n\n\n\n<figure class=\"wp-block-image size-large\"><img loading=\"lazy\" decoding=\"async\" width=\"1024\" height=\"576\" src=\"https:\/\/kinaikaleidoszkop.hu\/wp-content\/uploads\/2023\/11\/1101CMGHeves-harcok-Gazaban-3-1-1024x576.jpg\" alt=\"\" class=\"wp-image-19681\" srcset=\"https:\/\/kinaikaleidoszkop.hu\/wp-content\/uploads\/2023\/11\/1101CMGHeves-harcok-Gazaban-3-1-1024x576.jpg 1024w, https:\/\/kinaikaleidoszkop.hu\/wp-content\/uploads\/2023\/11\/1101CMGHeves-harcok-Gazaban-3-1-300x168.jpg 300w, https:\/\/kinaikaleidoszkop.hu\/wp-content\/uploads\/2023\/11\/1101CMGHeves-harcok-Gazaban-3-1-768x432.jpg 768w, https:\/\/kinaikaleidoszkop.hu\/wp-content\/uploads\/2023\/11\/1101CMGHeves-harcok-Gazaban-3-1-1536x864.jpg 1536w, https:\/\/kinaikaleidoszkop.hu\/wp-content\/uploads\/2023\/11\/1101CMGHeves-harcok-Gazaban-3-1-990x557.jpg 990w, https:\/\/kinaikaleidoszkop.hu\/wp-content\/uploads\/2023\/11\/1101CMGHeves-harcok-Gazaban-3-1-1320x743.jpg 1320w, https:\/\/kinaikaleidoszkop.hu\/wp-content\/uploads\/2023\/11\/1101CMGHeves-harcok-Gazaban-3-1-470x264.jpg 470w, https:\/\/kinaikaleidoszkop.hu\/wp-content\/uploads\/2023\/11\/1101CMGHeves-harcok-Gazaban-3-1-640x360.jpg 640w, https:\/\/kinaikaleidoszkop.hu\/wp-content\/uploads\/2023\/11\/1101CMGHeves-harcok-Gazaban-3-1-215x120.jpg 215w, https:\/\/kinaikaleidoszkop.hu\/wp-content\/uploads\/2023\/11\/1101CMGHeves-harcok-Gazaban-3-1-414x232.jpg 414w, https:\/\/kinaikaleidoszkop.hu\/wp-content\/uploads\/2023\/11\/1101CMGHeves-harcok-Gazaban-3-1.jpg 1920w\" sizes=\"auto, (max-width: 1024px) 100vw, 1024px\" \/><\/figure>\n\n\n\n<p>A tud\u00f3s\u00edt\u00f3k Sderotban egy hegyoldalon gy\u00fclekeztek, mintegy 840 m\u00e9terre G\u00e1z\u00e1t\u00f3l. Chen szerint itt mindennap hallatszanak a bomb\u00e1z\u00e1sok, l\u00f6v\u00f6ld\u00f6z\u00e9sek, a dr\u00f3nok \u00e9s a harci rep\u00fcl\u0151k a fej\u00fck felett h\u00faznak el, a katonai aut\u00f3k konvoja gyorsan halad az \u00faton. Mint mondta: \u201eInnen is meg\u00e1llap\u00edthat\u00f3, hogy a harcok egyre hevesebbek.\u201d<\/p>\n\n\n\n<p>Az izraeli hat\u00f3s\u00e1g jelent\u00e9se szerint F-15-\u00f6s \u00e9s F-16-os vad\u00e1szg\u00e9peket is bevetnek G\u00e1z\u00e1ban, l\u00e9gi t\u00e1mogat\u00e1ssal haladnak el\u0151re a sz\u00e1razf\u00f6ldi er\u0151k. El\u0151sz\u00f6r p\u00e1nc\u00e9lozott j\u00e1rm\u0171vek \u00e9s a buld\u00f3zerek h\u00e1r\u00edtj\u00e1k el az akad\u00e1lyokat az utakr\u00f3l, ezut\u00e1n jelennek meg a harckocsik, majd v\u00e9g\u00fcl a gyalogs\u00e1g, sz\u00e1molt be a CMG tud\u00f3s\u00edt\u00f3ja.<\/p>\n\n\n\n<figure class=\"wp-block-image\"><img decoding=\"async\" src=\"https:\/\/forintfiller.hu\/wp-content\/uploads\/2023\/11\/1101CMGHeves-harcok-Gazaban-2.jpg\" alt=\"\" class=\"wp-image-13743\"\/><\/figure>\n\n\n\n<p>Mik\u00f6zben egyre t\u00f6bb az izraeli katona G\u00e1z\u00e1ban, fokoz\u00f3dott a Ham\u00e1sz rak\u00e9tat\u00e1mad\u00e1sainak sz\u00e1ma is. A tud\u00f3s\u00edt\u00f3 szerint az elm\u00falt napokban reggel, d\u00e9lben, s\u0151t az esti \u00f3r\u00e1kban is folyamatosan l\u00e9gv\u00e9delmi riad\u00f3k jelzik a rak\u00e9tat\u00e1mad\u00e1sokat.<\/p>\n\n\n\n<p>A CMG \u00e1ltal megk\u00e9rdezett szak\u00e9rt\u0151k szerint mindegy, hogy milyen ir\u00e1nyba fejl\u0151dik a konfliktus, az esem\u00e9nyek jelent\u0151s hat\u00e1st gyakorolnak a r\u00e9gi\u00f3ban \u00e9l\u0151kre, a humanit\u00e1rius v\u00e1ls\u00e1g a G\u00e1zai \u00f6vezetben s\u00falyosbodni fog a k\u00f6vetkez\u0151 id\u0151szakban.<\/p>\n\n\n\n<p><strong><em>(Wang Yuzhe \u2013 China Media Group)<\/em><\/strong><\/p>\n\n\n\n<p><strong>2023. november 1.<\/strong><\/p>\n\n\n\n<p><strong><em>(x)<\/em><\/strong><\/p>\n","protected":false},"excerpt":{"rendered":"<p>Harci rep\u00fcl\u0151k, helikopterek, dr\u00f3nok hangja hallatszik, folyamatosak a bomb\u00e1z\u00e1sok \u2013 jelentette Chen Huihui, a CMG tud\u00f3s\u00edt\u00f3ja a palesztin-izraeli hat\u00e1rr\u00f3l. A tud\u00f3s\u00edt\u00f3 heves \u00f6sszecsap\u00e1sokr\u00f3l sz\u00e1molt be a Ham\u00e1sz \u00e9s az izraeli er\u0151k k\u00f6z\u00f6tt. Izrael egyre t\u00f6bb katon\u00e1t k\u00fcld a G\u00e1zai \u00f6vezetbe, \u00e9s egyre t\u00f6bb rak\u00e9t\u00e1val t\u00e1mad a Ham\u00e1sz. Helyi id\u0151 szerint okt\u00f3ber 30-\u00e1n az izraeli v\u00e9delmi [&hellip;]<\/p>\n","protected":false},"author":7,"featured_media":19671,"comment_status":"closed","ping_status":"closed","sticky":false,"template":"","format":"standard","meta":{"footnotes":""},"categories":[45],"tags":[363,3288,673,742,1722],"class_list":["post-19669","post","type-post","status-publish","format-standard","has-post-thumbnail","hentry","category-hirek","tag-cmg","tag-gaza","tag-haboru","tag-konfliktus","tag-tudositas"],"yoast_head":"<!-- This site is optimized with the Yoast SEO plugin v23.7 - https:\/\/yoast.com\/wordpress\/plugins\/seo\/ -->\n<title>Heves harcok G\u00e1z\u00e1ban \u2013 A CMG tud\u00f3s\u00edt\u00f3ja jelenti a helysz\u00ednr\u0151l - kinaikaleidoszkop.hu<\/title>\n<meta name=\"robots\" content=\"index, follow, max-snippet:-1, max-image-preview:large, max-video-preview:-1\" \/>\n<link rel=\"canonical\" href=\"https:\/\/kinaikaleidoszkop.hu\/index.php\/2023\/11\/01\/heves-harcok-gazaban-a-cmg-tudositoja-jelenti-a-helyszinrol\/\" \/>\n<meta property=\"og:locale\" content=\"hu_HU\" \/>\n<meta property=\"og:type\" content=\"article\" \/>\n<meta property=\"og:title\" content=\"Heves harcok G\u00e1z\u00e1ban \u2013 A CMG tud\u00f3s\u00edt\u00f3ja jelenti a helysz\u00ednr\u0151l - kinaikaleidoszkop.hu\" \/>\n<meta property=\"og:description\" content=\"Harci rep\u00fcl\u0151k, helikopterek, dr\u00f3nok hangja hallatszik, folyamatosak a bomb\u00e1z\u00e1sok \u2013 jelentette Chen Huihui, a CMG tud\u00f3s\u00edt\u00f3ja a palesztin-izraeli hat\u00e1rr\u00f3l. A tud\u00f3s\u00edt\u00f3 heves \u00f6sszecsap\u00e1sokr\u00f3l sz\u00e1molt be a Ham\u00e1sz \u00e9s az izraeli er\u0151k k\u00f6z\u00f6tt. Izrael egyre t\u00f6bb katon\u00e1t k\u00fcld a G\u00e1zai \u00f6vezetbe, \u00e9s egyre t\u00f6bb rak\u00e9t\u00e1val t\u00e1mad a Ham\u00e1sz. Helyi id\u0151 szerint okt\u00f3ber 30-\u00e1n az izraeli v\u00e9delmi [&hellip;]\" \/>\n<meta property=\"og:url\" content=\"https:\/\/kinaikaleidoszkop.hu\/index.php\/2023\/11\/01\/heves-harcok-gazaban-a-cmg-tudositoja-jelenti-a-helyszinrol\/\" \/>\n<meta property=\"og:site_name\" content=\"kinaikaleidoszkop.hu\" \/>\n<meta property=\"article:published_time\" content=\"2023-11-01T14:04:42+00:00\" \/>\n<meta property=\"article:modified_time\" content=\"2023-11-02T11:06:14+00:00\" \/>\n<meta property=\"og:image\" content=\"https:\/\/kinaikaleidoszkop.hu\/wp-content\/uploads\/2023\/11\/1101CMGHeves-harcok-Gazaban-3.jpg\" \/>\n\t<meta property=\"og:image:width\" content=\"1920\" \/>\n\t<meta property=\"og:image:height\" content=\"1080\" \/>\n\t<meta property=\"og:image:type\" content=\"image\/jpeg\" \/>\n<meta name=\"author\" content=\"Szerk_Erik\" \/>\n<meta name=\"twitter:card\" content=\"summary_large_image\" \/>\n<meta name=\"twitter:label1\" content=\"Szerz\u0151:\" \/>\n\t<meta name=\"twitter:data1\" content=\"Szerk_Erik\" \/>\n\t<meta name=\"twitter:label2\" content=\"Becs\u00fclt olvas\u00e1si id\u0151\" \/>\n\t<meta name=\"twitter:data2\" content=\"3 perc\" \/>\n<script type=\"application\/ld+json\" class=\"yoast-schema-graph\">{\"@context\":\"https:\/\/schema.org\",\"@graph\":[{\"@type\":\"WebPage\",\"@id\":\"https:\/\/kinaikaleidoszkop.hu\/index.php\/2023\/11\/01\/heves-harcok-gazaban-a-cmg-tudositoja-jelenti-a-helyszinrol\/\",\"url\":\"https:\/\/kinaikaleidoszkop.hu\/index.php\/2023\/11\/01\/heves-harcok-gazaban-a-cmg-tudositoja-jelenti-a-helyszinrol\/\",\"name\":\"Heves harcok G\u00e1z\u00e1ban \u2013 A CMG tud\u00f3s\u00edt\u00f3ja jelenti a helysz\u00ednr\u0151l - kinaikaleidoszkop.hu\",\"isPartOf\":{\"@id\":\"https:\/\/kinaikaleidoszkop.hu\/#website\"},\"primaryImageOfPage\":{\"@id\":\"https:\/\/kinaikaleidoszkop.hu\/index.php\/2023\/11\/01\/heves-harcok-gazaban-a-cmg-tudositoja-jelenti-a-helyszinrol\/#primaryimage\"},\"image\":{\"@id\":\"https:\/\/kinaikaleidoszkop.hu\/index.php\/2023\/11\/01\/heves-harcok-gazaban-a-cmg-tudositoja-jelenti-a-helyszinrol\/#primaryimage\"},\"thumbnailUrl\":\"https:\/\/kinaikaleidoszkop.hu\/wp-content\/uploads\/2023\/11\/1101CMGHeves-harcok-Gazaban-3.jpg\",\"datePublished\":\"2023-11-01T14:04:42+00:00\",\"dateModified\":\"2023-11-02T11:06:14+00:00\",\"author\":{\"@id\":\"https:\/\/kinaikaleidoszkop.hu\/#\/schema\/person\/4d69b71e7e70322713b9d9287b610556\"},\"breadcrumb\":{\"@id\":\"https:\/\/kinaikaleidoszkop.hu\/index.php\/2023\/11\/01\/heves-harcok-gazaban-a-cmg-tudositoja-jelenti-a-helyszinrol\/#breadcrumb\"},\"inLanguage\":\"hu\",\"potentialAction\":[{\"@type\":\"ReadAction\",\"target\":[\"https:\/\/kinaikaleidoszkop.hu\/index.php\/2023\/11\/01\/heves-harcok-gazaban-a-cmg-tudositoja-jelenti-a-helyszinrol\/\"]}]},{\"@type\":\"ImageObject\",\"inLanguage\":\"hu\",\"@id\":\"https:\/\/kinaikaleidoszkop.hu\/index.php\/2023\/11\/01\/heves-harcok-gazaban-a-cmg-tudositoja-jelenti-a-helyszinrol\/#primaryimage\",\"url\":\"https:\/\/kinaikaleidoszkop.hu\/wp-content\/uploads\/2023\/11\/1101CMGHeves-harcok-Gazaban-3.jpg\",\"contentUrl\":\"https:\/\/kinaikaleidoszkop.hu\/wp-content\/uploads\/2023\/11\/1101CMGHeves-harcok-Gazaban-3.jpg\",\"width\":1920,\"height\":1080},{\"@type\":\"BreadcrumbList\",\"@id\":\"https:\/\/kinaikaleidoszkop.hu\/index.php\/2023\/11\/01\/heves-harcok-gazaban-a-cmg-tudositoja-jelenti-a-helyszinrol\/#breadcrumb\",\"itemListElement\":[{\"@type\":\"ListItem\",\"position\":1,\"name\":\"Kezd\u0151lap\",\"item\":\"https:\/\/kinaikaleidoszkop.hu\/\"},{\"@type\":\"ListItem\",\"position\":2,\"name\":\"Heves harcok G\u00e1z\u00e1ban \u2013 A CMG tud\u00f3s\u00edt\u00f3ja jelenti a helysz\u00ednr\u0151l\"}]},{\"@type\":\"WebSite\",\"@id\":\"https:\/\/kinaikaleidoszkop.hu\/#website\",\"url\":\"https:\/\/kinaikaleidoszkop.hu\/\",\"name\":\"kinaikaleidoszkop.hu\",\"description\":\"\",\"potentialAction\":[{\"@type\":\"SearchAction\",\"target\":{\"@type\":\"EntryPoint\",\"urlTemplate\":\"https:\/\/kinaikaleidoszkop.hu\/?s={search_term_string}\"},\"query-input\":{\"@type\":\"PropertyValueSpecification\",\"valueRequired\":true,\"valueName\":\"search_term_string\"}}],\"inLanguage\":\"hu\"},{\"@type\":\"Person\",\"@id\":\"https:\/\/kinaikaleidoszkop.hu\/#\/schema\/person\/4d69b71e7e70322713b9d9287b610556\",\"name\":\"Szerk_Erik\",\"image\":{\"@type\":\"ImageObject\",\"inLanguage\":\"hu\",\"@id\":\"https:\/\/kinaikaleidoszkop.hu\/#\/schema\/person\/image\/\",\"url\":\"https:\/\/secure.gravatar.com\/avatar\/3c1e909a14c0c91d2eaef877aaacb584c667f8e7137de69653aa9561fd0e8062?s=96&d=mm&r=g\",\"contentUrl\":\"https:\/\/secure.gravatar.com\/avatar\/3c1e909a14c0c91d2eaef877aaacb584c667f8e7137de69653aa9561fd0e8062?s=96&d=mm&r=g\",\"caption\":\"Szerk_Erik\"},\"url\":\"https:\/\/kinaikaleidoszkop.hu\/index.php\/author\/szerk_erik\/\"}]}<\/script>\n<!-- \/ Yoast SEO plugin. -->","yoast_head_json":{"title":"Heves harcok G\u00e1z\u00e1ban \u2013 A CMG tud\u00f3s\u00edt\u00f3ja jelenti a helysz\u00ednr\u0151l - kinaikaleidoszkop.hu","robots":{"index":"index","follow":"follow","max-snippet":"max-snippet:-1","max-image-preview":"max-image-preview:large","max-video-preview":"max-video-preview:-1"},"canonical":"https:\/\/kinaikaleidoszkop.hu\/index.php\/2023\/11\/01\/heves-harcok-gazaban-a-cmg-tudositoja-jelenti-a-helyszinrol\/","og_locale":"hu_HU","og_type":"article","og_title":"Heves harcok G\u00e1z\u00e1ban \u2013 A CMG tud\u00f3s\u00edt\u00f3ja jelenti a helysz\u00ednr\u0151l - kinaikaleidoszkop.hu","og_description":"Harci rep\u00fcl\u0151k, helikopterek, dr\u00f3nok hangja hallatszik, folyamatosak a bomb\u00e1z\u00e1sok \u2013 jelentette Chen Huihui, a CMG tud\u00f3s\u00edt\u00f3ja a palesztin-izraeli hat\u00e1rr\u00f3l. A tud\u00f3s\u00edt\u00f3 heves \u00f6sszecsap\u00e1sokr\u00f3l sz\u00e1molt be a Ham\u00e1sz \u00e9s az izraeli er\u0151k k\u00f6z\u00f6tt. Izrael egyre t\u00f6bb katon\u00e1t k\u00fcld a G\u00e1zai \u00f6vezetbe, \u00e9s egyre t\u00f6bb rak\u00e9t\u00e1val t\u00e1mad a Ham\u00e1sz. Helyi id\u0151 szerint okt\u00f3ber 30-\u00e1n az izraeli v\u00e9delmi [&hellip;]","og_url":"https:\/\/kinaikaleidoszkop.hu\/index.php\/2023\/11\/01\/heves-harcok-gazaban-a-cmg-tudositoja-jelenti-a-helyszinrol\/","og_site_name":"kinaikaleidoszkop.hu","article_published_time":"2023-11-01T14:04:42+00:00","article_modified_time":"2023-11-02T11:06:14+00:00","og_image":[{"width":1920,"height":1080,"url":"https:\/\/kinaikaleidoszkop.hu\/wp-content\/uploads\/2023\/11\/1101CMGHeves-harcok-Gazaban-3.jpg","type":"image\/jpeg"}],"author":"Szerk_Erik","twitter_card":"summary_large_image","twitter_misc":{"Szerz\u0151:":"Szerk_Erik","Becs\u00fclt olvas\u00e1si id\u0151":"3 perc"},"schema":{"@context":"https:\/\/schema.org","@graph":[{"@type":"WebPage","@id":"https:\/\/kinaikaleidoszkop.hu\/index.php\/2023\/11\/01\/heves-harcok-gazaban-a-cmg-tudositoja-jelenti-a-helyszinrol\/","url":"https:\/\/kinaikaleidoszkop.hu\/index.php\/2023\/11\/01\/heves-harcok-gazaban-a-cmg-tudositoja-jelenti-a-helyszinrol\/","name":"Heves harcok G\u00e1z\u00e1ban \u2013 A CMG tud\u00f3s\u00edt\u00f3ja jelenti a helysz\u00ednr\u0151l - kinaikaleidoszkop.hu","isPartOf":{"@id":"https:\/\/kinaikaleidoszkop.hu\/#website"},"primaryImageOfPage":{"@id":"https:\/\/kinaikaleidoszkop.hu\/index.php\/2023\/11\/01\/heves-harcok-gazaban-a-cmg-tudositoja-jelenti-a-helyszinrol\/#primaryimage"},"image":{"@id":"https:\/\/kinaikaleidoszkop.hu\/index.php\/2023\/11\/01\/heves-harcok-gazaban-a-cmg-tudositoja-jelenti-a-helyszinrol\/#primaryimage"},"thumbnailUrl":"https:\/\/kinaikaleidoszkop.hu\/wp-content\/uploads\/2023\/11\/1101CMGHeves-harcok-Gazaban-3.jpg","datePublished":"2023-11-01T14:04:42+00:00","dateModified":"2023-11-02T11:06:14+00:00","author":{"@id":"https:\/\/kinaikaleidoszkop.hu\/#\/schema\/person\/4d69b71e7e70322713b9d9287b610556"},"breadcrumb":{"@id":"https:\/\/kinaikaleidoszkop.hu\/index.php\/2023\/11\/01\/heves-harcok-gazaban-a-cmg-tudositoja-jelenti-a-helyszinrol\/#breadcrumb"},"inLanguage":"hu","potentialAction":[{"@type":"ReadAction","target":["https:\/\/kinaikaleidoszkop.hu\/index.php\/2023\/11\/01\/heves-harcok-gazaban-a-cmg-tudositoja-jelenti-a-helyszinrol\/"]}]},{"@type":"ImageObject","inLanguage":"hu","@id":"https:\/\/kinaikaleidoszkop.hu\/index.php\/2023\/11\/01\/heves-harcok-gazaban-a-cmg-tudositoja-jelenti-a-helyszinrol\/#primaryimage","url":"https:\/\/kinaikaleidoszkop.hu\/wp-content\/uploads\/2023\/11\/1101CMGHeves-harcok-Gazaban-3.jpg","contentUrl":"https:\/\/kinaikaleidoszkop.hu\/wp-content\/uploads\/2023\/11\/1101CMGHeves-harcok-Gazaban-3.jpg","width":1920,"height":1080},{"@type":"BreadcrumbList","@id":"https:\/\/kinaikaleidoszkop.hu\/index.php\/2023\/11\/01\/heves-harcok-gazaban-a-cmg-tudositoja-jelenti-a-helyszinrol\/#breadcrumb","itemListElement":[{"@type":"ListItem","position":1,"name":"Kezd\u0151lap","item":"https:\/\/kinaikaleidoszkop.hu\/"},{"@type":"ListItem","position":2,"name":"Heves harcok G\u00e1z\u00e1ban \u2013 A CMG tud\u00f3s\u00edt\u00f3ja jelenti a helysz\u00ednr\u0151l"}]},{"@type":"WebSite","@id":"https:\/\/kinaikaleidoszkop.hu\/#website","url":"https:\/\/kinaikaleidoszkop.hu\/","name":"kinaikaleidoszkop.hu","description":"","potentialAction":[{"@type":"SearchAction","target":{"@type":"EntryPoint","urlTemplate":"https:\/\/kinaikaleidoszkop.hu\/?s={search_term_string}"},"query-input":{"@type":"PropertyValueSpecification","valueRequired":true,"valueName":"search_term_string"}}],"inLanguage":"hu"},{"@type":"Person","@id":"https:\/\/kinaikaleidoszkop.hu\/#\/schema\/person\/4d69b71e7e70322713b9d9287b610556","name":"Szerk_Erik","image":{"@type":"ImageObject","inLanguage":"hu","@id":"https:\/\/kinaikaleidoszkop.hu\/#\/schema\/person\/image\/","url":"https:\/\/secure.gravatar.com\/avatar\/3c1e909a14c0c91d2eaef877aaacb584c667f8e7137de69653aa9561fd0e8062?s=96&d=mm&r=g","contentUrl":"https:\/\/secure.gravatar.com\/avatar\/3c1e909a14c0c91d2eaef877aaacb584c667f8e7137de69653aa9561fd0e8062?s=96&d=mm&r=g","caption":"Szerk_Erik"},"url":"https:\/\/kinaikaleidoszkop.hu\/index.php\/author\/szerk_erik\/"}]}},"views":214,"distributor_meta":false,"distributor_terms":false,"distributor_media":false,"distributor_original_site_name":"kinaikaleidoszkop.hu","distributor_original_site_url":"https:\/\/kinaikaleidoszkop.hu","push-errors":false,"_links":{"self":[{"href":"https:\/\/kinaikaleidoszkop.hu\/index.php\/wp-json\/wp\/v2\/posts\/19669","targetHints":{"allow":["GET"]}}],"collection":[{"href":"https:\/\/kinaikaleidoszkop.hu\/index.php\/wp-json\/wp\/v2\/posts"}],"about":[{"href":"https:\/\/kinaikaleidoszkop.hu\/index.php\/wp-json\/wp\/v2\/types\/post"}],"author":[{"embeddable":true,"href":"https:\/\/kinaikaleidoszkop.hu\/index.php\/wp-json\/wp\/v2\/users\/7"}],"replies":[{"embeddable":true,"href":"https:\/\/kinaikaleidoszkop.hu\/index.php\/wp-json\/wp\/v2\/comments?post=19669"}],"version-history":[{"count":2,"href":"https:\/\/kinaikaleidoszkop.hu\/index.php\/wp-json\/wp\/v2\/posts\/19669\/revisions"}],"predecessor-version":[{"id":19682,"href":"https:\/\/kinaikaleidoszkop.hu\/index.php\/wp-json\/wp\/v2\/posts\/19669\/revisions\/19682"}],"wp:featuredmedia":[{"embeddable":true,"href":"https:\/\/kinaikaleidoszkop.hu\/index.php\/wp-json\/wp\/v2\/media\/19671"}],"wp:attachment":[{"href":"https:\/\/kinaikaleidoszkop.hu\/index.php\/wp-json\/wp\/v2\/media?parent=19669"}],"wp:term":[{"taxonomy":"category","embeddable":true,"href":"https:\/\/kinaikaleidoszkop.hu\/index.php\/wp-json\/wp\/v2\/categories?post=19669"},{"taxonomy":"post_tag","embeddable":true,"href":"https:\/\/kinaikaleidoszkop.hu\/index.php\/wp-json\/wp\/v2\/tags?post=19669"}],"curies":[{"name":"wp","href":"https:\/\/api.w.org\/{rel}","templated":true}]}}