{"id":19788,"date":"2023-11-13T09:13:38","date_gmt":"2023-11-13T08:13:38","guid":{"rendered":"https:\/\/kinaikaleidoszkop.hu\/?p=19788"},"modified":"2023-11-13T09:13:41","modified_gmt":"2023-11-13T08:13:41","slug":"hszi-csin-ping-az-egyesult-allamokba-keszul","status":"publish","type":"post","link":"https:\/\/kinaikaleidoszkop.hu\/index.php\/2023\/11\/13\/hszi-csin-ping-az-egyesult-allamokba-keszul\/","title":{"rendered":"Hszi Csin-ping az Egyes\u00fclt \u00c1llamokba k\u00e9sz\u00fcl"},"content":{"rendered":"\n<p><strong>Joe Biden amerikai eln\u00f6k megh\u00edv\u00e1s\u00e1ra Hszi Csin-ping k\u00ednai eln\u00f6k november 14. \u00e9s 17. k\u00f6z\u00f6tt San Francisc\u00f3ba l\u00e1togat, hogy k\u00e9toldal\u00fa t\u00e1rgyal\u00e1son vegyen r\u00e9szt Joe Biden amerikai eln\u00f6kkel, \u00e9s r\u00e9szt vegyen az \u00c1zsiai-csendes-\u00f3ce\u00e1ni Gazdas\u00e1gi Egy\u00fcttm\u0171k\u00f6d\u00e9si Csoport (APEC) vezet\u0151inek 30. nem hivatalos tal\u00e1lkoz\u00f3j\u00e1n \u2013 jelentette be p\u00e9nteken a k\u00ednai k\u00fcl\u00fcgyminiszt\u00e9rium.<\/strong><\/p>\n\n\n<div class=\"wp-block-image\">\n<figure class=\"aligncenter size-full\"><img loading=\"lazy\" decoding=\"async\" width=\"600\" height=\"338\" src=\"https:\/\/kinaikaleidoszkop.hu\/wp-content\/uploads\/2023\/11\/\u4e2d\u7f8e\u56fd\u65d7.png\" alt=\"\" class=\"wp-image-19790\" srcset=\"https:\/\/kinaikaleidoszkop.hu\/wp-content\/uploads\/2023\/11\/\u4e2d\u7f8e\u56fd\u65d7.png 600w, https:\/\/kinaikaleidoszkop.hu\/wp-content\/uploads\/2023\/11\/\u4e2d\u7f8e\u56fd\u65d7-300x168.png 300w, https:\/\/kinaikaleidoszkop.hu\/wp-content\/uploads\/2023\/11\/\u4e2d\u7f8e\u56fd\u65d7-470x264.png 470w, https:\/\/kinaikaleidoszkop.hu\/wp-content\/uploads\/2023\/11\/\u4e2d\u7f8e\u56fd\u65d7-215x120.png 215w, https:\/\/kinaikaleidoszkop.hu\/wp-content\/uploads\/2023\/11\/\u4e2d\u7f8e\u56fd\u65d7-414x232.png 414w\" sizes=\"auto, (max-width: 600px) 100vw, 600px\" \/><\/figure>\n<\/div>\n\n\n<p>Ez lesz az els\u0151 szem\u00e9lyes tal\u00e1lkoz\u00f3 a k\u00e9t vezet\u0151 k\u00f6z\u00f6tt az\u00f3ta, hogy tavaly tal\u00e1lkoztak a G20-ak cs\u00facs\u00e9rtekezlet\u00e9n az indon\u00e9ziai Balin.<\/p>\n\n\n\n<p>A k\u00e9t \u00e1llamf\u0151 m\u00e9lyrehat\u00f3 p\u00e1rbesz\u00e9det folytat majd a k\u00ednai-amerikai viszonyr\u00f3l, a vil\u00e1g b\u00e9k\u00e9j\u00e9t \u00e9s fejl\u0151d\u00e9s\u00e9t \u00e9rint\u0151 fontos k\u00e9rd\u00e9sekr\u0151l &#8211; k\u00f6z\u00f6lte a k\u00ednai k\u00fcl\u00fcgyminiszt\u00e9rium sz\u00f3viv\u0151je.<\/p>\n\n\n\n<p>Az APEC els\u0151 vezet\u0151i tal\u00e1lkoz\u00f3j\u00e1nak 30. \u00e9vfordul\u00f3ja alkalm\u00e1b\u00f3l Hszi utaz\u00e1sa az APEC-cs\u00facsra t\u00fckr\u00f6zi, hogy K\u00edna nagy jelent\u0151s\u00e9get tulajdon\u00edt az \u00e1zsiai-csendes-\u00f3ce\u00e1ni gazdas\u00e1gi egy\u00fcttm\u0171k\u00f6d\u00e9snek, mondta a sz\u00f3viv\u0151.<\/p>\n\n\n\n<p>A vil\u00e1ggazdas\u00e1gban egyre n\u00f6vekv\u0151 instabilit\u00e1s \u00e9s bizonytalans\u00e1g miatt megn\u00f6vekedett a v\u00e1rakoz\u00e1s arra, hogy az \u00e1zsiai-csendes-\u00f3ce\u00e1ni t\u00e9rs\u00e9g tov\u00e1bbra is a glob\u00e1lis n\u00f6veked\u00e9s gazdas\u00e1gi motorja maradjon, jegyezte meg a sz\u00f3viv\u0151.<\/p>\n\n\n\n<p>Hszi eln\u00f6k fontos besz\u00e9det fog tartani a tal\u00e1lkoz\u00f3n, amelyben kifejti K\u00edna f\u0151bb javaslatait az \u00e1zsiai-csendes-\u00f3ce\u00e1ni egy\u00fcttm\u0171k\u00f6d\u00e9s elm\u00e9ly\u00edt\u00e9s\u00e9re, valamint a region\u00e1lis \u00e9s glob\u00e1lis n\u00f6veked\u00e9s \u00f6szt\u00f6nz\u00e9s\u00e9re, t\u00e1j\u00e9koztatott a sz\u00f3viv\u0151.<\/p>\n\n\n\n<p>\u201cRem\u00e9lj\u00fck, hogy minden f\u00e9l teljes k\u00f6r\u0171 \u00e9s kiegyens\u00falyozott m\u00f3don k\u00e9sz megval\u00f3s\u00edtani az APEC Putrajaya Vision 2040 programot, \u00e9s a pozit\u00edv eredm\u00e9nyek\u00e9rt fog dolgozni a tal\u00e1lkoz\u00f3n, hogy \u00faj lend\u00fcletet adjanak az \u00e1zsiai-csendes-\u00f3ce\u00e1ni r\u00e9gi\u00f3 \u00e9s a t\u00e1gabb vil\u00e1g sz\u00e1m\u00e1ra&#8221; \u2013 \u00e1llap\u00edtotta meg a k\u00ednai k\u00fcl\u00fcgyi sz\u00f3viv\u0151.<\/p>\n\n\n\n<p><strong><em>2023. 11. 13.<\/em><\/strong><\/p>\n\n\n\n<p><strong>(Zhou Huiwen- China Media Group)<\/strong><\/p>\n\n\n\n<p><strong><em>(x)<\/em><\/strong><\/p>\n","protected":false},"excerpt":{"rendered":"<p>Joe Biden amerikai eln\u00f6k megh\u00edv\u00e1s\u00e1ra Hszi Csin-ping k\u00ednai eln\u00f6k november 14. \u00e9s 17. k\u00f6z\u00f6tt San Francisc\u00f3ba l\u00e1togat, hogy k\u00e9toldal\u00fa t\u00e1rgyal\u00e1son vegyen r\u00e9szt Joe Biden amerikai eln\u00f6kkel, \u00e9s r\u00e9szt vegyen az \u00c1zsiai-csendes-\u00f3ce\u00e1ni Gazdas\u00e1gi Egy\u00fcttm\u0171k\u00f6d\u00e9si Csoport (APEC) vezet\u0151inek 30. nem hivatalos tal\u00e1lkoz\u00f3j\u00e1n \u2013 jelentette be p\u00e9nteken a k\u00ednai k\u00fcl\u00fcgyminiszt\u00e9rium. Ez lesz az els\u0151 szem\u00e9lyes tal\u00e1lkoz\u00f3 a k\u00e9t [&hellip;]<\/p>\n","protected":false},"author":6,"featured_media":19790,"comment_status":"closed","ping_status":"closed","sticky":false,"template":"","format":"standard","meta":{"footnotes":""},"categories":[45,62],"tags":[637,131,305,410,326,544],"class_list":["post-19788","post","type-post","status-publish","format-standard","has-post-thumbnail","hentry","category-hirek","category-informaciok","tag-diplomacia","tag-egyesult-allamok","tag-hszi-csin-ping","tag-joe-biden","tag-kinai-allamelnok","tag-latogatas"],"yoast_head":"<!-- This site is optimized with the Yoast SEO plugin v23.7 - https:\/\/yoast.com\/wordpress\/plugins\/seo\/ -->\n<title>Hszi Csin-ping az Egyes\u00fclt \u00c1llamokba k\u00e9sz\u00fcl - kinaikaleidoszkop.hu<\/title>\n<meta name=\"robots\" content=\"index, follow, max-snippet:-1, max-image-preview:large, max-video-preview:-1\" \/>\n<link rel=\"canonical\" href=\"https:\/\/kinaikaleidoszkop.hu\/index.php\/2023\/11\/13\/hszi-csin-ping-az-egyesult-allamokba-keszul\/\" \/>\n<meta property=\"og:locale\" content=\"hu_HU\" \/>\n<meta property=\"og:type\" content=\"article\" \/>\n<meta property=\"og:title\" content=\"Hszi Csin-ping az Egyes\u00fclt \u00c1llamokba k\u00e9sz\u00fcl - kinaikaleidoszkop.hu\" \/>\n<meta property=\"og:description\" content=\"Joe Biden amerikai eln\u00f6k megh\u00edv\u00e1s\u00e1ra Hszi Csin-ping k\u00ednai eln\u00f6k november 14. \u00e9s 17. k\u00f6z\u00f6tt San Francisc\u00f3ba l\u00e1togat, hogy k\u00e9toldal\u00fa t\u00e1rgyal\u00e1son vegyen r\u00e9szt Joe Biden amerikai eln\u00f6kkel, \u00e9s r\u00e9szt vegyen az \u00c1zsiai-csendes-\u00f3ce\u00e1ni Gazdas\u00e1gi Egy\u00fcttm\u0171k\u00f6d\u00e9si Csoport (APEC) vezet\u0151inek 30. nem hivatalos tal\u00e1lkoz\u00f3j\u00e1n \u2013 jelentette be p\u00e9nteken a k\u00ednai k\u00fcl\u00fcgyminiszt\u00e9rium. Ez lesz az els\u0151 szem\u00e9lyes tal\u00e1lkoz\u00f3 a k\u00e9t [&hellip;]\" \/>\n<meta property=\"og:url\" content=\"https:\/\/kinaikaleidoszkop.hu\/index.php\/2023\/11\/13\/hszi-csin-ping-az-egyesult-allamokba-keszul\/\" \/>\n<meta property=\"og:site_name\" content=\"kinaikaleidoszkop.hu\" \/>\n<meta property=\"article:published_time\" content=\"2023-11-13T08:13:38+00:00\" \/>\n<meta property=\"article:modified_time\" content=\"2023-11-13T08:13:41+00:00\" \/>\n<meta property=\"og:image\" content=\"https:\/\/kinaikaleidoszkop.hu\/wp-content\/uploads\/2023\/11\/\u4e2d\u7f8e\u56fd\u65d7.png\" \/>\n\t<meta property=\"og:image:width\" content=\"600\" \/>\n\t<meta property=\"og:image:height\" content=\"338\" \/>\n\t<meta property=\"og:image:type\" content=\"image\/png\" \/>\n<meta name=\"author\" content=\"admin-sebi\" \/>\n<meta name=\"twitter:card\" content=\"summary_large_image\" \/>\n<meta name=\"twitter:label1\" content=\"Szerz\u0151:\" \/>\n\t<meta name=\"twitter:data1\" content=\"admin-sebi\" \/>\n\t<meta name=\"twitter:label2\" content=\"Becs\u00fclt olvas\u00e1si id\u0151\" \/>\n\t<meta name=\"twitter:data2\" content=\"2 perc\" \/>\n<script type=\"application\/ld+json\" class=\"yoast-schema-graph\">{\"@context\":\"https:\/\/schema.org\",\"@graph\":[{\"@type\":\"WebPage\",\"@id\":\"https:\/\/kinaikaleidoszkop.hu\/index.php\/2023\/11\/13\/hszi-csin-ping-az-egyesult-allamokba-keszul\/\",\"url\":\"https:\/\/kinaikaleidoszkop.hu\/index.php\/2023\/11\/13\/hszi-csin-ping-az-egyesult-allamokba-keszul\/\",\"name\":\"Hszi Csin-ping az Egyes\u00fclt \u00c1llamokba k\u00e9sz\u00fcl - kinaikaleidoszkop.hu\",\"isPartOf\":{\"@id\":\"https:\/\/kinaikaleidoszkop.hu\/#website\"},\"primaryImageOfPage\":{\"@id\":\"https:\/\/kinaikaleidoszkop.hu\/index.php\/2023\/11\/13\/hszi-csin-ping-az-egyesult-allamokba-keszul\/#primaryimage\"},\"image\":{\"@id\":\"https:\/\/kinaikaleidoszkop.hu\/index.php\/2023\/11\/13\/hszi-csin-ping-az-egyesult-allamokba-keszul\/#primaryimage\"},\"thumbnailUrl\":\"https:\/\/kinaikaleidoszkop.hu\/wp-content\/uploads\/2023\/11\/\u4e2d\u7f8e\u56fd\u65d7.png\",\"datePublished\":\"2023-11-13T08:13:38+00:00\",\"dateModified\":\"2023-11-13T08:13:41+00:00\",\"author\":{\"@id\":\"https:\/\/kinaikaleidoszkop.hu\/#\/schema\/person\/fd215d3a8bab54daeb796ae166f99ea5\"},\"breadcrumb\":{\"@id\":\"https:\/\/kinaikaleidoszkop.hu\/index.php\/2023\/11\/13\/hszi-csin-ping-az-egyesult-allamokba-keszul\/#breadcrumb\"},\"inLanguage\":\"hu\",\"potentialAction\":[{\"@type\":\"ReadAction\",\"target\":[\"https:\/\/kinaikaleidoszkop.hu\/index.php\/2023\/11\/13\/hszi-csin-ping-az-egyesult-allamokba-keszul\/\"]}]},{\"@type\":\"ImageObject\",\"inLanguage\":\"hu\",\"@id\":\"https:\/\/kinaikaleidoszkop.hu\/index.php\/2023\/11\/13\/hszi-csin-ping-az-egyesult-allamokba-keszul\/#primaryimage\",\"url\":\"https:\/\/kinaikaleidoszkop.hu\/wp-content\/uploads\/2023\/11\/\u4e2d\u7f8e\u56fd\u65d7.png\",\"contentUrl\":\"https:\/\/kinaikaleidoszkop.hu\/wp-content\/uploads\/2023\/11\/\u4e2d\u7f8e\u56fd\u65d7.png\",\"width\":600,\"height\":338},{\"@type\":\"BreadcrumbList\",\"@id\":\"https:\/\/kinaikaleidoszkop.hu\/index.php\/2023\/11\/13\/hszi-csin-ping-az-egyesult-allamokba-keszul\/#breadcrumb\",\"itemListElement\":[{\"@type\":\"ListItem\",\"position\":1,\"name\":\"Kezd\u0151lap\",\"item\":\"https:\/\/kinaikaleidoszkop.hu\/\"},{\"@type\":\"ListItem\",\"position\":2,\"name\":\"Hszi Csin-ping az Egyes\u00fclt \u00c1llamokba k\u00e9sz\u00fcl\"}]},{\"@type\":\"WebSite\",\"@id\":\"https:\/\/kinaikaleidoszkop.hu\/#website\",\"url\":\"https:\/\/kinaikaleidoszkop.hu\/\",\"name\":\"kinaikaleidoszkop.hu\",\"description\":\"\",\"potentialAction\":[{\"@type\":\"SearchAction\",\"target\":{\"@type\":\"EntryPoint\",\"urlTemplate\":\"https:\/\/kinaikaleidoszkop.hu\/?s={search_term_string}\"},\"query-input\":{\"@type\":\"PropertyValueSpecification\",\"valueRequired\":true,\"valueName\":\"search_term_string\"}}],\"inLanguage\":\"hu\"},{\"@type\":\"Person\",\"@id\":\"https:\/\/kinaikaleidoszkop.hu\/#\/schema\/person\/fd215d3a8bab54daeb796ae166f99ea5\",\"name\":\"admin-sebi\",\"image\":{\"@type\":\"ImageObject\",\"inLanguage\":\"hu\",\"@id\":\"https:\/\/kinaikaleidoszkop.hu\/#\/schema\/person\/image\/\",\"url\":\"https:\/\/secure.gravatar.com\/avatar\/b1498042bc4969020b4951f204f963e97c3d7d199f3790c1071adf67c61d0aa5?s=96&d=mm&r=g\",\"contentUrl\":\"https:\/\/secure.gravatar.com\/avatar\/b1498042bc4969020b4951f204f963e97c3d7d199f3790c1071adf67c61d0aa5?s=96&d=mm&r=g\",\"caption\":\"admin-sebi\"},\"url\":\"https:\/\/kinaikaleidoszkop.hu\/index.php\/author\/admin-sebi\/\"}]}<\/script>\n<!-- \/ Yoast SEO plugin. -->","yoast_head_json":{"title":"Hszi Csin-ping az Egyes\u00fclt \u00c1llamokba k\u00e9sz\u00fcl - kinaikaleidoszkop.hu","robots":{"index":"index","follow":"follow","max-snippet":"max-snippet:-1","max-image-preview":"max-image-preview:large","max-video-preview":"max-video-preview:-1"},"canonical":"https:\/\/kinaikaleidoszkop.hu\/index.php\/2023\/11\/13\/hszi-csin-ping-az-egyesult-allamokba-keszul\/","og_locale":"hu_HU","og_type":"article","og_title":"Hszi Csin-ping az Egyes\u00fclt \u00c1llamokba k\u00e9sz\u00fcl - kinaikaleidoszkop.hu","og_description":"Joe Biden amerikai eln\u00f6k megh\u00edv\u00e1s\u00e1ra Hszi Csin-ping k\u00ednai eln\u00f6k november 14. \u00e9s 17. k\u00f6z\u00f6tt San Francisc\u00f3ba l\u00e1togat, hogy k\u00e9toldal\u00fa t\u00e1rgyal\u00e1son vegyen r\u00e9szt Joe Biden amerikai eln\u00f6kkel, \u00e9s r\u00e9szt vegyen az \u00c1zsiai-csendes-\u00f3ce\u00e1ni Gazdas\u00e1gi Egy\u00fcttm\u0171k\u00f6d\u00e9si Csoport (APEC) vezet\u0151inek 30. nem hivatalos tal\u00e1lkoz\u00f3j\u00e1n \u2013 jelentette be p\u00e9nteken a k\u00ednai k\u00fcl\u00fcgyminiszt\u00e9rium. Ez lesz az els\u0151 szem\u00e9lyes tal\u00e1lkoz\u00f3 a k\u00e9t [&hellip;]","og_url":"https:\/\/kinaikaleidoszkop.hu\/index.php\/2023\/11\/13\/hszi-csin-ping-az-egyesult-allamokba-keszul\/","og_site_name":"kinaikaleidoszkop.hu","article_published_time":"2023-11-13T08:13:38+00:00","article_modified_time":"2023-11-13T08:13:41+00:00","og_image":[{"width":600,"height":338,"url":"https:\/\/kinaikaleidoszkop.hu\/wp-content\/uploads\/2023\/11\/\u4e2d\u7f8e\u56fd\u65d7.png","type":"image\/png"}],"author":"admin-sebi","twitter_card":"summary_large_image","twitter_misc":{"Szerz\u0151:":"admin-sebi","Becs\u00fclt olvas\u00e1si id\u0151":"2 perc"},"schema":{"@context":"https:\/\/schema.org","@graph":[{"@type":"WebPage","@id":"https:\/\/kinaikaleidoszkop.hu\/index.php\/2023\/11\/13\/hszi-csin-ping-az-egyesult-allamokba-keszul\/","url":"https:\/\/kinaikaleidoszkop.hu\/index.php\/2023\/11\/13\/hszi-csin-ping-az-egyesult-allamokba-keszul\/","name":"Hszi Csin-ping az Egyes\u00fclt \u00c1llamokba k\u00e9sz\u00fcl - kinaikaleidoszkop.hu","isPartOf":{"@id":"https:\/\/kinaikaleidoszkop.hu\/#website"},"primaryImageOfPage":{"@id":"https:\/\/kinaikaleidoszkop.hu\/index.php\/2023\/11\/13\/hszi-csin-ping-az-egyesult-allamokba-keszul\/#primaryimage"},"image":{"@id":"https:\/\/kinaikaleidoszkop.hu\/index.php\/2023\/11\/13\/hszi-csin-ping-az-egyesult-allamokba-keszul\/#primaryimage"},"thumbnailUrl":"https:\/\/kinaikaleidoszkop.hu\/wp-content\/uploads\/2023\/11\/\u4e2d\u7f8e\u56fd\u65d7.png","datePublished":"2023-11-13T08:13:38+00:00","dateModified":"2023-11-13T08:13:41+00:00","author":{"@id":"https:\/\/kinaikaleidoszkop.hu\/#\/schema\/person\/fd215d3a8bab54daeb796ae166f99ea5"},"breadcrumb":{"@id":"https:\/\/kinaikaleidoszkop.hu\/index.php\/2023\/11\/13\/hszi-csin-ping-az-egyesult-allamokba-keszul\/#breadcrumb"},"inLanguage":"hu","potentialAction":[{"@type":"ReadAction","target":["https:\/\/kinaikaleidoszkop.hu\/index.php\/2023\/11\/13\/hszi-csin-ping-az-egyesult-allamokba-keszul\/"]}]},{"@type":"ImageObject","inLanguage":"hu","@id":"https:\/\/kinaikaleidoszkop.hu\/index.php\/2023\/11\/13\/hszi-csin-ping-az-egyesult-allamokba-keszul\/#primaryimage","url":"https:\/\/kinaikaleidoszkop.hu\/wp-content\/uploads\/2023\/11\/\u4e2d\u7f8e\u56fd\u65d7.png","contentUrl":"https:\/\/kinaikaleidoszkop.hu\/wp-content\/uploads\/2023\/11\/\u4e2d\u7f8e\u56fd\u65d7.png","width":600,"height":338},{"@type":"BreadcrumbList","@id":"https:\/\/kinaikaleidoszkop.hu\/index.php\/2023\/11\/13\/hszi-csin-ping-az-egyesult-allamokba-keszul\/#breadcrumb","itemListElement":[{"@type":"ListItem","position":1,"name":"Kezd\u0151lap","item":"https:\/\/kinaikaleidoszkop.hu\/"},{"@type":"ListItem","position":2,"name":"Hszi Csin-ping az Egyes\u00fclt \u00c1llamokba k\u00e9sz\u00fcl"}]},{"@type":"WebSite","@id":"https:\/\/kinaikaleidoszkop.hu\/#website","url":"https:\/\/kinaikaleidoszkop.hu\/","name":"kinaikaleidoszkop.hu","description":"","potentialAction":[{"@type":"SearchAction","target":{"@type":"EntryPoint","urlTemplate":"https:\/\/kinaikaleidoszkop.hu\/?s={search_term_string}"},"query-input":{"@type":"PropertyValueSpecification","valueRequired":true,"valueName":"search_term_string"}}],"inLanguage":"hu"},{"@type":"Person","@id":"https:\/\/kinaikaleidoszkop.hu\/#\/schema\/person\/fd215d3a8bab54daeb796ae166f99ea5","name":"admin-sebi","image":{"@type":"ImageObject","inLanguage":"hu","@id":"https:\/\/kinaikaleidoszkop.hu\/#\/schema\/person\/image\/","url":"https:\/\/secure.gravatar.com\/avatar\/b1498042bc4969020b4951f204f963e97c3d7d199f3790c1071adf67c61d0aa5?s=96&d=mm&r=g","contentUrl":"https:\/\/secure.gravatar.com\/avatar\/b1498042bc4969020b4951f204f963e97c3d7d199f3790c1071adf67c61d0aa5?s=96&d=mm&r=g","caption":"admin-sebi"},"url":"https:\/\/kinaikaleidoszkop.hu\/index.php\/author\/admin-sebi\/"}]}},"views":358,"distributor_meta":false,"distributor_terms":false,"distributor_media":false,"distributor_original_site_name":"kinaikaleidoszkop.hu","distributor_original_site_url":"https:\/\/kinaikaleidoszkop.hu","push-errors":false,"_links":{"self":[{"href":"https:\/\/kinaikaleidoszkop.hu\/index.php\/wp-json\/wp\/v2\/posts\/19788","targetHints":{"allow":["GET"]}}],"collection":[{"href":"https:\/\/kinaikaleidoszkop.hu\/index.php\/wp-json\/wp\/v2\/posts"}],"about":[{"href":"https:\/\/kinaikaleidoszkop.hu\/index.php\/wp-json\/wp\/v2\/types\/post"}],"author":[{"embeddable":true,"href":"https:\/\/kinaikaleidoszkop.hu\/index.php\/wp-json\/wp\/v2\/users\/6"}],"replies":[{"embeddable":true,"href":"https:\/\/kinaikaleidoszkop.hu\/index.php\/wp-json\/wp\/v2\/comments?post=19788"}],"version-history":[{"count":1,"href":"https:\/\/kinaikaleidoszkop.hu\/index.php\/wp-json\/wp\/v2\/posts\/19788\/revisions"}],"predecessor-version":[{"id":19791,"href":"https:\/\/kinaikaleidoszkop.hu\/index.php\/wp-json\/wp\/v2\/posts\/19788\/revisions\/19791"}],"wp:featuredmedia":[{"embeddable":true,"href":"https:\/\/kinaikaleidoszkop.hu\/index.php\/wp-json\/wp\/v2\/media\/19790"}],"wp:attachment":[{"href":"https:\/\/kinaikaleidoszkop.hu\/index.php\/wp-json\/wp\/v2\/media?parent=19788"}],"wp:term":[{"taxonomy":"category","embeddable":true,"href":"https:\/\/kinaikaleidoszkop.hu\/index.php\/wp-json\/wp\/v2\/categories?post=19788"},{"taxonomy":"post_tag","embeddable":true,"href":"https:\/\/kinaikaleidoszkop.hu\/index.php\/wp-json\/wp\/v2\/tags?post=19788"}],"curies":[{"name":"wp","href":"https:\/\/api.w.org\/{rel}","templated":true}]}}