{"id":19792,"date":"2023-11-13T10:49:26","date_gmt":"2023-11-13T09:49:26","guid":{"rendered":"https:\/\/kinaikaleidoszkop.hu\/?p=19792"},"modified":"2023-11-13T10:49:39","modified_gmt":"2023-11-13T09:49:39","slug":"a-kinai-es-az-amerikai-allami-vezeto-elmelyult-kommunikaciot-tart-a-ket-orszag-viszonyarol","status":"publish","type":"post","link":"https:\/\/kinaikaleidoszkop.hu\/index.php\/2023\/11\/13\/a-kinai-es-az-amerikai-allami-vezeto-elmelyult-kommunikaciot-tart-a-ket-orszag-viszonyarol\/","title":{"rendered":"A k\u00ednai \u00e9s az amerikai \u00e1llami vezet\u0151 elm\u00e9ly\u00fclt kommunik\u00e1ci\u00f3t tart a k\u00e9t orsz\u00e1g viszony\u00e1r\u00f3l"},"content":{"rendered":"\n<p><strong>A k\u00e9t orsz\u00e1g viszony\u00e1nak strat\u00e9giai, \u00e1tfog\u00f3 \u00e9s ir\u00e1ny\u00edthat\u00f3 k\u00e9rd\u00e9seir\u0151l, a vil\u00e1gb\u00e9k\u00e9r\u0151l \u00e9s a vil\u00e1g fejl\u0151d\u00e9s\u00e9r\u0151l elm\u00e9ly\u00fclt kommunik\u00e1ci\u00f3t fog tartani a k\u00ednai \u00e9s az amerikai \u00e1llami vezet\u0151, jelentette be november 13-\u00e1n Mao Ning k\u00ednai k\u00fcl\u00fcgyi sz\u00f3viv\u0151 a szok\u00e1sos sajt\u00f3t\u00e1j\u00e9koztat\u00f3n, \u00e9s inform\u00e1ci\u00f3kkal is szolg\u00e1lt a k\u00ednai \u00e9s amerikai \u00e1llami vezet\u0151 tal\u00e1lkoz\u00e1s\u00e1r\u00f3l.<\/strong><\/p>\n\n\n\n<figure class=\"wp-block-image size-full\"><img loading=\"lazy\" decoding=\"async\" width=\"1024\" height=\"683\" src=\"https:\/\/kinaikaleidoszkop.hu\/wp-content\/uploads\/2023\/11\/1113CMGA-kinai-es-az-amerikai-allami-vezeto-elmelyult-kommunikaciot-tart-a-ket-orszag-viszonyarol.jpg\" alt=\"\" class=\"wp-image-19794\" srcset=\"https:\/\/kinaikaleidoszkop.hu\/wp-content\/uploads\/2023\/11\/1113CMGA-kinai-es-az-amerikai-allami-vezeto-elmelyult-kommunikaciot-tart-a-ket-orszag-viszonyarol.jpg 1024w, https:\/\/kinaikaleidoszkop.hu\/wp-content\/uploads\/2023\/11\/1113CMGA-kinai-es-az-amerikai-allami-vezeto-elmelyult-kommunikaciot-tart-a-ket-orszag-viszonyarol-300x200.jpg 300w, https:\/\/kinaikaleidoszkop.hu\/wp-content\/uploads\/2023\/11\/1113CMGA-kinai-es-az-amerikai-allami-vezeto-elmelyult-kommunikaciot-tart-a-ket-orszag-viszonyarol-768x512.jpg 768w, https:\/\/kinaikaleidoszkop.hu\/wp-content\/uploads\/2023\/11\/1113CMGA-kinai-es-az-amerikai-allami-vezeto-elmelyult-kommunikaciot-tart-a-ket-orszag-viszonyarol-414x276.jpg 414w, https:\/\/kinaikaleidoszkop.hu\/wp-content\/uploads\/2023\/11\/1113CMGA-kinai-es-az-amerikai-allami-vezeto-elmelyult-kommunikaciot-tart-a-ket-orszag-viszonyarol-470x313.jpg 470w, https:\/\/kinaikaleidoszkop.hu\/wp-content\/uploads\/2023\/11\/1113CMGA-kinai-es-az-amerikai-allami-vezeto-elmelyult-kommunikaciot-tart-a-ket-orszag-viszonyarol-640x426.jpg 640w, https:\/\/kinaikaleidoszkop.hu\/wp-content\/uploads\/2023\/11\/1113CMGA-kinai-es-az-amerikai-allami-vezeto-elmelyult-kommunikaciot-tart-a-ket-orszag-viszonyarol-130x86.jpg 130w, https:\/\/kinaikaleidoszkop.hu\/wp-content\/uploads\/2023\/11\/1113CMGA-kinai-es-az-amerikai-allami-vezeto-elmelyult-kommunikaciot-tart-a-ket-orszag-viszonyarol-187x124.jpg 187w, https:\/\/kinaikaleidoszkop.hu\/wp-content\/uploads\/2023\/11\/1113CMGA-kinai-es-az-amerikai-allami-vezeto-elmelyult-kommunikaciot-tart-a-ket-orszag-viszonyarol-990x660.jpg 990w\" sizes=\"auto, (max-width: 1024px) 100vw, 1024px\" \/><\/figure>\n\n\n\n<p>Mao Ning elmondta, K\u00edna mindig a k\u00f6lcs\u00f6n\u00f6s tisztelet, a b\u00e9k\u00e9s egy\u00fctt\u00e9l\u00e9s \u00e9s az egy\u00fcttm\u0171k\u00f6d\u00e9s h\u00e1rom elv\u00e9t betartva tekint az USA-val folytatott viszonyra. A nagyhatalmak versenye nem a mai vil\u00e1g fejl\u0151d\u00e9si tendenci\u00e1ja, nem oldhatja meg az Egyes\u00fclt \u00c1llamok probl\u00e9m\u00e1it \u00e9s a vil\u00e1gban t\u00f6rt\u00e9nt kih\u00edv\u00e1sokat. K\u00edna nem f\u00e9l a versenyt\u0151l, de ellenzi, hogy a verseny hat\u00e1rozza meg a k\u00ednai\u2013amerikai kapcsolatokat, mondta a k\u00ednai k\u00fcl\u00fcgyi sz\u00f3viv\u0151.<\/p>\n\n\n\n<p>K\u00edna nem akarja megv\u00e1ltoztatni az USA-t, \u00e9s az USA sem alak\u00edthatja vagy v\u00e1ltoztathatja K\u00edn\u00e1t. K\u00edna rem\u00e9li, hogy az Egyes\u00fclt \u00c1llamok megval\u00f3s\u00edtja az \u00edg\u00e9ret\u00e9t, \u00e9s nem fordul az \u201e\u00faj hidegh\u00e1bor\u00fa\u201d fel\u00e9, \u00e9s nem akar konfliktust K\u00edn\u00e1val.<\/p>\n\n\n\n<p>A k\u00ednai k\u00fcl\u00fcgyi sz\u00f3viv\u0151 a tajvani probl\u00e9m\u00e1r\u00f3l kiemelten sz\u00f3lt. R\u00e1mutatott, hogy a k\u00e9rd\u00e9s K\u00edna bel\u00fcgye, \u00e9s a megold\u00e1sa a k\u00ednaiak dolga, amelybe nem avatkozhat k\u00fcls\u0151 er\u0151. Mao Ning s\u00fcrgette az USA-t, hogy tartsa be az \u201eegy K\u00edna\u201d elvet, \u00e9s gyakorlati tetteivel ellenezze a \u201etajvani f\u00fcggetlens\u00e9get\u201d.<\/p>\n\n\n\n<p>A D\u00e9l-k\u00ednai-tengerr\u0151l a sz\u00f3viv\u0151 elmondta, hogy K\u00edna nem k\u00e9r olyat, ami nem K\u00edn\u00e1hoz tartozik, de egy n\u00e9gyzetm\u00e9ter ter\u00fcletet sem ad fel abb\u00f3l, ami K\u00edn\u00e1hoz tartozik.<\/p>\n\n\n\n<p>A k\u00ednai k\u00fcl\u00fcgyi sz\u00f3viv\u0151 megism\u00e9telte K\u00edna \u00e1ll\u00e1spontj\u00e1t a palesztin\u2013izraeli konfliktusr\u00f3l. Eszerint K\u00edna mindig az igazs\u00e1g oldal\u00e1n \u00e1ll, \u00e9s er\u0151fesz\u00edt\u00e9seket tesz a konfliktus enyh\u00edt\u00e9s\u00e9re \u00e9s a civilek megv\u00e9d\u00e9s\u00e9re. \u201eRem\u00e9lj\u00fck, hogy az Egyes\u00fclt \u00c1llamok objekt\u00edv \u00e9s igazs\u00e1gos \u00e1ll\u00e1sponttal konstrukt\u00edv szerepet j\u00e1tszik a t\u0171zsz\u00fcnet megval\u00f3s\u00edt\u00e1s\u00e1ban\u201d \u2013 mondta Mao Ning.<\/p>\n\n\n\n<p><strong><em>2023. 11. 13.<\/em><\/strong><\/p>\n\n\n\n<p><strong>(China Media Group \u2013 Wang Yuzhe)<\/strong><\/p>\n\n\n\n<p><strong><em>(x)<\/em><\/strong><\/p>\n","protected":false},"excerpt":{"rendered":"<p>A k\u00e9t orsz\u00e1g viszony\u00e1nak strat\u00e9giai, \u00e1tfog\u00f3 \u00e9s ir\u00e1ny\u00edthat\u00f3 k\u00e9rd\u00e9seir\u0151l, a vil\u00e1gb\u00e9k\u00e9r\u0151l \u00e9s a vil\u00e1g fejl\u0151d\u00e9s\u00e9r\u0151l elm\u00e9ly\u00fclt kommunik\u00e1ci\u00f3t fog tartani a k\u00ednai \u00e9s az amerikai \u00e1llami vezet\u0151, jelentette be november 13-\u00e1n Mao Ning k\u00ednai k\u00fcl\u00fcgyi sz\u00f3viv\u0151 a szok\u00e1sos sajt\u00f3t\u00e1j\u00e9koztat\u00f3n, \u00e9s inform\u00e1ci\u00f3kkal is szolg\u00e1lt a k\u00ednai \u00e9s amerikai \u00e1llami vezet\u0151 tal\u00e1lkoz\u00e1s\u00e1r\u00f3l. Mao Ning elmondta, K\u00edna mindig a [&hellip;]<\/p>\n","protected":false},"author":6,"featured_media":19794,"comment_status":"closed","ping_status":"closed","sticky":false,"template":"","format":"standard","meta":{"footnotes":""},"categories":[45],"tags":[637,131,305,410,326,544],"class_list":["post-19792","post","type-post","status-publish","format-standard","has-post-thumbnail","hentry","category-hirek","tag-diplomacia","tag-egyesult-allamok","tag-hszi-csin-ping","tag-joe-biden","tag-kinai-allamelnok","tag-latogatas"],"yoast_head":"<!-- This site is optimized with the Yoast SEO plugin v23.7 - https:\/\/yoast.com\/wordpress\/plugins\/seo\/ -->\n<title>A k\u00ednai \u00e9s az amerikai \u00e1llami vezet\u0151 elm\u00e9ly\u00fclt kommunik\u00e1ci\u00f3t tart a k\u00e9t orsz\u00e1g viszony\u00e1r\u00f3l - kinaikaleidoszkop.hu<\/title>\n<meta name=\"robots\" content=\"index, follow, max-snippet:-1, max-image-preview:large, max-video-preview:-1\" \/>\n<link rel=\"canonical\" href=\"https:\/\/kinaikaleidoszkop.hu\/index.php\/2023\/11\/13\/a-kinai-es-az-amerikai-allami-vezeto-elmelyult-kommunikaciot-tart-a-ket-orszag-viszonyarol\/\" \/>\n<meta property=\"og:locale\" content=\"hu_HU\" \/>\n<meta property=\"og:type\" content=\"article\" \/>\n<meta property=\"og:title\" content=\"A k\u00ednai \u00e9s az amerikai \u00e1llami vezet\u0151 elm\u00e9ly\u00fclt kommunik\u00e1ci\u00f3t tart a k\u00e9t orsz\u00e1g viszony\u00e1r\u00f3l - kinaikaleidoszkop.hu\" \/>\n<meta property=\"og:description\" content=\"A k\u00e9t orsz\u00e1g viszony\u00e1nak strat\u00e9giai, \u00e1tfog\u00f3 \u00e9s ir\u00e1ny\u00edthat\u00f3 k\u00e9rd\u00e9seir\u0151l, a vil\u00e1gb\u00e9k\u00e9r\u0151l \u00e9s a vil\u00e1g fejl\u0151d\u00e9s\u00e9r\u0151l elm\u00e9ly\u00fclt kommunik\u00e1ci\u00f3t fog tartani a k\u00ednai \u00e9s az amerikai \u00e1llami vezet\u0151, jelentette be november 13-\u00e1n Mao Ning k\u00ednai k\u00fcl\u00fcgyi sz\u00f3viv\u0151 a szok\u00e1sos sajt\u00f3t\u00e1j\u00e9koztat\u00f3n, \u00e9s inform\u00e1ci\u00f3kkal is szolg\u00e1lt a k\u00ednai \u00e9s amerikai \u00e1llami vezet\u0151 tal\u00e1lkoz\u00e1s\u00e1r\u00f3l. Mao Ning elmondta, K\u00edna mindig a [&hellip;]\" \/>\n<meta property=\"og:url\" content=\"https:\/\/kinaikaleidoszkop.hu\/index.php\/2023\/11\/13\/a-kinai-es-az-amerikai-allami-vezeto-elmelyult-kommunikaciot-tart-a-ket-orszag-viszonyarol\/\" \/>\n<meta property=\"og:site_name\" content=\"kinaikaleidoszkop.hu\" \/>\n<meta property=\"article:published_time\" content=\"2023-11-13T09:49:26+00:00\" \/>\n<meta property=\"article:modified_time\" content=\"2023-11-13T09:49:39+00:00\" \/>\n<meta property=\"og:image\" content=\"https:\/\/kinaikaleidoszkop.hu\/wp-content\/uploads\/2023\/11\/1113CMGA-kinai-es-az-amerikai-allami-vezeto-elmelyult-kommunikaciot-tart-a-ket-orszag-viszonyarol.jpg\" \/>\n\t<meta property=\"og:image:width\" content=\"1024\" \/>\n\t<meta property=\"og:image:height\" content=\"683\" \/>\n\t<meta property=\"og:image:type\" content=\"image\/jpeg\" \/>\n<meta name=\"author\" content=\"admin-sebi\" \/>\n<meta name=\"twitter:card\" content=\"summary_large_image\" \/>\n<meta name=\"twitter:label1\" content=\"Szerz\u0151:\" \/>\n\t<meta name=\"twitter:data1\" content=\"admin-sebi\" \/>\n\t<meta name=\"twitter:label2\" content=\"Becs\u00fclt olvas\u00e1si id\u0151\" \/>\n\t<meta name=\"twitter:data2\" content=\"2 perc\" \/>\n<script type=\"application\/ld+json\" class=\"yoast-schema-graph\">{\"@context\":\"https:\/\/schema.org\",\"@graph\":[{\"@type\":\"WebPage\",\"@id\":\"https:\/\/kinaikaleidoszkop.hu\/index.php\/2023\/11\/13\/a-kinai-es-az-amerikai-allami-vezeto-elmelyult-kommunikaciot-tart-a-ket-orszag-viszonyarol\/\",\"url\":\"https:\/\/kinaikaleidoszkop.hu\/index.php\/2023\/11\/13\/a-kinai-es-az-amerikai-allami-vezeto-elmelyult-kommunikaciot-tart-a-ket-orszag-viszonyarol\/\",\"name\":\"A k\u00ednai \u00e9s az amerikai \u00e1llami vezet\u0151 elm\u00e9ly\u00fclt kommunik\u00e1ci\u00f3t tart a k\u00e9t orsz\u00e1g viszony\u00e1r\u00f3l - kinaikaleidoszkop.hu\",\"isPartOf\":{\"@id\":\"https:\/\/kinaikaleidoszkop.hu\/#website\"},\"primaryImageOfPage\":{\"@id\":\"https:\/\/kinaikaleidoszkop.hu\/index.php\/2023\/11\/13\/a-kinai-es-az-amerikai-allami-vezeto-elmelyult-kommunikaciot-tart-a-ket-orszag-viszonyarol\/#primaryimage\"},\"image\":{\"@id\":\"https:\/\/kinaikaleidoszkop.hu\/index.php\/2023\/11\/13\/a-kinai-es-az-amerikai-allami-vezeto-elmelyult-kommunikaciot-tart-a-ket-orszag-viszonyarol\/#primaryimage\"},\"thumbnailUrl\":\"https:\/\/kinaikaleidoszkop.hu\/wp-content\/uploads\/2023\/11\/1113CMGA-kinai-es-az-amerikai-allami-vezeto-elmelyult-kommunikaciot-tart-a-ket-orszag-viszonyarol.jpg\",\"datePublished\":\"2023-11-13T09:49:26+00:00\",\"dateModified\":\"2023-11-13T09:49:39+00:00\",\"author\":{\"@id\":\"https:\/\/kinaikaleidoszkop.hu\/#\/schema\/person\/fd215d3a8bab54daeb796ae166f99ea5\"},\"breadcrumb\":{\"@id\":\"https:\/\/kinaikaleidoszkop.hu\/index.php\/2023\/11\/13\/a-kinai-es-az-amerikai-allami-vezeto-elmelyult-kommunikaciot-tart-a-ket-orszag-viszonyarol\/#breadcrumb\"},\"inLanguage\":\"hu\",\"potentialAction\":[{\"@type\":\"ReadAction\",\"target\":[\"https:\/\/kinaikaleidoszkop.hu\/index.php\/2023\/11\/13\/a-kinai-es-az-amerikai-allami-vezeto-elmelyult-kommunikaciot-tart-a-ket-orszag-viszonyarol\/\"]}]},{\"@type\":\"ImageObject\",\"inLanguage\":\"hu\",\"@id\":\"https:\/\/kinaikaleidoszkop.hu\/index.php\/2023\/11\/13\/a-kinai-es-az-amerikai-allami-vezeto-elmelyult-kommunikaciot-tart-a-ket-orszag-viszonyarol\/#primaryimage\",\"url\":\"https:\/\/kinaikaleidoszkop.hu\/wp-content\/uploads\/2023\/11\/1113CMGA-kinai-es-az-amerikai-allami-vezeto-elmelyult-kommunikaciot-tart-a-ket-orszag-viszonyarol.jpg\",\"contentUrl\":\"https:\/\/kinaikaleidoszkop.hu\/wp-content\/uploads\/2023\/11\/1113CMGA-kinai-es-az-amerikai-allami-vezeto-elmelyult-kommunikaciot-tart-a-ket-orszag-viszonyarol.jpg\",\"width\":1024,\"height\":683},{\"@type\":\"BreadcrumbList\",\"@id\":\"https:\/\/kinaikaleidoszkop.hu\/index.php\/2023\/11\/13\/a-kinai-es-az-amerikai-allami-vezeto-elmelyult-kommunikaciot-tart-a-ket-orszag-viszonyarol\/#breadcrumb\",\"itemListElement\":[{\"@type\":\"ListItem\",\"position\":1,\"name\":\"Kezd\u0151lap\",\"item\":\"https:\/\/kinaikaleidoszkop.hu\/\"},{\"@type\":\"ListItem\",\"position\":2,\"name\":\"A k\u00ednai \u00e9s az amerikai \u00e1llami vezet\u0151 elm\u00e9ly\u00fclt kommunik\u00e1ci\u00f3t tart a k\u00e9t orsz\u00e1g viszony\u00e1r\u00f3l\"}]},{\"@type\":\"WebSite\",\"@id\":\"https:\/\/kinaikaleidoszkop.hu\/#website\",\"url\":\"https:\/\/kinaikaleidoszkop.hu\/\",\"name\":\"kinaikaleidoszkop.hu\",\"description\":\"\",\"potentialAction\":[{\"@type\":\"SearchAction\",\"target\":{\"@type\":\"EntryPoint\",\"urlTemplate\":\"https:\/\/kinaikaleidoszkop.hu\/?s={search_term_string}\"},\"query-input\":{\"@type\":\"PropertyValueSpecification\",\"valueRequired\":true,\"valueName\":\"search_term_string\"}}],\"inLanguage\":\"hu\"},{\"@type\":\"Person\",\"@id\":\"https:\/\/kinaikaleidoszkop.hu\/#\/schema\/person\/fd215d3a8bab54daeb796ae166f99ea5\",\"name\":\"admin-sebi\",\"image\":{\"@type\":\"ImageObject\",\"inLanguage\":\"hu\",\"@id\":\"https:\/\/kinaikaleidoszkop.hu\/#\/schema\/person\/image\/\",\"url\":\"https:\/\/secure.gravatar.com\/avatar\/b1498042bc4969020b4951f204f963e97c3d7d199f3790c1071adf67c61d0aa5?s=96&d=mm&r=g\",\"contentUrl\":\"https:\/\/secure.gravatar.com\/avatar\/b1498042bc4969020b4951f204f963e97c3d7d199f3790c1071adf67c61d0aa5?s=96&d=mm&r=g\",\"caption\":\"admin-sebi\"},\"url\":\"https:\/\/kinaikaleidoszkop.hu\/index.php\/author\/admin-sebi\/\"}]}<\/script>\n<!-- \/ Yoast SEO plugin. -->","yoast_head_json":{"title":"A k\u00ednai \u00e9s az amerikai \u00e1llami vezet\u0151 elm\u00e9ly\u00fclt kommunik\u00e1ci\u00f3t tart a k\u00e9t orsz\u00e1g viszony\u00e1r\u00f3l - kinaikaleidoszkop.hu","robots":{"index":"index","follow":"follow","max-snippet":"max-snippet:-1","max-image-preview":"max-image-preview:large","max-video-preview":"max-video-preview:-1"},"canonical":"https:\/\/kinaikaleidoszkop.hu\/index.php\/2023\/11\/13\/a-kinai-es-az-amerikai-allami-vezeto-elmelyult-kommunikaciot-tart-a-ket-orszag-viszonyarol\/","og_locale":"hu_HU","og_type":"article","og_title":"A k\u00ednai \u00e9s az amerikai \u00e1llami vezet\u0151 elm\u00e9ly\u00fclt kommunik\u00e1ci\u00f3t tart a k\u00e9t orsz\u00e1g viszony\u00e1r\u00f3l - kinaikaleidoszkop.hu","og_description":"A k\u00e9t orsz\u00e1g viszony\u00e1nak strat\u00e9giai, \u00e1tfog\u00f3 \u00e9s ir\u00e1ny\u00edthat\u00f3 k\u00e9rd\u00e9seir\u0151l, a vil\u00e1gb\u00e9k\u00e9r\u0151l \u00e9s a vil\u00e1g fejl\u0151d\u00e9s\u00e9r\u0151l elm\u00e9ly\u00fclt kommunik\u00e1ci\u00f3t fog tartani a k\u00ednai \u00e9s az amerikai \u00e1llami vezet\u0151, jelentette be november 13-\u00e1n Mao Ning k\u00ednai k\u00fcl\u00fcgyi sz\u00f3viv\u0151 a szok\u00e1sos sajt\u00f3t\u00e1j\u00e9koztat\u00f3n, \u00e9s inform\u00e1ci\u00f3kkal is szolg\u00e1lt a k\u00ednai \u00e9s amerikai \u00e1llami vezet\u0151 tal\u00e1lkoz\u00e1s\u00e1r\u00f3l. Mao Ning elmondta, K\u00edna mindig a [&hellip;]","og_url":"https:\/\/kinaikaleidoszkop.hu\/index.php\/2023\/11\/13\/a-kinai-es-az-amerikai-allami-vezeto-elmelyult-kommunikaciot-tart-a-ket-orszag-viszonyarol\/","og_site_name":"kinaikaleidoszkop.hu","article_published_time":"2023-11-13T09:49:26+00:00","article_modified_time":"2023-11-13T09:49:39+00:00","og_image":[{"width":1024,"height":683,"url":"https:\/\/kinaikaleidoszkop.hu\/wp-content\/uploads\/2023\/11\/1113CMGA-kinai-es-az-amerikai-allami-vezeto-elmelyult-kommunikaciot-tart-a-ket-orszag-viszonyarol.jpg","type":"image\/jpeg"}],"author":"admin-sebi","twitter_card":"summary_large_image","twitter_misc":{"Szerz\u0151:":"admin-sebi","Becs\u00fclt olvas\u00e1si id\u0151":"2 perc"},"schema":{"@context":"https:\/\/schema.org","@graph":[{"@type":"WebPage","@id":"https:\/\/kinaikaleidoszkop.hu\/index.php\/2023\/11\/13\/a-kinai-es-az-amerikai-allami-vezeto-elmelyult-kommunikaciot-tart-a-ket-orszag-viszonyarol\/","url":"https:\/\/kinaikaleidoszkop.hu\/index.php\/2023\/11\/13\/a-kinai-es-az-amerikai-allami-vezeto-elmelyult-kommunikaciot-tart-a-ket-orszag-viszonyarol\/","name":"A k\u00ednai \u00e9s az amerikai \u00e1llami vezet\u0151 elm\u00e9ly\u00fclt kommunik\u00e1ci\u00f3t tart a k\u00e9t orsz\u00e1g viszony\u00e1r\u00f3l - kinaikaleidoszkop.hu","isPartOf":{"@id":"https:\/\/kinaikaleidoszkop.hu\/#website"},"primaryImageOfPage":{"@id":"https:\/\/kinaikaleidoszkop.hu\/index.php\/2023\/11\/13\/a-kinai-es-az-amerikai-allami-vezeto-elmelyult-kommunikaciot-tart-a-ket-orszag-viszonyarol\/#primaryimage"},"image":{"@id":"https:\/\/kinaikaleidoszkop.hu\/index.php\/2023\/11\/13\/a-kinai-es-az-amerikai-allami-vezeto-elmelyult-kommunikaciot-tart-a-ket-orszag-viszonyarol\/#primaryimage"},"thumbnailUrl":"https:\/\/kinaikaleidoszkop.hu\/wp-content\/uploads\/2023\/11\/1113CMGA-kinai-es-az-amerikai-allami-vezeto-elmelyult-kommunikaciot-tart-a-ket-orszag-viszonyarol.jpg","datePublished":"2023-11-13T09:49:26+00:00","dateModified":"2023-11-13T09:49:39+00:00","author":{"@id":"https:\/\/kinaikaleidoszkop.hu\/#\/schema\/person\/fd215d3a8bab54daeb796ae166f99ea5"},"breadcrumb":{"@id":"https:\/\/kinaikaleidoszkop.hu\/index.php\/2023\/11\/13\/a-kinai-es-az-amerikai-allami-vezeto-elmelyult-kommunikaciot-tart-a-ket-orszag-viszonyarol\/#breadcrumb"},"inLanguage":"hu","potentialAction":[{"@type":"ReadAction","target":["https:\/\/kinaikaleidoszkop.hu\/index.php\/2023\/11\/13\/a-kinai-es-az-amerikai-allami-vezeto-elmelyult-kommunikaciot-tart-a-ket-orszag-viszonyarol\/"]}]},{"@type":"ImageObject","inLanguage":"hu","@id":"https:\/\/kinaikaleidoszkop.hu\/index.php\/2023\/11\/13\/a-kinai-es-az-amerikai-allami-vezeto-elmelyult-kommunikaciot-tart-a-ket-orszag-viszonyarol\/#primaryimage","url":"https:\/\/kinaikaleidoszkop.hu\/wp-content\/uploads\/2023\/11\/1113CMGA-kinai-es-az-amerikai-allami-vezeto-elmelyult-kommunikaciot-tart-a-ket-orszag-viszonyarol.jpg","contentUrl":"https:\/\/kinaikaleidoszkop.hu\/wp-content\/uploads\/2023\/11\/1113CMGA-kinai-es-az-amerikai-allami-vezeto-elmelyult-kommunikaciot-tart-a-ket-orszag-viszonyarol.jpg","width":1024,"height":683},{"@type":"BreadcrumbList","@id":"https:\/\/kinaikaleidoszkop.hu\/index.php\/2023\/11\/13\/a-kinai-es-az-amerikai-allami-vezeto-elmelyult-kommunikaciot-tart-a-ket-orszag-viszonyarol\/#breadcrumb","itemListElement":[{"@type":"ListItem","position":1,"name":"Kezd\u0151lap","item":"https:\/\/kinaikaleidoszkop.hu\/"},{"@type":"ListItem","position":2,"name":"A k\u00ednai \u00e9s az amerikai \u00e1llami vezet\u0151 elm\u00e9ly\u00fclt kommunik\u00e1ci\u00f3t tart a k\u00e9t orsz\u00e1g viszony\u00e1r\u00f3l"}]},{"@type":"WebSite","@id":"https:\/\/kinaikaleidoszkop.hu\/#website","url":"https:\/\/kinaikaleidoszkop.hu\/","name":"kinaikaleidoszkop.hu","description":"","potentialAction":[{"@type":"SearchAction","target":{"@type":"EntryPoint","urlTemplate":"https:\/\/kinaikaleidoszkop.hu\/?s={search_term_string}"},"query-input":{"@type":"PropertyValueSpecification","valueRequired":true,"valueName":"search_term_string"}}],"inLanguage":"hu"},{"@type":"Person","@id":"https:\/\/kinaikaleidoszkop.hu\/#\/schema\/person\/fd215d3a8bab54daeb796ae166f99ea5","name":"admin-sebi","image":{"@type":"ImageObject","inLanguage":"hu","@id":"https:\/\/kinaikaleidoszkop.hu\/#\/schema\/person\/image\/","url":"https:\/\/secure.gravatar.com\/avatar\/b1498042bc4969020b4951f204f963e97c3d7d199f3790c1071adf67c61d0aa5?s=96&d=mm&r=g","contentUrl":"https:\/\/secure.gravatar.com\/avatar\/b1498042bc4969020b4951f204f963e97c3d7d199f3790c1071adf67c61d0aa5?s=96&d=mm&r=g","caption":"admin-sebi"},"url":"https:\/\/kinaikaleidoszkop.hu\/index.php\/author\/admin-sebi\/"}]}},"views":243,"distributor_meta":false,"distributor_terms":false,"distributor_media":false,"distributor_original_site_name":"kinaikaleidoszkop.hu","distributor_original_site_url":"https:\/\/kinaikaleidoszkop.hu","push-errors":false,"_links":{"self":[{"href":"https:\/\/kinaikaleidoszkop.hu\/index.php\/wp-json\/wp\/v2\/posts\/19792","targetHints":{"allow":["GET"]}}],"collection":[{"href":"https:\/\/kinaikaleidoszkop.hu\/index.php\/wp-json\/wp\/v2\/posts"}],"about":[{"href":"https:\/\/kinaikaleidoszkop.hu\/index.php\/wp-json\/wp\/v2\/types\/post"}],"author":[{"embeddable":true,"href":"https:\/\/kinaikaleidoszkop.hu\/index.php\/wp-json\/wp\/v2\/users\/6"}],"replies":[{"embeddable":true,"href":"https:\/\/kinaikaleidoszkop.hu\/index.php\/wp-json\/wp\/v2\/comments?post=19792"}],"version-history":[{"count":1,"href":"https:\/\/kinaikaleidoszkop.hu\/index.php\/wp-json\/wp\/v2\/posts\/19792\/revisions"}],"predecessor-version":[{"id":19795,"href":"https:\/\/kinaikaleidoszkop.hu\/index.php\/wp-json\/wp\/v2\/posts\/19792\/revisions\/19795"}],"wp:featuredmedia":[{"embeddable":true,"href":"https:\/\/kinaikaleidoszkop.hu\/index.php\/wp-json\/wp\/v2\/media\/19794"}],"wp:attachment":[{"href":"https:\/\/kinaikaleidoszkop.hu\/index.php\/wp-json\/wp\/v2\/media?parent=19792"}],"wp:term":[{"taxonomy":"category","embeddable":true,"href":"https:\/\/kinaikaleidoszkop.hu\/index.php\/wp-json\/wp\/v2\/categories?post=19792"},{"taxonomy":"post_tag","embeddable":true,"href":"https:\/\/kinaikaleidoszkop.hu\/index.php\/wp-json\/wp\/v2\/tags?post=19792"}],"curies":[{"name":"wp","href":"https:\/\/api.w.org\/{rel}","templated":true}]}}