{"id":19808,"date":"2023-11-14T09:38:20","date_gmt":"2023-11-14T08:38:20","guid":{"rendered":"https:\/\/kinaikaleidoszkop.hu\/?p=19808"},"modified":"2023-11-14T09:38:24","modified_gmt":"2023-11-14T08:38:24","slug":"cmg-kommentar-a-tettek-a-dontoek","status":"publish","type":"post","link":"https:\/\/kinaikaleidoszkop.hu\/index.php\/2023\/11\/14\/cmg-kommentar-a-tettek-a-dontoek\/","title":{"rendered":"CMG-komment\u00e1r: A tettek a d\u00f6nt\u0151ek"},"content":{"rendered":"\n<p><strong>Els\u0151 k\u00ednai l\u00e1togat\u00e1s\u00e1nak 50. \u00e9vfordul\u00f3ja alkalm\u00e1b\u00f3l november 10-\u00e9n este Pekingben koncertet tartott az amerikai Philadelphia Zenekar.<\/strong><\/p>\n\n\n<div class=\"wp-block-image\">\n<figure class=\"aligncenter size-full\"><img loading=\"lazy\" decoding=\"async\" width=\"600\" height=\"400\" src=\"https:\/\/kinaikaleidoszkop.hu\/wp-content\/uploads\/2023\/11\/1114Lea1.jpg\" alt=\"\" class=\"wp-image-19810\" srcset=\"https:\/\/kinaikaleidoszkop.hu\/wp-content\/uploads\/2023\/11\/1114Lea1.jpg 600w, https:\/\/kinaikaleidoszkop.hu\/wp-content\/uploads\/2023\/11\/1114Lea1-300x200.jpg 300w, https:\/\/kinaikaleidoszkop.hu\/wp-content\/uploads\/2023\/11\/1114Lea1-414x276.jpg 414w, https:\/\/kinaikaleidoszkop.hu\/wp-content\/uploads\/2023\/11\/1114Lea1-470x313.jpg 470w, https:\/\/kinaikaleidoszkop.hu\/wp-content\/uploads\/2023\/11\/1114Lea1-130x86.jpg 130w, https:\/\/kinaikaleidoszkop.hu\/wp-content\/uploads\/2023\/11\/1114Lea1-187x124.jpg 187w\" sizes=\"auto, (max-width: 600px) 100vw, 600px\" \/><\/figure>\n<\/div>\n\n\n<p>A t\u00f6rt\u00e9nelemt\u0151l kezdve a mai val\u00f3s\u00e1gig K\u00edna \u00e9s az Egyes\u00fclt \u00c1llamok k\u00f6z\u00f6tt ezer ok van arra, hogy \u00e9p\u00edts\u00fck a kapcsolatainkat, de egyetlen egy sincs egym\u00e1s elpuszt\u00edt\u00e1s\u00e1ra. Ahogy a n\u00e9pek k\u00f6z\u00f6tti kapcsolatok szorosabb\u00e1 v\u00e1lnak, a hivatalos cser\u00e9k szint\u00e9n felgyorsulnak. A k\u00e9t f\u00e9l k\u00f6z\u00f6tti cserekapcsolatok pozit\u00edv jeleket k\u00fcldtek a k\u00ednai\u2013amerikai kapcsolatok stabilit\u00e1s\u00e1r\u00f3l, \u00e9s megalapozt\u00e1k a k\u00ednai \u00e9s az amerikai eln\u00f6k San Francisc\u00f3-i cs\u00facstal\u00e1lkoz\u00f3j\u00e1t.<\/p>\n\n\n\n<p>A cs\u00facstal\u00e1lkoz\u00f3 l\u00e9nyege \u201ea visszat\u00e9r\u00e9s a Bali szigeten el\u00e9rt konszenzushoz\u201d, hiszen az elm\u00falt \u00e9vben az amerikai \u00e9s k\u00ednai kapcsolatok az\u00e9rt n\u00e9ztek szembe annyi neh\u00e9zs\u00e9ggel, mert a bali konszenzust nem hajtott\u00e1k v\u00e9gre. Az amerikai politikusok f\u00e9lre\u00e9rtett\u00e9k K\u00edn\u00e1t \u00e9s emiatt t\u00e9ves K\u00edna-politik\u00e1kat folytattak. Az Egyes\u00fclt \u00c1llamok tettei t\u00f6bbsz\u00f6r elt\u00e9rtek a k\u00e9t eln\u00f6k \u00e1ltal el\u00e9rt konszenzust\u00f3l, k\u00e1ros\u00edtott\u00e1k K\u00edna \u00e9rdekeit \u00e9s megszak\u00edtott\u00e1k a p\u00e1rbesz\u00e9det a k\u00e9t f\u00e9l k\u00f6z\u00f6tt.<\/p>\n\n\n\n<p>Antony Blinken j\u00faniusi k\u00ednai l\u00e1togat\u00e1sa volt a fordul\u00f3pont, amikor a k\u00ednai\u2013amerikai kapcsolatok javulni kezdtek. Az Egyes\u00fclt \u00c1llamok r\u00e1j\u00f6tt, hogy a kl\u00edmav\u00e1ltoz\u00e1s, a region\u00e1lis probl\u00e9m\u00e1k, illetve az amerikai gazdas\u00e1gi fellend\u00fcl\u00e9s kezel\u00e9se nem lehet eredm\u00e9nyes a K\u00edn\u00e1val folytatott egy\u00fcttm\u0171k\u00f6d\u00e9s n\u00e9lk\u00fcl. Vagyis az Egyes\u00fclt \u00c1llamoknak vissza kell t\u00e9rnie a bali konszenzushoz.<\/p>\n\n\n\n<p>A bali konszenzushoz visszat\u00e9r\u00e9snek kulcsfontoss\u00e1g\u00fa r\u00e9sz\u00e9t jelentik a tettek. B\u00e1r mostan\u00e1ban az amerikai f\u00e9l megism\u00e9telte, hogy \u201eegy K\u00edna\u201d politik\u00e1t folytat \u00e9s nem t\u00e1mogatja Tajvan f\u00fcggetlens\u00e9g\u00e9t, valamint t\u00f6bbsz\u00f6r hangs\u00falyozta, hogy nem a sz\u00e9tkapcsol\u00e1st keresi, ugyanakkor az Egyes\u00fclt \u00c1llamok m\u00e9g mindig foglalkozik a Tajvanr\u00f3l sz\u00f3l\u00f3 t\u00f6rv\u00e9nyjavaslattal, a fegyverelad\u00e1ssal Tajvannak, \u00e9s m\u00e9g mindig elnyomja K\u00edn\u00e1t a nemzetbiztons\u00e1g nev\u00e9ben.<\/p>\n\n\n\n<p>Ez\u00e9rt a San Francisc\u00f3-i cs\u00facstal\u00e1lkoz\u00f3n kereszt\u00fcl a k\u00e9t f\u00e9l helyesen \u00e9s jobban tudja megismerni egym\u00e1st \u00e9s meg\u00e9rteni azt, hogy a m\u00e1sik orsz\u00e1g fejl\u0151d\u00e9se milyen jelent\u0151s\u00e9ggel b\u00edr \u00f6nmaga sz\u00e1m\u00e1ra. K\u00edna \u00fagy v\u00e9li, hogy K\u00edn\u00e1nak \u00e9s az Egyes\u00fclt \u00c1llamoknak partnereknek kell lenni\u00fck, nem pedig ellenfeleknek, K\u00edna egyet\u00e9rt a win-winnel \u00e9s a k\u00f6lcs\u00f6n\u00f6s el\u0151ny\u00f6kkel, nem t\u00f6rekszik z\u00e9r\u00f3 \u00f6sszeg\u0171 j\u00e1tszm\u00e1ra. A k\u00ednai \u00e9s az amerikai \u00e9rdekek m\u00e9lyen \u00f6sszefon\u00f3dnak, a k\u00e9t f\u00e9l nem tud egym\u00e1s n\u00e9lk\u00fcl \u00e9lni, nem tudja megv\u00e1ltoztatni egym\u00e1st, \u00e9s nem lehet helyettes\u00edteni sem egym\u00e1st. Ahogy Gavin Newsom kaliforniai korm\u00e1nyz\u00f3 mondta a k\u00ednai l\u00e1togat\u00e1sa sor\u00e1n: \u201eMin\u00e9l sikeresebb K\u00edna, ann\u00e1l sikeresebbek lesz\u00fcnk mi is\u201d.<\/p>\n\n\n\n<p><strong><em>2023. 11. 14.<\/em><\/strong><\/p>\n\n\n\n<p><strong>(China Media Group \u2013 Ma Xiaolu)<\/strong><\/p>\n\n\n\n<p><strong><em>(x)<\/em><\/strong><\/p>\n","protected":false},"excerpt":{"rendered":"<p>Els\u0151 k\u00ednai l\u00e1togat\u00e1s\u00e1nak 50. \u00e9vfordul\u00f3ja alkalm\u00e1b\u00f3l november 10-\u00e9n este Pekingben koncertet tartott az amerikai Philadelphia Zenekar. A t\u00f6rt\u00e9nelemt\u0151l kezdve a mai val\u00f3s\u00e1gig K\u00edna \u00e9s az Egyes\u00fclt \u00c1llamok k\u00f6z\u00f6tt ezer ok van arra, hogy \u00e9p\u00edts\u00fck a kapcsolatainkat, de egyetlen egy sincs egym\u00e1s elpuszt\u00edt\u00e1s\u00e1ra. Ahogy a n\u00e9pek k\u00f6z\u00f6tti kapcsolatok szorosabb\u00e1 v\u00e1lnak, a hivatalos cser\u00e9k szint\u00e9n felgyorsulnak. A [&hellip;]<\/p>\n","protected":false},"author":6,"featured_media":19810,"comment_status":"closed","ping_status":"closed","sticky":false,"template":"","format":"standard","meta":{"footnotes":""},"categories":[45],"tags":[637,141,3330,3331,848],"class_list":["post-19808","post","type-post","status-publish","format-standard","has-post-thumbnail","hentry","category-hirek","tag-diplomacia","tag-peking","tag-pekingi-nemzeti-eloadomuveszeti-kozpont","tag-philadelphia-zenekar","tag-zene"],"yoast_head":"<!-- This site is optimized with the Yoast SEO plugin v23.7 - https:\/\/yoast.com\/wordpress\/plugins\/seo\/ -->\n<title>CMG-komment\u00e1r: A tettek a d\u00f6nt\u0151ek - kinaikaleidoszkop.hu<\/title>\n<meta name=\"robots\" content=\"index, follow, max-snippet:-1, max-image-preview:large, max-video-preview:-1\" \/>\n<link rel=\"canonical\" href=\"https:\/\/kinaikaleidoszkop.hu\/index.php\/2023\/11\/14\/cmg-kommentar-a-tettek-a-dontoek\/\" \/>\n<meta property=\"og:locale\" content=\"hu_HU\" \/>\n<meta property=\"og:type\" content=\"article\" \/>\n<meta property=\"og:title\" content=\"CMG-komment\u00e1r: A tettek a d\u00f6nt\u0151ek - kinaikaleidoszkop.hu\" \/>\n<meta property=\"og:description\" content=\"Els\u0151 k\u00ednai l\u00e1togat\u00e1s\u00e1nak 50. \u00e9vfordul\u00f3ja alkalm\u00e1b\u00f3l november 10-\u00e9n este Pekingben koncertet tartott az amerikai Philadelphia Zenekar. A t\u00f6rt\u00e9nelemt\u0151l kezdve a mai val\u00f3s\u00e1gig K\u00edna \u00e9s az Egyes\u00fclt \u00c1llamok k\u00f6z\u00f6tt ezer ok van arra, hogy \u00e9p\u00edts\u00fck a kapcsolatainkat, de egyetlen egy sincs egym\u00e1s elpuszt\u00edt\u00e1s\u00e1ra. Ahogy a n\u00e9pek k\u00f6z\u00f6tti kapcsolatok szorosabb\u00e1 v\u00e1lnak, a hivatalos cser\u00e9k szint\u00e9n felgyorsulnak. A [&hellip;]\" \/>\n<meta property=\"og:url\" content=\"https:\/\/kinaikaleidoszkop.hu\/index.php\/2023\/11\/14\/cmg-kommentar-a-tettek-a-dontoek\/\" \/>\n<meta property=\"og:site_name\" content=\"kinaikaleidoszkop.hu\" \/>\n<meta property=\"article:published_time\" content=\"2023-11-14T08:38:20+00:00\" \/>\n<meta property=\"article:modified_time\" content=\"2023-11-14T08:38:24+00:00\" \/>\n<meta property=\"og:image\" content=\"https:\/\/kinaikaleidoszkop.hu\/wp-content\/uploads\/2023\/11\/1114Lea1.jpg\" \/>\n\t<meta property=\"og:image:width\" content=\"600\" \/>\n\t<meta property=\"og:image:height\" content=\"400\" \/>\n\t<meta property=\"og:image:type\" content=\"image\/jpeg\" \/>\n<meta name=\"author\" content=\"admin-sebi\" \/>\n<meta name=\"twitter:card\" content=\"summary_large_image\" \/>\n<meta name=\"twitter:label1\" content=\"Szerz\u0151:\" \/>\n\t<meta name=\"twitter:data1\" content=\"admin-sebi\" \/>\n\t<meta name=\"twitter:label2\" content=\"Becs\u00fclt olvas\u00e1si id\u0151\" \/>\n\t<meta name=\"twitter:data2\" content=\"3 perc\" \/>\n<script type=\"application\/ld+json\" class=\"yoast-schema-graph\">{\"@context\":\"https:\/\/schema.org\",\"@graph\":[{\"@type\":\"WebPage\",\"@id\":\"https:\/\/kinaikaleidoszkop.hu\/index.php\/2023\/11\/14\/cmg-kommentar-a-tettek-a-dontoek\/\",\"url\":\"https:\/\/kinaikaleidoszkop.hu\/index.php\/2023\/11\/14\/cmg-kommentar-a-tettek-a-dontoek\/\",\"name\":\"CMG-komment\u00e1r: A tettek a d\u00f6nt\u0151ek - kinaikaleidoszkop.hu\",\"isPartOf\":{\"@id\":\"https:\/\/kinaikaleidoszkop.hu\/#website\"},\"primaryImageOfPage\":{\"@id\":\"https:\/\/kinaikaleidoszkop.hu\/index.php\/2023\/11\/14\/cmg-kommentar-a-tettek-a-dontoek\/#primaryimage\"},\"image\":{\"@id\":\"https:\/\/kinaikaleidoszkop.hu\/index.php\/2023\/11\/14\/cmg-kommentar-a-tettek-a-dontoek\/#primaryimage\"},\"thumbnailUrl\":\"https:\/\/kinaikaleidoszkop.hu\/wp-content\/uploads\/2023\/11\/1114Lea1.jpg\",\"datePublished\":\"2023-11-14T08:38:20+00:00\",\"dateModified\":\"2023-11-14T08:38:24+00:00\",\"author\":{\"@id\":\"https:\/\/kinaikaleidoszkop.hu\/#\/schema\/person\/fd215d3a8bab54daeb796ae166f99ea5\"},\"breadcrumb\":{\"@id\":\"https:\/\/kinaikaleidoszkop.hu\/index.php\/2023\/11\/14\/cmg-kommentar-a-tettek-a-dontoek\/#breadcrumb\"},\"inLanguage\":\"hu\",\"potentialAction\":[{\"@type\":\"ReadAction\",\"target\":[\"https:\/\/kinaikaleidoszkop.hu\/index.php\/2023\/11\/14\/cmg-kommentar-a-tettek-a-dontoek\/\"]}]},{\"@type\":\"ImageObject\",\"inLanguage\":\"hu\",\"@id\":\"https:\/\/kinaikaleidoszkop.hu\/index.php\/2023\/11\/14\/cmg-kommentar-a-tettek-a-dontoek\/#primaryimage\",\"url\":\"https:\/\/kinaikaleidoszkop.hu\/wp-content\/uploads\/2023\/11\/1114Lea1.jpg\",\"contentUrl\":\"https:\/\/kinaikaleidoszkop.hu\/wp-content\/uploads\/2023\/11\/1114Lea1.jpg\",\"width\":600,\"height\":400},{\"@type\":\"BreadcrumbList\",\"@id\":\"https:\/\/kinaikaleidoszkop.hu\/index.php\/2023\/11\/14\/cmg-kommentar-a-tettek-a-dontoek\/#breadcrumb\",\"itemListElement\":[{\"@type\":\"ListItem\",\"position\":1,\"name\":\"Kezd\u0151lap\",\"item\":\"https:\/\/kinaikaleidoszkop.hu\/\"},{\"@type\":\"ListItem\",\"position\":2,\"name\":\"CMG-komment\u00e1r: A tettek a d\u00f6nt\u0151ek\"}]},{\"@type\":\"WebSite\",\"@id\":\"https:\/\/kinaikaleidoszkop.hu\/#website\",\"url\":\"https:\/\/kinaikaleidoszkop.hu\/\",\"name\":\"kinaikaleidoszkop.hu\",\"description\":\"\",\"potentialAction\":[{\"@type\":\"SearchAction\",\"target\":{\"@type\":\"EntryPoint\",\"urlTemplate\":\"https:\/\/kinaikaleidoszkop.hu\/?s={search_term_string}\"},\"query-input\":{\"@type\":\"PropertyValueSpecification\",\"valueRequired\":true,\"valueName\":\"search_term_string\"}}],\"inLanguage\":\"hu\"},{\"@type\":\"Person\",\"@id\":\"https:\/\/kinaikaleidoszkop.hu\/#\/schema\/person\/fd215d3a8bab54daeb796ae166f99ea5\",\"name\":\"admin-sebi\",\"image\":{\"@type\":\"ImageObject\",\"inLanguage\":\"hu\",\"@id\":\"https:\/\/kinaikaleidoszkop.hu\/#\/schema\/person\/image\/\",\"url\":\"https:\/\/secure.gravatar.com\/avatar\/b1498042bc4969020b4951f204f963e97c3d7d199f3790c1071adf67c61d0aa5?s=96&d=mm&r=g\",\"contentUrl\":\"https:\/\/secure.gravatar.com\/avatar\/b1498042bc4969020b4951f204f963e97c3d7d199f3790c1071adf67c61d0aa5?s=96&d=mm&r=g\",\"caption\":\"admin-sebi\"},\"url\":\"https:\/\/kinaikaleidoszkop.hu\/index.php\/author\/admin-sebi\/\"}]}<\/script>\n<!-- \/ Yoast SEO plugin. -->","yoast_head_json":{"title":"CMG-komment\u00e1r: A tettek a d\u00f6nt\u0151ek - kinaikaleidoszkop.hu","robots":{"index":"index","follow":"follow","max-snippet":"max-snippet:-1","max-image-preview":"max-image-preview:large","max-video-preview":"max-video-preview:-1"},"canonical":"https:\/\/kinaikaleidoszkop.hu\/index.php\/2023\/11\/14\/cmg-kommentar-a-tettek-a-dontoek\/","og_locale":"hu_HU","og_type":"article","og_title":"CMG-komment\u00e1r: A tettek a d\u00f6nt\u0151ek - kinaikaleidoszkop.hu","og_description":"Els\u0151 k\u00ednai l\u00e1togat\u00e1s\u00e1nak 50. \u00e9vfordul\u00f3ja alkalm\u00e1b\u00f3l november 10-\u00e9n este Pekingben koncertet tartott az amerikai Philadelphia Zenekar. A t\u00f6rt\u00e9nelemt\u0151l kezdve a mai val\u00f3s\u00e1gig K\u00edna \u00e9s az Egyes\u00fclt \u00c1llamok k\u00f6z\u00f6tt ezer ok van arra, hogy \u00e9p\u00edts\u00fck a kapcsolatainkat, de egyetlen egy sincs egym\u00e1s elpuszt\u00edt\u00e1s\u00e1ra. Ahogy a n\u00e9pek k\u00f6z\u00f6tti kapcsolatok szorosabb\u00e1 v\u00e1lnak, a hivatalos cser\u00e9k szint\u00e9n felgyorsulnak. A [&hellip;]","og_url":"https:\/\/kinaikaleidoszkop.hu\/index.php\/2023\/11\/14\/cmg-kommentar-a-tettek-a-dontoek\/","og_site_name":"kinaikaleidoszkop.hu","article_published_time":"2023-11-14T08:38:20+00:00","article_modified_time":"2023-11-14T08:38:24+00:00","og_image":[{"width":600,"height":400,"url":"https:\/\/kinaikaleidoszkop.hu\/wp-content\/uploads\/2023\/11\/1114Lea1.jpg","type":"image\/jpeg"}],"author":"admin-sebi","twitter_card":"summary_large_image","twitter_misc":{"Szerz\u0151:":"admin-sebi","Becs\u00fclt olvas\u00e1si id\u0151":"3 perc"},"schema":{"@context":"https:\/\/schema.org","@graph":[{"@type":"WebPage","@id":"https:\/\/kinaikaleidoszkop.hu\/index.php\/2023\/11\/14\/cmg-kommentar-a-tettek-a-dontoek\/","url":"https:\/\/kinaikaleidoszkop.hu\/index.php\/2023\/11\/14\/cmg-kommentar-a-tettek-a-dontoek\/","name":"CMG-komment\u00e1r: A tettek a d\u00f6nt\u0151ek - kinaikaleidoszkop.hu","isPartOf":{"@id":"https:\/\/kinaikaleidoszkop.hu\/#website"},"primaryImageOfPage":{"@id":"https:\/\/kinaikaleidoszkop.hu\/index.php\/2023\/11\/14\/cmg-kommentar-a-tettek-a-dontoek\/#primaryimage"},"image":{"@id":"https:\/\/kinaikaleidoszkop.hu\/index.php\/2023\/11\/14\/cmg-kommentar-a-tettek-a-dontoek\/#primaryimage"},"thumbnailUrl":"https:\/\/kinaikaleidoszkop.hu\/wp-content\/uploads\/2023\/11\/1114Lea1.jpg","datePublished":"2023-11-14T08:38:20+00:00","dateModified":"2023-11-14T08:38:24+00:00","author":{"@id":"https:\/\/kinaikaleidoszkop.hu\/#\/schema\/person\/fd215d3a8bab54daeb796ae166f99ea5"},"breadcrumb":{"@id":"https:\/\/kinaikaleidoszkop.hu\/index.php\/2023\/11\/14\/cmg-kommentar-a-tettek-a-dontoek\/#breadcrumb"},"inLanguage":"hu","potentialAction":[{"@type":"ReadAction","target":["https:\/\/kinaikaleidoszkop.hu\/index.php\/2023\/11\/14\/cmg-kommentar-a-tettek-a-dontoek\/"]}]},{"@type":"ImageObject","inLanguage":"hu","@id":"https:\/\/kinaikaleidoszkop.hu\/index.php\/2023\/11\/14\/cmg-kommentar-a-tettek-a-dontoek\/#primaryimage","url":"https:\/\/kinaikaleidoszkop.hu\/wp-content\/uploads\/2023\/11\/1114Lea1.jpg","contentUrl":"https:\/\/kinaikaleidoszkop.hu\/wp-content\/uploads\/2023\/11\/1114Lea1.jpg","width":600,"height":400},{"@type":"BreadcrumbList","@id":"https:\/\/kinaikaleidoszkop.hu\/index.php\/2023\/11\/14\/cmg-kommentar-a-tettek-a-dontoek\/#breadcrumb","itemListElement":[{"@type":"ListItem","position":1,"name":"Kezd\u0151lap","item":"https:\/\/kinaikaleidoszkop.hu\/"},{"@type":"ListItem","position":2,"name":"CMG-komment\u00e1r: A tettek a d\u00f6nt\u0151ek"}]},{"@type":"WebSite","@id":"https:\/\/kinaikaleidoszkop.hu\/#website","url":"https:\/\/kinaikaleidoszkop.hu\/","name":"kinaikaleidoszkop.hu","description":"","potentialAction":[{"@type":"SearchAction","target":{"@type":"EntryPoint","urlTemplate":"https:\/\/kinaikaleidoszkop.hu\/?s={search_term_string}"},"query-input":{"@type":"PropertyValueSpecification","valueRequired":true,"valueName":"search_term_string"}}],"inLanguage":"hu"},{"@type":"Person","@id":"https:\/\/kinaikaleidoszkop.hu\/#\/schema\/person\/fd215d3a8bab54daeb796ae166f99ea5","name":"admin-sebi","image":{"@type":"ImageObject","inLanguage":"hu","@id":"https:\/\/kinaikaleidoszkop.hu\/#\/schema\/person\/image\/","url":"https:\/\/secure.gravatar.com\/avatar\/b1498042bc4969020b4951f204f963e97c3d7d199f3790c1071adf67c61d0aa5?s=96&d=mm&r=g","contentUrl":"https:\/\/secure.gravatar.com\/avatar\/b1498042bc4969020b4951f204f963e97c3d7d199f3790c1071adf67c61d0aa5?s=96&d=mm&r=g","caption":"admin-sebi"},"url":"https:\/\/kinaikaleidoszkop.hu\/index.php\/author\/admin-sebi\/"}]}},"views":238,"distributor_meta":false,"distributor_terms":false,"distributor_media":false,"distributor_original_site_name":"kinaikaleidoszkop.hu","distributor_original_site_url":"https:\/\/kinaikaleidoszkop.hu","push-errors":false,"_links":{"self":[{"href":"https:\/\/kinaikaleidoszkop.hu\/index.php\/wp-json\/wp\/v2\/posts\/19808","targetHints":{"allow":["GET"]}}],"collection":[{"href":"https:\/\/kinaikaleidoszkop.hu\/index.php\/wp-json\/wp\/v2\/posts"}],"about":[{"href":"https:\/\/kinaikaleidoszkop.hu\/index.php\/wp-json\/wp\/v2\/types\/post"}],"author":[{"embeddable":true,"href":"https:\/\/kinaikaleidoszkop.hu\/index.php\/wp-json\/wp\/v2\/users\/6"}],"replies":[{"embeddable":true,"href":"https:\/\/kinaikaleidoszkop.hu\/index.php\/wp-json\/wp\/v2\/comments?post=19808"}],"version-history":[{"count":1,"href":"https:\/\/kinaikaleidoszkop.hu\/index.php\/wp-json\/wp\/v2\/posts\/19808\/revisions"}],"predecessor-version":[{"id":19811,"href":"https:\/\/kinaikaleidoszkop.hu\/index.php\/wp-json\/wp\/v2\/posts\/19808\/revisions\/19811"}],"wp:featuredmedia":[{"embeddable":true,"href":"https:\/\/kinaikaleidoszkop.hu\/index.php\/wp-json\/wp\/v2\/media\/19810"}],"wp:attachment":[{"href":"https:\/\/kinaikaleidoszkop.hu\/index.php\/wp-json\/wp\/v2\/media?parent=19808"}],"wp:term":[{"taxonomy":"category","embeddable":true,"href":"https:\/\/kinaikaleidoszkop.hu\/index.php\/wp-json\/wp\/v2\/categories?post=19808"},{"taxonomy":"post_tag","embeddable":true,"href":"https:\/\/kinaikaleidoszkop.hu\/index.php\/wp-json\/wp\/v2\/tags?post=19808"}],"curies":[{"name":"wp","href":"https:\/\/api.w.org\/{rel}","templated":true}]}}