{"id":19893,"date":"2023-11-16T09:43:54","date_gmt":"2023-11-16T08:43:54","guid":{"rendered":"https:\/\/kinaikaleidoszkop.hu\/?p=19893"},"modified":"2023-11-16T09:43:55","modified_gmt":"2023-11-16T08:43:55","slug":"hszi-csin-ping-beszedet-mondott-az-amerikai-barati-tarsasagok-diszvacsorajan-san-franciscoban","status":"publish","type":"post","link":"https:\/\/kinaikaleidoszkop.hu\/index.php\/2023\/11\/16\/hszi-csin-ping-beszedet-mondott-az-amerikai-barati-tarsasagok-diszvacsorajan-san-franciscoban\/","title":{"rendered":"Hszi Csin-ping besz\u00e9det mondott az amerikai bar\u00e1ti t\u00e1rsas\u00e1gok d\u00edszvacsor\u00e1j\u00e1n San Francisc\u00f3ban"},"content":{"rendered":"\n<p><strong>Hszi Csin-ping k\u00ednai eln\u00f6k helyi id\u0151 szerint szerda este besz\u00e9det mondott az amerikai bar\u00e1ti t\u00e1rsas\u00e1gok \u00e1ltal szervezett d\u00edszvacsor\u00e1n az amerikai San Francisc\u00f3ban.<\/strong><\/p>\n\n\n\n<p>\u201eA k\u00ednai\u2013amerikai kapcsolatok alapja a n\u00e9peinkben nyugszik\u201d \u2013 mondta Hszi, hangs\u00falyozva, hogy \u201ea k\u00ednai\u2013amerikai kapcsolatok ajtaj\u00e1t n\u00e9peink nyitott\u00e1k meg\u201d, \u201ea k\u00ednai\u2013amerikai kapcsolatok t\u00f6rt\u00e9neteit n\u00e9peink \u00edrt\u00e1k\u201d \u00e9s \u201ea kapcsolatok j\u00f6v\u0151j\u00e9t n\u00e9peink fogj\u00e1k l\u00e9trehozni\u201d.<\/p>\n\n\n\n<blockquote class=\"wp-block-quote is-layout-flow wp-block-quote-is-layout-flow\">\n<p>\u201eT\u00f6bb hidat \u00e9s t\u00f6bb utat kell \u00e9p\u00edten\u00fcnk az emberek k\u00f6zti interakci\u00f3k sz\u00e1m\u00e1ra. Nem emelhet\u00fcnk korl\u00e1tokat, \u00e9s nem szabad elrettent\u0151 hat\u00e1st kelten\u00fcnk\u201d \u2013 mondta Hszi.<\/p>\n<\/blockquote>\n\n\n<div class=\"wp-block-image\">\n<figure class=\"aligncenter\"><img decoding=\"async\" src=\"https:\/\/hirpest.hu\/wp-content\/uploads\/2023\/11\/\u665a\u5bb4\u6f14\u8bb2.jpg\" alt=\"\" class=\"wp-image-19645\"\/><\/figure>\n<\/div>\n\n\n<p>Ugyanakkor a k\u00ednai eln\u00f6k azt is elmondta, meg van gy\u0151z\u0151dve r\u00f3la, hogy a k\u00ednai\u2013amerikai kapcsolatok ajtaj\u00e1t nem lehet \u00fajra lez\u00e1rni, ha egyszer megny\u00edltak, \u00e9s a k\u00e9p n\u00e9p k\u00f6z\u00f6tti bar\u00e1ts\u00e1got nem lehet f\u00e9l\u00faton megszak\u00edtani, ha egyszer elkezd\u0151d\u00f6tt.<\/p>\n\n\n\n<blockquote class=\"wp-block-quote is-layout-flow wp-block-quote-is-layout-flow\">\n<p>\u201eB\u00e1rmilyen fejl\u0151d\u00e9si szintet is \u00e9r el, K\u00edna soha nem fog hegem\u00f3ni\u00e1ra vagy terjeszked\u00e9sre t\u00f6rekedni, \u00e9s soha nem fogja r\u00e1er\u0151ltetni akarat\u00e1t m\u00e1sokra\u201d \u2013 mondta Hszi, majd hozz\u00e1tette, \u201eK\u00edna nem t\u00f6rekszik befoly\u00e1si \u00f6vezetekre, \u00e9s nem fog hidegh\u00e1bor\u00fat vagy m\u00e1sfajta h\u00e1bor\u00fat v\u00edvni senkivel sem\u201d.<\/p>\n<\/blockquote>\n\n\n\n<p>A d\u00edszvacsora szervez\u0151i k\u00f6zt volt p\u00e9ld\u00e1ul az Amerikai\u2013K\u00ednai Kapcsolatok Orsz\u00e1gos Bizotts\u00e1ga, valamint az Amerikai Kereskedelmi Kamara is.<\/p>\n\n\n\n<p><strong><em>(Zhou Huiwen \u2013 China Media Group)<\/em><\/strong><\/p>\n\n\n\n<p><strong>2023. november 16.<\/strong><\/p>\n\n\n\n<p><strong><em>(x)<\/em><\/strong><\/p>\n","protected":false},"excerpt":{"rendered":"<p>Hszi Csin-ping k\u00ednai eln\u00f6k helyi id\u0151 szerint szerda este besz\u00e9det mondott az amerikai bar\u00e1ti t\u00e1rsas\u00e1gok \u00e1ltal szervezett d\u00edszvacsor\u00e1n az amerikai San Francisc\u00f3ban. \u201eA k\u00ednai\u2013amerikai kapcsolatok alapja a n\u00e9peinkben nyugszik\u201d \u2013 mondta Hszi, hangs\u00falyozva, hogy \u201ea k\u00ednai\u2013amerikai kapcsolatok ajtaj\u00e1t n\u00e9peink nyitott\u00e1k meg\u201d, \u201ea k\u00ednai\u2013amerikai kapcsolatok t\u00f6rt\u00e9neteit n\u00e9peink \u00edrt\u00e1k\u201d \u00e9s \u201ea kapcsolatok j\u00f6v\u0151j\u00e9t n\u00e9peink fogj\u00e1k l\u00e9trehozni\u201d. \u201eT\u00f6bb [&hellip;]<\/p>\n","protected":false},"author":2,"featured_media":19895,"comment_status":"closed","ping_status":"closed","sticky":false,"template":"","format":"standard","meta":{"footnotes":""},"categories":[45],"tags":[3359,3361,3360,370,3362,414,2305,305,326,411,3333],"class_list":["post-19893","post","type-post","status-publish","format-standard","has-post-thumbnail","hentry","category-hirek","tag-amerikai-barati-tarsasagok","tag-amerikai-kereskedelmi-kamara","tag-amerikai-kinai-kapcsolatok-orszagos-bizottsaga","tag-beszed","tag-diszvacsora","tag-fejlodes","tag-hegemonia","tag-hszi-csin-ping","tag-kinai-allamelnok","tag-kinai-amerikai-kapcsolatok","tag-san-francisco"],"yoast_head":"<!-- This site is optimized with the Yoast SEO plugin v23.7 - https:\/\/yoast.com\/wordpress\/plugins\/seo\/ -->\n<title>Hszi Csin-ping besz\u00e9det mondott az amerikai bar\u00e1ti t\u00e1rsas\u00e1gok d\u00edszvacsor\u00e1j\u00e1n San Francisc\u00f3ban - kinaikaleidoszkop.hu<\/title>\n<meta name=\"robots\" content=\"index, follow, max-snippet:-1, max-image-preview:large, max-video-preview:-1\" \/>\n<link rel=\"canonical\" href=\"https:\/\/kinaikaleidoszkop.hu\/index.php\/2023\/11\/16\/hszi-csin-ping-beszedet-mondott-az-amerikai-barati-tarsasagok-diszvacsorajan-san-franciscoban\/\" \/>\n<meta property=\"og:locale\" content=\"hu_HU\" \/>\n<meta property=\"og:type\" content=\"article\" \/>\n<meta property=\"og:title\" content=\"Hszi Csin-ping besz\u00e9det mondott az amerikai bar\u00e1ti t\u00e1rsas\u00e1gok d\u00edszvacsor\u00e1j\u00e1n San Francisc\u00f3ban - kinaikaleidoszkop.hu\" \/>\n<meta property=\"og:description\" content=\"Hszi Csin-ping k\u00ednai eln\u00f6k helyi id\u0151 szerint szerda este besz\u00e9det mondott az amerikai bar\u00e1ti t\u00e1rsas\u00e1gok \u00e1ltal szervezett d\u00edszvacsor\u00e1n az amerikai San Francisc\u00f3ban. \u201eA k\u00ednai\u2013amerikai kapcsolatok alapja a n\u00e9peinkben nyugszik\u201d \u2013 mondta Hszi, hangs\u00falyozva, hogy \u201ea k\u00ednai\u2013amerikai kapcsolatok ajtaj\u00e1t n\u00e9peink nyitott\u00e1k meg\u201d, \u201ea k\u00ednai\u2013amerikai kapcsolatok t\u00f6rt\u00e9neteit n\u00e9peink \u00edrt\u00e1k\u201d \u00e9s \u201ea kapcsolatok j\u00f6v\u0151j\u00e9t n\u00e9peink fogj\u00e1k l\u00e9trehozni\u201d. \u201eT\u00f6bb [&hellip;]\" \/>\n<meta property=\"og:url\" content=\"https:\/\/kinaikaleidoszkop.hu\/index.php\/2023\/11\/16\/hszi-csin-ping-beszedet-mondott-az-amerikai-barati-tarsasagok-diszvacsorajan-san-franciscoban\/\" \/>\n<meta property=\"og:site_name\" content=\"kinaikaleidoszkop.hu\" \/>\n<meta property=\"article:published_time\" content=\"2023-11-16T08:43:54+00:00\" \/>\n<meta property=\"article:modified_time\" content=\"2023-11-16T08:43:55+00:00\" \/>\n<meta property=\"og:image\" content=\"https:\/\/kinaikaleidoszkop.hu\/wp-content\/uploads\/2023\/11\/\u665a\u5bb4\u6f14\u8bb2.jpg\" \/>\n\t<meta property=\"og:image:width\" content=\"650\" \/>\n\t<meta property=\"og:image:height\" content=\"348\" \/>\n\t<meta property=\"og:image:type\" content=\"image\/jpeg\" \/>\n<meta name=\"author\" content=\"admin-szabolcs\" \/>\n<meta name=\"twitter:card\" content=\"summary_large_image\" \/>\n<meta name=\"twitter:label1\" content=\"Szerz\u0151:\" \/>\n\t<meta name=\"twitter:data1\" content=\"admin-szabolcs\" \/>\n\t<meta name=\"twitter:label2\" content=\"Becs\u00fclt olvas\u00e1si id\u0151\" \/>\n\t<meta name=\"twitter:data2\" content=\"1 perc\" \/>\n<script type=\"application\/ld+json\" class=\"yoast-schema-graph\">{\"@context\":\"https:\/\/schema.org\",\"@graph\":[{\"@type\":\"WebPage\",\"@id\":\"https:\/\/kinaikaleidoszkop.hu\/index.php\/2023\/11\/16\/hszi-csin-ping-beszedet-mondott-az-amerikai-barati-tarsasagok-diszvacsorajan-san-franciscoban\/\",\"url\":\"https:\/\/kinaikaleidoszkop.hu\/index.php\/2023\/11\/16\/hszi-csin-ping-beszedet-mondott-az-amerikai-barati-tarsasagok-diszvacsorajan-san-franciscoban\/\",\"name\":\"Hszi Csin-ping besz\u00e9det mondott az amerikai bar\u00e1ti t\u00e1rsas\u00e1gok d\u00edszvacsor\u00e1j\u00e1n San Francisc\u00f3ban - kinaikaleidoszkop.hu\",\"isPartOf\":{\"@id\":\"https:\/\/kinaikaleidoszkop.hu\/#website\"},\"primaryImageOfPage\":{\"@id\":\"https:\/\/kinaikaleidoszkop.hu\/index.php\/2023\/11\/16\/hszi-csin-ping-beszedet-mondott-az-amerikai-barati-tarsasagok-diszvacsorajan-san-franciscoban\/#primaryimage\"},\"image\":{\"@id\":\"https:\/\/kinaikaleidoszkop.hu\/index.php\/2023\/11\/16\/hszi-csin-ping-beszedet-mondott-az-amerikai-barati-tarsasagok-diszvacsorajan-san-franciscoban\/#primaryimage\"},\"thumbnailUrl\":\"https:\/\/kinaikaleidoszkop.hu\/wp-content\/uploads\/2023\/11\/\u665a\u5bb4\u6f14\u8bb2.jpg\",\"datePublished\":\"2023-11-16T08:43:54+00:00\",\"dateModified\":\"2023-11-16T08:43:55+00:00\",\"author\":{\"@id\":\"https:\/\/kinaikaleidoszkop.hu\/#\/schema\/person\/b9e2febe742edd540c1197716ec02bf7\"},\"breadcrumb\":{\"@id\":\"https:\/\/kinaikaleidoszkop.hu\/index.php\/2023\/11\/16\/hszi-csin-ping-beszedet-mondott-az-amerikai-barati-tarsasagok-diszvacsorajan-san-franciscoban\/#breadcrumb\"},\"inLanguage\":\"hu\",\"potentialAction\":[{\"@type\":\"ReadAction\",\"target\":[\"https:\/\/kinaikaleidoszkop.hu\/index.php\/2023\/11\/16\/hszi-csin-ping-beszedet-mondott-az-amerikai-barati-tarsasagok-diszvacsorajan-san-franciscoban\/\"]}]},{\"@type\":\"ImageObject\",\"inLanguage\":\"hu\",\"@id\":\"https:\/\/kinaikaleidoszkop.hu\/index.php\/2023\/11\/16\/hszi-csin-ping-beszedet-mondott-az-amerikai-barati-tarsasagok-diszvacsorajan-san-franciscoban\/#primaryimage\",\"url\":\"https:\/\/kinaikaleidoszkop.hu\/wp-content\/uploads\/2023\/11\/\u665a\u5bb4\u6f14\u8bb2.jpg\",\"contentUrl\":\"https:\/\/kinaikaleidoszkop.hu\/wp-content\/uploads\/2023\/11\/\u665a\u5bb4\u6f14\u8bb2.jpg\",\"width\":650,\"height\":348},{\"@type\":\"BreadcrumbList\",\"@id\":\"https:\/\/kinaikaleidoszkop.hu\/index.php\/2023\/11\/16\/hszi-csin-ping-beszedet-mondott-az-amerikai-barati-tarsasagok-diszvacsorajan-san-franciscoban\/#breadcrumb\",\"itemListElement\":[{\"@type\":\"ListItem\",\"position\":1,\"name\":\"Kezd\u0151lap\",\"item\":\"https:\/\/kinaikaleidoszkop.hu\/\"},{\"@type\":\"ListItem\",\"position\":2,\"name\":\"Hszi Csin-ping besz\u00e9det mondott az amerikai bar\u00e1ti t\u00e1rsas\u00e1gok d\u00edszvacsor\u00e1j\u00e1n San Francisc\u00f3ban\"}]},{\"@type\":\"WebSite\",\"@id\":\"https:\/\/kinaikaleidoszkop.hu\/#website\",\"url\":\"https:\/\/kinaikaleidoszkop.hu\/\",\"name\":\"kinaikaleidoszkop.hu\",\"description\":\"\",\"potentialAction\":[{\"@type\":\"SearchAction\",\"target\":{\"@type\":\"EntryPoint\",\"urlTemplate\":\"https:\/\/kinaikaleidoszkop.hu\/?s={search_term_string}\"},\"query-input\":{\"@type\":\"PropertyValueSpecification\",\"valueRequired\":true,\"valueName\":\"search_term_string\"}}],\"inLanguage\":\"hu\"},{\"@type\":\"Person\",\"@id\":\"https:\/\/kinaikaleidoszkop.hu\/#\/schema\/person\/b9e2febe742edd540c1197716ec02bf7\",\"name\":\"admin-szabolcs\",\"image\":{\"@type\":\"ImageObject\",\"inLanguage\":\"hu\",\"@id\":\"https:\/\/kinaikaleidoszkop.hu\/#\/schema\/person\/image\/\",\"url\":\"https:\/\/secure.gravatar.com\/avatar\/154f262492794df2a6cb5d5349227b18ef8f85ab462fbb32625fc42406483d21?s=96&d=mm&r=g\",\"contentUrl\":\"https:\/\/secure.gravatar.com\/avatar\/154f262492794df2a6cb5d5349227b18ef8f85ab462fbb32625fc42406483d21?s=96&d=mm&r=g\",\"caption\":\"admin-szabolcs\"},\"url\":\"https:\/\/kinaikaleidoszkop.hu\/index.php\/author\/admin-szabolcs\/\"}]}<\/script>\n<!-- \/ Yoast SEO plugin. -->","yoast_head_json":{"title":"Hszi Csin-ping besz\u00e9det mondott az amerikai bar\u00e1ti t\u00e1rsas\u00e1gok d\u00edszvacsor\u00e1j\u00e1n San Francisc\u00f3ban - kinaikaleidoszkop.hu","robots":{"index":"index","follow":"follow","max-snippet":"max-snippet:-1","max-image-preview":"max-image-preview:large","max-video-preview":"max-video-preview:-1"},"canonical":"https:\/\/kinaikaleidoszkop.hu\/index.php\/2023\/11\/16\/hszi-csin-ping-beszedet-mondott-az-amerikai-barati-tarsasagok-diszvacsorajan-san-franciscoban\/","og_locale":"hu_HU","og_type":"article","og_title":"Hszi Csin-ping besz\u00e9det mondott az amerikai bar\u00e1ti t\u00e1rsas\u00e1gok d\u00edszvacsor\u00e1j\u00e1n San Francisc\u00f3ban - kinaikaleidoszkop.hu","og_description":"Hszi Csin-ping k\u00ednai eln\u00f6k helyi id\u0151 szerint szerda este besz\u00e9det mondott az amerikai bar\u00e1ti t\u00e1rsas\u00e1gok \u00e1ltal szervezett d\u00edszvacsor\u00e1n az amerikai San Francisc\u00f3ban. \u201eA k\u00ednai\u2013amerikai kapcsolatok alapja a n\u00e9peinkben nyugszik\u201d \u2013 mondta Hszi, hangs\u00falyozva, hogy \u201ea k\u00ednai\u2013amerikai kapcsolatok ajtaj\u00e1t n\u00e9peink nyitott\u00e1k meg\u201d, \u201ea k\u00ednai\u2013amerikai kapcsolatok t\u00f6rt\u00e9neteit n\u00e9peink \u00edrt\u00e1k\u201d \u00e9s \u201ea kapcsolatok j\u00f6v\u0151j\u00e9t n\u00e9peink fogj\u00e1k l\u00e9trehozni\u201d. \u201eT\u00f6bb [&hellip;]","og_url":"https:\/\/kinaikaleidoszkop.hu\/index.php\/2023\/11\/16\/hszi-csin-ping-beszedet-mondott-az-amerikai-barati-tarsasagok-diszvacsorajan-san-franciscoban\/","og_site_name":"kinaikaleidoszkop.hu","article_published_time":"2023-11-16T08:43:54+00:00","article_modified_time":"2023-11-16T08:43:55+00:00","og_image":[{"width":650,"height":348,"url":"https:\/\/kinaikaleidoszkop.hu\/wp-content\/uploads\/2023\/11\/\u665a\u5bb4\u6f14\u8bb2.jpg","type":"image\/jpeg"}],"author":"admin-szabolcs","twitter_card":"summary_large_image","twitter_misc":{"Szerz\u0151:":"admin-szabolcs","Becs\u00fclt olvas\u00e1si id\u0151":"1 perc"},"schema":{"@context":"https:\/\/schema.org","@graph":[{"@type":"WebPage","@id":"https:\/\/kinaikaleidoszkop.hu\/index.php\/2023\/11\/16\/hszi-csin-ping-beszedet-mondott-az-amerikai-barati-tarsasagok-diszvacsorajan-san-franciscoban\/","url":"https:\/\/kinaikaleidoszkop.hu\/index.php\/2023\/11\/16\/hszi-csin-ping-beszedet-mondott-az-amerikai-barati-tarsasagok-diszvacsorajan-san-franciscoban\/","name":"Hszi Csin-ping besz\u00e9det mondott az amerikai bar\u00e1ti t\u00e1rsas\u00e1gok d\u00edszvacsor\u00e1j\u00e1n San Francisc\u00f3ban - kinaikaleidoszkop.hu","isPartOf":{"@id":"https:\/\/kinaikaleidoszkop.hu\/#website"},"primaryImageOfPage":{"@id":"https:\/\/kinaikaleidoszkop.hu\/index.php\/2023\/11\/16\/hszi-csin-ping-beszedet-mondott-az-amerikai-barati-tarsasagok-diszvacsorajan-san-franciscoban\/#primaryimage"},"image":{"@id":"https:\/\/kinaikaleidoszkop.hu\/index.php\/2023\/11\/16\/hszi-csin-ping-beszedet-mondott-az-amerikai-barati-tarsasagok-diszvacsorajan-san-franciscoban\/#primaryimage"},"thumbnailUrl":"https:\/\/kinaikaleidoszkop.hu\/wp-content\/uploads\/2023\/11\/\u665a\u5bb4\u6f14\u8bb2.jpg","datePublished":"2023-11-16T08:43:54+00:00","dateModified":"2023-11-16T08:43:55+00:00","author":{"@id":"https:\/\/kinaikaleidoszkop.hu\/#\/schema\/person\/b9e2febe742edd540c1197716ec02bf7"},"breadcrumb":{"@id":"https:\/\/kinaikaleidoszkop.hu\/index.php\/2023\/11\/16\/hszi-csin-ping-beszedet-mondott-az-amerikai-barati-tarsasagok-diszvacsorajan-san-franciscoban\/#breadcrumb"},"inLanguage":"hu","potentialAction":[{"@type":"ReadAction","target":["https:\/\/kinaikaleidoszkop.hu\/index.php\/2023\/11\/16\/hszi-csin-ping-beszedet-mondott-az-amerikai-barati-tarsasagok-diszvacsorajan-san-franciscoban\/"]}]},{"@type":"ImageObject","inLanguage":"hu","@id":"https:\/\/kinaikaleidoszkop.hu\/index.php\/2023\/11\/16\/hszi-csin-ping-beszedet-mondott-az-amerikai-barati-tarsasagok-diszvacsorajan-san-franciscoban\/#primaryimage","url":"https:\/\/kinaikaleidoszkop.hu\/wp-content\/uploads\/2023\/11\/\u665a\u5bb4\u6f14\u8bb2.jpg","contentUrl":"https:\/\/kinaikaleidoszkop.hu\/wp-content\/uploads\/2023\/11\/\u665a\u5bb4\u6f14\u8bb2.jpg","width":650,"height":348},{"@type":"BreadcrumbList","@id":"https:\/\/kinaikaleidoszkop.hu\/index.php\/2023\/11\/16\/hszi-csin-ping-beszedet-mondott-az-amerikai-barati-tarsasagok-diszvacsorajan-san-franciscoban\/#breadcrumb","itemListElement":[{"@type":"ListItem","position":1,"name":"Kezd\u0151lap","item":"https:\/\/kinaikaleidoszkop.hu\/"},{"@type":"ListItem","position":2,"name":"Hszi Csin-ping besz\u00e9det mondott az amerikai bar\u00e1ti t\u00e1rsas\u00e1gok d\u00edszvacsor\u00e1j\u00e1n San Francisc\u00f3ban"}]},{"@type":"WebSite","@id":"https:\/\/kinaikaleidoszkop.hu\/#website","url":"https:\/\/kinaikaleidoszkop.hu\/","name":"kinaikaleidoszkop.hu","description":"","potentialAction":[{"@type":"SearchAction","target":{"@type":"EntryPoint","urlTemplate":"https:\/\/kinaikaleidoszkop.hu\/?s={search_term_string}"},"query-input":{"@type":"PropertyValueSpecification","valueRequired":true,"valueName":"search_term_string"}}],"inLanguage":"hu"},{"@type":"Person","@id":"https:\/\/kinaikaleidoszkop.hu\/#\/schema\/person\/b9e2febe742edd540c1197716ec02bf7","name":"admin-szabolcs","image":{"@type":"ImageObject","inLanguage":"hu","@id":"https:\/\/kinaikaleidoszkop.hu\/#\/schema\/person\/image\/","url":"https:\/\/secure.gravatar.com\/avatar\/154f262492794df2a6cb5d5349227b18ef8f85ab462fbb32625fc42406483d21?s=96&d=mm&r=g","contentUrl":"https:\/\/secure.gravatar.com\/avatar\/154f262492794df2a6cb5d5349227b18ef8f85ab462fbb32625fc42406483d21?s=96&d=mm&r=g","caption":"admin-szabolcs"},"url":"https:\/\/kinaikaleidoszkop.hu\/index.php\/author\/admin-szabolcs\/"}]}},"views":276,"distributor_meta":false,"distributor_terms":false,"distributor_media":false,"distributor_original_site_name":"kinaikaleidoszkop.hu","distributor_original_site_url":"https:\/\/kinaikaleidoszkop.hu","push-errors":false,"_links":{"self":[{"href":"https:\/\/kinaikaleidoszkop.hu\/index.php\/wp-json\/wp\/v2\/posts\/19893","targetHints":{"allow":["GET"]}}],"collection":[{"href":"https:\/\/kinaikaleidoszkop.hu\/index.php\/wp-json\/wp\/v2\/posts"}],"about":[{"href":"https:\/\/kinaikaleidoszkop.hu\/index.php\/wp-json\/wp\/v2\/types\/post"}],"author":[{"embeddable":true,"href":"https:\/\/kinaikaleidoszkop.hu\/index.php\/wp-json\/wp\/v2\/users\/2"}],"replies":[{"embeddable":true,"href":"https:\/\/kinaikaleidoszkop.hu\/index.php\/wp-json\/wp\/v2\/comments?post=19893"}],"version-history":[{"count":1,"href":"https:\/\/kinaikaleidoszkop.hu\/index.php\/wp-json\/wp\/v2\/posts\/19893\/revisions"}],"predecessor-version":[{"id":19896,"href":"https:\/\/kinaikaleidoszkop.hu\/index.php\/wp-json\/wp\/v2\/posts\/19893\/revisions\/19896"}],"wp:featuredmedia":[{"embeddable":true,"href":"https:\/\/kinaikaleidoszkop.hu\/index.php\/wp-json\/wp\/v2\/media\/19895"}],"wp:attachment":[{"href":"https:\/\/kinaikaleidoszkop.hu\/index.php\/wp-json\/wp\/v2\/media?parent=19893"}],"wp:term":[{"taxonomy":"category","embeddable":true,"href":"https:\/\/kinaikaleidoszkop.hu\/index.php\/wp-json\/wp\/v2\/categories?post=19893"},{"taxonomy":"post_tag","embeddable":true,"href":"https:\/\/kinaikaleidoszkop.hu\/index.php\/wp-json\/wp\/v2\/tags?post=19893"}],"curies":[{"name":"wp","href":"https:\/\/api.w.org\/{rel}","templated":true}]}}