{"id":19938,"date":"2023-11-18T07:31:07","date_gmt":"2023-11-18T06:31:07","guid":{"rendered":"https:\/\/kinaikaleidoszkop.hu\/?p=19938"},"modified":"2023-11-18T07:31:09","modified_gmt":"2023-11-18T06:31:09","slug":"hogyan-valosuljon-meg-a-san-francisco-i-vizio","status":"publish","type":"post","link":"https:\/\/kinaikaleidoszkop.hu\/index.php\/2023\/11\/18\/hogyan-valosuljon-meg-a-san-francisco-i-vizio\/","title":{"rendered":"Hogyan val\u00f3suljon meg a San Francisc\u00f3-i v\u00edzi\u00f3?"},"content":{"rendered":"\n<p class=\"wp-block-paragraph\"><strong>Az amerikai San Francisco k\u00f6zel\u00e9ben tal\u00e1lhat\u00f3 Filoli kert november 15-\u00e9n a vil\u00e1g figyelm\u00e9nek k\u00f6z\u00e9ppontj\u00e1ba ker\u00fclt: Hszi Csin-ping k\u00ednai eln\u00f6k \u00e9s Joe Biden amerikai eln\u00f6k k\u00f6zel n\u00e9gy \u00f3r\u00e1n \u00e1t folytatott itt hossz\u00fa besz\u00e9lget\u00e9st, \u00e9s t\u00f6bb mint 20 konszenzust \u00e9rtek el, megteremtve a j\u00f6v\u0151orient\u00e1lt \u201eSan Francisc\u00f3-i v\u00edzi\u00f3t\u201d. \u201eA k\u00ednai\u2013amerikai cs\u00facstal\u00e1lkoz\u00f3 t\u00f6bb ter\u00fcleten tett el\u0151rel\u00e9p\u00e9st\u201d \u2013 \u00edrta a BBC.<\/strong><\/p>\n\n\n\n<figure class=\"wp-block-image size-large\"><img decoding=\"async\" src=\"https:\/\/hirpest.hu\/wp-content\/uploads\/2023\/11\/\u4f1a\u89c1-1024x576.jpg\" alt=\"\" class=\"wp-image-19688\"\/><\/figure>\n\n\n\n<p class=\"wp-block-paragraph\">A k\u00ednai eln\u00f6k szerint K\u00edn\u00e1nak \u00e9s az Egyes\u00fclt \u00c1llamoknak egy\u00fctt kell fel\u00e9p\u00edteni\u00fck a k\u00e9toldal\u00fa viszonyuk \u00f6t pill\u00e9r\u00e9t. Ez az \u00f6t pill\u00e9r a helyes felfog\u00e1s k\u00f6z\u00f6s kialak\u00edt\u00e1sa, a n\u00e9zetelt\u00e9r\u00e9sek hat\u00e9kony k\u00f6z\u00f6s kezel\u00e9se, a k\u00f6lcs\u00f6n\u00f6sen el\u0151ny\u00f6s egy\u00fcttm\u0171k\u00f6d\u00e9sek k\u00f6z\u00f6s el\u0151mozd\u00edt\u00e1sa, a nagyhatalmi felel\u0151ss\u00e9g k\u00f6z\u00f6s v\u00e1llal\u00e1sa \u00e9s az emberek k\u00f6z\u00f6tti kapcsolatok k\u00f6z\u00f6s el\u0151mozd\u00edt\u00e1sa.<\/p>\n\n\n\n<p class=\"wp-block-paragraph\">A San Francisc\u00f3-i v\u00edzi\u00f3 el\u0151felt\u00e9tele, hogy K\u00edna \u00e9s az Egyes\u00fclt \u00c1llamok helyesen \u00e9rtelmezze egym\u00e1st.<\/p>\n\n\n\n<p class=\"wp-block-paragraph\">\u201eK\u00edna nem tervezi, hogy fel\u00fclm\u00falja vagy lev\u00e1ltja az Egyes\u00fclt \u00c1llamokat, \u00e9s az Egyes\u00fclt \u00c1llamoknak nem \u00e1ll sz\u00e1nd\u00e9k\u00e1ban elnyomni \u00e9s megf\u00e9kezni K\u00edn\u00e1t\u201d, a tal\u00e1lkoz\u00f3n Hszi eln\u00f6k kifejtette K\u00edna strat\u00e9giai sz\u00e1nd\u00e9kait. K\u00fcl\u00f6n\u00f6sen Tajvan \u00fcgy\u00e9ben k\u00f6veteli a k\u00ednai f\u00e9l, hogy az Egyes\u00fclt \u00c1llamok szigor\u00faan tartsa mag\u00e1t az \u201eegy K\u00edna\u201d elvhez, ellenezze \u201eTajvan f\u00fcggetlens\u00e9g\u00e9t\u201d, \u00e9s hagyjon fel Tajvan felfegyverz\u00e9s\u00e9vel.<\/p>\n\n\n\n<p class=\"wp-block-paragraph\">Annak \u00e9rdek\u00e9ben, hogy a San Francisc\u00f3-i v\u00edzi\u00f3 megval\u00f3suljon, K\u00edn\u00e1nak \u00e9s az Egyes\u00fclt \u00c1llamoknak hat\u00e9konyan kell kezelnie n\u00e9zetelt\u00e9r\u00e9seit \u00e9s cs\u00f6kkenteni kell az emberek k\u00f6z\u00f6tti cserekapcsolatokat akad\u00e1lyoz\u00f3 negat\u00edv t\u00e9nyez\u0151ket. K\u00edna egy\u00e9rtelm\u0171en aggodalm\u00e1t fejezte ki sz\u00e1mos kulcsfontoss\u00e1g\u00fa k\u00e9rd\u00e9sben, p\u00e9ld\u00e1ul ellenzi az exportellen\u0151rz\u00e9sre, a beruh\u00e1z\u00e1sok fel\u00fclvizsg\u00e1lat\u00e1ra \u00e9s az egyoldal\u00fa szankci\u00f3kra vonatkoz\u00f3 amerikai int\u00e9zked\u00e9seket.<\/p>\n\n\n\n<p class=\"wp-block-paragraph\">Az amerikai f\u00e9l kijelentette, \u00f6r\u00f6mmel l\u00e1tja, hogy a k\u00e9t orsz\u00e1g n\u00f6veli a k\u00f6zvetlen l\u00e9gi j\u00e1ratok sz\u00e1m\u00e1t, \u00e9s b\u0151v\u00edti az oktat\u00e1si, tudom\u00e1nyos \u00e9s technol\u00f3giai csereprogramokat.<\/p>\n\n\n\n<p class=\"wp-block-paragraph\"><strong><em>2023. 11. 18.<\/em><\/strong><\/p>\n\n\n\n<p class=\"wp-block-paragraph\"><strong><em>(Zhou Huiwen-China Media Group)<\/em><\/strong><\/p>\n\n\n\n<p class=\"wp-block-paragraph\"><strong><em>(x)<\/em><\/strong><\/p>\n","protected":false},"excerpt":{"rendered":"<p>Az amerikai San Francisco k\u00f6zel\u00e9ben tal\u00e1lhat\u00f3 Filoli kert november 15-\u00e9n a vil\u00e1g figyelm\u00e9nek k\u00f6z\u00e9ppontj\u00e1ba ker\u00fclt: Hszi Csin-ping k\u00ednai eln\u00f6k \u00e9s Joe Biden amerikai eln\u00f6k k\u00f6zel n\u00e9gy \u00f3r\u00e1n \u00e1t folytatott itt hossz\u00fa besz\u00e9lget\u00e9st, \u00e9s t\u00f6bb mint 20 konszenzust \u00e9rtek el, megteremtve a j\u00f6v\u0151orient\u00e1lt \u201eSan Francisc\u00f3-i v\u00edzi\u00f3t\u201d. \u201eA k\u00ednai\u2013amerikai cs\u00facstal\u00e1lkoz\u00f3 t\u00f6bb ter\u00fcleten tett el\u0151rel\u00e9p\u00e9st\u201d \u2013 \u00edrta a [&hellip;]<\/p>\n","protected":false},"author":6,"featured_media":19940,"comment_status":"closed","ping_status":"closed","sticky":false,"template":"","format":"standard","meta":{"footnotes":""},"categories":[45],"tags":[3334,3335,131,305,410,326,3333,595],"class_list":["post-19938","post","type-post","status-publish","format-standard","has-post-thumbnail","hentry","category-hirek","tag-apec","tag-apec-2023","tag-egyesult-allamok","tag-hszi-csin-ping","tag-joe-biden","tag-kinai-allamelnok","tag-san-francisco","tag-talalkozo"],"yoast_head":"<!-- This site is optimized with the Yoast SEO plugin v23.7 - https:\/\/yoast.com\/wordpress\/plugins\/seo\/ -->\n<title>Hogyan val\u00f3suljon meg a San Francisc\u00f3-i v\u00edzi\u00f3? - kinaikaleidoszkop.hu<\/title>\n<meta name=\"robots\" content=\"index, follow, max-snippet:-1, max-image-preview:large, max-video-preview:-1\" \/>\n<link rel=\"canonical\" href=\"https:\/\/kinaikaleidoszkop.hu\/index.php\/2023\/11\/18\/hogyan-valosuljon-meg-a-san-francisco-i-vizio\/\" \/>\n<meta property=\"og:locale\" content=\"hu_HU\" \/>\n<meta property=\"og:type\" content=\"article\" \/>\n<meta property=\"og:title\" content=\"Hogyan val\u00f3suljon meg a San Francisc\u00f3-i v\u00edzi\u00f3? - kinaikaleidoszkop.hu\" \/>\n<meta property=\"og:description\" content=\"Az amerikai San Francisco k\u00f6zel\u00e9ben tal\u00e1lhat\u00f3 Filoli kert november 15-\u00e9n a vil\u00e1g figyelm\u00e9nek k\u00f6z\u00e9ppontj\u00e1ba ker\u00fclt: Hszi Csin-ping k\u00ednai eln\u00f6k \u00e9s Joe Biden amerikai eln\u00f6k k\u00f6zel n\u00e9gy \u00f3r\u00e1n \u00e1t folytatott itt hossz\u00fa besz\u00e9lget\u00e9st, \u00e9s t\u00f6bb mint 20 konszenzust \u00e9rtek el, megteremtve a j\u00f6v\u0151orient\u00e1lt \u201eSan Francisc\u00f3-i v\u00edzi\u00f3t\u201d. \u201eA k\u00ednai\u2013amerikai cs\u00facstal\u00e1lkoz\u00f3 t\u00f6bb ter\u00fcleten tett el\u0151rel\u00e9p\u00e9st\u201d \u2013 \u00edrta a [&hellip;]\" \/>\n<meta property=\"og:url\" content=\"https:\/\/kinaikaleidoszkop.hu\/index.php\/2023\/11\/18\/hogyan-valosuljon-meg-a-san-francisco-i-vizio\/\" \/>\n<meta property=\"og:site_name\" content=\"kinaikaleidoszkop.hu\" \/>\n<meta property=\"article:published_time\" content=\"2023-11-18T06:31:07+00:00\" \/>\n<meta property=\"article:modified_time\" content=\"2023-11-18T06:31:09+00:00\" \/>\n<meta property=\"og:image\" content=\"https:\/\/kinaikaleidoszkop.hu\/wp-content\/uploads\/2023\/11\/\u4f1a\u89c1.jpg\" \/>\n\t<meta property=\"og:image:width\" content=\"1062\" \/>\n\t<meta property=\"og:image:height\" content=\"597\" \/>\n\t<meta property=\"og:image:type\" content=\"image\/jpeg\" \/>\n<meta name=\"author\" content=\"admin-sebi\" \/>\n<meta name=\"twitter:card\" content=\"summary_large_image\" \/>\n<meta name=\"twitter:label1\" content=\"Szerz\u0151:\" \/>\n\t<meta name=\"twitter:data1\" content=\"admin-sebi\" \/>\n\t<meta name=\"twitter:label2\" content=\"Becs\u00fclt olvas\u00e1si id\u0151\" \/>\n\t<meta name=\"twitter:data2\" content=\"2 perc\" \/>\n<script type=\"application\/ld+json\" class=\"yoast-schema-graph\">{\"@context\":\"https:\/\/schema.org\",\"@graph\":[{\"@type\":\"WebPage\",\"@id\":\"https:\/\/kinaikaleidoszkop.hu\/index.php\/2023\/11\/18\/hogyan-valosuljon-meg-a-san-francisco-i-vizio\/\",\"url\":\"https:\/\/kinaikaleidoszkop.hu\/index.php\/2023\/11\/18\/hogyan-valosuljon-meg-a-san-francisco-i-vizio\/\",\"name\":\"Hogyan val\u00f3suljon meg a San Francisc\u00f3-i v\u00edzi\u00f3? - kinaikaleidoszkop.hu\",\"isPartOf\":{\"@id\":\"https:\/\/kinaikaleidoszkop.hu\/#website\"},\"primaryImageOfPage\":{\"@id\":\"https:\/\/kinaikaleidoszkop.hu\/index.php\/2023\/11\/18\/hogyan-valosuljon-meg-a-san-francisco-i-vizio\/#primaryimage\"},\"image\":{\"@id\":\"https:\/\/kinaikaleidoszkop.hu\/index.php\/2023\/11\/18\/hogyan-valosuljon-meg-a-san-francisco-i-vizio\/#primaryimage\"},\"thumbnailUrl\":\"https:\/\/kinaikaleidoszkop.hu\/wp-content\/uploads\/2023\/11\/\u4f1a\u89c1.jpg\",\"datePublished\":\"2023-11-18T06:31:07+00:00\",\"dateModified\":\"2023-11-18T06:31:09+00:00\",\"author\":{\"@id\":\"https:\/\/kinaikaleidoszkop.hu\/#\/schema\/person\/fd215d3a8bab54daeb796ae166f99ea5\"},\"breadcrumb\":{\"@id\":\"https:\/\/kinaikaleidoszkop.hu\/index.php\/2023\/11\/18\/hogyan-valosuljon-meg-a-san-francisco-i-vizio\/#breadcrumb\"},\"inLanguage\":\"hu\",\"potentialAction\":[{\"@type\":\"ReadAction\",\"target\":[\"https:\/\/kinaikaleidoszkop.hu\/index.php\/2023\/11\/18\/hogyan-valosuljon-meg-a-san-francisco-i-vizio\/\"]}]},{\"@type\":\"ImageObject\",\"inLanguage\":\"hu\",\"@id\":\"https:\/\/kinaikaleidoszkop.hu\/index.php\/2023\/11\/18\/hogyan-valosuljon-meg-a-san-francisco-i-vizio\/#primaryimage\",\"url\":\"https:\/\/kinaikaleidoszkop.hu\/wp-content\/uploads\/2023\/11\/\u4f1a\u89c1.jpg\",\"contentUrl\":\"https:\/\/kinaikaleidoszkop.hu\/wp-content\/uploads\/2023\/11\/\u4f1a\u89c1.jpg\",\"width\":1062,\"height\":597},{\"@type\":\"BreadcrumbList\",\"@id\":\"https:\/\/kinaikaleidoszkop.hu\/index.php\/2023\/11\/18\/hogyan-valosuljon-meg-a-san-francisco-i-vizio\/#breadcrumb\",\"itemListElement\":[{\"@type\":\"ListItem\",\"position\":1,\"name\":\"Kezd\u0151lap\",\"item\":\"https:\/\/kinaikaleidoszkop.hu\/\"},{\"@type\":\"ListItem\",\"position\":2,\"name\":\"Hogyan val\u00f3suljon meg a San Francisc\u00f3-i v\u00edzi\u00f3?\"}]},{\"@type\":\"WebSite\",\"@id\":\"https:\/\/kinaikaleidoszkop.hu\/#website\",\"url\":\"https:\/\/kinaikaleidoszkop.hu\/\",\"name\":\"kinaikaleidoszkop.hu\",\"description\":\"\",\"potentialAction\":[{\"@type\":\"SearchAction\",\"target\":{\"@type\":\"EntryPoint\",\"urlTemplate\":\"https:\/\/kinaikaleidoszkop.hu\/?s={search_term_string}\"},\"query-input\":{\"@type\":\"PropertyValueSpecification\",\"valueRequired\":true,\"valueName\":\"search_term_string\"}}],\"inLanguage\":\"hu\"},{\"@type\":\"Person\",\"@id\":\"https:\/\/kinaikaleidoszkop.hu\/#\/schema\/person\/fd215d3a8bab54daeb796ae166f99ea5\",\"name\":\"admin-sebi\",\"image\":{\"@type\":\"ImageObject\",\"inLanguage\":\"hu\",\"@id\":\"https:\/\/kinaikaleidoszkop.hu\/#\/schema\/person\/image\/\",\"url\":\"https:\/\/secure.gravatar.com\/avatar\/b1498042bc4969020b4951f204f963e97c3d7d199f3790c1071adf67c61d0aa5?s=96&d=mm&r=g\",\"contentUrl\":\"https:\/\/secure.gravatar.com\/avatar\/b1498042bc4969020b4951f204f963e97c3d7d199f3790c1071adf67c61d0aa5?s=96&d=mm&r=g\",\"caption\":\"admin-sebi\"},\"url\":\"https:\/\/kinaikaleidoszkop.hu\/index.php\/author\/admin-sebi\/\"}]}<\/script>\n<!-- \/ Yoast SEO plugin. -->","yoast_head_json":{"title":"Hogyan val\u00f3suljon meg a San Francisc\u00f3-i v\u00edzi\u00f3? - kinaikaleidoszkop.hu","robots":{"index":"index","follow":"follow","max-snippet":"max-snippet:-1","max-image-preview":"max-image-preview:large","max-video-preview":"max-video-preview:-1"},"canonical":"https:\/\/kinaikaleidoszkop.hu\/index.php\/2023\/11\/18\/hogyan-valosuljon-meg-a-san-francisco-i-vizio\/","og_locale":"hu_HU","og_type":"article","og_title":"Hogyan val\u00f3suljon meg a San Francisc\u00f3-i v\u00edzi\u00f3? - kinaikaleidoszkop.hu","og_description":"Az amerikai San Francisco k\u00f6zel\u00e9ben tal\u00e1lhat\u00f3 Filoli kert november 15-\u00e9n a vil\u00e1g figyelm\u00e9nek k\u00f6z\u00e9ppontj\u00e1ba ker\u00fclt: Hszi Csin-ping k\u00ednai eln\u00f6k \u00e9s Joe Biden amerikai eln\u00f6k k\u00f6zel n\u00e9gy \u00f3r\u00e1n \u00e1t folytatott itt hossz\u00fa besz\u00e9lget\u00e9st, \u00e9s t\u00f6bb mint 20 konszenzust \u00e9rtek el, megteremtve a j\u00f6v\u0151orient\u00e1lt \u201eSan Francisc\u00f3-i v\u00edzi\u00f3t\u201d. \u201eA k\u00ednai\u2013amerikai cs\u00facstal\u00e1lkoz\u00f3 t\u00f6bb ter\u00fcleten tett el\u0151rel\u00e9p\u00e9st\u201d \u2013 \u00edrta a [&hellip;]","og_url":"https:\/\/kinaikaleidoszkop.hu\/index.php\/2023\/11\/18\/hogyan-valosuljon-meg-a-san-francisco-i-vizio\/","og_site_name":"kinaikaleidoszkop.hu","article_published_time":"2023-11-18T06:31:07+00:00","article_modified_time":"2023-11-18T06:31:09+00:00","og_image":[{"width":1062,"height":597,"url":"https:\/\/kinaikaleidoszkop.hu\/wp-content\/uploads\/2023\/11\/\u4f1a\u89c1.jpg","type":"image\/jpeg"}],"author":"admin-sebi","twitter_card":"summary_large_image","twitter_misc":{"Szerz\u0151:":"admin-sebi","Becs\u00fclt olvas\u00e1si id\u0151":"2 perc"},"schema":{"@context":"https:\/\/schema.org","@graph":[{"@type":"WebPage","@id":"https:\/\/kinaikaleidoszkop.hu\/index.php\/2023\/11\/18\/hogyan-valosuljon-meg-a-san-francisco-i-vizio\/","url":"https:\/\/kinaikaleidoszkop.hu\/index.php\/2023\/11\/18\/hogyan-valosuljon-meg-a-san-francisco-i-vizio\/","name":"Hogyan val\u00f3suljon meg a San Francisc\u00f3-i v\u00edzi\u00f3? - kinaikaleidoszkop.hu","isPartOf":{"@id":"https:\/\/kinaikaleidoszkop.hu\/#website"},"primaryImageOfPage":{"@id":"https:\/\/kinaikaleidoszkop.hu\/index.php\/2023\/11\/18\/hogyan-valosuljon-meg-a-san-francisco-i-vizio\/#primaryimage"},"image":{"@id":"https:\/\/kinaikaleidoszkop.hu\/index.php\/2023\/11\/18\/hogyan-valosuljon-meg-a-san-francisco-i-vizio\/#primaryimage"},"thumbnailUrl":"https:\/\/kinaikaleidoszkop.hu\/wp-content\/uploads\/2023\/11\/\u4f1a\u89c1.jpg","datePublished":"2023-11-18T06:31:07+00:00","dateModified":"2023-11-18T06:31:09+00:00","author":{"@id":"https:\/\/kinaikaleidoszkop.hu\/#\/schema\/person\/fd215d3a8bab54daeb796ae166f99ea5"},"breadcrumb":{"@id":"https:\/\/kinaikaleidoszkop.hu\/index.php\/2023\/11\/18\/hogyan-valosuljon-meg-a-san-francisco-i-vizio\/#breadcrumb"},"inLanguage":"hu","potentialAction":[{"@type":"ReadAction","target":["https:\/\/kinaikaleidoszkop.hu\/index.php\/2023\/11\/18\/hogyan-valosuljon-meg-a-san-francisco-i-vizio\/"]}]},{"@type":"ImageObject","inLanguage":"hu","@id":"https:\/\/kinaikaleidoszkop.hu\/index.php\/2023\/11\/18\/hogyan-valosuljon-meg-a-san-francisco-i-vizio\/#primaryimage","url":"https:\/\/kinaikaleidoszkop.hu\/wp-content\/uploads\/2023\/11\/\u4f1a\u89c1.jpg","contentUrl":"https:\/\/kinaikaleidoszkop.hu\/wp-content\/uploads\/2023\/11\/\u4f1a\u89c1.jpg","width":1062,"height":597},{"@type":"BreadcrumbList","@id":"https:\/\/kinaikaleidoszkop.hu\/index.php\/2023\/11\/18\/hogyan-valosuljon-meg-a-san-francisco-i-vizio\/#breadcrumb","itemListElement":[{"@type":"ListItem","position":1,"name":"Kezd\u0151lap","item":"https:\/\/kinaikaleidoszkop.hu\/"},{"@type":"ListItem","position":2,"name":"Hogyan val\u00f3suljon meg a San Francisc\u00f3-i v\u00edzi\u00f3?"}]},{"@type":"WebSite","@id":"https:\/\/kinaikaleidoszkop.hu\/#website","url":"https:\/\/kinaikaleidoszkop.hu\/","name":"kinaikaleidoszkop.hu","description":"","potentialAction":[{"@type":"SearchAction","target":{"@type":"EntryPoint","urlTemplate":"https:\/\/kinaikaleidoszkop.hu\/?s={search_term_string}"},"query-input":{"@type":"PropertyValueSpecification","valueRequired":true,"valueName":"search_term_string"}}],"inLanguage":"hu"},{"@type":"Person","@id":"https:\/\/kinaikaleidoszkop.hu\/#\/schema\/person\/fd215d3a8bab54daeb796ae166f99ea5","name":"admin-sebi","image":{"@type":"ImageObject","inLanguage":"hu","@id":"https:\/\/kinaikaleidoszkop.hu\/#\/schema\/person\/image\/","url":"https:\/\/secure.gravatar.com\/avatar\/b1498042bc4969020b4951f204f963e97c3d7d199f3790c1071adf67c61d0aa5?s=96&d=mm&r=g","contentUrl":"https:\/\/secure.gravatar.com\/avatar\/b1498042bc4969020b4951f204f963e97c3d7d199f3790c1071adf67c61d0aa5?s=96&d=mm&r=g","caption":"admin-sebi"},"url":"https:\/\/kinaikaleidoszkop.hu\/index.php\/author\/admin-sebi\/"}]}},"views":296,"distributor_meta":false,"distributor_terms":false,"distributor_media":false,"distributor_original_site_name":"kinaikaleidoszkop.hu","distributor_original_site_url":"https:\/\/kinaikaleidoszkop.hu","push-errors":false,"_links":{"self":[{"href":"https:\/\/kinaikaleidoszkop.hu\/index.php\/wp-json\/wp\/v2\/posts\/19938","targetHints":{"allow":["GET"]}}],"collection":[{"href":"https:\/\/kinaikaleidoszkop.hu\/index.php\/wp-json\/wp\/v2\/posts"}],"about":[{"href":"https:\/\/kinaikaleidoszkop.hu\/index.php\/wp-json\/wp\/v2\/types\/post"}],"author":[{"embeddable":true,"href":"https:\/\/kinaikaleidoszkop.hu\/index.php\/wp-json\/wp\/v2\/users\/6"}],"replies":[{"embeddable":true,"href":"https:\/\/kinaikaleidoszkop.hu\/index.php\/wp-json\/wp\/v2\/comments?post=19938"}],"version-history":[{"count":1,"href":"https:\/\/kinaikaleidoszkop.hu\/index.php\/wp-json\/wp\/v2\/posts\/19938\/revisions"}],"predecessor-version":[{"id":19941,"href":"https:\/\/kinaikaleidoszkop.hu\/index.php\/wp-json\/wp\/v2\/posts\/19938\/revisions\/19941"}],"wp:featuredmedia":[{"embeddable":true,"href":"https:\/\/kinaikaleidoszkop.hu\/index.php\/wp-json\/wp\/v2\/media\/19940"}],"wp:attachment":[{"href":"https:\/\/kinaikaleidoszkop.hu\/index.php\/wp-json\/wp\/v2\/media?parent=19938"}],"wp:term":[{"taxonomy":"category","embeddable":true,"href":"https:\/\/kinaikaleidoszkop.hu\/index.php\/wp-json\/wp\/v2\/categories?post=19938"},{"taxonomy":"post_tag","embeddable":true,"href":"https:\/\/kinaikaleidoszkop.hu\/index.php\/wp-json\/wp\/v2\/tags?post=19938"}],"curies":[{"name":"wp","href":"https:\/\/api.w.org\/{rel}","templated":true}]}}