{"id":19991,"date":"2023-11-22T08:03:24","date_gmt":"2023-11-22T07:03:24","guid":{"rendered":"https:\/\/kinaikaleidoszkop.hu\/?p=19991"},"modified":"2023-11-22T08:03:36","modified_gmt":"2023-11-22T07:03:36","slug":"hszi-csin-ping-azonnali-tuzszunetre-szolitott-fel-palesztina-es-izrael-kozott","status":"publish","type":"post","link":"https:\/\/kinaikaleidoszkop.hu\/index.php\/2023\/11\/22\/hszi-csin-ping-azonnali-tuzszunetre-szolitott-fel-palesztina-es-izrael-kozott\/","title":{"rendered":"Hszi Csin-ping azonnali t\u0171zsz\u00fcnetre sz\u00f3l\u00edtott fel Palesztina \u00e9s Izrael k\u00f6z\u00f6tt"},"content":{"rendered":"\n<p><strong>Hszi Csin-ping k\u00ednai eln\u00f6k kedden r\u00e9szt vett a BRICS-vezet\u0151k rendk\u00edv\u00fcli vide\u00f3s cs\u00facstal\u00e1lkoz\u00f3j\u00e1n a palesztin\u2013izraeli k\u00e9rd\u00e9sr\u0151l, \u00e9s fel is sz\u00f3lalt.<\/strong><\/p>\n\n\n\n<figure class=\"wp-block-image size-large\"><img decoding=\"async\" src=\"https:\/\/hirpest.hu\/wp-content\/uploads\/2023\/11\/1122Laura_hszi-palesztin-izrael-kerdeserol-1-1024x571.jpg\" alt=\"\" class=\"wp-image-19753\"\/><\/figure>\n\n\n\n<p>Hszi r\u00e1mutatott, hogy a jelenlegi helyzetben nagyon id\u0151szer\u0171 \u00e9s sz\u00fcks\u00e9ges, hogy a BRICS-orsz\u00e1gok felsz\u00f3laljanak a palesztin\u2013izraeli k\u00e9rd\u00e9sben. A g\u00e1zai konfliktus t\u00f6bb mint egy h\u00f3napja tart, sok civil \u00e1ldozatot \u00e9s humanit\u00e1rius katasztr\u00f3f\u00e1t okozva, \u00e9s a tov\u00e1bbgy\u0171r\u0171z\u00e9s tendenci\u00e1j\u00e1nak n\u00f6veked\u00e9s\u00e9t mutatja. A legf\u0151bb priorit\u00e1s az, hogy a konfliktusban r\u00e9szt vev\u0151 valamennyi f\u00e9lnek halad\u00e9ktalanul be kell sz\u00fcntetnie a harci cselekm\u00e9nyeket, a civilek elleni er\u0151szakot \u00e9s t\u00e1mad\u00e1sokat, szabadon kell engednie a fogva tartott civileket. M\u00e1sodszor, biztos\u00edtani kell a humanit\u00e1rius seg\u00e9lycsatorn\u00e1k biztons\u00e1g\u00e1t \u00e9s zavartalans\u00e1g\u00e1t, \u00e9s meg kell akad\u00e1lyozni a k\u00e9nyszer\u0171 \u00e1ttelep\u00edt\u00e9seket, a v\u00edz-, \u00e1ram- \u00e9s olajkimarad\u00e1sokat, valamint a g\u00e1zai n\u00e9p elleni egy\u00e9b kollekt\u00edv b\u00fcntet\u00e9st. Harmadszor, a nemzetk\u00f6zi k\u00f6z\u00f6ss\u00e9gnek gyakorlati int\u00e9zked\u00e9seket kell hoznia annak megakad\u00e1lyoz\u00e1s\u00e1ra, hogy a konfliktus kiterjedjen. Minden f\u00e9lnek v\u00e9gre kell hajtania az ENSZ-k\u00f6zgy\u0171l\u00e9s \u00e9s a Biztons\u00e1gi Tan\u00e1cs vonatkoz\u00f3 hat\u00e1rozatait.<\/p>\n\n\n\n<figure class=\"wp-block-image size-large\"><img decoding=\"async\" src=\"https:\/\/hirpest.hu\/wp-content\/uploads\/2023\/11\/1122Laura_hszi-palesztin-izrael-kerdeserol-2-1024x577.jpg\" alt=\"\" class=\"wp-image-19754\"\/><\/figure>\n\n\n\n<p>A k\u00ednai eln\u00f6k hangoztatta, hogy a kialakult helyzet alapvet\u0151 oka az, hogy a palesztinok \u00e1llamis\u00e1ghoz, t\u00fal\u00e9l\u00e9shez \u00e9s visszat\u00e9r\u00e9shez val\u00f3 jog\u00e1t sok\u00e1ig figyelmen k\u00edv\u00fcl hagyt\u00e1k. Az ism\u00e9tl\u0151d\u0151 konfliktus megold\u00e1s\u00e1nak alapvet\u0151 ki\u00fatja a \u201ek\u00e9t\u00e1llami megold\u00e1s\u201d v\u00e9grehajt\u00e1sa \u00e9s egy f\u00fcggetlen palesztin \u00e1llam l\u00e9trehoz\u00e1sa. K\u00edna egy tekint\u00e9lyesebb nemzetk\u00f6zi b\u00e9kekonferencia azonnali \u00f6sszeh\u00edv\u00e1s\u00e1t k\u00e9ri a k\u00e9rd\u00e9s miel\u0151bbi \u00e1tfog\u00f3, igazs\u00e1gos \u00e9s tart\u00f3s megold\u00e1s\u00e1nak el\u0151seg\u00edt\u00e9se \u00e9rdek\u00e9ben, k\u00f6z\u00f6lte a k\u00ednai eln\u00f6k.<\/p>\n\n\n\n<p><strong><em>2023. 11. 22.<\/em><\/strong><\/p>\n\n\n\n<p><strong>(Hao Yue- China Media Group)<\/strong><\/p>\n\n\n\n<p><strong><em>(x)<\/em><\/strong><\/p>\n","protected":false},"excerpt":{"rendered":"<p>Hszi Csin-ping k\u00ednai eln\u00f6k kedden r\u00e9szt vett a BRICS-vezet\u0151k rendk\u00edv\u00fcli vide\u00f3s cs\u00facstal\u00e1lkoz\u00f3j\u00e1n a palesztin\u2013izraeli k\u00e9rd\u00e9sr\u0151l, \u00e9s fel is sz\u00f3lalt. Hszi r\u00e1mutatott, hogy a jelenlegi helyzetben nagyon id\u0151szer\u0171 \u00e9s sz\u00fcks\u00e9ges, hogy a BRICS-orsz\u00e1gok felsz\u00f3laljanak a palesztin\u2013izraeli k\u00e9rd\u00e9sben. A g\u00e1zai konfliktus t\u00f6bb mint egy h\u00f3napja tart, sok civil \u00e1ldozatot \u00e9s humanit\u00e1rius katasztr\u00f3f\u00e1t okozva, \u00e9s a tov\u00e1bbgy\u0171r\u0171z\u00e9s tendenci\u00e1j\u00e1nak [&hellip;]<\/p>\n","protected":false},"author":6,"featured_media":19993,"comment_status":"closed","ping_status":"closed","sticky":false,"template":"","format":"standard","meta":{"footnotes":""},"categories":[45],"tags":[305,3314,326,1759,756],"class_list":["post-19991","post","type-post","status-publish","format-standard","has-post-thumbnail","hentry","category-hirek","tag-hszi-csin-ping","tag-izrael","tag-kinai-allamelnok","tag-palesztina","tag-tuzszunet"],"yoast_head":"<!-- This site is optimized with the Yoast SEO plugin v23.7 - https:\/\/yoast.com\/wordpress\/plugins\/seo\/ -->\n<title>Hszi Csin-ping azonnali t\u0171zsz\u00fcnetre sz\u00f3l\u00edtott fel Palesztina \u00e9s Izrael k\u00f6z\u00f6tt - kinaikaleidoszkop.hu<\/title>\n<meta name=\"robots\" content=\"index, follow, max-snippet:-1, max-image-preview:large, max-video-preview:-1\" \/>\n<link rel=\"canonical\" href=\"https:\/\/kinaikaleidoszkop.hu\/index.php\/2023\/11\/22\/hszi-csin-ping-azonnali-tuzszunetre-szolitott-fel-palesztina-es-izrael-kozott\/\" \/>\n<meta property=\"og:locale\" content=\"hu_HU\" \/>\n<meta property=\"og:type\" content=\"article\" \/>\n<meta property=\"og:title\" content=\"Hszi Csin-ping azonnali t\u0171zsz\u00fcnetre sz\u00f3l\u00edtott fel Palesztina \u00e9s Izrael k\u00f6z\u00f6tt - kinaikaleidoszkop.hu\" \/>\n<meta property=\"og:description\" content=\"Hszi Csin-ping k\u00ednai eln\u00f6k kedden r\u00e9szt vett a BRICS-vezet\u0151k rendk\u00edv\u00fcli vide\u00f3s cs\u00facstal\u00e1lkoz\u00f3j\u00e1n a palesztin\u2013izraeli k\u00e9rd\u00e9sr\u0151l, \u00e9s fel is sz\u00f3lalt. Hszi r\u00e1mutatott, hogy a jelenlegi helyzetben nagyon id\u0151szer\u0171 \u00e9s sz\u00fcks\u00e9ges, hogy a BRICS-orsz\u00e1gok felsz\u00f3laljanak a palesztin\u2013izraeli k\u00e9rd\u00e9sben. A g\u00e1zai konfliktus t\u00f6bb mint egy h\u00f3napja tart, sok civil \u00e1ldozatot \u00e9s humanit\u00e1rius katasztr\u00f3f\u00e1t okozva, \u00e9s a tov\u00e1bbgy\u0171r\u0171z\u00e9s tendenci\u00e1j\u00e1nak [&hellip;]\" \/>\n<meta property=\"og:url\" content=\"https:\/\/kinaikaleidoszkop.hu\/index.php\/2023\/11\/22\/hszi-csin-ping-azonnali-tuzszunetre-szolitott-fel-palesztina-es-izrael-kozott\/\" \/>\n<meta property=\"og:site_name\" content=\"kinaikaleidoszkop.hu\" \/>\n<meta property=\"article:published_time\" content=\"2023-11-22T07:03:24+00:00\" \/>\n<meta property=\"article:modified_time\" content=\"2023-11-22T07:03:36+00:00\" \/>\n<meta property=\"og:image\" content=\"https:\/\/kinaikaleidoszkop.hu\/wp-content\/uploads\/2023\/11\/1122Laura_hszi-palesztin-izrael-kerdeserol-1.jpg\" \/>\n\t<meta property=\"og:image:width\" content=\"1170\" \/>\n\t<meta property=\"og:image:height\" content=\"652\" \/>\n\t<meta property=\"og:image:type\" content=\"image\/jpeg\" \/>\n<meta name=\"author\" content=\"admin-sebi\" \/>\n<meta name=\"twitter:card\" content=\"summary_large_image\" \/>\n<meta name=\"twitter:label1\" content=\"Szerz\u0151:\" \/>\n\t<meta name=\"twitter:data1\" content=\"admin-sebi\" \/>\n\t<meta name=\"twitter:label2\" content=\"Becs\u00fclt olvas\u00e1si id\u0151\" \/>\n\t<meta name=\"twitter:data2\" content=\"2 perc\" \/>\n<script type=\"application\/ld+json\" class=\"yoast-schema-graph\">{\"@context\":\"https:\/\/schema.org\",\"@graph\":[{\"@type\":\"WebPage\",\"@id\":\"https:\/\/kinaikaleidoszkop.hu\/index.php\/2023\/11\/22\/hszi-csin-ping-azonnali-tuzszunetre-szolitott-fel-palesztina-es-izrael-kozott\/\",\"url\":\"https:\/\/kinaikaleidoszkop.hu\/index.php\/2023\/11\/22\/hszi-csin-ping-azonnali-tuzszunetre-szolitott-fel-palesztina-es-izrael-kozott\/\",\"name\":\"Hszi Csin-ping azonnali t\u0171zsz\u00fcnetre sz\u00f3l\u00edtott fel Palesztina \u00e9s Izrael k\u00f6z\u00f6tt - kinaikaleidoszkop.hu\",\"isPartOf\":{\"@id\":\"https:\/\/kinaikaleidoszkop.hu\/#website\"},\"primaryImageOfPage\":{\"@id\":\"https:\/\/kinaikaleidoszkop.hu\/index.php\/2023\/11\/22\/hszi-csin-ping-azonnali-tuzszunetre-szolitott-fel-palesztina-es-izrael-kozott\/#primaryimage\"},\"image\":{\"@id\":\"https:\/\/kinaikaleidoszkop.hu\/index.php\/2023\/11\/22\/hszi-csin-ping-azonnali-tuzszunetre-szolitott-fel-palesztina-es-izrael-kozott\/#primaryimage\"},\"thumbnailUrl\":\"https:\/\/kinaikaleidoszkop.hu\/wp-content\/uploads\/2023\/11\/1122Laura_hszi-palesztin-izrael-kerdeserol-1.jpg\",\"datePublished\":\"2023-11-22T07:03:24+00:00\",\"dateModified\":\"2023-11-22T07:03:36+00:00\",\"author\":{\"@id\":\"https:\/\/kinaikaleidoszkop.hu\/#\/schema\/person\/fd215d3a8bab54daeb796ae166f99ea5\"},\"breadcrumb\":{\"@id\":\"https:\/\/kinaikaleidoszkop.hu\/index.php\/2023\/11\/22\/hszi-csin-ping-azonnali-tuzszunetre-szolitott-fel-palesztina-es-izrael-kozott\/#breadcrumb\"},\"inLanguage\":\"hu\",\"potentialAction\":[{\"@type\":\"ReadAction\",\"target\":[\"https:\/\/kinaikaleidoszkop.hu\/index.php\/2023\/11\/22\/hszi-csin-ping-azonnali-tuzszunetre-szolitott-fel-palesztina-es-izrael-kozott\/\"]}]},{\"@type\":\"ImageObject\",\"inLanguage\":\"hu\",\"@id\":\"https:\/\/kinaikaleidoszkop.hu\/index.php\/2023\/11\/22\/hszi-csin-ping-azonnali-tuzszunetre-szolitott-fel-palesztina-es-izrael-kozott\/#primaryimage\",\"url\":\"https:\/\/kinaikaleidoszkop.hu\/wp-content\/uploads\/2023\/11\/1122Laura_hszi-palesztin-izrael-kerdeserol-1.jpg\",\"contentUrl\":\"https:\/\/kinaikaleidoszkop.hu\/wp-content\/uploads\/2023\/11\/1122Laura_hszi-palesztin-izrael-kerdeserol-1.jpg\",\"width\":1170,\"height\":652},{\"@type\":\"BreadcrumbList\",\"@id\":\"https:\/\/kinaikaleidoszkop.hu\/index.php\/2023\/11\/22\/hszi-csin-ping-azonnali-tuzszunetre-szolitott-fel-palesztina-es-izrael-kozott\/#breadcrumb\",\"itemListElement\":[{\"@type\":\"ListItem\",\"position\":1,\"name\":\"Kezd\u0151lap\",\"item\":\"https:\/\/kinaikaleidoszkop.hu\/\"},{\"@type\":\"ListItem\",\"position\":2,\"name\":\"Hszi Csin-ping azonnali t\u0171zsz\u00fcnetre sz\u00f3l\u00edtott fel Palesztina \u00e9s Izrael k\u00f6z\u00f6tt\"}]},{\"@type\":\"WebSite\",\"@id\":\"https:\/\/kinaikaleidoszkop.hu\/#website\",\"url\":\"https:\/\/kinaikaleidoszkop.hu\/\",\"name\":\"kinaikaleidoszkop.hu\",\"description\":\"\",\"potentialAction\":[{\"@type\":\"SearchAction\",\"target\":{\"@type\":\"EntryPoint\",\"urlTemplate\":\"https:\/\/kinaikaleidoszkop.hu\/?s={search_term_string}\"},\"query-input\":{\"@type\":\"PropertyValueSpecification\",\"valueRequired\":true,\"valueName\":\"search_term_string\"}}],\"inLanguage\":\"hu\"},{\"@type\":\"Person\",\"@id\":\"https:\/\/kinaikaleidoszkop.hu\/#\/schema\/person\/fd215d3a8bab54daeb796ae166f99ea5\",\"name\":\"admin-sebi\",\"image\":{\"@type\":\"ImageObject\",\"inLanguage\":\"hu\",\"@id\":\"https:\/\/kinaikaleidoszkop.hu\/#\/schema\/person\/image\/\",\"url\":\"https:\/\/secure.gravatar.com\/avatar\/b1498042bc4969020b4951f204f963e97c3d7d199f3790c1071adf67c61d0aa5?s=96&d=mm&r=g\",\"contentUrl\":\"https:\/\/secure.gravatar.com\/avatar\/b1498042bc4969020b4951f204f963e97c3d7d199f3790c1071adf67c61d0aa5?s=96&d=mm&r=g\",\"caption\":\"admin-sebi\"},\"url\":\"https:\/\/kinaikaleidoszkop.hu\/index.php\/author\/admin-sebi\/\"}]}<\/script>\n<!-- \/ Yoast SEO plugin. -->","yoast_head_json":{"title":"Hszi Csin-ping azonnali t\u0171zsz\u00fcnetre sz\u00f3l\u00edtott fel Palesztina \u00e9s Izrael k\u00f6z\u00f6tt - kinaikaleidoszkop.hu","robots":{"index":"index","follow":"follow","max-snippet":"max-snippet:-1","max-image-preview":"max-image-preview:large","max-video-preview":"max-video-preview:-1"},"canonical":"https:\/\/kinaikaleidoszkop.hu\/index.php\/2023\/11\/22\/hszi-csin-ping-azonnali-tuzszunetre-szolitott-fel-palesztina-es-izrael-kozott\/","og_locale":"hu_HU","og_type":"article","og_title":"Hszi Csin-ping azonnali t\u0171zsz\u00fcnetre sz\u00f3l\u00edtott fel Palesztina \u00e9s Izrael k\u00f6z\u00f6tt - kinaikaleidoszkop.hu","og_description":"Hszi Csin-ping k\u00ednai eln\u00f6k kedden r\u00e9szt vett a BRICS-vezet\u0151k rendk\u00edv\u00fcli vide\u00f3s cs\u00facstal\u00e1lkoz\u00f3j\u00e1n a palesztin\u2013izraeli k\u00e9rd\u00e9sr\u0151l, \u00e9s fel is sz\u00f3lalt. Hszi r\u00e1mutatott, hogy a jelenlegi helyzetben nagyon id\u0151szer\u0171 \u00e9s sz\u00fcks\u00e9ges, hogy a BRICS-orsz\u00e1gok felsz\u00f3laljanak a palesztin\u2013izraeli k\u00e9rd\u00e9sben. A g\u00e1zai konfliktus t\u00f6bb mint egy h\u00f3napja tart, sok civil \u00e1ldozatot \u00e9s humanit\u00e1rius katasztr\u00f3f\u00e1t okozva, \u00e9s a tov\u00e1bbgy\u0171r\u0171z\u00e9s tendenci\u00e1j\u00e1nak [&hellip;]","og_url":"https:\/\/kinaikaleidoszkop.hu\/index.php\/2023\/11\/22\/hszi-csin-ping-azonnali-tuzszunetre-szolitott-fel-palesztina-es-izrael-kozott\/","og_site_name":"kinaikaleidoszkop.hu","article_published_time":"2023-11-22T07:03:24+00:00","article_modified_time":"2023-11-22T07:03:36+00:00","og_image":[{"width":1170,"height":652,"url":"https:\/\/kinaikaleidoszkop.hu\/wp-content\/uploads\/2023\/11\/1122Laura_hszi-palesztin-izrael-kerdeserol-1.jpg","type":"image\/jpeg"}],"author":"admin-sebi","twitter_card":"summary_large_image","twitter_misc":{"Szerz\u0151:":"admin-sebi","Becs\u00fclt olvas\u00e1si id\u0151":"2 perc"},"schema":{"@context":"https:\/\/schema.org","@graph":[{"@type":"WebPage","@id":"https:\/\/kinaikaleidoszkop.hu\/index.php\/2023\/11\/22\/hszi-csin-ping-azonnali-tuzszunetre-szolitott-fel-palesztina-es-izrael-kozott\/","url":"https:\/\/kinaikaleidoszkop.hu\/index.php\/2023\/11\/22\/hszi-csin-ping-azonnali-tuzszunetre-szolitott-fel-palesztina-es-izrael-kozott\/","name":"Hszi Csin-ping azonnali t\u0171zsz\u00fcnetre sz\u00f3l\u00edtott fel Palesztina \u00e9s Izrael k\u00f6z\u00f6tt - kinaikaleidoszkop.hu","isPartOf":{"@id":"https:\/\/kinaikaleidoszkop.hu\/#website"},"primaryImageOfPage":{"@id":"https:\/\/kinaikaleidoszkop.hu\/index.php\/2023\/11\/22\/hszi-csin-ping-azonnali-tuzszunetre-szolitott-fel-palesztina-es-izrael-kozott\/#primaryimage"},"image":{"@id":"https:\/\/kinaikaleidoszkop.hu\/index.php\/2023\/11\/22\/hszi-csin-ping-azonnali-tuzszunetre-szolitott-fel-palesztina-es-izrael-kozott\/#primaryimage"},"thumbnailUrl":"https:\/\/kinaikaleidoszkop.hu\/wp-content\/uploads\/2023\/11\/1122Laura_hszi-palesztin-izrael-kerdeserol-1.jpg","datePublished":"2023-11-22T07:03:24+00:00","dateModified":"2023-11-22T07:03:36+00:00","author":{"@id":"https:\/\/kinaikaleidoszkop.hu\/#\/schema\/person\/fd215d3a8bab54daeb796ae166f99ea5"},"breadcrumb":{"@id":"https:\/\/kinaikaleidoszkop.hu\/index.php\/2023\/11\/22\/hszi-csin-ping-azonnali-tuzszunetre-szolitott-fel-palesztina-es-izrael-kozott\/#breadcrumb"},"inLanguage":"hu","potentialAction":[{"@type":"ReadAction","target":["https:\/\/kinaikaleidoszkop.hu\/index.php\/2023\/11\/22\/hszi-csin-ping-azonnali-tuzszunetre-szolitott-fel-palesztina-es-izrael-kozott\/"]}]},{"@type":"ImageObject","inLanguage":"hu","@id":"https:\/\/kinaikaleidoszkop.hu\/index.php\/2023\/11\/22\/hszi-csin-ping-azonnali-tuzszunetre-szolitott-fel-palesztina-es-izrael-kozott\/#primaryimage","url":"https:\/\/kinaikaleidoszkop.hu\/wp-content\/uploads\/2023\/11\/1122Laura_hszi-palesztin-izrael-kerdeserol-1.jpg","contentUrl":"https:\/\/kinaikaleidoszkop.hu\/wp-content\/uploads\/2023\/11\/1122Laura_hszi-palesztin-izrael-kerdeserol-1.jpg","width":1170,"height":652},{"@type":"BreadcrumbList","@id":"https:\/\/kinaikaleidoszkop.hu\/index.php\/2023\/11\/22\/hszi-csin-ping-azonnali-tuzszunetre-szolitott-fel-palesztina-es-izrael-kozott\/#breadcrumb","itemListElement":[{"@type":"ListItem","position":1,"name":"Kezd\u0151lap","item":"https:\/\/kinaikaleidoszkop.hu\/"},{"@type":"ListItem","position":2,"name":"Hszi Csin-ping azonnali t\u0171zsz\u00fcnetre sz\u00f3l\u00edtott fel Palesztina \u00e9s Izrael k\u00f6z\u00f6tt"}]},{"@type":"WebSite","@id":"https:\/\/kinaikaleidoszkop.hu\/#website","url":"https:\/\/kinaikaleidoszkop.hu\/","name":"kinaikaleidoszkop.hu","description":"","potentialAction":[{"@type":"SearchAction","target":{"@type":"EntryPoint","urlTemplate":"https:\/\/kinaikaleidoszkop.hu\/?s={search_term_string}"},"query-input":{"@type":"PropertyValueSpecification","valueRequired":true,"valueName":"search_term_string"}}],"inLanguage":"hu"},{"@type":"Person","@id":"https:\/\/kinaikaleidoszkop.hu\/#\/schema\/person\/fd215d3a8bab54daeb796ae166f99ea5","name":"admin-sebi","image":{"@type":"ImageObject","inLanguage":"hu","@id":"https:\/\/kinaikaleidoszkop.hu\/#\/schema\/person\/image\/","url":"https:\/\/secure.gravatar.com\/avatar\/b1498042bc4969020b4951f204f963e97c3d7d199f3790c1071adf67c61d0aa5?s=96&d=mm&r=g","contentUrl":"https:\/\/secure.gravatar.com\/avatar\/b1498042bc4969020b4951f204f963e97c3d7d199f3790c1071adf67c61d0aa5?s=96&d=mm&r=g","caption":"admin-sebi"},"url":"https:\/\/kinaikaleidoszkop.hu\/index.php\/author\/admin-sebi\/"}]}},"views":191,"distributor_meta":false,"distributor_terms":false,"distributor_media":false,"distributor_original_site_name":"kinaikaleidoszkop.hu","distributor_original_site_url":"https:\/\/kinaikaleidoszkop.hu","push-errors":false,"_links":{"self":[{"href":"https:\/\/kinaikaleidoszkop.hu\/index.php\/wp-json\/wp\/v2\/posts\/19991","targetHints":{"allow":["GET"]}}],"collection":[{"href":"https:\/\/kinaikaleidoszkop.hu\/index.php\/wp-json\/wp\/v2\/posts"}],"about":[{"href":"https:\/\/kinaikaleidoszkop.hu\/index.php\/wp-json\/wp\/v2\/types\/post"}],"author":[{"embeddable":true,"href":"https:\/\/kinaikaleidoszkop.hu\/index.php\/wp-json\/wp\/v2\/users\/6"}],"replies":[{"embeddable":true,"href":"https:\/\/kinaikaleidoszkop.hu\/index.php\/wp-json\/wp\/v2\/comments?post=19991"}],"version-history":[{"count":1,"href":"https:\/\/kinaikaleidoszkop.hu\/index.php\/wp-json\/wp\/v2\/posts\/19991\/revisions"}],"predecessor-version":[{"id":19994,"href":"https:\/\/kinaikaleidoszkop.hu\/index.php\/wp-json\/wp\/v2\/posts\/19991\/revisions\/19994"}],"wp:featuredmedia":[{"embeddable":true,"href":"https:\/\/kinaikaleidoszkop.hu\/index.php\/wp-json\/wp\/v2\/media\/19993"}],"wp:attachment":[{"href":"https:\/\/kinaikaleidoszkop.hu\/index.php\/wp-json\/wp\/v2\/media?parent=19991"}],"wp:term":[{"taxonomy":"category","embeddable":true,"href":"https:\/\/kinaikaleidoszkop.hu\/index.php\/wp-json\/wp\/v2\/categories?post=19991"},{"taxonomy":"post_tag","embeddable":true,"href":"https:\/\/kinaikaleidoszkop.hu\/index.php\/wp-json\/wp\/v2\/tags?post=19991"}],"curies":[{"name":"wp","href":"https:\/\/api.w.org\/{rel}","templated":true}]}}