{"id":20027,"date":"2023-11-24T10:33:46","date_gmt":"2023-11-24T09:33:46","guid":{"rendered":"https:\/\/kinaikaleidoszkop.hu\/?p=20027"},"modified":"2023-11-24T10:33:47","modified_gmt":"2023-11-24T09:33:47","slug":"a-kinai-yi-nemzetiseg-himzese","status":"publish","type":"post","link":"https:\/\/kinaikaleidoszkop.hu\/index.php\/2023\/11\/24\/a-kinai-yi-nemzetiseg-himzese\/","title":{"rendered":"A k\u00ednai yi nemzetis\u00e9g h\u00edmz\u00e9se"},"content":{"rendered":"\n<p><strong>Ez a szellemi kultur\u00e1lis \u00f6r\u00f6ks\u00e9g a hegyek k\u00f6z\u00fcl emelkedik ki, \u00e9s a vil\u00e1g sz\u00ednpad\u00e1n \u201evir\u00e1gzik\u201d.<\/strong><\/p>\n\n\n\n<figure class=\"wp-block-embed is-type-video is-provider-youtube wp-block-embed-youtube wp-embed-aspect-16-9 wp-has-aspect-ratio\"><div class=\"wp-block-embed__wrapper\">\n<iframe loading=\"lazy\" title=\"A k\u00ednai yi nemzetis\u00e9g h\u00edmz\u00e9se\" width=\"1320\" height=\"743\" src=\"https:\/\/www.youtube.com\/embed\/QFfZiPOUUaM?feature=oembed\" frameborder=\"0\" allow=\"accelerometer; autoplay; clipboard-write; encrypted-media; gyroscope; picture-in-picture; web-share\" allowfullscreen><\/iframe>\n<\/div><\/figure>\n\n\n\n<p><strong><em>(Zhou Huiwen \u2013 China Media Group)<\/em><\/strong><\/p>\n\n\n\n<p><strong>2023. november 24.<\/strong><\/p>\n\n\n\n<p><strong><em>(x)<\/em><\/strong><\/p>\n","protected":false},"excerpt":{"rendered":"<p>Ez a szellemi kultur\u00e1lis \u00f6r\u00f6ks\u00e9g a hegyek k\u00f6z\u00fcl emelkedik ki, \u00e9s a vil\u00e1g sz\u00ednpad\u00e1n \u201evir\u00e1gzik\u201d. (Zhou Huiwen \u2013 China Media Group) 2023. november 24. (x)<\/p>\n","protected":false},"author":2,"featured_media":20039,"comment_status":"closed","ping_status":"closed","sticky":false,"template":"","format":"standard","meta":{"footnotes":""},"categories":[45],"tags":[3399,3400,3401],"class_list":["post-20027","post","type-post","status-publish","format-standard","has-post-thumbnail","hentry","category-hirek","tag-himzes","tag-szellemi-kulturalis-orokseg","tag-yi-nemzetiseg"],"yoast_head":"<!-- This site is optimized with the Yoast SEO plugin v23.7 - https:\/\/yoast.com\/wordpress\/plugins\/seo\/ -->\n<title>A k\u00ednai yi nemzetis\u00e9g h\u00edmz\u00e9se - kinaikaleidoszkop.hu<\/title>\n<meta name=\"robots\" content=\"index, follow, max-snippet:-1, max-image-preview:large, max-video-preview:-1\" \/>\n<link rel=\"canonical\" href=\"https:\/\/kinaikaleidoszkop.hu\/index.php\/2023\/11\/24\/a-kinai-yi-nemzetiseg-himzese\/\" \/>\n<meta property=\"og:locale\" content=\"hu_HU\" \/>\n<meta property=\"og:type\" content=\"article\" \/>\n<meta property=\"og:title\" content=\"A k\u00ednai yi nemzetis\u00e9g h\u00edmz\u00e9se - kinaikaleidoszkop.hu\" \/>\n<meta property=\"og:description\" content=\"Ez a szellemi kultur\u00e1lis \u00f6r\u00f6ks\u00e9g a hegyek k\u00f6z\u00fcl emelkedik ki, \u00e9s a vil\u00e1g sz\u00ednpad\u00e1n \u201evir\u00e1gzik\u201d. (Zhou Huiwen \u2013 China Media Group) 2023. november 24. (x)\" \/>\n<meta property=\"og:url\" content=\"https:\/\/kinaikaleidoszkop.hu\/index.php\/2023\/11\/24\/a-kinai-yi-nemzetiseg-himzese\/\" \/>\n<meta property=\"og:site_name\" content=\"kinaikaleidoszkop.hu\" \/>\n<meta property=\"article:published_time\" content=\"2023-11-24T09:33:46+00:00\" \/>\n<meta property=\"article:modified_time\" content=\"2023-11-24T09:33:47+00:00\" \/>\n<meta property=\"og:image\" content=\"https:\/\/kinaikaleidoszkop.hu\/wp-content\/uploads\/2023\/11\/himzes.png\" \/>\n\t<meta property=\"og:image:width\" content=\"1257\" \/>\n\t<meta property=\"og:image:height\" content=\"693\" \/>\n\t<meta property=\"og:image:type\" content=\"image\/png\" \/>\n<meta name=\"author\" content=\"admin-szabolcs\" \/>\n<meta name=\"twitter:card\" content=\"summary_large_image\" \/>\n<meta name=\"twitter:label1\" content=\"Szerz\u0151:\" \/>\n\t<meta name=\"twitter:data1\" content=\"admin-szabolcs\" \/>\n\t<meta name=\"twitter:label2\" content=\"Becs\u00fclt olvas\u00e1si id\u0151\" \/>\n\t<meta name=\"twitter:data2\" content=\"1 perc\" \/>\n<script type=\"application\/ld+json\" class=\"yoast-schema-graph\">{\"@context\":\"https:\/\/schema.org\",\"@graph\":[{\"@type\":\"WebPage\",\"@id\":\"https:\/\/kinaikaleidoszkop.hu\/index.php\/2023\/11\/24\/a-kinai-yi-nemzetiseg-himzese\/\",\"url\":\"https:\/\/kinaikaleidoszkop.hu\/index.php\/2023\/11\/24\/a-kinai-yi-nemzetiseg-himzese\/\",\"name\":\"A k\u00ednai yi nemzetis\u00e9g h\u00edmz\u00e9se - kinaikaleidoszkop.hu\",\"isPartOf\":{\"@id\":\"https:\/\/kinaikaleidoszkop.hu\/#website\"},\"primaryImageOfPage\":{\"@id\":\"https:\/\/kinaikaleidoszkop.hu\/index.php\/2023\/11\/24\/a-kinai-yi-nemzetiseg-himzese\/#primaryimage\"},\"image\":{\"@id\":\"https:\/\/kinaikaleidoszkop.hu\/index.php\/2023\/11\/24\/a-kinai-yi-nemzetiseg-himzese\/#primaryimage\"},\"thumbnailUrl\":\"https:\/\/kinaikaleidoszkop.hu\/wp-content\/uploads\/2023\/11\/himzes.png\",\"datePublished\":\"2023-11-24T09:33:46+00:00\",\"dateModified\":\"2023-11-24T09:33:47+00:00\",\"author\":{\"@id\":\"https:\/\/kinaikaleidoszkop.hu\/#\/schema\/person\/b9e2febe742edd540c1197716ec02bf7\"},\"breadcrumb\":{\"@id\":\"https:\/\/kinaikaleidoszkop.hu\/index.php\/2023\/11\/24\/a-kinai-yi-nemzetiseg-himzese\/#breadcrumb\"},\"inLanguage\":\"hu\",\"potentialAction\":[{\"@type\":\"ReadAction\",\"target\":[\"https:\/\/kinaikaleidoszkop.hu\/index.php\/2023\/11\/24\/a-kinai-yi-nemzetiseg-himzese\/\"]}]},{\"@type\":\"ImageObject\",\"inLanguage\":\"hu\",\"@id\":\"https:\/\/kinaikaleidoszkop.hu\/index.php\/2023\/11\/24\/a-kinai-yi-nemzetiseg-himzese\/#primaryimage\",\"url\":\"https:\/\/kinaikaleidoszkop.hu\/wp-content\/uploads\/2023\/11\/himzes.png\",\"contentUrl\":\"https:\/\/kinaikaleidoszkop.hu\/wp-content\/uploads\/2023\/11\/himzes.png\",\"width\":1257,\"height\":693},{\"@type\":\"BreadcrumbList\",\"@id\":\"https:\/\/kinaikaleidoszkop.hu\/index.php\/2023\/11\/24\/a-kinai-yi-nemzetiseg-himzese\/#breadcrumb\",\"itemListElement\":[{\"@type\":\"ListItem\",\"position\":1,\"name\":\"Kezd\u0151lap\",\"item\":\"https:\/\/kinaikaleidoszkop.hu\/\"},{\"@type\":\"ListItem\",\"position\":2,\"name\":\"A k\u00ednai yi nemzetis\u00e9g h\u00edmz\u00e9se\"}]},{\"@type\":\"WebSite\",\"@id\":\"https:\/\/kinaikaleidoszkop.hu\/#website\",\"url\":\"https:\/\/kinaikaleidoszkop.hu\/\",\"name\":\"kinaikaleidoszkop.hu\",\"description\":\"\",\"potentialAction\":[{\"@type\":\"SearchAction\",\"target\":{\"@type\":\"EntryPoint\",\"urlTemplate\":\"https:\/\/kinaikaleidoszkop.hu\/?s={search_term_string}\"},\"query-input\":{\"@type\":\"PropertyValueSpecification\",\"valueRequired\":true,\"valueName\":\"search_term_string\"}}],\"inLanguage\":\"hu\"},{\"@type\":\"Person\",\"@id\":\"https:\/\/kinaikaleidoszkop.hu\/#\/schema\/person\/b9e2febe742edd540c1197716ec02bf7\",\"name\":\"admin-szabolcs\",\"image\":{\"@type\":\"ImageObject\",\"inLanguage\":\"hu\",\"@id\":\"https:\/\/kinaikaleidoszkop.hu\/#\/schema\/person\/image\/\",\"url\":\"https:\/\/secure.gravatar.com\/avatar\/154f262492794df2a6cb5d5349227b18ef8f85ab462fbb32625fc42406483d21?s=96&d=mm&r=g\",\"contentUrl\":\"https:\/\/secure.gravatar.com\/avatar\/154f262492794df2a6cb5d5349227b18ef8f85ab462fbb32625fc42406483d21?s=96&d=mm&r=g\",\"caption\":\"admin-szabolcs\"},\"url\":\"https:\/\/kinaikaleidoszkop.hu\/index.php\/author\/admin-szabolcs\/\"}]}<\/script>\n<!-- \/ Yoast SEO plugin. -->","yoast_head_json":{"title":"A k\u00ednai yi nemzetis\u00e9g h\u00edmz\u00e9se - kinaikaleidoszkop.hu","robots":{"index":"index","follow":"follow","max-snippet":"max-snippet:-1","max-image-preview":"max-image-preview:large","max-video-preview":"max-video-preview:-1"},"canonical":"https:\/\/kinaikaleidoszkop.hu\/index.php\/2023\/11\/24\/a-kinai-yi-nemzetiseg-himzese\/","og_locale":"hu_HU","og_type":"article","og_title":"A k\u00ednai yi nemzetis\u00e9g h\u00edmz\u00e9se - kinaikaleidoszkop.hu","og_description":"Ez a szellemi kultur\u00e1lis \u00f6r\u00f6ks\u00e9g a hegyek k\u00f6z\u00fcl emelkedik ki, \u00e9s a vil\u00e1g sz\u00ednpad\u00e1n \u201evir\u00e1gzik\u201d. (Zhou Huiwen \u2013 China Media Group) 2023. november 24. (x)","og_url":"https:\/\/kinaikaleidoszkop.hu\/index.php\/2023\/11\/24\/a-kinai-yi-nemzetiseg-himzese\/","og_site_name":"kinaikaleidoszkop.hu","article_published_time":"2023-11-24T09:33:46+00:00","article_modified_time":"2023-11-24T09:33:47+00:00","og_image":[{"width":1257,"height":693,"url":"https:\/\/kinaikaleidoszkop.hu\/wp-content\/uploads\/2023\/11\/himzes.png","type":"image\/png"}],"author":"admin-szabolcs","twitter_card":"summary_large_image","twitter_misc":{"Szerz\u0151:":"admin-szabolcs","Becs\u00fclt olvas\u00e1si id\u0151":"1 perc"},"schema":{"@context":"https:\/\/schema.org","@graph":[{"@type":"WebPage","@id":"https:\/\/kinaikaleidoszkop.hu\/index.php\/2023\/11\/24\/a-kinai-yi-nemzetiseg-himzese\/","url":"https:\/\/kinaikaleidoszkop.hu\/index.php\/2023\/11\/24\/a-kinai-yi-nemzetiseg-himzese\/","name":"A k\u00ednai yi nemzetis\u00e9g h\u00edmz\u00e9se - kinaikaleidoszkop.hu","isPartOf":{"@id":"https:\/\/kinaikaleidoszkop.hu\/#website"},"primaryImageOfPage":{"@id":"https:\/\/kinaikaleidoszkop.hu\/index.php\/2023\/11\/24\/a-kinai-yi-nemzetiseg-himzese\/#primaryimage"},"image":{"@id":"https:\/\/kinaikaleidoszkop.hu\/index.php\/2023\/11\/24\/a-kinai-yi-nemzetiseg-himzese\/#primaryimage"},"thumbnailUrl":"https:\/\/kinaikaleidoszkop.hu\/wp-content\/uploads\/2023\/11\/himzes.png","datePublished":"2023-11-24T09:33:46+00:00","dateModified":"2023-11-24T09:33:47+00:00","author":{"@id":"https:\/\/kinaikaleidoszkop.hu\/#\/schema\/person\/b9e2febe742edd540c1197716ec02bf7"},"breadcrumb":{"@id":"https:\/\/kinaikaleidoszkop.hu\/index.php\/2023\/11\/24\/a-kinai-yi-nemzetiseg-himzese\/#breadcrumb"},"inLanguage":"hu","potentialAction":[{"@type":"ReadAction","target":["https:\/\/kinaikaleidoszkop.hu\/index.php\/2023\/11\/24\/a-kinai-yi-nemzetiseg-himzese\/"]}]},{"@type":"ImageObject","inLanguage":"hu","@id":"https:\/\/kinaikaleidoszkop.hu\/index.php\/2023\/11\/24\/a-kinai-yi-nemzetiseg-himzese\/#primaryimage","url":"https:\/\/kinaikaleidoszkop.hu\/wp-content\/uploads\/2023\/11\/himzes.png","contentUrl":"https:\/\/kinaikaleidoszkop.hu\/wp-content\/uploads\/2023\/11\/himzes.png","width":1257,"height":693},{"@type":"BreadcrumbList","@id":"https:\/\/kinaikaleidoszkop.hu\/index.php\/2023\/11\/24\/a-kinai-yi-nemzetiseg-himzese\/#breadcrumb","itemListElement":[{"@type":"ListItem","position":1,"name":"Kezd\u0151lap","item":"https:\/\/kinaikaleidoszkop.hu\/"},{"@type":"ListItem","position":2,"name":"A k\u00ednai yi nemzetis\u00e9g h\u00edmz\u00e9se"}]},{"@type":"WebSite","@id":"https:\/\/kinaikaleidoszkop.hu\/#website","url":"https:\/\/kinaikaleidoszkop.hu\/","name":"kinaikaleidoszkop.hu","description":"","potentialAction":[{"@type":"SearchAction","target":{"@type":"EntryPoint","urlTemplate":"https:\/\/kinaikaleidoszkop.hu\/?s={search_term_string}"},"query-input":{"@type":"PropertyValueSpecification","valueRequired":true,"valueName":"search_term_string"}}],"inLanguage":"hu"},{"@type":"Person","@id":"https:\/\/kinaikaleidoszkop.hu\/#\/schema\/person\/b9e2febe742edd540c1197716ec02bf7","name":"admin-szabolcs","image":{"@type":"ImageObject","inLanguage":"hu","@id":"https:\/\/kinaikaleidoszkop.hu\/#\/schema\/person\/image\/","url":"https:\/\/secure.gravatar.com\/avatar\/154f262492794df2a6cb5d5349227b18ef8f85ab462fbb32625fc42406483d21?s=96&d=mm&r=g","contentUrl":"https:\/\/secure.gravatar.com\/avatar\/154f262492794df2a6cb5d5349227b18ef8f85ab462fbb32625fc42406483d21?s=96&d=mm&r=g","caption":"admin-szabolcs"},"url":"https:\/\/kinaikaleidoszkop.hu\/index.php\/author\/admin-szabolcs\/"}]}},"views":262,"distributor_meta":false,"distributor_terms":false,"distributor_media":false,"distributor_original_site_name":"kinaikaleidoszkop.hu","distributor_original_site_url":"https:\/\/kinaikaleidoszkop.hu","push-errors":false,"_links":{"self":[{"href":"https:\/\/kinaikaleidoszkop.hu\/index.php\/wp-json\/wp\/v2\/posts\/20027","targetHints":{"allow":["GET"]}}],"collection":[{"href":"https:\/\/kinaikaleidoszkop.hu\/index.php\/wp-json\/wp\/v2\/posts"}],"about":[{"href":"https:\/\/kinaikaleidoszkop.hu\/index.php\/wp-json\/wp\/v2\/types\/post"}],"author":[{"embeddable":true,"href":"https:\/\/kinaikaleidoszkop.hu\/index.php\/wp-json\/wp\/v2\/users\/2"}],"replies":[{"embeddable":true,"href":"https:\/\/kinaikaleidoszkop.hu\/index.php\/wp-json\/wp\/v2\/comments?post=20027"}],"version-history":[{"count":1,"href":"https:\/\/kinaikaleidoszkop.hu\/index.php\/wp-json\/wp\/v2\/posts\/20027\/revisions"}],"predecessor-version":[{"id":20040,"href":"https:\/\/kinaikaleidoszkop.hu\/index.php\/wp-json\/wp\/v2\/posts\/20027\/revisions\/20040"}],"wp:featuredmedia":[{"embeddable":true,"href":"https:\/\/kinaikaleidoszkop.hu\/index.php\/wp-json\/wp\/v2\/media\/20039"}],"wp:attachment":[{"href":"https:\/\/kinaikaleidoszkop.hu\/index.php\/wp-json\/wp\/v2\/media?parent=20027"}],"wp:term":[{"taxonomy":"category","embeddable":true,"href":"https:\/\/kinaikaleidoszkop.hu\/index.php\/wp-json\/wp\/v2\/categories?post=20027"},{"taxonomy":"post_tag","embeddable":true,"href":"https:\/\/kinaikaleidoszkop.hu\/index.php\/wp-json\/wp\/v2\/tags?post=20027"}],"curies":[{"name":"wp","href":"https:\/\/api.w.org\/{rel}","templated":true}]}}