{"id":20055,"date":"2023-11-27T12:36:01","date_gmt":"2023-11-27T11:36:01","guid":{"rendered":"https:\/\/kinaikaleidoszkop.hu\/?p=20055"},"modified":"2023-11-27T12:36:03","modified_gmt":"2023-11-27T11:36:03","slug":"a-cmg-exkluziv-interjuja-az-uruguayi-elnokkel","status":"publish","type":"post","link":"https:\/\/kinaikaleidoszkop.hu\/index.php\/2023\/11\/27\/a-cmg-exkluziv-interjuja-az-uruguayi-elnokkel\/","title":{"rendered":"A CMG exkluz\u00edv interj\u00faja az uruguayi eln\u00f6kkel"},"content":{"rendered":"\n<p><strong>Luis Lacalle Pou els\u0151 k\u00ednai l\u00e1togat\u00e1sa sor\u00e1n interj\u00fat adott a CMG-nek a k\u00ednai\u2013uruguayi diplom\u00e1ciai kapcsolatok felv\u00e9tel\u00e9nek 35. \u00e9vfordul\u00f3ja alkalm\u00e1b\u00f3l. Mint elmondta, K\u00edna a hagyom\u00e1ny \u00e9s a modernit\u00e1s t\u00f6k\u00e9letes kever\u00e9ke. Megk\u00f6sz\u00f6nte K\u00edn\u00e1nak a Covid\u201319-j\u00e1rv\u00e1ny idej\u00e9n biztos\u00edtott vakcin\u00e1kat, \u00e9s elmondta, hogy K\u00edna j\u00f3ban \u00e9s rosszban Uruguay j\u00f3 bar\u00e1tja.<\/strong><\/p>\n\n\n\n<p><strong>Wang Guan (a CMG tud\u00f3s\u00edt\u00f3ja)<\/strong>:<\/p>\n\n\n\n<p><em>A nagy t\u00e1vols\u00e1g ellen\u00e9re K\u00edna \u00e9vek \u00f3ta Uruguay legnagyobb kereskedelmi partnere, s\u0151t az uruguayi export mintegy 30%-a K\u00edn\u00e1ba j\u00f6n.<\/em><\/p>\n\n\n\n<p><strong>Luis Lacalle Pou (uruguayi eln\u00f6k)<\/strong>:<\/p>\n\n\n\n<p>Ann\u00e1l is t\u00f6bb. 2022-ben \u00faj rekordot \u00e9rt el.<\/p>\n\n\n\n<p><strong>Wang Guan:<\/strong><\/p>\n\n\n\n<p><em>Mennyire fontos ez a kereskedelmi kapcsolat, \u00e9s \u00d6n hogyan szeretn\u00e9, hogy tov\u00e1bbhaladjon?<\/em><\/p>\n\n\n\n<p><strong>Luis Lacalle Pou:<\/strong><\/p>\n\n\n\n<p>Besz\u00e9lj\u00fcnk az \u00d6vezet \u00e9s \u00dat kezdem\u00e9nyez\u00e9s alapjair\u00f3l. Hissz\u00fck, hogy strat\u00e9giai szempontb\u00f3l Uruguay az egyik legjobb partner a f\u00f6ldrajzi elhelyezked\u00e9s\u00fcnknek \u00e9s a lakoss\u00e1gunknak k\u00f6sz\u00f6nhet\u0151en. K\u00edna fontosnak tartja az \u00e1ru- \u00e9s az \u00e9lelmiszer-biztons\u00e1got, mi pedig j\u00f3 min\u0151s\u00e9g\u0171 \u00e9s k\u00f6rnyezetbar\u00e1t term\u00e9keket tudunk biztos\u00edtani. Ha az export\u00e1lt term\u00e9keinket \u00e9s a K\u00edn\u00e1b\u00f3l import\u00e1lt \u00e1rukat tekintj\u00fck, l\u00e1thatjuk, hogy K\u00edna \u00e9s Uruguay kieg\u00e9sz\u00edtik egym\u00e1st. \u00cdgy ez \u2013 K\u00edn\u00e1val egy\u00fcttm\u0171k\u00f6dni \u2013 j\u00f3 lehet\u0151s\u00e9g sz\u00e1munkra. \u00dagy gondolom, hogy n\u00e9p\u00fcnk \u00e9s minden politikus is egyet\u00e9rt abban, hogy K\u00edn\u00e1val egy\u00fctt kell m\u0171k\u00f6dn\u00fcnk, \u00e9s a k\u00ednai korm\u00e1ny teljes sebess\u00e9ggel halad el\u0151re az \u00d6vezet \u00e9s \u00dat kezdem\u00e9nyez\u00e9ssel. Rem\u00e9lj\u00fck, hogy t\u00f6bb egy\u00fcttm\u0171k\u00f6d\u00e9si lehet\u0151s\u00e9get tal\u00e1lhatunk K\u00edn\u00e1val.<\/p>\n\n\n\n<p><strong>Wang Guan:<\/strong><\/p>\n\n\n\n<p><em>Eln\u00f6k \u00far, az \u00d6n orsz\u00e1ga az els\u0151 orsz\u00e1gok k\u00f6z\u00e9 tartozik, amelyek csatlakoztak ehhez a kezdem\u00e9nyez\u00e9shez. Eltelt 10 \u00e9v, mi\u00f3ta Hszi eln\u00f6k el\u0151terjesztette az \u00d6vezet \u00e9s \u00dat kezdem\u00e9nyez\u00e9st. \u00d6n hogyan tekint erre a kezdem\u00e9nyez\u00e9sre, \u00e9s a kezdem\u00e9nyez\u00e9s milyen hat\u00e1ssal volt az orsz\u00e1g\u00e1ra?<\/em><\/p>\n\n\n\n<p><strong>Luis Lacalle Pou:<\/strong><\/p>\n\n\n\n<p>Az export, az \u00fczletemberek \u00e9s a politikusok k\u00f6z\u00f6tti kapcsolatok jelent\u0151sen meger\u0151s\u00f6dtek. Ha a k\u00fcl\u00f6nb\u00f6z\u0151 korm\u00e1nyok mindig ugyanazt az elk\u00e9pzel\u00e9st k\u00e9pviselik, akkor \u00e9p\u00edthet\u00fcnk egym\u00e1sra. Ugyanakkor elfogadva az orsz\u00e1gok k\u00f6z\u00f6tti k\u00fcl\u00f6nbs\u00e9geket, \u00fagy gondolom, hogy nagy bizalommal ki tudjuk alak\u00edtani a megfelel\u0151 kapcsolatokat.<\/p>\n\n\n\n<p><strong>Wang Guan:<\/strong><\/p>\n\n\n\n<p><em>A vil\u00e1g m\u00e9lyrehat\u00f3 v\u00e1ltoz\u00e1sokon megy kereszt\u00fcl. Mi az \u00d6n v\u00e9lem\u00e9nye Hszi Csin-ping \u00e9s Joe Biden legut\u00f3bbi, San Francisc\u00f3ban tartott cs\u00facstal\u00e1lkoz\u00f3j\u00e1r\u00f3l?<\/em><\/p>\n\n\n\n<p><strong>Luis Lacalle Pou:<\/strong><\/p>\n\n\n\n<p>Ez nagyon l\u00e9nyeges volt sz\u00e1momra. Ha a vil\u00e1g k\u00e9t legfontosabb vezet\u0151je nem tud le\u00fclni \u00e9s besz\u00e9lgetni, vagy nem tud seg\u00edteni egym\u00e1snak \u00e9s m\u00e1s fejl\u0151d\u0151 orsz\u00e1goknak, akkor mit v\u00e1rhatunk m\u00e1s vezet\u0151kt\u0151l? Teh\u00e1t amikor meghallottam, hogy cs\u00facstal\u00e1lkoz\u00f3 lesz, nagyon \u00f6r\u00fcltem, hiszen ez j\u00f3 dolog. M\u00e1r belef\u00e1radtam a rossz h\u00edrekbe. Szeretn\u00e9m, ha mindennap j\u00f3 h\u00edrekkel lenne tele a sajt\u00f3.<\/p>\n\n\n\n<figure class=\"wp-block-embed is-type-video is-provider-youtube wp-block-embed-youtube wp-embed-aspect-16-9 wp-has-aspect-ratio\"><div class=\"wp-block-embed__wrapper\">\n<iframe loading=\"lazy\" title=\"A CMG exkluz\u00edv interj\u00faja az uruguayi eln\u00f6kkel\" width=\"1320\" height=\"743\" src=\"https:\/\/www.youtube.com\/embed\/B9IzKLXgsFc?feature=oembed\" frameborder=\"0\" allow=\"accelerometer; autoplay; clipboard-write; encrypted-media; gyroscope; picture-in-picture; web-share\" allowfullscreen><\/iframe>\n<\/div><\/figure>\n\n\n\n<p><strong>2023. november 27.<\/strong><\/p>\n\n\n\n<p><strong><em>(China Media Group)<\/em><\/strong><\/p>\n\n\n\n<p><strong>(x)<\/strong><\/p>\n","protected":false},"excerpt":{"rendered":"<p>Luis Lacalle Pou els\u0151 k\u00ednai l\u00e1togat\u00e1sa sor\u00e1n interj\u00fat adott a CMG-nek a k\u00ednai\u2013uruguayi diplom\u00e1ciai kapcsolatok felv\u00e9tel\u00e9nek 35. \u00e9vfordul\u00f3ja alkalm\u00e1b\u00f3l. Mint elmondta, K\u00edna a hagyom\u00e1ny \u00e9s a modernit\u00e1s t\u00f6k\u00e9letes kever\u00e9ke. Megk\u00f6sz\u00f6nte K\u00edn\u00e1nak a Covid\u201319-j\u00e1rv\u00e1ny idej\u00e9n biztos\u00edtott vakcin\u00e1kat, \u00e9s elmondta, hogy K\u00edna j\u00f3ban \u00e9s rosszban Uruguay j\u00f3 bar\u00e1tja. Wang Guan (a CMG tud\u00f3s\u00edt\u00f3ja): A nagy t\u00e1vols\u00e1g ellen\u00e9re [&hellip;]<\/p>\n","protected":false},"author":2,"featured_media":20064,"comment_status":"closed","ping_status":"closed","sticky":false,"template":"","format":"standard","meta":{"footnotes":""},"categories":[45],"tags":[512,576,273,292,593,226,3394,3393,415,3395,3396],"class_list":["post-20055","post","type-post","status-publish","format-standard","has-post-thumbnail","hentry","category-hirek","tag-china-media-group","tag-diplomaciai-kapcsolatok","tag-egyuttmukodes","tag-evfordulo","tag-exkluziv-interju","tag-export","tag-kinai-uruguayi-kapcsolatok","tag-luis-lacalle-pou","tag-ovezet-es-ut-kezdemenyezes","tag-uruguay","tag-uruguayi-elnok"],"yoast_head":"<!-- This site is optimized with the Yoast SEO plugin v23.7 - https:\/\/yoast.com\/wordpress\/plugins\/seo\/ -->\n<title>A CMG exkluz\u00edv interj\u00faja az uruguayi eln\u00f6kkel - kinaikaleidoszkop.hu<\/title>\n<meta name=\"robots\" content=\"index, follow, max-snippet:-1, max-image-preview:large, max-video-preview:-1\" \/>\n<link rel=\"canonical\" href=\"https:\/\/kinaikaleidoszkop.hu\/index.php\/2023\/11\/27\/a-cmg-exkluziv-interjuja-az-uruguayi-elnokkel\/\" \/>\n<meta property=\"og:locale\" content=\"hu_HU\" \/>\n<meta property=\"og:type\" content=\"article\" \/>\n<meta property=\"og:title\" content=\"A CMG exkluz\u00edv interj\u00faja az uruguayi eln\u00f6kkel - kinaikaleidoszkop.hu\" \/>\n<meta property=\"og:description\" content=\"Luis Lacalle Pou els\u0151 k\u00ednai l\u00e1togat\u00e1sa sor\u00e1n interj\u00fat adott a CMG-nek a k\u00ednai\u2013uruguayi diplom\u00e1ciai kapcsolatok felv\u00e9tel\u00e9nek 35. \u00e9vfordul\u00f3ja alkalm\u00e1b\u00f3l. Mint elmondta, K\u00edna a hagyom\u00e1ny \u00e9s a modernit\u00e1s t\u00f6k\u00e9letes kever\u00e9ke. Megk\u00f6sz\u00f6nte K\u00edn\u00e1nak a Covid\u201319-j\u00e1rv\u00e1ny idej\u00e9n biztos\u00edtott vakcin\u00e1kat, \u00e9s elmondta, hogy K\u00edna j\u00f3ban \u00e9s rosszban Uruguay j\u00f3 bar\u00e1tja. Wang Guan (a CMG tud\u00f3s\u00edt\u00f3ja): A nagy t\u00e1vols\u00e1g ellen\u00e9re [&hellip;]\" \/>\n<meta property=\"og:url\" content=\"https:\/\/kinaikaleidoszkop.hu\/index.php\/2023\/11\/27\/a-cmg-exkluziv-interjuja-az-uruguayi-elnokkel\/\" \/>\n<meta property=\"og:site_name\" content=\"kinaikaleidoszkop.hu\" \/>\n<meta property=\"article:published_time\" content=\"2023-11-27T11:36:01+00:00\" \/>\n<meta property=\"article:modified_time\" content=\"2023-11-27T11:36:03+00:00\" \/>\n<meta property=\"og:image\" content=\"https:\/\/kinaikaleidoszkop.hu\/wp-content\/uploads\/2023\/11\/Kepernyokep-2023-11-27-113036.png\" \/>\n\t<meta property=\"og:image:width\" content=\"1263\" \/>\n\t<meta property=\"og:image:height\" content=\"706\" \/>\n\t<meta property=\"og:image:type\" content=\"image\/png\" \/>\n<meta name=\"author\" content=\"admin-szabolcs\" \/>\n<meta name=\"twitter:card\" content=\"summary_large_image\" \/>\n<meta name=\"twitter:label1\" content=\"Szerz\u0151:\" \/>\n\t<meta name=\"twitter:data1\" content=\"admin-szabolcs\" \/>\n\t<meta name=\"twitter:label2\" content=\"Becs\u00fclt olvas\u00e1si id\u0151\" \/>\n\t<meta name=\"twitter:data2\" content=\"3 perc\" \/>\n<script type=\"application\/ld+json\" class=\"yoast-schema-graph\">{\"@context\":\"https:\/\/schema.org\",\"@graph\":[{\"@type\":\"WebPage\",\"@id\":\"https:\/\/kinaikaleidoszkop.hu\/index.php\/2023\/11\/27\/a-cmg-exkluziv-interjuja-az-uruguayi-elnokkel\/\",\"url\":\"https:\/\/kinaikaleidoszkop.hu\/index.php\/2023\/11\/27\/a-cmg-exkluziv-interjuja-az-uruguayi-elnokkel\/\",\"name\":\"A CMG exkluz\u00edv interj\u00faja az uruguayi eln\u00f6kkel - kinaikaleidoszkop.hu\",\"isPartOf\":{\"@id\":\"https:\/\/kinaikaleidoszkop.hu\/#website\"},\"primaryImageOfPage\":{\"@id\":\"https:\/\/kinaikaleidoszkop.hu\/index.php\/2023\/11\/27\/a-cmg-exkluziv-interjuja-az-uruguayi-elnokkel\/#primaryimage\"},\"image\":{\"@id\":\"https:\/\/kinaikaleidoszkop.hu\/index.php\/2023\/11\/27\/a-cmg-exkluziv-interjuja-az-uruguayi-elnokkel\/#primaryimage\"},\"thumbnailUrl\":\"https:\/\/kinaikaleidoszkop.hu\/wp-content\/uploads\/2023\/11\/Kepernyokep-2023-11-27-113036.png\",\"datePublished\":\"2023-11-27T11:36:01+00:00\",\"dateModified\":\"2023-11-27T11:36:03+00:00\",\"author\":{\"@id\":\"https:\/\/kinaikaleidoszkop.hu\/#\/schema\/person\/b9e2febe742edd540c1197716ec02bf7\"},\"breadcrumb\":{\"@id\":\"https:\/\/kinaikaleidoszkop.hu\/index.php\/2023\/11\/27\/a-cmg-exkluziv-interjuja-az-uruguayi-elnokkel\/#breadcrumb\"},\"inLanguage\":\"hu\",\"potentialAction\":[{\"@type\":\"ReadAction\",\"target\":[\"https:\/\/kinaikaleidoszkop.hu\/index.php\/2023\/11\/27\/a-cmg-exkluziv-interjuja-az-uruguayi-elnokkel\/\"]}]},{\"@type\":\"ImageObject\",\"inLanguage\":\"hu\",\"@id\":\"https:\/\/kinaikaleidoszkop.hu\/index.php\/2023\/11\/27\/a-cmg-exkluziv-interjuja-az-uruguayi-elnokkel\/#primaryimage\",\"url\":\"https:\/\/kinaikaleidoszkop.hu\/wp-content\/uploads\/2023\/11\/Kepernyokep-2023-11-27-113036.png\",\"contentUrl\":\"https:\/\/kinaikaleidoszkop.hu\/wp-content\/uploads\/2023\/11\/Kepernyokep-2023-11-27-113036.png\",\"width\":1263,\"height\":706},{\"@type\":\"BreadcrumbList\",\"@id\":\"https:\/\/kinaikaleidoszkop.hu\/index.php\/2023\/11\/27\/a-cmg-exkluziv-interjuja-az-uruguayi-elnokkel\/#breadcrumb\",\"itemListElement\":[{\"@type\":\"ListItem\",\"position\":1,\"name\":\"Kezd\u0151lap\",\"item\":\"https:\/\/kinaikaleidoszkop.hu\/\"},{\"@type\":\"ListItem\",\"position\":2,\"name\":\"A CMG exkluz\u00edv interj\u00faja az uruguayi eln\u00f6kkel\"}]},{\"@type\":\"WebSite\",\"@id\":\"https:\/\/kinaikaleidoszkop.hu\/#website\",\"url\":\"https:\/\/kinaikaleidoszkop.hu\/\",\"name\":\"kinaikaleidoszkop.hu\",\"description\":\"\",\"potentialAction\":[{\"@type\":\"SearchAction\",\"target\":{\"@type\":\"EntryPoint\",\"urlTemplate\":\"https:\/\/kinaikaleidoszkop.hu\/?s={search_term_string}\"},\"query-input\":{\"@type\":\"PropertyValueSpecification\",\"valueRequired\":true,\"valueName\":\"search_term_string\"}}],\"inLanguage\":\"hu\"},{\"@type\":\"Person\",\"@id\":\"https:\/\/kinaikaleidoszkop.hu\/#\/schema\/person\/b9e2febe742edd540c1197716ec02bf7\",\"name\":\"admin-szabolcs\",\"image\":{\"@type\":\"ImageObject\",\"inLanguage\":\"hu\",\"@id\":\"https:\/\/kinaikaleidoszkop.hu\/#\/schema\/person\/image\/\",\"url\":\"https:\/\/secure.gravatar.com\/avatar\/154f262492794df2a6cb5d5349227b18ef8f85ab462fbb32625fc42406483d21?s=96&d=mm&r=g\",\"contentUrl\":\"https:\/\/secure.gravatar.com\/avatar\/154f262492794df2a6cb5d5349227b18ef8f85ab462fbb32625fc42406483d21?s=96&d=mm&r=g\",\"caption\":\"admin-szabolcs\"},\"url\":\"https:\/\/kinaikaleidoszkop.hu\/index.php\/author\/admin-szabolcs\/\"}]}<\/script>\n<!-- \/ Yoast SEO plugin. -->","yoast_head_json":{"title":"A CMG exkluz\u00edv interj\u00faja az uruguayi eln\u00f6kkel - kinaikaleidoszkop.hu","robots":{"index":"index","follow":"follow","max-snippet":"max-snippet:-1","max-image-preview":"max-image-preview:large","max-video-preview":"max-video-preview:-1"},"canonical":"https:\/\/kinaikaleidoszkop.hu\/index.php\/2023\/11\/27\/a-cmg-exkluziv-interjuja-az-uruguayi-elnokkel\/","og_locale":"hu_HU","og_type":"article","og_title":"A CMG exkluz\u00edv interj\u00faja az uruguayi eln\u00f6kkel - kinaikaleidoszkop.hu","og_description":"Luis Lacalle Pou els\u0151 k\u00ednai l\u00e1togat\u00e1sa sor\u00e1n interj\u00fat adott a CMG-nek a k\u00ednai\u2013uruguayi diplom\u00e1ciai kapcsolatok felv\u00e9tel\u00e9nek 35. \u00e9vfordul\u00f3ja alkalm\u00e1b\u00f3l. Mint elmondta, K\u00edna a hagyom\u00e1ny \u00e9s a modernit\u00e1s t\u00f6k\u00e9letes kever\u00e9ke. Megk\u00f6sz\u00f6nte K\u00edn\u00e1nak a Covid\u201319-j\u00e1rv\u00e1ny idej\u00e9n biztos\u00edtott vakcin\u00e1kat, \u00e9s elmondta, hogy K\u00edna j\u00f3ban \u00e9s rosszban Uruguay j\u00f3 bar\u00e1tja. Wang Guan (a CMG tud\u00f3s\u00edt\u00f3ja): A nagy t\u00e1vols\u00e1g ellen\u00e9re [&hellip;]","og_url":"https:\/\/kinaikaleidoszkop.hu\/index.php\/2023\/11\/27\/a-cmg-exkluziv-interjuja-az-uruguayi-elnokkel\/","og_site_name":"kinaikaleidoszkop.hu","article_published_time":"2023-11-27T11:36:01+00:00","article_modified_time":"2023-11-27T11:36:03+00:00","og_image":[{"width":1263,"height":706,"url":"https:\/\/kinaikaleidoszkop.hu\/wp-content\/uploads\/2023\/11\/Kepernyokep-2023-11-27-113036.png","type":"image\/png"}],"author":"admin-szabolcs","twitter_card":"summary_large_image","twitter_misc":{"Szerz\u0151:":"admin-szabolcs","Becs\u00fclt olvas\u00e1si id\u0151":"3 perc"},"schema":{"@context":"https:\/\/schema.org","@graph":[{"@type":"WebPage","@id":"https:\/\/kinaikaleidoszkop.hu\/index.php\/2023\/11\/27\/a-cmg-exkluziv-interjuja-az-uruguayi-elnokkel\/","url":"https:\/\/kinaikaleidoszkop.hu\/index.php\/2023\/11\/27\/a-cmg-exkluziv-interjuja-az-uruguayi-elnokkel\/","name":"A CMG exkluz\u00edv interj\u00faja az uruguayi eln\u00f6kkel - kinaikaleidoszkop.hu","isPartOf":{"@id":"https:\/\/kinaikaleidoszkop.hu\/#website"},"primaryImageOfPage":{"@id":"https:\/\/kinaikaleidoszkop.hu\/index.php\/2023\/11\/27\/a-cmg-exkluziv-interjuja-az-uruguayi-elnokkel\/#primaryimage"},"image":{"@id":"https:\/\/kinaikaleidoszkop.hu\/index.php\/2023\/11\/27\/a-cmg-exkluziv-interjuja-az-uruguayi-elnokkel\/#primaryimage"},"thumbnailUrl":"https:\/\/kinaikaleidoszkop.hu\/wp-content\/uploads\/2023\/11\/Kepernyokep-2023-11-27-113036.png","datePublished":"2023-11-27T11:36:01+00:00","dateModified":"2023-11-27T11:36:03+00:00","author":{"@id":"https:\/\/kinaikaleidoszkop.hu\/#\/schema\/person\/b9e2febe742edd540c1197716ec02bf7"},"breadcrumb":{"@id":"https:\/\/kinaikaleidoszkop.hu\/index.php\/2023\/11\/27\/a-cmg-exkluziv-interjuja-az-uruguayi-elnokkel\/#breadcrumb"},"inLanguage":"hu","potentialAction":[{"@type":"ReadAction","target":["https:\/\/kinaikaleidoszkop.hu\/index.php\/2023\/11\/27\/a-cmg-exkluziv-interjuja-az-uruguayi-elnokkel\/"]}]},{"@type":"ImageObject","inLanguage":"hu","@id":"https:\/\/kinaikaleidoszkop.hu\/index.php\/2023\/11\/27\/a-cmg-exkluziv-interjuja-az-uruguayi-elnokkel\/#primaryimage","url":"https:\/\/kinaikaleidoszkop.hu\/wp-content\/uploads\/2023\/11\/Kepernyokep-2023-11-27-113036.png","contentUrl":"https:\/\/kinaikaleidoszkop.hu\/wp-content\/uploads\/2023\/11\/Kepernyokep-2023-11-27-113036.png","width":1263,"height":706},{"@type":"BreadcrumbList","@id":"https:\/\/kinaikaleidoszkop.hu\/index.php\/2023\/11\/27\/a-cmg-exkluziv-interjuja-az-uruguayi-elnokkel\/#breadcrumb","itemListElement":[{"@type":"ListItem","position":1,"name":"Kezd\u0151lap","item":"https:\/\/kinaikaleidoszkop.hu\/"},{"@type":"ListItem","position":2,"name":"A CMG exkluz\u00edv interj\u00faja az uruguayi eln\u00f6kkel"}]},{"@type":"WebSite","@id":"https:\/\/kinaikaleidoszkop.hu\/#website","url":"https:\/\/kinaikaleidoszkop.hu\/","name":"kinaikaleidoszkop.hu","description":"","potentialAction":[{"@type":"SearchAction","target":{"@type":"EntryPoint","urlTemplate":"https:\/\/kinaikaleidoszkop.hu\/?s={search_term_string}"},"query-input":{"@type":"PropertyValueSpecification","valueRequired":true,"valueName":"search_term_string"}}],"inLanguage":"hu"},{"@type":"Person","@id":"https:\/\/kinaikaleidoszkop.hu\/#\/schema\/person\/b9e2febe742edd540c1197716ec02bf7","name":"admin-szabolcs","image":{"@type":"ImageObject","inLanguage":"hu","@id":"https:\/\/kinaikaleidoszkop.hu\/#\/schema\/person\/image\/","url":"https:\/\/secure.gravatar.com\/avatar\/154f262492794df2a6cb5d5349227b18ef8f85ab462fbb32625fc42406483d21?s=96&d=mm&r=g","contentUrl":"https:\/\/secure.gravatar.com\/avatar\/154f262492794df2a6cb5d5349227b18ef8f85ab462fbb32625fc42406483d21?s=96&d=mm&r=g","caption":"admin-szabolcs"},"url":"https:\/\/kinaikaleidoszkop.hu\/index.php\/author\/admin-szabolcs\/"}]}},"views":230,"distributor_meta":false,"distributor_terms":false,"distributor_media":false,"distributor_original_site_name":"kinaikaleidoszkop.hu","distributor_original_site_url":"https:\/\/kinaikaleidoszkop.hu","push-errors":false,"_links":{"self":[{"href":"https:\/\/kinaikaleidoszkop.hu\/index.php\/wp-json\/wp\/v2\/posts\/20055","targetHints":{"allow":["GET"]}}],"collection":[{"href":"https:\/\/kinaikaleidoszkop.hu\/index.php\/wp-json\/wp\/v2\/posts"}],"about":[{"href":"https:\/\/kinaikaleidoszkop.hu\/index.php\/wp-json\/wp\/v2\/types\/post"}],"author":[{"embeddable":true,"href":"https:\/\/kinaikaleidoszkop.hu\/index.php\/wp-json\/wp\/v2\/users\/2"}],"replies":[{"embeddable":true,"href":"https:\/\/kinaikaleidoszkop.hu\/index.php\/wp-json\/wp\/v2\/comments?post=20055"}],"version-history":[{"count":1,"href":"https:\/\/kinaikaleidoszkop.hu\/index.php\/wp-json\/wp\/v2\/posts\/20055\/revisions"}],"predecessor-version":[{"id":20067,"href":"https:\/\/kinaikaleidoszkop.hu\/index.php\/wp-json\/wp\/v2\/posts\/20055\/revisions\/20067"}],"wp:featuredmedia":[{"embeddable":true,"href":"https:\/\/kinaikaleidoszkop.hu\/index.php\/wp-json\/wp\/v2\/media\/20064"}],"wp:attachment":[{"href":"https:\/\/kinaikaleidoszkop.hu\/index.php\/wp-json\/wp\/v2\/media?parent=20055"}],"wp:term":[{"taxonomy":"category","embeddable":true,"href":"https:\/\/kinaikaleidoszkop.hu\/index.php\/wp-json\/wp\/v2\/categories?post=20055"},{"taxonomy":"post_tag","embeddable":true,"href":"https:\/\/kinaikaleidoszkop.hu\/index.php\/wp-json\/wp\/v2\/tags?post=20055"}],"curies":[{"name":"wp","href":"https:\/\/api.w.org\/{rel}","templated":true}]}}