{"id":20070,"date":"2023-11-27T13:26:42","date_gmt":"2023-11-27T12:26:42","guid":{"rendered":"https:\/\/kinaikaleidoszkop.hu\/?p=20070"},"modified":"2023-11-27T13:26:43","modified_gmt":"2023-11-27T12:26:43","slug":"kina-felszolitotta-a-hamaszt-es-izraelt-hogy-hajtsak-vegre-a-tuzszuneti-megallapodast","status":"publish","type":"post","link":"https:\/\/kinaikaleidoszkop.hu\/index.php\/2023\/11\/27\/kina-felszolitotta-a-hamaszt-es-izraelt-hogy-hajtsak-vegre-a-tuzszuneti-megallapodast\/","title":{"rendered":"K\u00edna felsz\u00f3l\u00edtotta a Ham\u00e1szt \u00e9s Izraelt, hogy hajts\u00e1k v\u00e9gre a t\u0171zsz\u00fcneti meg\u00e1llapod\u00e1st"},"content":{"rendered":"\n<p><strong>A t\u0171zsz\u00fcneti meg\u00e1llapod\u00e1s megk\u00f6t\u00e9se \u00f3ta Izrael \u00e9s a Ham\u00e1sz h\u00e1rom r\u00e9szletben engedett szabadon foglyokat. B\u00e1rmilyen kicsik is a b\u00e9k\u00e9hez vezet\u0151 l\u00e9p\u00e9sek, \u00f6szt\u00f6n\u00f6zni kell \u0151ket, \u00e9s b\u00e1rmilyen nagyok is a civilek v\u00e9delm\u00e9nek neh\u00e9zs\u00e9gei, le kell k\u00fczdeni ezeket \u2013 jegyezte meg Wang Wenbin k\u00ednai k\u00fcl\u00fcgyi sz\u00f3viv\u0151 h\u00e9tf\u0151i sajt\u00f3t\u00e1j\u00e9koztat\u00f3j\u00e1n.<\/strong><\/p>\n\n\n<div class=\"wp-block-image\">\n<figure class=\"alignright is-resized\"><img decoding=\"async\" src=\"https:\/\/hirpest.hu\/wp-content\/uploads\/2023\/11\/1127-4.jpg\" alt=\"\" class=\"wp-image-19836\" style=\"width:487px;height:auto\"\/><\/figure>\n<\/div>\n\n\n<p>A konfliktus t\u00f6bb mint 50 napja tart, sz\u00e1mos \u00e1ldozatot k\u00f6vetelt \u00e9s s\u00falyos humanit\u00e1rius katasztr\u00f3f\u00e1t okozott. K\u00edna felsz\u00f3l\u00edtja az \u00e9rintett feleket, hogy hajts\u00e1k v\u00e9gre az ENSZ Biztons\u00e1gi Tan\u00e1cs\u00e1nak hat\u00e1rozatait, k\u00f6z\u00f6sen hajts\u00e1k v\u00e9gre az ideiglenes t\u0171zsz\u00fcneti meg\u00e1llapod\u00e1st \u00e9s hosszabb\u00edts\u00e1k meg azt a v\u00e9gleges t\u0171zsz\u00fcnet el\u00e9r\u00e9se \u00e9rdek\u00e9ben.<\/p>\n\n\n\n<p>A jelent\u00e9sek szerint a Ham\u00e1sz egyszer azt mondta, mivel Izrael megs\u00e9rtette a humanit\u00e1rius seg\u00edts\u00e9gny\u00fajt\u00e1sr\u00f3l sz\u00f3l\u00f3 t\u0171zsz\u00fcneti meg\u00e1llapod\u00e1st, \u00fagy d\u00f6nt\u00f6tt, hogy elhalasztja a t\u00faszok szabadon bocs\u00e1t\u00e1s\u00e1t mindaddig, am\u00edg Izrael be nem engedi a ment\u0151aut\u00f3kat G\u00e1za \u00e9szaki r\u00e9sz\u00e9be. Az izraeli hadsereg pedig kijelentette, hogy amint a t\u0171zsz\u00fcnet v\u00e9get \u00e9r, azonnal folytatja a hadm\u0171veleteket, \u00e9s mindent megtesz a Ham\u00e1sz felsz\u00e1mol\u00e1s\u00e1\u00e9rt.<\/p>\n\n\n\n<p><strong><em>(Hao Yue \u2013 China Media Group)<\/em><\/strong><\/p>\n\n\n\n<p><strong>2023. november 27.<\/strong><\/p>\n\n\n\n<p><strong><em>(x)<\/em><\/strong><\/p>\n","protected":false},"excerpt":{"rendered":"<p>A t\u0171zsz\u00fcneti meg\u00e1llapod\u00e1s megk\u00f6t\u00e9se \u00f3ta Izrael \u00e9s a Ham\u00e1sz h\u00e1rom r\u00e9szletben engedett szabadon foglyokat. B\u00e1rmilyen kicsik is a b\u00e9k\u00e9hez vezet\u0151 l\u00e9p\u00e9sek, \u00f6szt\u00f6n\u00f6zni kell \u0151ket, \u00e9s b\u00e1rmilyen nagyok is a civilek v\u00e9delm\u00e9nek neh\u00e9zs\u00e9gei, le kell k\u00fczdeni ezeket \u2013 jegyezte meg Wang Wenbin k\u00ednai k\u00fcl\u00fcgyi sz\u00f3viv\u0151 h\u00e9tf\u0151i sajt\u00f3t\u00e1j\u00e9koztat\u00f3j\u00e1n. A konfliktus t\u00f6bb mint 50 napja tart, sz\u00e1mos \u00e1ldozatot [&hellip;]<\/p>\n","protected":false},"author":2,"featured_media":20072,"comment_status":"closed","ping_status":"closed","sticky":false,"template":"","format":"standard","meta":{"footnotes":""},"categories":[45],"tags":[1204,3426,3427,3428,3314,460,742,691,3425,728],"class_list":["post-20070","post","type-post","status-publish","format-standard","has-post-thumbnail","hentry","category-hirek","tag-beke","tag-fogoly","tag-hamasz","tag-humanitarius-segitsegnyujtas","tag-izrael","tag-kinai-kulugyi-szovivo","tag-konfliktus","tag-sajtotajekoztato","tag-tuzszuneti-megallapodas","tag-wang-wenbin"],"yoast_head":"<!-- This site is optimized with the Yoast SEO plugin v23.7 - https:\/\/yoast.com\/wordpress\/plugins\/seo\/ -->\n<title>K\u00edna felsz\u00f3l\u00edtotta a Ham\u00e1szt \u00e9s Izraelt, hogy hajts\u00e1k v\u00e9gre a t\u0171zsz\u00fcneti meg\u00e1llapod\u00e1st - kinaikaleidoszkop.hu<\/title>\n<meta name=\"robots\" content=\"index, follow, max-snippet:-1, max-image-preview:large, max-video-preview:-1\" \/>\n<link rel=\"canonical\" href=\"https:\/\/kinaikaleidoszkop.hu\/index.php\/2023\/11\/27\/kina-felszolitotta-a-hamaszt-es-izraelt-hogy-hajtsak-vegre-a-tuzszuneti-megallapodast\/\" \/>\n<meta property=\"og:locale\" content=\"hu_HU\" \/>\n<meta property=\"og:type\" content=\"article\" \/>\n<meta property=\"og:title\" content=\"K\u00edna felsz\u00f3l\u00edtotta a Ham\u00e1szt \u00e9s Izraelt, hogy hajts\u00e1k v\u00e9gre a t\u0171zsz\u00fcneti meg\u00e1llapod\u00e1st - kinaikaleidoszkop.hu\" \/>\n<meta property=\"og:description\" content=\"A t\u0171zsz\u00fcneti meg\u00e1llapod\u00e1s megk\u00f6t\u00e9se \u00f3ta Izrael \u00e9s a Ham\u00e1sz h\u00e1rom r\u00e9szletben engedett szabadon foglyokat. B\u00e1rmilyen kicsik is a b\u00e9k\u00e9hez vezet\u0151 l\u00e9p\u00e9sek, \u00f6szt\u00f6n\u00f6zni kell \u0151ket, \u00e9s b\u00e1rmilyen nagyok is a civilek v\u00e9delm\u00e9nek neh\u00e9zs\u00e9gei, le kell k\u00fczdeni ezeket \u2013 jegyezte meg Wang Wenbin k\u00ednai k\u00fcl\u00fcgyi sz\u00f3viv\u0151 h\u00e9tf\u0151i sajt\u00f3t\u00e1j\u00e9koztat\u00f3j\u00e1n. A konfliktus t\u00f6bb mint 50 napja tart, sz\u00e1mos \u00e1ldozatot [&hellip;]\" \/>\n<meta property=\"og:url\" content=\"https:\/\/kinaikaleidoszkop.hu\/index.php\/2023\/11\/27\/kina-felszolitotta-a-hamaszt-es-izraelt-hogy-hajtsak-vegre-a-tuzszuneti-megallapodast\/\" \/>\n<meta property=\"og:site_name\" content=\"kinaikaleidoszkop.hu\" \/>\n<meta property=\"article:published_time\" content=\"2023-11-27T12:26:42+00:00\" \/>\n<meta property=\"article:modified_time\" content=\"2023-11-27T12:26:43+00:00\" \/>\n<meta property=\"og:image\" content=\"https:\/\/kinaikaleidoszkop.hu\/wp-content\/uploads\/2023\/11\/1127-4.jpg\" \/>\n\t<meta property=\"og:image:width\" content=\"600\" \/>\n\t<meta property=\"og:image:height\" content=\"421\" \/>\n\t<meta property=\"og:image:type\" content=\"image\/jpeg\" \/>\n<meta name=\"author\" content=\"admin-szabolcs\" \/>\n<meta name=\"twitter:card\" content=\"summary_large_image\" \/>\n<meta name=\"twitter:label1\" content=\"Szerz\u0151:\" \/>\n\t<meta name=\"twitter:data1\" content=\"admin-szabolcs\" \/>\n\t<meta name=\"twitter:label2\" content=\"Becs\u00fclt olvas\u00e1si id\u0151\" \/>\n\t<meta name=\"twitter:data2\" content=\"2 perc\" \/>\n<script type=\"application\/ld+json\" class=\"yoast-schema-graph\">{\"@context\":\"https:\/\/schema.org\",\"@graph\":[{\"@type\":\"WebPage\",\"@id\":\"https:\/\/kinaikaleidoszkop.hu\/index.php\/2023\/11\/27\/kina-felszolitotta-a-hamaszt-es-izraelt-hogy-hajtsak-vegre-a-tuzszuneti-megallapodast\/\",\"url\":\"https:\/\/kinaikaleidoszkop.hu\/index.php\/2023\/11\/27\/kina-felszolitotta-a-hamaszt-es-izraelt-hogy-hajtsak-vegre-a-tuzszuneti-megallapodast\/\",\"name\":\"K\u00edna felsz\u00f3l\u00edtotta a Ham\u00e1szt \u00e9s Izraelt, hogy hajts\u00e1k v\u00e9gre a t\u0171zsz\u00fcneti meg\u00e1llapod\u00e1st - kinaikaleidoszkop.hu\",\"isPartOf\":{\"@id\":\"https:\/\/kinaikaleidoszkop.hu\/#website\"},\"primaryImageOfPage\":{\"@id\":\"https:\/\/kinaikaleidoszkop.hu\/index.php\/2023\/11\/27\/kina-felszolitotta-a-hamaszt-es-izraelt-hogy-hajtsak-vegre-a-tuzszuneti-megallapodast\/#primaryimage\"},\"image\":{\"@id\":\"https:\/\/kinaikaleidoszkop.hu\/index.php\/2023\/11\/27\/kina-felszolitotta-a-hamaszt-es-izraelt-hogy-hajtsak-vegre-a-tuzszuneti-megallapodast\/#primaryimage\"},\"thumbnailUrl\":\"https:\/\/kinaikaleidoszkop.hu\/wp-content\/uploads\/2023\/11\/1127-4.jpg\",\"datePublished\":\"2023-11-27T12:26:42+00:00\",\"dateModified\":\"2023-11-27T12:26:43+00:00\",\"author\":{\"@id\":\"https:\/\/kinaikaleidoszkop.hu\/#\/schema\/person\/b9e2febe742edd540c1197716ec02bf7\"},\"breadcrumb\":{\"@id\":\"https:\/\/kinaikaleidoszkop.hu\/index.php\/2023\/11\/27\/kina-felszolitotta-a-hamaszt-es-izraelt-hogy-hajtsak-vegre-a-tuzszuneti-megallapodast\/#breadcrumb\"},\"inLanguage\":\"hu\",\"potentialAction\":[{\"@type\":\"ReadAction\",\"target\":[\"https:\/\/kinaikaleidoszkop.hu\/index.php\/2023\/11\/27\/kina-felszolitotta-a-hamaszt-es-izraelt-hogy-hajtsak-vegre-a-tuzszuneti-megallapodast\/\"]}]},{\"@type\":\"ImageObject\",\"inLanguage\":\"hu\",\"@id\":\"https:\/\/kinaikaleidoszkop.hu\/index.php\/2023\/11\/27\/kina-felszolitotta-a-hamaszt-es-izraelt-hogy-hajtsak-vegre-a-tuzszuneti-megallapodast\/#primaryimage\",\"url\":\"https:\/\/kinaikaleidoszkop.hu\/wp-content\/uploads\/2023\/11\/1127-4.jpg\",\"contentUrl\":\"https:\/\/kinaikaleidoszkop.hu\/wp-content\/uploads\/2023\/11\/1127-4.jpg\",\"width\":600,\"height\":421},{\"@type\":\"BreadcrumbList\",\"@id\":\"https:\/\/kinaikaleidoszkop.hu\/index.php\/2023\/11\/27\/kina-felszolitotta-a-hamaszt-es-izraelt-hogy-hajtsak-vegre-a-tuzszuneti-megallapodast\/#breadcrumb\",\"itemListElement\":[{\"@type\":\"ListItem\",\"position\":1,\"name\":\"Kezd\u0151lap\",\"item\":\"https:\/\/kinaikaleidoszkop.hu\/\"},{\"@type\":\"ListItem\",\"position\":2,\"name\":\"K\u00edna felsz\u00f3l\u00edtotta a Ham\u00e1szt \u00e9s Izraelt, hogy hajts\u00e1k v\u00e9gre a t\u0171zsz\u00fcneti meg\u00e1llapod\u00e1st\"}]},{\"@type\":\"WebSite\",\"@id\":\"https:\/\/kinaikaleidoszkop.hu\/#website\",\"url\":\"https:\/\/kinaikaleidoszkop.hu\/\",\"name\":\"kinaikaleidoszkop.hu\",\"description\":\"\",\"potentialAction\":[{\"@type\":\"SearchAction\",\"target\":{\"@type\":\"EntryPoint\",\"urlTemplate\":\"https:\/\/kinaikaleidoszkop.hu\/?s={search_term_string}\"},\"query-input\":{\"@type\":\"PropertyValueSpecification\",\"valueRequired\":true,\"valueName\":\"search_term_string\"}}],\"inLanguage\":\"hu\"},{\"@type\":\"Person\",\"@id\":\"https:\/\/kinaikaleidoszkop.hu\/#\/schema\/person\/b9e2febe742edd540c1197716ec02bf7\",\"name\":\"admin-szabolcs\",\"image\":{\"@type\":\"ImageObject\",\"inLanguage\":\"hu\",\"@id\":\"https:\/\/kinaikaleidoszkop.hu\/#\/schema\/person\/image\/\",\"url\":\"https:\/\/secure.gravatar.com\/avatar\/154f262492794df2a6cb5d5349227b18ef8f85ab462fbb32625fc42406483d21?s=96&d=mm&r=g\",\"contentUrl\":\"https:\/\/secure.gravatar.com\/avatar\/154f262492794df2a6cb5d5349227b18ef8f85ab462fbb32625fc42406483d21?s=96&d=mm&r=g\",\"caption\":\"admin-szabolcs\"},\"url\":\"https:\/\/kinaikaleidoszkop.hu\/index.php\/author\/admin-szabolcs\/\"}]}<\/script>\n<!-- \/ Yoast SEO plugin. -->","yoast_head_json":{"title":"K\u00edna felsz\u00f3l\u00edtotta a Ham\u00e1szt \u00e9s Izraelt, hogy hajts\u00e1k v\u00e9gre a t\u0171zsz\u00fcneti meg\u00e1llapod\u00e1st - kinaikaleidoszkop.hu","robots":{"index":"index","follow":"follow","max-snippet":"max-snippet:-1","max-image-preview":"max-image-preview:large","max-video-preview":"max-video-preview:-1"},"canonical":"https:\/\/kinaikaleidoszkop.hu\/index.php\/2023\/11\/27\/kina-felszolitotta-a-hamaszt-es-izraelt-hogy-hajtsak-vegre-a-tuzszuneti-megallapodast\/","og_locale":"hu_HU","og_type":"article","og_title":"K\u00edna felsz\u00f3l\u00edtotta a Ham\u00e1szt \u00e9s Izraelt, hogy hajts\u00e1k v\u00e9gre a t\u0171zsz\u00fcneti meg\u00e1llapod\u00e1st - kinaikaleidoszkop.hu","og_description":"A t\u0171zsz\u00fcneti meg\u00e1llapod\u00e1s megk\u00f6t\u00e9se \u00f3ta Izrael \u00e9s a Ham\u00e1sz h\u00e1rom r\u00e9szletben engedett szabadon foglyokat. B\u00e1rmilyen kicsik is a b\u00e9k\u00e9hez vezet\u0151 l\u00e9p\u00e9sek, \u00f6szt\u00f6n\u00f6zni kell \u0151ket, \u00e9s b\u00e1rmilyen nagyok is a civilek v\u00e9delm\u00e9nek neh\u00e9zs\u00e9gei, le kell k\u00fczdeni ezeket \u2013 jegyezte meg Wang Wenbin k\u00ednai k\u00fcl\u00fcgyi sz\u00f3viv\u0151 h\u00e9tf\u0151i sajt\u00f3t\u00e1j\u00e9koztat\u00f3j\u00e1n. A konfliktus t\u00f6bb mint 50 napja tart, sz\u00e1mos \u00e1ldozatot [&hellip;]","og_url":"https:\/\/kinaikaleidoszkop.hu\/index.php\/2023\/11\/27\/kina-felszolitotta-a-hamaszt-es-izraelt-hogy-hajtsak-vegre-a-tuzszuneti-megallapodast\/","og_site_name":"kinaikaleidoszkop.hu","article_published_time":"2023-11-27T12:26:42+00:00","article_modified_time":"2023-11-27T12:26:43+00:00","og_image":[{"width":600,"height":421,"url":"https:\/\/kinaikaleidoszkop.hu\/wp-content\/uploads\/2023\/11\/1127-4.jpg","type":"image\/jpeg"}],"author":"admin-szabolcs","twitter_card":"summary_large_image","twitter_misc":{"Szerz\u0151:":"admin-szabolcs","Becs\u00fclt olvas\u00e1si id\u0151":"2 perc"},"schema":{"@context":"https:\/\/schema.org","@graph":[{"@type":"WebPage","@id":"https:\/\/kinaikaleidoszkop.hu\/index.php\/2023\/11\/27\/kina-felszolitotta-a-hamaszt-es-izraelt-hogy-hajtsak-vegre-a-tuzszuneti-megallapodast\/","url":"https:\/\/kinaikaleidoszkop.hu\/index.php\/2023\/11\/27\/kina-felszolitotta-a-hamaszt-es-izraelt-hogy-hajtsak-vegre-a-tuzszuneti-megallapodast\/","name":"K\u00edna felsz\u00f3l\u00edtotta a Ham\u00e1szt \u00e9s Izraelt, hogy hajts\u00e1k v\u00e9gre a t\u0171zsz\u00fcneti meg\u00e1llapod\u00e1st - kinaikaleidoszkop.hu","isPartOf":{"@id":"https:\/\/kinaikaleidoszkop.hu\/#website"},"primaryImageOfPage":{"@id":"https:\/\/kinaikaleidoszkop.hu\/index.php\/2023\/11\/27\/kina-felszolitotta-a-hamaszt-es-izraelt-hogy-hajtsak-vegre-a-tuzszuneti-megallapodast\/#primaryimage"},"image":{"@id":"https:\/\/kinaikaleidoszkop.hu\/index.php\/2023\/11\/27\/kina-felszolitotta-a-hamaszt-es-izraelt-hogy-hajtsak-vegre-a-tuzszuneti-megallapodast\/#primaryimage"},"thumbnailUrl":"https:\/\/kinaikaleidoszkop.hu\/wp-content\/uploads\/2023\/11\/1127-4.jpg","datePublished":"2023-11-27T12:26:42+00:00","dateModified":"2023-11-27T12:26:43+00:00","author":{"@id":"https:\/\/kinaikaleidoszkop.hu\/#\/schema\/person\/b9e2febe742edd540c1197716ec02bf7"},"breadcrumb":{"@id":"https:\/\/kinaikaleidoszkop.hu\/index.php\/2023\/11\/27\/kina-felszolitotta-a-hamaszt-es-izraelt-hogy-hajtsak-vegre-a-tuzszuneti-megallapodast\/#breadcrumb"},"inLanguage":"hu","potentialAction":[{"@type":"ReadAction","target":["https:\/\/kinaikaleidoszkop.hu\/index.php\/2023\/11\/27\/kina-felszolitotta-a-hamaszt-es-izraelt-hogy-hajtsak-vegre-a-tuzszuneti-megallapodast\/"]}]},{"@type":"ImageObject","inLanguage":"hu","@id":"https:\/\/kinaikaleidoszkop.hu\/index.php\/2023\/11\/27\/kina-felszolitotta-a-hamaszt-es-izraelt-hogy-hajtsak-vegre-a-tuzszuneti-megallapodast\/#primaryimage","url":"https:\/\/kinaikaleidoszkop.hu\/wp-content\/uploads\/2023\/11\/1127-4.jpg","contentUrl":"https:\/\/kinaikaleidoszkop.hu\/wp-content\/uploads\/2023\/11\/1127-4.jpg","width":600,"height":421},{"@type":"BreadcrumbList","@id":"https:\/\/kinaikaleidoszkop.hu\/index.php\/2023\/11\/27\/kina-felszolitotta-a-hamaszt-es-izraelt-hogy-hajtsak-vegre-a-tuzszuneti-megallapodast\/#breadcrumb","itemListElement":[{"@type":"ListItem","position":1,"name":"Kezd\u0151lap","item":"https:\/\/kinaikaleidoszkop.hu\/"},{"@type":"ListItem","position":2,"name":"K\u00edna felsz\u00f3l\u00edtotta a Ham\u00e1szt \u00e9s Izraelt, hogy hajts\u00e1k v\u00e9gre a t\u0171zsz\u00fcneti meg\u00e1llapod\u00e1st"}]},{"@type":"WebSite","@id":"https:\/\/kinaikaleidoszkop.hu\/#website","url":"https:\/\/kinaikaleidoszkop.hu\/","name":"kinaikaleidoszkop.hu","description":"","potentialAction":[{"@type":"SearchAction","target":{"@type":"EntryPoint","urlTemplate":"https:\/\/kinaikaleidoszkop.hu\/?s={search_term_string}"},"query-input":{"@type":"PropertyValueSpecification","valueRequired":true,"valueName":"search_term_string"}}],"inLanguage":"hu"},{"@type":"Person","@id":"https:\/\/kinaikaleidoszkop.hu\/#\/schema\/person\/b9e2febe742edd540c1197716ec02bf7","name":"admin-szabolcs","image":{"@type":"ImageObject","inLanguage":"hu","@id":"https:\/\/kinaikaleidoszkop.hu\/#\/schema\/person\/image\/","url":"https:\/\/secure.gravatar.com\/avatar\/154f262492794df2a6cb5d5349227b18ef8f85ab462fbb32625fc42406483d21?s=96&d=mm&r=g","contentUrl":"https:\/\/secure.gravatar.com\/avatar\/154f262492794df2a6cb5d5349227b18ef8f85ab462fbb32625fc42406483d21?s=96&d=mm&r=g","caption":"admin-szabolcs"},"url":"https:\/\/kinaikaleidoszkop.hu\/index.php\/author\/admin-szabolcs\/"}]}},"views":218,"distributor_meta":false,"distributor_terms":false,"distributor_media":false,"distributor_original_site_name":"kinaikaleidoszkop.hu","distributor_original_site_url":"https:\/\/kinaikaleidoszkop.hu","push-errors":false,"_links":{"self":[{"href":"https:\/\/kinaikaleidoszkop.hu\/index.php\/wp-json\/wp\/v2\/posts\/20070","targetHints":{"allow":["GET"]}}],"collection":[{"href":"https:\/\/kinaikaleidoszkop.hu\/index.php\/wp-json\/wp\/v2\/posts"}],"about":[{"href":"https:\/\/kinaikaleidoszkop.hu\/index.php\/wp-json\/wp\/v2\/types\/post"}],"author":[{"embeddable":true,"href":"https:\/\/kinaikaleidoszkop.hu\/index.php\/wp-json\/wp\/v2\/users\/2"}],"replies":[{"embeddable":true,"href":"https:\/\/kinaikaleidoszkop.hu\/index.php\/wp-json\/wp\/v2\/comments?post=20070"}],"version-history":[{"count":1,"href":"https:\/\/kinaikaleidoszkop.hu\/index.php\/wp-json\/wp\/v2\/posts\/20070\/revisions"}],"predecessor-version":[{"id":20073,"href":"https:\/\/kinaikaleidoszkop.hu\/index.php\/wp-json\/wp\/v2\/posts\/20070\/revisions\/20073"}],"wp:featuredmedia":[{"embeddable":true,"href":"https:\/\/kinaikaleidoszkop.hu\/index.php\/wp-json\/wp\/v2\/media\/20072"}],"wp:attachment":[{"href":"https:\/\/kinaikaleidoszkop.hu\/index.php\/wp-json\/wp\/v2\/media?parent=20070"}],"wp:term":[{"taxonomy":"category","embeddable":true,"href":"https:\/\/kinaikaleidoszkop.hu\/index.php\/wp-json\/wp\/v2\/categories?post=20070"},{"taxonomy":"post_tag","embeddable":true,"href":"https:\/\/kinaikaleidoszkop.hu\/index.php\/wp-json\/wp\/v2\/tags?post=20070"}],"curies":[{"name":"wp","href":"https:\/\/api.w.org\/{rel}","templated":true}]}}