{"id":20145,"date":"2023-11-30T16:20:19","date_gmt":"2023-11-30T15:20:19","guid":{"rendered":"https:\/\/kinaikaleidoszkop.hu\/?p=20145"},"modified":"2023-11-30T18:09:30","modified_gmt":"2023-11-30T17:09:30","slug":"kina-allasfoglalasa-a-palesztin-izraeli-konfliktus-megoldasarol","status":"publish","type":"post","link":"https:\/\/kinaikaleidoszkop.hu\/index.php\/2023\/11\/30\/kina-allasfoglalasa-a-palesztin-izraeli-konfliktus-megoldasarol\/","title":{"rendered":"K\u00edna \u00e1ll\u00e1sfoglal\u00e1sa a palesztin\u2013izraeli konfliktus megold\u00e1s\u00e1r\u00f3l"},"content":{"rendered":"\n<p>A Palesztina \u00e9s Izrael k\u00f6z\u00f6tti konfliktus sz\u00e1mos polg\u00e1ri \u00e1ldozatot k\u00f6vetelt, \u00e9s s\u00falyos humanit\u00e1rius katasztr\u00f3f\u00e1hoz vezetett.<\/p>\n\n\n\n<p>Az ENSZ Alapokm\u00e1nya szerint a Biztons\u00e1gi Tan\u00e1cs\u00e9 az els\u0151dleges felel\u0151ss\u00e9g a nemzetk\u00f6zi b\u00e9ke \u00e9s biztons\u00e1g fenntart\u00e1s\u00e1\u00e9rt. Erre tekintettel K\u00edna a k\u00f6vetkez\u0151 javaslatokat terjeszti el\u0151:<\/p>\n\n\n\n<figure class=\"wp-block-image\"><img decoding=\"async\" src=\"https:\/\/delpestonline.hu\/wp-content\/uploads\/2023\/11\/1130-1.jpg\" alt=\"\" class=\"wp-image-24777\"\/><figcaption class=\"wp-element-caption\">AP Photo\/Amr Nabil<\/figcaption><\/figure>\n\n\n\n<p>1. \u00c1tfog\u00f3 t\u0171zsz\u00fcnet \u00e9s a h\u00e1bor\u00fa besz\u00fcntet\u00e9se. Az \u00e9rintett feleknek komolyan v\u00e9gre kell hajtaniuk az ENSZ-k\u00f6zgy\u0171l\u00e9s \u00e9s a Biztons\u00e1gi Tan\u00e1cs vonatkoz\u00f3 hat\u00e1rozatait, \u00e9s halad\u00e9ktalanul v\u00e9gre kell hajtaniuk a tart\u00f3s humanit\u00e1rius fegyversz\u00fcnetet.<\/p>\n\n\n\n<p>2. A civilek hat\u00e9kony v\u00e9delme. A Biztons\u00e1gi Tan\u00e1cs hat\u00e1rozata megk\u00f6veteli minden f\u00e9lt\u0151l, hogy tartsa be a nemzetk\u00f6zi humanit\u00e1rius jog szerinti k\u00f6telezetts\u00e9geit \u00e9s v\u00e9dje meg a civileket. Meg kell \u00e1ll\u00edtani a polg\u00e1ri lakoss\u00e1g elleni minden er\u0151szakos t\u00e1mad\u00e1st \u00e9s a nemzetk\u00f6zi humanit\u00e1rius jog megs\u00e9rt\u00e9s\u00e9t, \u00e9s el kell ker\u00fclni a polg\u00e1ri l\u00e9tes\u00edtm\u00e9nyek elleni t\u00e1mad\u00e1sokat.<\/p>\n\n\n\n<p>3. A humanit\u00e1rius seg\u00edts\u00e9gny\u00fajt\u00e1s biztos\u00edt\u00e1sa. Humanit\u00e1rius seg\u00e9lycsatorn\u00e1k l\u00e9trehoz\u00e1sa G\u00e1z\u00e1ban, \u00e9s gyors, biztons\u00e1gos, akad\u00e1lymentes \u00e9s fenntarthat\u00f3 humanit\u00e1rius hozz\u00e1f\u00e9r\u00e9s biztos\u00edt\u00e1sa a s\u00falyosabb humanit\u00e1rius katasztr\u00f3f\u00e1k megel\u0151z\u00e9se \u00e9rdek\u00e9ben.<\/p>\n\n\n\n<p>4. A diplom\u00e1ciai k\u00f6zvet\u00edt\u00e9s fokoz\u00e1sa. A Biztons\u00e1gi Tan\u00e1csnak el kell l\u00e1tnia az Egyes\u00fclt Nemzetek Alapokm\u00e1nya \u00e1ltal r\u00e1b\u00edzott j\u00f3szolg\u00e1lati \u00e9s k\u00f6zvet\u00edt\u0151i szerep\u00e9t, meg kell k\u00f6vetelnie az \u00e9rintett felekt\u0151l a visszafogotts\u00e1got, \u00e9s meg kell akad\u00e1lyoznia a konfliktus kiterjed\u00e9s\u00e9t.<\/p>\n\n\n\n<p>5. Politikai megold\u00e1s keres\u00e9se. A Biztons\u00e1gi Tan\u00e1cs hat\u00e1rozatai \u00e9s a nemzetk\u00f6zi konszenzus szerint a palesztin k\u00e9rd\u00e9s megold\u00e1s\u00e1nak alapvet\u0151 m\u00f3dja a \u201ek\u00e9t\u00e1llami megold\u00e1s\u201d megval\u00f3s\u00edt\u00e1sa. Teljes f\u00fcggetlens\u00e9ggel \u00e9s szuverenit\u00e1ssal rendelkez\u0151 palesztin \u00e1llam l\u00e9trehoz\u00e1sa az 1967-es hat\u00e1rok alapj\u00e1n, Kelet-Jeruzs\u00e1lem f\u0151v\u00e1ros\u00e1val. A Biztons\u00e1gi Tan\u00e1csnak el\u0151 kell seg\u00edtenie a \u201ek\u00e9t\u00e1llami megold\u00e1s\u201d \u00fajraind\u00edt\u00e1s\u00e1t, \u00e9s el\u0151 kell seg\u00edtenie a palesztin k\u00e9rd\u00e9s \u00e1tfog\u00f3, igazs\u00e1gos \u00e9s tart\u00f3s megold\u00e1s\u00e1t. A G\u00e1za j\u00f6v\u0151j\u00e9re vonatkoz\u00f3 b\u00e1rmilyen int\u00e9zked\u00e9snek tiszteletben kell tartania a palesztin n\u00e9p akarat\u00e1t \u00e9s f\u00fcggetlen d\u00f6nt\u00e9seit, \u00e9s nem lehet semmilyen d\u00f6nt\u00e9st r\u00e1juk k\u00e9nyszer\u00edteni.<\/p>\n\n\n\n<p><strong><em>(Hao Yue \u2013 China Media Group)<\/em><\/strong><\/p>\n\n\n\n<p><strong>2023. november 30.<\/strong><\/p>\n\n\n\n<p><strong><em>(x)<\/em><\/strong><\/p>\n","protected":false},"excerpt":{"rendered":"<p>A Palesztina \u00e9s Izrael k\u00f6z\u00f6tti konfliktus sz\u00e1mos polg\u00e1ri \u00e1ldozatot k\u00f6vetelt, \u00e9s s\u00falyos humanit\u00e1rius katasztr\u00f3f\u00e1hoz vezetett. Az ENSZ Alapokm\u00e1nya szerint a Biztons\u00e1gi Tan\u00e1cs\u00e9 az els\u0151dleges felel\u0151ss\u00e9g a nemzetk\u00f6zi b\u00e9ke \u00e9s biztons\u00e1g fenntart\u00e1s\u00e1\u00e9rt. Erre tekintettel K\u00edna a k\u00f6vetkez\u0151 javaslatokat terjeszti el\u0151: 1. \u00c1tfog\u00f3 t\u0171zsz\u00fcnet \u00e9s a h\u00e1bor\u00fa besz\u00fcntet\u00e9se. Az \u00e9rintett feleknek komolyan v\u00e9gre kell hajtaniuk az ENSZ-k\u00f6zgy\u0171l\u00e9s [&hellip;]<\/p>\n","protected":false},"author":7,"featured_media":20156,"comment_status":"closed","ping_status":"closed","sticky":false,"template":"","format":"standard","meta":{"footnotes":""},"categories":[45],"tags":[1204,3454,637,325,494,2080,3322],"class_list":["post-20145","post","type-post","status-publish","format-standard","has-post-thumbnail","hentry","category-hirek","tag-beke","tag-biztonsagi-tanacs","tag-diplomacia","tag-ensz","tag-javaslat","tag-megoldas","tag-palesztin-izraeli-konfliktus"],"yoast_head":"<!-- This site is optimized with the Yoast SEO plugin v23.7 - https:\/\/yoast.com\/wordpress\/plugins\/seo\/ -->\n<title>K\u00edna \u00e1ll\u00e1sfoglal\u00e1sa a palesztin\u2013izraeli konfliktus megold\u00e1s\u00e1r\u00f3l - kinaikaleidoszkop.hu<\/title>\n<meta name=\"robots\" content=\"index, follow, max-snippet:-1, max-image-preview:large, max-video-preview:-1\" \/>\n<link rel=\"canonical\" href=\"https:\/\/kinaikaleidoszkop.hu\/index.php\/2023\/11\/30\/kina-allasfoglalasa-a-palesztin-izraeli-konfliktus-megoldasarol\/\" \/>\n<meta property=\"og:locale\" content=\"hu_HU\" \/>\n<meta property=\"og:type\" content=\"article\" \/>\n<meta property=\"og:title\" content=\"K\u00edna \u00e1ll\u00e1sfoglal\u00e1sa a palesztin\u2013izraeli konfliktus megold\u00e1s\u00e1r\u00f3l - kinaikaleidoszkop.hu\" \/>\n<meta property=\"og:description\" content=\"A Palesztina \u00e9s Izrael k\u00f6z\u00f6tti konfliktus sz\u00e1mos polg\u00e1ri \u00e1ldozatot k\u00f6vetelt, \u00e9s s\u00falyos humanit\u00e1rius katasztr\u00f3f\u00e1hoz vezetett. Az ENSZ Alapokm\u00e1nya szerint a Biztons\u00e1gi Tan\u00e1cs\u00e9 az els\u0151dleges felel\u0151ss\u00e9g a nemzetk\u00f6zi b\u00e9ke \u00e9s biztons\u00e1g fenntart\u00e1s\u00e1\u00e9rt. Erre tekintettel K\u00edna a k\u00f6vetkez\u0151 javaslatokat terjeszti el\u0151: 1. \u00c1tfog\u00f3 t\u0171zsz\u00fcnet \u00e9s a h\u00e1bor\u00fa besz\u00fcntet\u00e9se. Az \u00e9rintett feleknek komolyan v\u00e9gre kell hajtaniuk az ENSZ-k\u00f6zgy\u0171l\u00e9s [&hellip;]\" \/>\n<meta property=\"og:url\" content=\"https:\/\/kinaikaleidoszkop.hu\/index.php\/2023\/11\/30\/kina-allasfoglalasa-a-palesztin-izraeli-konfliktus-megoldasarol\/\" \/>\n<meta property=\"og:site_name\" content=\"kinaikaleidoszkop.hu\" \/>\n<meta property=\"article:published_time\" content=\"2023-11-30T15:20:19+00:00\" \/>\n<meta property=\"article:modified_time\" content=\"2023-11-30T17:09:30+00:00\" \/>\n<meta property=\"og:image\" content=\"https:\/\/kinaikaleidoszkop.hu\/wp-content\/uploads\/2023\/11\/1130-1.jpg\" \/>\n\t<meta property=\"og:image:width\" content=\"600\" \/>\n\t<meta property=\"og:image:height\" content=\"400\" \/>\n\t<meta property=\"og:image:type\" content=\"image\/jpeg\" \/>\n<meta name=\"author\" content=\"Szerk_Erik\" \/>\n<meta name=\"twitter:card\" content=\"summary_large_image\" \/>\n<meta name=\"twitter:label1\" content=\"Szerz\u0151:\" \/>\n\t<meta name=\"twitter:data1\" content=\"Szerk_Erik\" \/>\n\t<meta name=\"twitter:label2\" content=\"Becs\u00fclt olvas\u00e1si id\u0151\" \/>\n\t<meta name=\"twitter:data2\" content=\"2 perc\" \/>\n<script type=\"application\/ld+json\" class=\"yoast-schema-graph\">{\"@context\":\"https:\/\/schema.org\",\"@graph\":[{\"@type\":\"WebPage\",\"@id\":\"https:\/\/kinaikaleidoszkop.hu\/index.php\/2023\/11\/30\/kina-allasfoglalasa-a-palesztin-izraeli-konfliktus-megoldasarol\/\",\"url\":\"https:\/\/kinaikaleidoszkop.hu\/index.php\/2023\/11\/30\/kina-allasfoglalasa-a-palesztin-izraeli-konfliktus-megoldasarol\/\",\"name\":\"K\u00edna \u00e1ll\u00e1sfoglal\u00e1sa a palesztin\u2013izraeli konfliktus megold\u00e1s\u00e1r\u00f3l - kinaikaleidoszkop.hu\",\"isPartOf\":{\"@id\":\"https:\/\/kinaikaleidoszkop.hu\/#website\"},\"primaryImageOfPage\":{\"@id\":\"https:\/\/kinaikaleidoszkop.hu\/index.php\/2023\/11\/30\/kina-allasfoglalasa-a-palesztin-izraeli-konfliktus-megoldasarol\/#primaryimage\"},\"image\":{\"@id\":\"https:\/\/kinaikaleidoszkop.hu\/index.php\/2023\/11\/30\/kina-allasfoglalasa-a-palesztin-izraeli-konfliktus-megoldasarol\/#primaryimage\"},\"thumbnailUrl\":\"https:\/\/kinaikaleidoszkop.hu\/wp-content\/uploads\/2023\/11\/1130-1.jpg\",\"datePublished\":\"2023-11-30T15:20:19+00:00\",\"dateModified\":\"2023-11-30T17:09:30+00:00\",\"author\":{\"@id\":\"https:\/\/kinaikaleidoszkop.hu\/#\/schema\/person\/4d69b71e7e70322713b9d9287b610556\"},\"breadcrumb\":{\"@id\":\"https:\/\/kinaikaleidoszkop.hu\/index.php\/2023\/11\/30\/kina-allasfoglalasa-a-palesztin-izraeli-konfliktus-megoldasarol\/#breadcrumb\"},\"inLanguage\":\"hu\",\"potentialAction\":[{\"@type\":\"ReadAction\",\"target\":[\"https:\/\/kinaikaleidoszkop.hu\/index.php\/2023\/11\/30\/kina-allasfoglalasa-a-palesztin-izraeli-konfliktus-megoldasarol\/\"]}]},{\"@type\":\"ImageObject\",\"inLanguage\":\"hu\",\"@id\":\"https:\/\/kinaikaleidoszkop.hu\/index.php\/2023\/11\/30\/kina-allasfoglalasa-a-palesztin-izraeli-konfliktus-megoldasarol\/#primaryimage\",\"url\":\"https:\/\/kinaikaleidoszkop.hu\/wp-content\/uploads\/2023\/11\/1130-1.jpg\",\"contentUrl\":\"https:\/\/kinaikaleidoszkop.hu\/wp-content\/uploads\/2023\/11\/1130-1.jpg\",\"width\":600,\"height\":400},{\"@type\":\"BreadcrumbList\",\"@id\":\"https:\/\/kinaikaleidoszkop.hu\/index.php\/2023\/11\/30\/kina-allasfoglalasa-a-palesztin-izraeli-konfliktus-megoldasarol\/#breadcrumb\",\"itemListElement\":[{\"@type\":\"ListItem\",\"position\":1,\"name\":\"Kezd\u0151lap\",\"item\":\"https:\/\/kinaikaleidoszkop.hu\/\"},{\"@type\":\"ListItem\",\"position\":2,\"name\":\"K\u00edna \u00e1ll\u00e1sfoglal\u00e1sa a palesztin\u2013izraeli konfliktus megold\u00e1s\u00e1r\u00f3l\"}]},{\"@type\":\"WebSite\",\"@id\":\"https:\/\/kinaikaleidoszkop.hu\/#website\",\"url\":\"https:\/\/kinaikaleidoszkop.hu\/\",\"name\":\"kinaikaleidoszkop.hu\",\"description\":\"\",\"potentialAction\":[{\"@type\":\"SearchAction\",\"target\":{\"@type\":\"EntryPoint\",\"urlTemplate\":\"https:\/\/kinaikaleidoszkop.hu\/?s={search_term_string}\"},\"query-input\":{\"@type\":\"PropertyValueSpecification\",\"valueRequired\":true,\"valueName\":\"search_term_string\"}}],\"inLanguage\":\"hu\"},{\"@type\":\"Person\",\"@id\":\"https:\/\/kinaikaleidoszkop.hu\/#\/schema\/person\/4d69b71e7e70322713b9d9287b610556\",\"name\":\"Szerk_Erik\",\"image\":{\"@type\":\"ImageObject\",\"inLanguage\":\"hu\",\"@id\":\"https:\/\/kinaikaleidoszkop.hu\/#\/schema\/person\/image\/\",\"url\":\"https:\/\/secure.gravatar.com\/avatar\/3c1e909a14c0c91d2eaef877aaacb584c667f8e7137de69653aa9561fd0e8062?s=96&d=mm&r=g\",\"contentUrl\":\"https:\/\/secure.gravatar.com\/avatar\/3c1e909a14c0c91d2eaef877aaacb584c667f8e7137de69653aa9561fd0e8062?s=96&d=mm&r=g\",\"caption\":\"Szerk_Erik\"},\"url\":\"https:\/\/kinaikaleidoszkop.hu\/index.php\/author\/szerk_erik\/\"}]}<\/script>\n<!-- \/ Yoast SEO plugin. -->","yoast_head_json":{"title":"K\u00edna \u00e1ll\u00e1sfoglal\u00e1sa a palesztin\u2013izraeli konfliktus megold\u00e1s\u00e1r\u00f3l - kinaikaleidoszkop.hu","robots":{"index":"index","follow":"follow","max-snippet":"max-snippet:-1","max-image-preview":"max-image-preview:large","max-video-preview":"max-video-preview:-1"},"canonical":"https:\/\/kinaikaleidoszkop.hu\/index.php\/2023\/11\/30\/kina-allasfoglalasa-a-palesztin-izraeli-konfliktus-megoldasarol\/","og_locale":"hu_HU","og_type":"article","og_title":"K\u00edna \u00e1ll\u00e1sfoglal\u00e1sa a palesztin\u2013izraeli konfliktus megold\u00e1s\u00e1r\u00f3l - kinaikaleidoszkop.hu","og_description":"A Palesztina \u00e9s Izrael k\u00f6z\u00f6tti konfliktus sz\u00e1mos polg\u00e1ri \u00e1ldozatot k\u00f6vetelt, \u00e9s s\u00falyos humanit\u00e1rius katasztr\u00f3f\u00e1hoz vezetett. Az ENSZ Alapokm\u00e1nya szerint a Biztons\u00e1gi Tan\u00e1cs\u00e9 az els\u0151dleges felel\u0151ss\u00e9g a nemzetk\u00f6zi b\u00e9ke \u00e9s biztons\u00e1g fenntart\u00e1s\u00e1\u00e9rt. Erre tekintettel K\u00edna a k\u00f6vetkez\u0151 javaslatokat terjeszti el\u0151: 1. \u00c1tfog\u00f3 t\u0171zsz\u00fcnet \u00e9s a h\u00e1bor\u00fa besz\u00fcntet\u00e9se. Az \u00e9rintett feleknek komolyan v\u00e9gre kell hajtaniuk az ENSZ-k\u00f6zgy\u0171l\u00e9s [&hellip;]","og_url":"https:\/\/kinaikaleidoszkop.hu\/index.php\/2023\/11\/30\/kina-allasfoglalasa-a-palesztin-izraeli-konfliktus-megoldasarol\/","og_site_name":"kinaikaleidoszkop.hu","article_published_time":"2023-11-30T15:20:19+00:00","article_modified_time":"2023-11-30T17:09:30+00:00","og_image":[{"width":600,"height":400,"url":"https:\/\/kinaikaleidoszkop.hu\/wp-content\/uploads\/2023\/11\/1130-1.jpg","type":"image\/jpeg"}],"author":"Szerk_Erik","twitter_card":"summary_large_image","twitter_misc":{"Szerz\u0151:":"Szerk_Erik","Becs\u00fclt olvas\u00e1si id\u0151":"2 perc"},"schema":{"@context":"https:\/\/schema.org","@graph":[{"@type":"WebPage","@id":"https:\/\/kinaikaleidoszkop.hu\/index.php\/2023\/11\/30\/kina-allasfoglalasa-a-palesztin-izraeli-konfliktus-megoldasarol\/","url":"https:\/\/kinaikaleidoszkop.hu\/index.php\/2023\/11\/30\/kina-allasfoglalasa-a-palesztin-izraeli-konfliktus-megoldasarol\/","name":"K\u00edna \u00e1ll\u00e1sfoglal\u00e1sa a palesztin\u2013izraeli konfliktus megold\u00e1s\u00e1r\u00f3l - kinaikaleidoszkop.hu","isPartOf":{"@id":"https:\/\/kinaikaleidoszkop.hu\/#website"},"primaryImageOfPage":{"@id":"https:\/\/kinaikaleidoszkop.hu\/index.php\/2023\/11\/30\/kina-allasfoglalasa-a-palesztin-izraeli-konfliktus-megoldasarol\/#primaryimage"},"image":{"@id":"https:\/\/kinaikaleidoszkop.hu\/index.php\/2023\/11\/30\/kina-allasfoglalasa-a-palesztin-izraeli-konfliktus-megoldasarol\/#primaryimage"},"thumbnailUrl":"https:\/\/kinaikaleidoszkop.hu\/wp-content\/uploads\/2023\/11\/1130-1.jpg","datePublished":"2023-11-30T15:20:19+00:00","dateModified":"2023-11-30T17:09:30+00:00","author":{"@id":"https:\/\/kinaikaleidoszkop.hu\/#\/schema\/person\/4d69b71e7e70322713b9d9287b610556"},"breadcrumb":{"@id":"https:\/\/kinaikaleidoszkop.hu\/index.php\/2023\/11\/30\/kina-allasfoglalasa-a-palesztin-izraeli-konfliktus-megoldasarol\/#breadcrumb"},"inLanguage":"hu","potentialAction":[{"@type":"ReadAction","target":["https:\/\/kinaikaleidoszkop.hu\/index.php\/2023\/11\/30\/kina-allasfoglalasa-a-palesztin-izraeli-konfliktus-megoldasarol\/"]}]},{"@type":"ImageObject","inLanguage":"hu","@id":"https:\/\/kinaikaleidoszkop.hu\/index.php\/2023\/11\/30\/kina-allasfoglalasa-a-palesztin-izraeli-konfliktus-megoldasarol\/#primaryimage","url":"https:\/\/kinaikaleidoszkop.hu\/wp-content\/uploads\/2023\/11\/1130-1.jpg","contentUrl":"https:\/\/kinaikaleidoszkop.hu\/wp-content\/uploads\/2023\/11\/1130-1.jpg","width":600,"height":400},{"@type":"BreadcrumbList","@id":"https:\/\/kinaikaleidoszkop.hu\/index.php\/2023\/11\/30\/kina-allasfoglalasa-a-palesztin-izraeli-konfliktus-megoldasarol\/#breadcrumb","itemListElement":[{"@type":"ListItem","position":1,"name":"Kezd\u0151lap","item":"https:\/\/kinaikaleidoszkop.hu\/"},{"@type":"ListItem","position":2,"name":"K\u00edna \u00e1ll\u00e1sfoglal\u00e1sa a palesztin\u2013izraeli konfliktus megold\u00e1s\u00e1r\u00f3l"}]},{"@type":"WebSite","@id":"https:\/\/kinaikaleidoszkop.hu\/#website","url":"https:\/\/kinaikaleidoszkop.hu\/","name":"kinaikaleidoszkop.hu","description":"","potentialAction":[{"@type":"SearchAction","target":{"@type":"EntryPoint","urlTemplate":"https:\/\/kinaikaleidoszkop.hu\/?s={search_term_string}"},"query-input":{"@type":"PropertyValueSpecification","valueRequired":true,"valueName":"search_term_string"}}],"inLanguage":"hu"},{"@type":"Person","@id":"https:\/\/kinaikaleidoszkop.hu\/#\/schema\/person\/4d69b71e7e70322713b9d9287b610556","name":"Szerk_Erik","image":{"@type":"ImageObject","inLanguage":"hu","@id":"https:\/\/kinaikaleidoszkop.hu\/#\/schema\/person\/image\/","url":"https:\/\/secure.gravatar.com\/avatar\/3c1e909a14c0c91d2eaef877aaacb584c667f8e7137de69653aa9561fd0e8062?s=96&d=mm&r=g","contentUrl":"https:\/\/secure.gravatar.com\/avatar\/3c1e909a14c0c91d2eaef877aaacb584c667f8e7137de69653aa9561fd0e8062?s=96&d=mm&r=g","caption":"Szerk_Erik"},"url":"https:\/\/kinaikaleidoszkop.hu\/index.php\/author\/szerk_erik\/"}]}},"views":229,"distributor_meta":false,"distributor_terms":false,"distributor_media":false,"distributor_original_site_name":"kinaikaleidoszkop.hu","distributor_original_site_url":"https:\/\/kinaikaleidoszkop.hu","push-errors":false,"_links":{"self":[{"href":"https:\/\/kinaikaleidoszkop.hu\/index.php\/wp-json\/wp\/v2\/posts\/20145","targetHints":{"allow":["GET"]}}],"collection":[{"href":"https:\/\/kinaikaleidoszkop.hu\/index.php\/wp-json\/wp\/v2\/posts"}],"about":[{"href":"https:\/\/kinaikaleidoszkop.hu\/index.php\/wp-json\/wp\/v2\/types\/post"}],"author":[{"embeddable":true,"href":"https:\/\/kinaikaleidoszkop.hu\/index.php\/wp-json\/wp\/v2\/users\/7"}],"replies":[{"embeddable":true,"href":"https:\/\/kinaikaleidoszkop.hu\/index.php\/wp-json\/wp\/v2\/comments?post=20145"}],"version-history":[{"count":3,"href":"https:\/\/kinaikaleidoszkop.hu\/index.php\/wp-json\/wp\/v2\/posts\/20145\/revisions"}],"predecessor-version":[{"id":20151,"href":"https:\/\/kinaikaleidoszkop.hu\/index.php\/wp-json\/wp\/v2\/posts\/20145\/revisions\/20151"}],"wp:featuredmedia":[{"embeddable":true,"href":"https:\/\/kinaikaleidoszkop.hu\/index.php\/wp-json\/wp\/v2\/media\/20156"}],"wp:attachment":[{"href":"https:\/\/kinaikaleidoszkop.hu\/index.php\/wp-json\/wp\/v2\/media?parent=20145"}],"wp:term":[{"taxonomy":"category","embeddable":true,"href":"https:\/\/kinaikaleidoszkop.hu\/index.php\/wp-json\/wp\/v2\/categories?post=20145"},{"taxonomy":"post_tag","embeddable":true,"href":"https:\/\/kinaikaleidoszkop.hu\/index.php\/wp-json\/wp\/v2\/tags?post=20145"}],"curies":[{"name":"wp","href":"https:\/\/api.w.org\/{rel}","templated":true}]}}