{"id":20183,"date":"2023-12-02T18:20:35","date_gmt":"2023-12-02T17:20:35","guid":{"rendered":"https:\/\/kinaikaleidoszkop.hu\/?p=20183"},"modified":"2023-12-02T20:25:42","modified_gmt":"2023-12-02T19:25:42","slug":"kina-hajlando-a-kulonbozo-felekkel-egyuttmukodni-egy-tiszta-szep-vilag-felepitese-erdekeben","status":"publish","type":"post","link":"https:\/\/kinaikaleidoszkop.hu\/index.php\/2023\/12\/02\/kina-hajlando-a-kulonbozo-felekkel-egyuttmukodni-egy-tiszta-szep-vilag-felepitese-erdekeben\/","title":{"rendered":"K\u00edna hajland\u00f3 a k\u00fcl\u00f6nb\u00f6z\u0151 felekkel egy\u00fcttm\u0171k\u00f6dni egy tiszta, sz\u00e9p vil\u00e1g fel\u00e9p\u00edt\u00e9se \u00e9rdek\u00e9ben"},"content":{"rendered":"\n<p><strong>Mint jelent\u0151s \u00e9s felel\u0151s fejl\u0151d\u0151 orsz\u00e1g, K\u00edna k\u00e9szen \u00e1ll arra, hogy valamennyi partner\u00e9vel egy\u00fcttm\u0171k\u00f6dj\u00f6n egy tiszta \u00e9s sz\u00e9p vil\u00e1g fel\u00e9p\u00edt\u00e9se \u00e9rdek\u00e9ben \u2013 jelentette ki Ding Xuexiang k\u00ednai minisztereln\u00f6k-helyettes p\u00e9nteken.<\/strong><\/p>\n\n\n\n<p>Ding, Hszi Csin-ping k\u00ednai eln\u00f6k rendk\u00edv\u00fcli k\u00e9pvisel\u0151je ezt akkor mondta, amikor az Egyes\u00fclt Arab Em\u00edrs\u00e9gekben, Dubaiban felsz\u00f3lalt az ENSZ 28. \u00c9ghajlatv\u00e1ltoz\u00e1si Konferenci\u00e1j\u00e1n.<\/p>\n\n\n\n<p>Ding hangs\u00falyozta, hogy az emberis\u00e9gnek k\u00f6z\u00f6s a sorsa az \u00e9ghajlatv\u00e1ltoz\u00e1s kih\u00edv\u00e1saival szemben, \u00e9s minden f\u00e9lnek meg kell er\u0151s\u00edtenie elt\u00f6k\u00e9lts\u00e9g\u00e9t \u00e9s k\u00e9pess\u00e9g\u00e9t a k\u00f6z\u00f6s fell\u00e9p\u00e9s \u00e9rdek\u00e9ben.<\/p>\n\n\n\n<figure class=\"wp-block-image size-full\"><img loading=\"lazy\" decoding=\"async\" width=\"1024\" height=\"863\" src=\"https:\/\/kinaikaleidoszkop.hu\/wp-content\/uploads\/2023\/12\/\u4e01\u859b\u7965\u6c14\u5019\u5927\u4f1a.png\" alt=\"\" class=\"wp-image-20185\" srcset=\"https:\/\/kinaikaleidoszkop.hu\/wp-content\/uploads\/2023\/12\/\u4e01\u859b\u7965\u6c14\u5019\u5927\u4f1a.png 1024w, https:\/\/kinaikaleidoszkop.hu\/wp-content\/uploads\/2023\/12\/\u4e01\u859b\u7965\u6c14\u5019\u5927\u4f1a-300x253.png 300w, https:\/\/kinaikaleidoszkop.hu\/wp-content\/uploads\/2023\/12\/\u4e01\u859b\u7965\u6c14\u5019\u5927\u4f1a-768x647.png 768w, https:\/\/kinaikaleidoszkop.hu\/wp-content\/uploads\/2023\/12\/\u4e01\u859b\u7965\u6c14\u5019\u5927\u4f1a-990x834.png 990w\" sizes=\"auto, (max-width: 1024px) 100vw, 1024px\" \/><\/figure>\n\n\n\n<p>H\u00e1rom javaslatot terjesztett el\u0151. Az els\u0151, a multilateralizmus gyakorl\u00e1sa \u00e9s az ENSZ \u00c9ghajlatv\u00e1ltoz\u00e1si Keretegyezm\u00e9ny\u00e9ben \u00e9s a P\u00e1rizsi Meg\u00e1llapod\u00e1sban meghat\u00e1rozott c\u00e9lok \u00e9s elvek betart\u00e1sa, valamint a szolidarit\u00e1s \u00e9s az egy\u00fcttm\u0171k\u00f6d\u00e9s fokoz\u00e1sa, tov\u00e1bb\u00e1 a k\u00f6lcs\u00f6n\u00f6s el\u0151ny\u00f6k \u00e9s a mindenki sz\u00e1m\u00e1ra el\u0151ny\u00f6s eredm\u00e9nyek el\u00e9r\u00e9se.<\/p>\n\n\n\n<p>A m\u00e1sodik, a z\u00f6ld \u00e1talakul\u00e1s felgyors\u00edt\u00e1sa, a meg\u00fajul\u00f3 energia ar\u00e1ny\u00e1nak akt\u00edv n\u00f6vel\u00e9se, a hagyom\u00e1nyos energia tiszta, alacsony sz\u00e9n-dioxid-kibocs\u00e1t\u00e1s\u00fa \u00e9s hat\u00e9kony felhaszn\u00e1l\u00e1s\u00e1nak el\u0151mozd\u00edt\u00e1sa, valamint a z\u00f6ld \u00e9s alacsony sz\u00e9n-dioxid-kibocs\u00e1t\u00e1s\u00fa termel\u00e9si m\u00f3dszerek \u00e9s \u00e9letm\u00f3d kialak\u00edt\u00e1s\u00e1nak felgyors\u00edt\u00e1sa.<\/p>\n\n\n\n<p>A harmadik, a k\u00fcl\u00f6nb\u00f6z\u0151 int\u00e9zked\u00e9sek v\u00e9grehajt\u00e1s\u00e1nak meger\u0151s\u00edt\u00e9se \u00e9s a megl\u00e9v\u0151 k\u00f6telezetts\u00e9gv\u00e1llal\u00e1sok teljes k\u00f6r\u0171 tiszteletben tart\u00e1sa. K\u00fcl\u00f6n\u00f6sen a fejlett orsz\u00e1goknak hat\u00e9konyan kell n\u00f6velni\u00fck a fejl\u0151d\u0151 orsz\u00e1goknak ny\u00fajtott p\u00e9nz\u00fcgyi, technol\u00f3giai \u00e9s kapacit\u00e1s\u00e9p\u00edt\u00e9si t\u00e1mogat\u00e1st annak \u00e9rdek\u00e9ben, hogy kl\u00edmav\u00e1ltoz\u00e1s sikeres kezel\u00e9s\u00e9vel kapcsolatos v\u00edzi\u00f3 val\u00f3s\u00e1gg\u00e1 v\u00e1ljon &#8211; hangoztatta Ding Xuexiang.<\/p>\n\n\n\n<p><strong><em>2023. 12. 02.<\/em><\/strong><\/p>\n\n\n\n<p><strong>(Zhou Huiwen &#8211; China Media Group)<\/strong><\/p>\n\n\n\n<p><strong><em>(x)<\/em><\/strong><\/p>\n","protected":false},"excerpt":{"rendered":"<p>Mint jelent\u0151s \u00e9s felel\u0151s fejl\u0151d\u0151 orsz\u00e1g, K\u00edna k\u00e9szen \u00e1ll arra, hogy valamennyi partner\u00e9vel egy\u00fcttm\u0171k\u00f6dj\u00f6n egy tiszta \u00e9s sz\u00e9p vil\u00e1g fel\u00e9p\u00edt\u00e9se \u00e9rdek\u00e9ben \u2013 jelentette ki Ding Xuexiang k\u00ednai minisztereln\u00f6k-helyettes p\u00e9nteken. Ding, Hszi Csin-ping k\u00ednai eln\u00f6k rendk\u00edv\u00fcli k\u00e9pvisel\u0151je ezt akkor mondta, amikor az Egyes\u00fclt Arab Em\u00edrs\u00e9gekben, Dubaiban felsz\u00f3lalt az ENSZ 28. \u00c9ghajlatv\u00e1ltoz\u00e1si Konferenci\u00e1j\u00e1n. Ding hangs\u00falyozta, hogy az [&hellip;]<\/p>\n","protected":false},"author":6,"featured_media":20185,"comment_status":"closed","ping_status":"closed","sticky":false,"template":"","format":"standard","meta":{"footnotes":""},"categories":[45],"tags":[2860,383,325,2561,3463],"class_list":["post-20183","post","type-post","status-publish","format-standard","has-post-thumbnail","hentry","category-hirek","tag-ding-xuexiang","tag-eghajlatvaltozas","tag-ensz","tag-globalis-felmelegedes","tag-klima"],"yoast_head":"<!-- This site is optimized with the Yoast SEO plugin v23.7 - https:\/\/yoast.com\/wordpress\/plugins\/seo\/ -->\n<title>K\u00edna hajland\u00f3 a k\u00fcl\u00f6nb\u00f6z\u0151 felekkel egy\u00fcttm\u0171k\u00f6dni egy tiszta, sz\u00e9p vil\u00e1g fel\u00e9p\u00edt\u00e9se \u00e9rdek\u00e9ben - kinaikaleidoszkop.hu<\/title>\n<meta name=\"robots\" content=\"index, follow, max-snippet:-1, max-image-preview:large, max-video-preview:-1\" \/>\n<link rel=\"canonical\" href=\"https:\/\/kinaikaleidoszkop.hu\/index.php\/2023\/12\/02\/kina-hajlando-a-kulonbozo-felekkel-egyuttmukodni-egy-tiszta-szep-vilag-felepitese-erdekeben\/\" \/>\n<meta property=\"og:locale\" content=\"hu_HU\" \/>\n<meta property=\"og:type\" content=\"article\" \/>\n<meta property=\"og:title\" content=\"K\u00edna hajland\u00f3 a k\u00fcl\u00f6nb\u00f6z\u0151 felekkel egy\u00fcttm\u0171k\u00f6dni egy tiszta, sz\u00e9p vil\u00e1g fel\u00e9p\u00edt\u00e9se \u00e9rdek\u00e9ben - kinaikaleidoszkop.hu\" \/>\n<meta property=\"og:description\" content=\"Mint jelent\u0151s \u00e9s felel\u0151s fejl\u0151d\u0151 orsz\u00e1g, K\u00edna k\u00e9szen \u00e1ll arra, hogy valamennyi partner\u00e9vel egy\u00fcttm\u0171k\u00f6dj\u00f6n egy tiszta \u00e9s sz\u00e9p vil\u00e1g fel\u00e9p\u00edt\u00e9se \u00e9rdek\u00e9ben \u2013 jelentette ki Ding Xuexiang k\u00ednai minisztereln\u00f6k-helyettes p\u00e9nteken. Ding, Hszi Csin-ping k\u00ednai eln\u00f6k rendk\u00edv\u00fcli k\u00e9pvisel\u0151je ezt akkor mondta, amikor az Egyes\u00fclt Arab Em\u00edrs\u00e9gekben, Dubaiban felsz\u00f3lalt az ENSZ 28. \u00c9ghajlatv\u00e1ltoz\u00e1si Konferenci\u00e1j\u00e1n. Ding hangs\u00falyozta, hogy az [&hellip;]\" \/>\n<meta property=\"og:url\" content=\"https:\/\/kinaikaleidoszkop.hu\/index.php\/2023\/12\/02\/kina-hajlando-a-kulonbozo-felekkel-egyuttmukodni-egy-tiszta-szep-vilag-felepitese-erdekeben\/\" \/>\n<meta property=\"og:site_name\" content=\"kinaikaleidoszkop.hu\" \/>\n<meta property=\"article:published_time\" content=\"2023-12-02T17:20:35+00:00\" \/>\n<meta property=\"article:modified_time\" content=\"2023-12-02T19:25:42+00:00\" \/>\n<meta property=\"og:image\" content=\"https:\/\/kinaikaleidoszkop.hu\/wp-content\/uploads\/2023\/12\/\u4e01\u859b\u7965\u6c14\u5019\u5927\u4f1a.png\" \/>\n\t<meta property=\"og:image:width\" content=\"1024\" \/>\n\t<meta property=\"og:image:height\" content=\"863\" \/>\n\t<meta property=\"og:image:type\" content=\"image\/png\" \/>\n<meta name=\"author\" content=\"admin-sebi\" \/>\n<meta name=\"twitter:card\" content=\"summary_large_image\" \/>\n<meta name=\"twitter:label1\" content=\"Szerz\u0151:\" \/>\n\t<meta name=\"twitter:data1\" content=\"admin-sebi\" \/>\n\t<meta name=\"twitter:label2\" content=\"Becs\u00fclt olvas\u00e1si id\u0151\" \/>\n\t<meta name=\"twitter:data2\" content=\"2 perc\" \/>\n<script type=\"application\/ld+json\" class=\"yoast-schema-graph\">{\"@context\":\"https:\/\/schema.org\",\"@graph\":[{\"@type\":\"WebPage\",\"@id\":\"https:\/\/kinaikaleidoszkop.hu\/index.php\/2023\/12\/02\/kina-hajlando-a-kulonbozo-felekkel-egyuttmukodni-egy-tiszta-szep-vilag-felepitese-erdekeben\/\",\"url\":\"https:\/\/kinaikaleidoszkop.hu\/index.php\/2023\/12\/02\/kina-hajlando-a-kulonbozo-felekkel-egyuttmukodni-egy-tiszta-szep-vilag-felepitese-erdekeben\/\",\"name\":\"K\u00edna hajland\u00f3 a k\u00fcl\u00f6nb\u00f6z\u0151 felekkel egy\u00fcttm\u0171k\u00f6dni egy tiszta, sz\u00e9p vil\u00e1g fel\u00e9p\u00edt\u00e9se \u00e9rdek\u00e9ben - kinaikaleidoszkop.hu\",\"isPartOf\":{\"@id\":\"https:\/\/kinaikaleidoszkop.hu\/#website\"},\"primaryImageOfPage\":{\"@id\":\"https:\/\/kinaikaleidoszkop.hu\/index.php\/2023\/12\/02\/kina-hajlando-a-kulonbozo-felekkel-egyuttmukodni-egy-tiszta-szep-vilag-felepitese-erdekeben\/#primaryimage\"},\"image\":{\"@id\":\"https:\/\/kinaikaleidoszkop.hu\/index.php\/2023\/12\/02\/kina-hajlando-a-kulonbozo-felekkel-egyuttmukodni-egy-tiszta-szep-vilag-felepitese-erdekeben\/#primaryimage\"},\"thumbnailUrl\":\"https:\/\/kinaikaleidoszkop.hu\/wp-content\/uploads\/2023\/12\/\u4e01\u859b\u7965\u6c14\u5019\u5927\u4f1a.png\",\"datePublished\":\"2023-12-02T17:20:35+00:00\",\"dateModified\":\"2023-12-02T19:25:42+00:00\",\"author\":{\"@id\":\"https:\/\/kinaikaleidoszkop.hu\/#\/schema\/person\/fd215d3a8bab54daeb796ae166f99ea5\"},\"breadcrumb\":{\"@id\":\"https:\/\/kinaikaleidoszkop.hu\/index.php\/2023\/12\/02\/kina-hajlando-a-kulonbozo-felekkel-egyuttmukodni-egy-tiszta-szep-vilag-felepitese-erdekeben\/#breadcrumb\"},\"inLanguage\":\"hu\",\"potentialAction\":[{\"@type\":\"ReadAction\",\"target\":[\"https:\/\/kinaikaleidoszkop.hu\/index.php\/2023\/12\/02\/kina-hajlando-a-kulonbozo-felekkel-egyuttmukodni-egy-tiszta-szep-vilag-felepitese-erdekeben\/\"]}]},{\"@type\":\"ImageObject\",\"inLanguage\":\"hu\",\"@id\":\"https:\/\/kinaikaleidoszkop.hu\/index.php\/2023\/12\/02\/kina-hajlando-a-kulonbozo-felekkel-egyuttmukodni-egy-tiszta-szep-vilag-felepitese-erdekeben\/#primaryimage\",\"url\":\"https:\/\/kinaikaleidoszkop.hu\/wp-content\/uploads\/2023\/12\/\u4e01\u859b\u7965\u6c14\u5019\u5927\u4f1a.png\",\"contentUrl\":\"https:\/\/kinaikaleidoszkop.hu\/wp-content\/uploads\/2023\/12\/\u4e01\u859b\u7965\u6c14\u5019\u5927\u4f1a.png\",\"width\":1024,\"height\":863},{\"@type\":\"BreadcrumbList\",\"@id\":\"https:\/\/kinaikaleidoszkop.hu\/index.php\/2023\/12\/02\/kina-hajlando-a-kulonbozo-felekkel-egyuttmukodni-egy-tiszta-szep-vilag-felepitese-erdekeben\/#breadcrumb\",\"itemListElement\":[{\"@type\":\"ListItem\",\"position\":1,\"name\":\"Kezd\u0151lap\",\"item\":\"https:\/\/kinaikaleidoszkop.hu\/\"},{\"@type\":\"ListItem\",\"position\":2,\"name\":\"K\u00edna hajland\u00f3 a k\u00fcl\u00f6nb\u00f6z\u0151 felekkel egy\u00fcttm\u0171k\u00f6dni egy tiszta, sz\u00e9p vil\u00e1g fel\u00e9p\u00edt\u00e9se \u00e9rdek\u00e9ben\"}]},{\"@type\":\"WebSite\",\"@id\":\"https:\/\/kinaikaleidoszkop.hu\/#website\",\"url\":\"https:\/\/kinaikaleidoszkop.hu\/\",\"name\":\"kinaikaleidoszkop.hu\",\"description\":\"\",\"potentialAction\":[{\"@type\":\"SearchAction\",\"target\":{\"@type\":\"EntryPoint\",\"urlTemplate\":\"https:\/\/kinaikaleidoszkop.hu\/?s={search_term_string}\"},\"query-input\":{\"@type\":\"PropertyValueSpecification\",\"valueRequired\":true,\"valueName\":\"search_term_string\"}}],\"inLanguage\":\"hu\"},{\"@type\":\"Person\",\"@id\":\"https:\/\/kinaikaleidoszkop.hu\/#\/schema\/person\/fd215d3a8bab54daeb796ae166f99ea5\",\"name\":\"admin-sebi\",\"image\":{\"@type\":\"ImageObject\",\"inLanguage\":\"hu\",\"@id\":\"https:\/\/kinaikaleidoszkop.hu\/#\/schema\/person\/image\/\",\"url\":\"https:\/\/secure.gravatar.com\/avatar\/b1498042bc4969020b4951f204f963e97c3d7d199f3790c1071adf67c61d0aa5?s=96&d=mm&r=g\",\"contentUrl\":\"https:\/\/secure.gravatar.com\/avatar\/b1498042bc4969020b4951f204f963e97c3d7d199f3790c1071adf67c61d0aa5?s=96&d=mm&r=g\",\"caption\":\"admin-sebi\"},\"url\":\"https:\/\/kinaikaleidoszkop.hu\/index.php\/author\/admin-sebi\/\"}]}<\/script>\n<!-- \/ Yoast SEO plugin. -->","yoast_head_json":{"title":"K\u00edna hajland\u00f3 a k\u00fcl\u00f6nb\u00f6z\u0151 felekkel egy\u00fcttm\u0171k\u00f6dni egy tiszta, sz\u00e9p vil\u00e1g fel\u00e9p\u00edt\u00e9se \u00e9rdek\u00e9ben - kinaikaleidoszkop.hu","robots":{"index":"index","follow":"follow","max-snippet":"max-snippet:-1","max-image-preview":"max-image-preview:large","max-video-preview":"max-video-preview:-1"},"canonical":"https:\/\/kinaikaleidoszkop.hu\/index.php\/2023\/12\/02\/kina-hajlando-a-kulonbozo-felekkel-egyuttmukodni-egy-tiszta-szep-vilag-felepitese-erdekeben\/","og_locale":"hu_HU","og_type":"article","og_title":"K\u00edna hajland\u00f3 a k\u00fcl\u00f6nb\u00f6z\u0151 felekkel egy\u00fcttm\u0171k\u00f6dni egy tiszta, sz\u00e9p vil\u00e1g fel\u00e9p\u00edt\u00e9se \u00e9rdek\u00e9ben - kinaikaleidoszkop.hu","og_description":"Mint jelent\u0151s \u00e9s felel\u0151s fejl\u0151d\u0151 orsz\u00e1g, K\u00edna k\u00e9szen \u00e1ll arra, hogy valamennyi partner\u00e9vel egy\u00fcttm\u0171k\u00f6dj\u00f6n egy tiszta \u00e9s sz\u00e9p vil\u00e1g fel\u00e9p\u00edt\u00e9se \u00e9rdek\u00e9ben \u2013 jelentette ki Ding Xuexiang k\u00ednai minisztereln\u00f6k-helyettes p\u00e9nteken. Ding, Hszi Csin-ping k\u00ednai eln\u00f6k rendk\u00edv\u00fcli k\u00e9pvisel\u0151je ezt akkor mondta, amikor az Egyes\u00fclt Arab Em\u00edrs\u00e9gekben, Dubaiban felsz\u00f3lalt az ENSZ 28. \u00c9ghajlatv\u00e1ltoz\u00e1si Konferenci\u00e1j\u00e1n. Ding hangs\u00falyozta, hogy az [&hellip;]","og_url":"https:\/\/kinaikaleidoszkop.hu\/index.php\/2023\/12\/02\/kina-hajlando-a-kulonbozo-felekkel-egyuttmukodni-egy-tiszta-szep-vilag-felepitese-erdekeben\/","og_site_name":"kinaikaleidoszkop.hu","article_published_time":"2023-12-02T17:20:35+00:00","article_modified_time":"2023-12-02T19:25:42+00:00","og_image":[{"width":1024,"height":863,"url":"https:\/\/kinaikaleidoszkop.hu\/wp-content\/uploads\/2023\/12\/\u4e01\u859b\u7965\u6c14\u5019\u5927\u4f1a.png","type":"image\/png"}],"author":"admin-sebi","twitter_card":"summary_large_image","twitter_misc":{"Szerz\u0151:":"admin-sebi","Becs\u00fclt olvas\u00e1si id\u0151":"2 perc"},"schema":{"@context":"https:\/\/schema.org","@graph":[{"@type":"WebPage","@id":"https:\/\/kinaikaleidoszkop.hu\/index.php\/2023\/12\/02\/kina-hajlando-a-kulonbozo-felekkel-egyuttmukodni-egy-tiszta-szep-vilag-felepitese-erdekeben\/","url":"https:\/\/kinaikaleidoszkop.hu\/index.php\/2023\/12\/02\/kina-hajlando-a-kulonbozo-felekkel-egyuttmukodni-egy-tiszta-szep-vilag-felepitese-erdekeben\/","name":"K\u00edna hajland\u00f3 a k\u00fcl\u00f6nb\u00f6z\u0151 felekkel egy\u00fcttm\u0171k\u00f6dni egy tiszta, sz\u00e9p vil\u00e1g fel\u00e9p\u00edt\u00e9se \u00e9rdek\u00e9ben - kinaikaleidoszkop.hu","isPartOf":{"@id":"https:\/\/kinaikaleidoszkop.hu\/#website"},"primaryImageOfPage":{"@id":"https:\/\/kinaikaleidoszkop.hu\/index.php\/2023\/12\/02\/kina-hajlando-a-kulonbozo-felekkel-egyuttmukodni-egy-tiszta-szep-vilag-felepitese-erdekeben\/#primaryimage"},"image":{"@id":"https:\/\/kinaikaleidoszkop.hu\/index.php\/2023\/12\/02\/kina-hajlando-a-kulonbozo-felekkel-egyuttmukodni-egy-tiszta-szep-vilag-felepitese-erdekeben\/#primaryimage"},"thumbnailUrl":"https:\/\/kinaikaleidoszkop.hu\/wp-content\/uploads\/2023\/12\/\u4e01\u859b\u7965\u6c14\u5019\u5927\u4f1a.png","datePublished":"2023-12-02T17:20:35+00:00","dateModified":"2023-12-02T19:25:42+00:00","author":{"@id":"https:\/\/kinaikaleidoszkop.hu\/#\/schema\/person\/fd215d3a8bab54daeb796ae166f99ea5"},"breadcrumb":{"@id":"https:\/\/kinaikaleidoszkop.hu\/index.php\/2023\/12\/02\/kina-hajlando-a-kulonbozo-felekkel-egyuttmukodni-egy-tiszta-szep-vilag-felepitese-erdekeben\/#breadcrumb"},"inLanguage":"hu","potentialAction":[{"@type":"ReadAction","target":["https:\/\/kinaikaleidoszkop.hu\/index.php\/2023\/12\/02\/kina-hajlando-a-kulonbozo-felekkel-egyuttmukodni-egy-tiszta-szep-vilag-felepitese-erdekeben\/"]}]},{"@type":"ImageObject","inLanguage":"hu","@id":"https:\/\/kinaikaleidoszkop.hu\/index.php\/2023\/12\/02\/kina-hajlando-a-kulonbozo-felekkel-egyuttmukodni-egy-tiszta-szep-vilag-felepitese-erdekeben\/#primaryimage","url":"https:\/\/kinaikaleidoszkop.hu\/wp-content\/uploads\/2023\/12\/\u4e01\u859b\u7965\u6c14\u5019\u5927\u4f1a.png","contentUrl":"https:\/\/kinaikaleidoszkop.hu\/wp-content\/uploads\/2023\/12\/\u4e01\u859b\u7965\u6c14\u5019\u5927\u4f1a.png","width":1024,"height":863},{"@type":"BreadcrumbList","@id":"https:\/\/kinaikaleidoszkop.hu\/index.php\/2023\/12\/02\/kina-hajlando-a-kulonbozo-felekkel-egyuttmukodni-egy-tiszta-szep-vilag-felepitese-erdekeben\/#breadcrumb","itemListElement":[{"@type":"ListItem","position":1,"name":"Kezd\u0151lap","item":"https:\/\/kinaikaleidoszkop.hu\/"},{"@type":"ListItem","position":2,"name":"K\u00edna hajland\u00f3 a k\u00fcl\u00f6nb\u00f6z\u0151 felekkel egy\u00fcttm\u0171k\u00f6dni egy tiszta, sz\u00e9p vil\u00e1g fel\u00e9p\u00edt\u00e9se \u00e9rdek\u00e9ben"}]},{"@type":"WebSite","@id":"https:\/\/kinaikaleidoszkop.hu\/#website","url":"https:\/\/kinaikaleidoszkop.hu\/","name":"kinaikaleidoszkop.hu","description":"","potentialAction":[{"@type":"SearchAction","target":{"@type":"EntryPoint","urlTemplate":"https:\/\/kinaikaleidoszkop.hu\/?s={search_term_string}"},"query-input":{"@type":"PropertyValueSpecification","valueRequired":true,"valueName":"search_term_string"}}],"inLanguage":"hu"},{"@type":"Person","@id":"https:\/\/kinaikaleidoszkop.hu\/#\/schema\/person\/fd215d3a8bab54daeb796ae166f99ea5","name":"admin-sebi","image":{"@type":"ImageObject","inLanguage":"hu","@id":"https:\/\/kinaikaleidoszkop.hu\/#\/schema\/person\/image\/","url":"https:\/\/secure.gravatar.com\/avatar\/b1498042bc4969020b4951f204f963e97c3d7d199f3790c1071adf67c61d0aa5?s=96&d=mm&r=g","contentUrl":"https:\/\/secure.gravatar.com\/avatar\/b1498042bc4969020b4951f204f963e97c3d7d199f3790c1071adf67c61d0aa5?s=96&d=mm&r=g","caption":"admin-sebi"},"url":"https:\/\/kinaikaleidoszkop.hu\/index.php\/author\/admin-sebi\/"}]}},"views":239,"distributor_meta":false,"distributor_terms":false,"distributor_media":false,"distributor_original_site_name":"kinaikaleidoszkop.hu","distributor_original_site_url":"https:\/\/kinaikaleidoszkop.hu","push-errors":false,"_links":{"self":[{"href":"https:\/\/kinaikaleidoszkop.hu\/index.php\/wp-json\/wp\/v2\/posts\/20183","targetHints":{"allow":["GET"]}}],"collection":[{"href":"https:\/\/kinaikaleidoszkop.hu\/index.php\/wp-json\/wp\/v2\/posts"}],"about":[{"href":"https:\/\/kinaikaleidoszkop.hu\/index.php\/wp-json\/wp\/v2\/types\/post"}],"author":[{"embeddable":true,"href":"https:\/\/kinaikaleidoszkop.hu\/index.php\/wp-json\/wp\/v2\/users\/6"}],"replies":[{"embeddable":true,"href":"https:\/\/kinaikaleidoszkop.hu\/index.php\/wp-json\/wp\/v2\/comments?post=20183"}],"version-history":[{"count":2,"href":"https:\/\/kinaikaleidoszkop.hu\/index.php\/wp-json\/wp\/v2\/posts\/20183\/revisions"}],"predecessor-version":[{"id":20199,"href":"https:\/\/kinaikaleidoszkop.hu\/index.php\/wp-json\/wp\/v2\/posts\/20183\/revisions\/20199"}],"wp:featuredmedia":[{"embeddable":true,"href":"https:\/\/kinaikaleidoszkop.hu\/index.php\/wp-json\/wp\/v2\/media\/20185"}],"wp:attachment":[{"href":"https:\/\/kinaikaleidoszkop.hu\/index.php\/wp-json\/wp\/v2\/media?parent=20183"}],"wp:term":[{"taxonomy":"category","embeddable":true,"href":"https:\/\/kinaikaleidoszkop.hu\/index.php\/wp-json\/wp\/v2\/categories?post=20183"},{"taxonomy":"post_tag","embeddable":true,"href":"https:\/\/kinaikaleidoszkop.hu\/index.php\/wp-json\/wp\/v2\/tags?post=20183"}],"curies":[{"name":"wp","href":"https:\/\/api.w.org\/{rel}","templated":true}]}}