{"id":20321,"date":"2023-12-08T14:44:37","date_gmt":"2023-12-08T13:44:37","guid":{"rendered":"https:\/\/kinaikaleidoszkop.hu\/?p=20321"},"modified":"2023-12-08T17:19:18","modified_gmt":"2023-12-08T16:19:18","slug":"az-ukrajnanak-nyujtott-amerikai-segelyek-90-at-az-egyesult-allamokban-koltik-el","status":"publish","type":"post","link":"https:\/\/kinaikaleidoszkop.hu\/index.php\/2023\/12\/08\/az-ukrajnanak-nyujtott-amerikai-segelyek-90-at-az-egyesult-allamokban-koltik-el\/","title":{"rendered":"Az Ukrajn\u00e1nak ny\u00fajtott amerikai seg\u00e9lyek 90%-\u00e1t \u201eaz Egyes\u00fclt \u00c1llamokban k\u00f6ltik el\u201d"},"content":{"rendered":"\n<p><strong>Az Ukrajn\u00e1nak ny\u00fajtott amerikai katonai seg\u00e9lyek 90%-\u00e1t az Egyes\u00fclt \u00c1llamokban haszn\u00e1lt\u00e1k fel fegyverek \u00e9s felszerel\u00e9sek gy\u00e1rt\u00e1s\u00e1ra, ami el\u0151ny\u00f6s az amerikai gazdas\u00e1g sz\u00e1m\u00e1ra \u2013 mondta Antony Blinken amerikai k\u00fcl\u00fcgyminiszter cs\u00fct\u00f6rt\u00f6k\u00f6n.<\/strong><\/p>\n\n\n\n<p>Blinken David Cameron brit k\u00fcl\u00fcgyminiszterrel t\u00e1rgyalva Washingtonban elmondta: \u201eAz \u00e1ltalunk ny\u00fajtott biztons\u00e1gi seg\u00edts\u00e9g 90 sz\u00e1zal\u00e9k\u00e1t az Egyes\u00fclt \u00c1llamokban k\u00f6lt\u00f6tt\u00fck el, a gy\u00e1rt\u00e1sunkra k\u00f6ltj\u00fck, t\u00f6bb munkahelyet teremtett\u00fcnk az amerikaiak sz\u00e1m\u00e1ra, \u00e9s nagyobb n\u00f6veked\u00e9st hoztunk a gazdas\u00e1gunkba.\u201d<\/p>\n\n\n\n<p>Ez\u00e9rt, tette hozz\u00e1, az Egyes\u00fclt \u00c1llamoknak tov\u00e1bbra is katonai seg\u00edts\u00e9get kell ny\u00fajtania Ukrajn\u00e1nak, fenntartva ezt a \u201ewin-win\u201d helyzetet.<\/p>\n\n\n<div class=\"wp-block-image\">\n<figure class=\"aligncenter size-large\"><img decoding=\"async\" src=\"https:\/\/hirpest.hu\/wp-content\/uploads\/2023\/12\/\u5e03\u6797\u80af\u5361\u6885\u9686.jpg\" alt=\"\" class=\"wp-image-20095\"\/><figcaption class=\"wp-element-caption\"><strong><em>Antony Blinken amerikai k\u00fcl\u00fcgyminiszter \u00e9s David Cameron brit koll\u00e9g\u00e1ja sajt\u00f3t\u00e1j\u00e9koztat\u00f3n.<\/em><\/strong><\/figcaption><\/figure>\n<\/div>\n\n\n<p>Blinken megjegyz\u00e9seinek c\u00e9lja az volt, hogy meggy\u0151zze az amerikai kongresszust, hogy hagyja j\u00f3v\u00e1 a 106 milli\u00e1rd doll\u00e1r \u00e9rt\u00e9k\u0171 t\u00f6rv\u00e9nyjavaslatot, amely lehet\u0151s\u00e9get adna Ukrajna \u00e9s Izrael tov\u00e1bbi t\u00e1mogat\u00e1s\u00e1ra.<\/p>\n\n\n\n<p>Joe Biden amerikai eln\u00f6k \u00e9s Lloyd Austin v\u00e9delmi miniszter egym\u00e1s ut\u00e1n \u00e1lltak el\u0151 az elm\u00falt napokban, elt\u00falozva az orosz gy\u0151zelem felt\u00e9telez\u00e9s\u00e9nek k\u00f6vetkezm\u00e9nyeit, \u00e9s felsz\u00f3l\u00edtva a kongresszust, hogy hagyja j\u00f3v\u00e1 a \u201ep\u00e9nzutal\u00e1st\u201d.<\/p>\n\n\n\n<p>Az orosz\u2013ukr\u00e1n h\u00e1bor\u00fa tavaly febru\u00e1ri kit\u00f6r\u00e9se \u00f3ta az Egyes\u00fclt \u00c1llamok folymatosan n\u00f6veli a katonai seg\u00e9lyeket. A fegyverkeresked\u0151k, akik az amerikai politikusok fontos finansz\u00edroz\u00f3i, nagysz\u00e1m\u00fa megrendel\u00e9st kaptak \u00e9s rengeteg p\u00e9nzt kerestek.<\/p>\n\n\n\n<p><strong><em>2023. 12. 08.<\/em><\/strong><\/p>\n\n\n\n<p><strong>(China Media Group)<\/strong><\/p>\n\n\n\n<p><strong><em>(x)<\/em><\/strong><\/p>\n","protected":false},"excerpt":{"rendered":"<p>Az Ukrajn\u00e1nak ny\u00fajtott amerikai katonai seg\u00e9lyek 90%-\u00e1t az Egyes\u00fclt \u00c1llamokban haszn\u00e1lt\u00e1k fel fegyverek \u00e9s felszerel\u00e9sek gy\u00e1rt\u00e1s\u00e1ra, ami el\u0151ny\u00f6s az amerikai gazdas\u00e1g sz\u00e1m\u00e1ra \u2013 mondta Antony Blinken amerikai k\u00fcl\u00fcgyminiszter cs\u00fct\u00f6rt\u00f6k\u00f6n. Blinken David Cameron brit k\u00fcl\u00fcgyminiszterrel t\u00e1rgyalva Washingtonban elmondta: \u201eAz \u00e1ltalunk ny\u00fajtott biztons\u00e1gi seg\u00edts\u00e9g 90 sz\u00e1zal\u00e9k\u00e1t az Egyes\u00fclt \u00c1llamokban k\u00f6lt\u00f6tt\u00fck el, a gy\u00e1rt\u00e1sunkra k\u00f6ltj\u00fck, t\u00f6bb munkahelyet teremtett\u00fcnk [&hellip;]<\/p>\n","protected":false},"author":6,"featured_media":20323,"comment_status":"closed","ping_status":"closed","sticky":false,"template":"","format":"standard","meta":{"footnotes":""},"categories":[45],"tags":[588,131,636,2158],"class_list":["post-20321","post","type-post","status-publish","format-standard","has-post-thumbnail","hentry","category-hirek","tag-antony-blinken","tag-egyesult-allamok","tag-ukrajna","tag-ukrajnai-haboru"],"yoast_head":"<!-- This site is optimized with the Yoast SEO plugin v23.7 - https:\/\/yoast.com\/wordpress\/plugins\/seo\/ -->\n<title>Az Ukrajn\u00e1nak ny\u00fajtott amerikai seg\u00e9lyek 90%-\u00e1t \u201eaz Egyes\u00fclt \u00c1llamokban k\u00f6ltik el\u201d - kinaikaleidoszkop.hu<\/title>\n<meta name=\"robots\" content=\"index, follow, max-snippet:-1, max-image-preview:large, max-video-preview:-1\" \/>\n<link rel=\"canonical\" href=\"https:\/\/kinaikaleidoszkop.hu\/index.php\/2023\/12\/08\/az-ukrajnanak-nyujtott-amerikai-segelyek-90-at-az-egyesult-allamokban-koltik-el\/\" \/>\n<meta property=\"og:locale\" content=\"hu_HU\" \/>\n<meta property=\"og:type\" content=\"article\" \/>\n<meta property=\"og:title\" content=\"Az Ukrajn\u00e1nak ny\u00fajtott amerikai seg\u00e9lyek 90%-\u00e1t \u201eaz Egyes\u00fclt \u00c1llamokban k\u00f6ltik el\u201d - kinaikaleidoszkop.hu\" \/>\n<meta property=\"og:description\" content=\"Az Ukrajn\u00e1nak ny\u00fajtott amerikai katonai seg\u00e9lyek 90%-\u00e1t az Egyes\u00fclt \u00c1llamokban haszn\u00e1lt\u00e1k fel fegyverek \u00e9s felszerel\u00e9sek gy\u00e1rt\u00e1s\u00e1ra, ami el\u0151ny\u00f6s az amerikai gazdas\u00e1g sz\u00e1m\u00e1ra \u2013 mondta Antony Blinken amerikai k\u00fcl\u00fcgyminiszter cs\u00fct\u00f6rt\u00f6k\u00f6n. Blinken David Cameron brit k\u00fcl\u00fcgyminiszterrel t\u00e1rgyalva Washingtonban elmondta: \u201eAz \u00e1ltalunk ny\u00fajtott biztons\u00e1gi seg\u00edts\u00e9g 90 sz\u00e1zal\u00e9k\u00e1t az Egyes\u00fclt \u00c1llamokban k\u00f6lt\u00f6tt\u00fck el, a gy\u00e1rt\u00e1sunkra k\u00f6ltj\u00fck, t\u00f6bb munkahelyet teremtett\u00fcnk [&hellip;]\" \/>\n<meta property=\"og:url\" content=\"https:\/\/kinaikaleidoszkop.hu\/index.php\/2023\/12\/08\/az-ukrajnanak-nyujtott-amerikai-segelyek-90-at-az-egyesult-allamokban-koltik-el\/\" \/>\n<meta property=\"og:site_name\" content=\"kinaikaleidoszkop.hu\" \/>\n<meta property=\"article:published_time\" content=\"2023-12-08T13:44:37+00:00\" \/>\n<meta property=\"article:modified_time\" content=\"2023-12-08T16:19:18+00:00\" \/>\n<meta property=\"og:image\" content=\"https:\/\/kinaikaleidoszkop.hu\/wp-content\/uploads\/2023\/12\/\u5e03\u6797\u80af\u5361\u6885\u9686.jpg\" \/>\n\t<meta property=\"og:image:width\" content=\"800\" \/>\n\t<meta property=\"og:image:height\" content=\"533\" \/>\n\t<meta property=\"og:image:type\" content=\"image\/jpeg\" \/>\n<meta name=\"author\" content=\"admin-sebi\" \/>\n<meta name=\"twitter:card\" content=\"summary_large_image\" \/>\n<meta name=\"twitter:label1\" content=\"Szerz\u0151:\" \/>\n\t<meta name=\"twitter:data1\" content=\"admin-sebi\" \/>\n\t<meta name=\"twitter:label2\" content=\"Becs\u00fclt olvas\u00e1si id\u0151\" \/>\n\t<meta name=\"twitter:data2\" content=\"2 perc\" \/>\n<script type=\"application\/ld+json\" class=\"yoast-schema-graph\">{\"@context\":\"https:\/\/schema.org\",\"@graph\":[{\"@type\":\"WebPage\",\"@id\":\"https:\/\/kinaikaleidoszkop.hu\/index.php\/2023\/12\/08\/az-ukrajnanak-nyujtott-amerikai-segelyek-90-at-az-egyesult-allamokban-koltik-el\/\",\"url\":\"https:\/\/kinaikaleidoszkop.hu\/index.php\/2023\/12\/08\/az-ukrajnanak-nyujtott-amerikai-segelyek-90-at-az-egyesult-allamokban-koltik-el\/\",\"name\":\"Az Ukrajn\u00e1nak ny\u00fajtott amerikai seg\u00e9lyek 90%-\u00e1t \u201eaz Egyes\u00fclt \u00c1llamokban k\u00f6ltik el\u201d - kinaikaleidoszkop.hu\",\"isPartOf\":{\"@id\":\"https:\/\/kinaikaleidoszkop.hu\/#website\"},\"primaryImageOfPage\":{\"@id\":\"https:\/\/kinaikaleidoszkop.hu\/index.php\/2023\/12\/08\/az-ukrajnanak-nyujtott-amerikai-segelyek-90-at-az-egyesult-allamokban-koltik-el\/#primaryimage\"},\"image\":{\"@id\":\"https:\/\/kinaikaleidoszkop.hu\/index.php\/2023\/12\/08\/az-ukrajnanak-nyujtott-amerikai-segelyek-90-at-az-egyesult-allamokban-koltik-el\/#primaryimage\"},\"thumbnailUrl\":\"https:\/\/kinaikaleidoszkop.hu\/wp-content\/uploads\/2023\/12\/\u5e03\u6797\u80af\u5361\u6885\u9686.jpg\",\"datePublished\":\"2023-12-08T13:44:37+00:00\",\"dateModified\":\"2023-12-08T16:19:18+00:00\",\"author\":{\"@id\":\"https:\/\/kinaikaleidoszkop.hu\/#\/schema\/person\/fd215d3a8bab54daeb796ae166f99ea5\"},\"breadcrumb\":{\"@id\":\"https:\/\/kinaikaleidoszkop.hu\/index.php\/2023\/12\/08\/az-ukrajnanak-nyujtott-amerikai-segelyek-90-at-az-egyesult-allamokban-koltik-el\/#breadcrumb\"},\"inLanguage\":\"hu\",\"potentialAction\":[{\"@type\":\"ReadAction\",\"target\":[\"https:\/\/kinaikaleidoszkop.hu\/index.php\/2023\/12\/08\/az-ukrajnanak-nyujtott-amerikai-segelyek-90-at-az-egyesult-allamokban-koltik-el\/\"]}]},{\"@type\":\"ImageObject\",\"inLanguage\":\"hu\",\"@id\":\"https:\/\/kinaikaleidoszkop.hu\/index.php\/2023\/12\/08\/az-ukrajnanak-nyujtott-amerikai-segelyek-90-at-az-egyesult-allamokban-koltik-el\/#primaryimage\",\"url\":\"https:\/\/kinaikaleidoszkop.hu\/wp-content\/uploads\/2023\/12\/\u5e03\u6797\u80af\u5361\u6885\u9686.jpg\",\"contentUrl\":\"https:\/\/kinaikaleidoszkop.hu\/wp-content\/uploads\/2023\/12\/\u5e03\u6797\u80af\u5361\u6885\u9686.jpg\",\"width\":800,\"height\":533},{\"@type\":\"BreadcrumbList\",\"@id\":\"https:\/\/kinaikaleidoszkop.hu\/index.php\/2023\/12\/08\/az-ukrajnanak-nyujtott-amerikai-segelyek-90-at-az-egyesult-allamokban-koltik-el\/#breadcrumb\",\"itemListElement\":[{\"@type\":\"ListItem\",\"position\":1,\"name\":\"Kezd\u0151lap\",\"item\":\"https:\/\/kinaikaleidoszkop.hu\/\"},{\"@type\":\"ListItem\",\"position\":2,\"name\":\"Az Ukrajn\u00e1nak ny\u00fajtott amerikai seg\u00e9lyek 90%-\u00e1t \u201eaz Egyes\u00fclt \u00c1llamokban k\u00f6ltik el\u201d\"}]},{\"@type\":\"WebSite\",\"@id\":\"https:\/\/kinaikaleidoszkop.hu\/#website\",\"url\":\"https:\/\/kinaikaleidoszkop.hu\/\",\"name\":\"kinaikaleidoszkop.hu\",\"description\":\"\",\"potentialAction\":[{\"@type\":\"SearchAction\",\"target\":{\"@type\":\"EntryPoint\",\"urlTemplate\":\"https:\/\/kinaikaleidoszkop.hu\/?s={search_term_string}\"},\"query-input\":{\"@type\":\"PropertyValueSpecification\",\"valueRequired\":true,\"valueName\":\"search_term_string\"}}],\"inLanguage\":\"hu\"},{\"@type\":\"Person\",\"@id\":\"https:\/\/kinaikaleidoszkop.hu\/#\/schema\/person\/fd215d3a8bab54daeb796ae166f99ea5\",\"name\":\"admin-sebi\",\"image\":{\"@type\":\"ImageObject\",\"inLanguage\":\"hu\",\"@id\":\"https:\/\/kinaikaleidoszkop.hu\/#\/schema\/person\/image\/\",\"url\":\"https:\/\/secure.gravatar.com\/avatar\/b1498042bc4969020b4951f204f963e97c3d7d199f3790c1071adf67c61d0aa5?s=96&d=mm&r=g\",\"contentUrl\":\"https:\/\/secure.gravatar.com\/avatar\/b1498042bc4969020b4951f204f963e97c3d7d199f3790c1071adf67c61d0aa5?s=96&d=mm&r=g\",\"caption\":\"admin-sebi\"},\"url\":\"https:\/\/kinaikaleidoszkop.hu\/index.php\/author\/admin-sebi\/\"}]}<\/script>\n<!-- \/ Yoast SEO plugin. -->","yoast_head_json":{"title":"Az Ukrajn\u00e1nak ny\u00fajtott amerikai seg\u00e9lyek 90%-\u00e1t \u201eaz Egyes\u00fclt \u00c1llamokban k\u00f6ltik el\u201d - kinaikaleidoszkop.hu","robots":{"index":"index","follow":"follow","max-snippet":"max-snippet:-1","max-image-preview":"max-image-preview:large","max-video-preview":"max-video-preview:-1"},"canonical":"https:\/\/kinaikaleidoszkop.hu\/index.php\/2023\/12\/08\/az-ukrajnanak-nyujtott-amerikai-segelyek-90-at-az-egyesult-allamokban-koltik-el\/","og_locale":"hu_HU","og_type":"article","og_title":"Az Ukrajn\u00e1nak ny\u00fajtott amerikai seg\u00e9lyek 90%-\u00e1t \u201eaz Egyes\u00fclt \u00c1llamokban k\u00f6ltik el\u201d - kinaikaleidoszkop.hu","og_description":"Az Ukrajn\u00e1nak ny\u00fajtott amerikai katonai seg\u00e9lyek 90%-\u00e1t az Egyes\u00fclt \u00c1llamokban haszn\u00e1lt\u00e1k fel fegyverek \u00e9s felszerel\u00e9sek gy\u00e1rt\u00e1s\u00e1ra, ami el\u0151ny\u00f6s az amerikai gazdas\u00e1g sz\u00e1m\u00e1ra \u2013 mondta Antony Blinken amerikai k\u00fcl\u00fcgyminiszter cs\u00fct\u00f6rt\u00f6k\u00f6n. Blinken David Cameron brit k\u00fcl\u00fcgyminiszterrel t\u00e1rgyalva Washingtonban elmondta: \u201eAz \u00e1ltalunk ny\u00fajtott biztons\u00e1gi seg\u00edts\u00e9g 90 sz\u00e1zal\u00e9k\u00e1t az Egyes\u00fclt \u00c1llamokban k\u00f6lt\u00f6tt\u00fck el, a gy\u00e1rt\u00e1sunkra k\u00f6ltj\u00fck, t\u00f6bb munkahelyet teremtett\u00fcnk [&hellip;]","og_url":"https:\/\/kinaikaleidoszkop.hu\/index.php\/2023\/12\/08\/az-ukrajnanak-nyujtott-amerikai-segelyek-90-at-az-egyesult-allamokban-koltik-el\/","og_site_name":"kinaikaleidoszkop.hu","article_published_time":"2023-12-08T13:44:37+00:00","article_modified_time":"2023-12-08T16:19:18+00:00","og_image":[{"width":800,"height":533,"url":"https:\/\/kinaikaleidoszkop.hu\/wp-content\/uploads\/2023\/12\/\u5e03\u6797\u80af\u5361\u6885\u9686.jpg","type":"image\/jpeg"}],"author":"admin-sebi","twitter_card":"summary_large_image","twitter_misc":{"Szerz\u0151:":"admin-sebi","Becs\u00fclt olvas\u00e1si id\u0151":"2 perc"},"schema":{"@context":"https:\/\/schema.org","@graph":[{"@type":"WebPage","@id":"https:\/\/kinaikaleidoszkop.hu\/index.php\/2023\/12\/08\/az-ukrajnanak-nyujtott-amerikai-segelyek-90-at-az-egyesult-allamokban-koltik-el\/","url":"https:\/\/kinaikaleidoszkop.hu\/index.php\/2023\/12\/08\/az-ukrajnanak-nyujtott-amerikai-segelyek-90-at-az-egyesult-allamokban-koltik-el\/","name":"Az Ukrajn\u00e1nak ny\u00fajtott amerikai seg\u00e9lyek 90%-\u00e1t \u201eaz Egyes\u00fclt \u00c1llamokban k\u00f6ltik el\u201d - kinaikaleidoszkop.hu","isPartOf":{"@id":"https:\/\/kinaikaleidoszkop.hu\/#website"},"primaryImageOfPage":{"@id":"https:\/\/kinaikaleidoszkop.hu\/index.php\/2023\/12\/08\/az-ukrajnanak-nyujtott-amerikai-segelyek-90-at-az-egyesult-allamokban-koltik-el\/#primaryimage"},"image":{"@id":"https:\/\/kinaikaleidoszkop.hu\/index.php\/2023\/12\/08\/az-ukrajnanak-nyujtott-amerikai-segelyek-90-at-az-egyesult-allamokban-koltik-el\/#primaryimage"},"thumbnailUrl":"https:\/\/kinaikaleidoszkop.hu\/wp-content\/uploads\/2023\/12\/\u5e03\u6797\u80af\u5361\u6885\u9686.jpg","datePublished":"2023-12-08T13:44:37+00:00","dateModified":"2023-12-08T16:19:18+00:00","author":{"@id":"https:\/\/kinaikaleidoszkop.hu\/#\/schema\/person\/fd215d3a8bab54daeb796ae166f99ea5"},"breadcrumb":{"@id":"https:\/\/kinaikaleidoszkop.hu\/index.php\/2023\/12\/08\/az-ukrajnanak-nyujtott-amerikai-segelyek-90-at-az-egyesult-allamokban-koltik-el\/#breadcrumb"},"inLanguage":"hu","potentialAction":[{"@type":"ReadAction","target":["https:\/\/kinaikaleidoszkop.hu\/index.php\/2023\/12\/08\/az-ukrajnanak-nyujtott-amerikai-segelyek-90-at-az-egyesult-allamokban-koltik-el\/"]}]},{"@type":"ImageObject","inLanguage":"hu","@id":"https:\/\/kinaikaleidoszkop.hu\/index.php\/2023\/12\/08\/az-ukrajnanak-nyujtott-amerikai-segelyek-90-at-az-egyesult-allamokban-koltik-el\/#primaryimage","url":"https:\/\/kinaikaleidoszkop.hu\/wp-content\/uploads\/2023\/12\/\u5e03\u6797\u80af\u5361\u6885\u9686.jpg","contentUrl":"https:\/\/kinaikaleidoszkop.hu\/wp-content\/uploads\/2023\/12\/\u5e03\u6797\u80af\u5361\u6885\u9686.jpg","width":800,"height":533},{"@type":"BreadcrumbList","@id":"https:\/\/kinaikaleidoszkop.hu\/index.php\/2023\/12\/08\/az-ukrajnanak-nyujtott-amerikai-segelyek-90-at-az-egyesult-allamokban-koltik-el\/#breadcrumb","itemListElement":[{"@type":"ListItem","position":1,"name":"Kezd\u0151lap","item":"https:\/\/kinaikaleidoszkop.hu\/"},{"@type":"ListItem","position":2,"name":"Az Ukrajn\u00e1nak ny\u00fajtott amerikai seg\u00e9lyek 90%-\u00e1t \u201eaz Egyes\u00fclt \u00c1llamokban k\u00f6ltik el\u201d"}]},{"@type":"WebSite","@id":"https:\/\/kinaikaleidoszkop.hu\/#website","url":"https:\/\/kinaikaleidoszkop.hu\/","name":"kinaikaleidoszkop.hu","description":"","potentialAction":[{"@type":"SearchAction","target":{"@type":"EntryPoint","urlTemplate":"https:\/\/kinaikaleidoszkop.hu\/?s={search_term_string}"},"query-input":{"@type":"PropertyValueSpecification","valueRequired":true,"valueName":"search_term_string"}}],"inLanguage":"hu"},{"@type":"Person","@id":"https:\/\/kinaikaleidoszkop.hu\/#\/schema\/person\/fd215d3a8bab54daeb796ae166f99ea5","name":"admin-sebi","image":{"@type":"ImageObject","inLanguage":"hu","@id":"https:\/\/kinaikaleidoszkop.hu\/#\/schema\/person\/image\/","url":"https:\/\/secure.gravatar.com\/avatar\/b1498042bc4969020b4951f204f963e97c3d7d199f3790c1071adf67c61d0aa5?s=96&d=mm&r=g","contentUrl":"https:\/\/secure.gravatar.com\/avatar\/b1498042bc4969020b4951f204f963e97c3d7d199f3790c1071adf67c61d0aa5?s=96&d=mm&r=g","caption":"admin-sebi"},"url":"https:\/\/kinaikaleidoszkop.hu\/index.php\/author\/admin-sebi\/"}]}},"views":212,"distributor_meta":false,"distributor_terms":false,"distributor_media":false,"distributor_original_site_name":"kinaikaleidoszkop.hu","distributor_original_site_url":"https:\/\/kinaikaleidoszkop.hu","push-errors":false,"_links":{"self":[{"href":"https:\/\/kinaikaleidoszkop.hu\/index.php\/wp-json\/wp\/v2\/posts\/20321","targetHints":{"allow":["GET"]}}],"collection":[{"href":"https:\/\/kinaikaleidoszkop.hu\/index.php\/wp-json\/wp\/v2\/posts"}],"about":[{"href":"https:\/\/kinaikaleidoszkop.hu\/index.php\/wp-json\/wp\/v2\/types\/post"}],"author":[{"embeddable":true,"href":"https:\/\/kinaikaleidoszkop.hu\/index.php\/wp-json\/wp\/v2\/users\/6"}],"replies":[{"embeddable":true,"href":"https:\/\/kinaikaleidoszkop.hu\/index.php\/wp-json\/wp\/v2\/comments?post=20321"}],"version-history":[{"count":2,"href":"https:\/\/kinaikaleidoszkop.hu\/index.php\/wp-json\/wp\/v2\/posts\/20321\/revisions"}],"predecessor-version":[{"id":20342,"href":"https:\/\/kinaikaleidoszkop.hu\/index.php\/wp-json\/wp\/v2\/posts\/20321\/revisions\/20342"}],"wp:featuredmedia":[{"embeddable":true,"href":"https:\/\/kinaikaleidoszkop.hu\/index.php\/wp-json\/wp\/v2\/media\/20323"}],"wp:attachment":[{"href":"https:\/\/kinaikaleidoszkop.hu\/index.php\/wp-json\/wp\/v2\/media?parent=20321"}],"wp:term":[{"taxonomy":"category","embeddable":true,"href":"https:\/\/kinaikaleidoszkop.hu\/index.php\/wp-json\/wp\/v2\/categories?post=20321"},{"taxonomy":"post_tag","embeddable":true,"href":"https:\/\/kinaikaleidoszkop.hu\/index.php\/wp-json\/wp\/v2\/tags?post=20321"}],"curies":[{"name":"wp","href":"https:\/\/api.w.org\/{rel}","templated":true}]}}