{"id":20349,"date":"2023-12-10T18:45:55","date_gmt":"2023-12-10T17:45:55","guid":{"rendered":"https:\/\/kinaikaleidoszkop.hu\/?p=20349"},"modified":"2023-12-10T18:45:56","modified_gmt":"2023-12-10T17:45:56","slug":"kina-szerint-a-fulop-szigeteki-hajo-felelos-a-del-kinai-tengeri-utkozesert","status":"publish","type":"post","link":"https:\/\/kinaikaleidoszkop.hu\/index.php\/2023\/12\/10\/kina-szerint-a-fulop-szigeteki-hajo-felelos-a-del-kinai-tengeri-utkozesert\/","title":{"rendered":"K\u00edna szerint a F\u00fcl\u00f6p-szigeteki haj\u00f3 felel\u0151s a d\u00e9l-k\u00ednai tengeri \u00fctk\u00f6z\u00e9s\u00e9rt"},"content":{"rendered":"\n<p><strong>A k\u00ednai parti \u0151rs\u00e9g (CCG) szerint a F\u00fcl\u00f6p-szigetek a felel\u0151s az\u00e9rt, hogy haj\u00f3ja neki\u00fctk\u00f6z\u00f6tt a parti \u0151rs\u00e9g egyik v\u00edzi j\u00e1rm\u0171v\u00e9nek.<\/strong><\/p>\n\n\n<div class=\"wp-block-image\">\n<figure class=\"alignright is-resized\"><img decoding=\"async\" src=\"https:\/\/hirpest.hu\/wp-content\/uploads\/2023\/12\/\u83f2\u5f8b\u5bbe.jpg\" alt=\"\" class=\"wp-image-20129\" style=\"width:523px;height:auto\"\/><figcaption class=\"wp-element-caption\"><strong><em>2023. okt\u00f3ber 22-\u00e9n egy F\u00fcl\u00f6p-szigeteki haj\u00f3 behatolt a k\u00ednai Nansha-szigetekhez tartoz\u00f3 Ren\u2019ai-z\u00e1tony melletti vizekre, ahol azt\u00e1n a k\u00ednai parti \u0151rs\u00e9g haj\u00f3ja meg\u00e1ll\u00edtotta.<\/em><\/strong><\/figcaption><\/figure>\n<\/div>\n\n\n<p>A CCG k\u00f6z\u00f6lte, hogy ellen\u0151rz\u0151 int\u00e9zked\u00e9st hajtott v\u00e9gre n\u00e9gy F\u00fcl\u00f6p-szigeteki haj\u00f3 eset\u00e9ben, amelyek \u00e9p\u00edt\u0151anyagokat pr\u00f3b\u00e1ltak sz\u00e1ll\u00edtani egy illeg\u00e1lisan \u201emegfeneklett\u201d F\u00fcl\u00f6p-szigeteki hadihaj\u00f3nak a k\u00ednai Nansha-szigetekn\u00e9l tal\u00e1lhat\u00f3 Ren\u2019ai-z\u00e1tonyhoz.<\/p>\n\n\n\n<p>Az egyik F\u00fcl\u00f6p-szigeteki haj\u00f3 figyelmen k\u00edv\u00fcl hagyta a k\u00ednai tengeri hat\u00f3s\u00e1g figyelmeztet\u00e9seit, \u00e9s sz\u00e1nd\u00e9kosan a parti \u0151rs\u00e9g haj\u00f3ja ir\u00e1ny\u00e1ba fordult, melynek k\u00f6vetkezt\u00e9ben \u00fctk\u00f6z\u00e9s t\u00f6rt\u00e9nt. A k\u00ednai illet\u00e9kesek szerint a F\u00fcl\u00f6p-szigeteki haj\u00f3 megs\u00e9rtette a tengeri \u00fctk\u00f6z\u00e9sek megel\u0151z\u00e9s\u00e9re vonatkoz\u00f3 nemzetk\u00f6zi szab\u00e1lyokat.<\/p>\n\n\n\n<p><strong><em>(Zhou Huiwen \u2013 China Media Group)<\/em><\/strong><\/p>\n\n\n\n<p><strong>2023. december 10.<\/strong><\/p>\n\n\n\n<p><strong><em>(x)<\/em><\/strong><\/p>\n","protected":false},"excerpt":{"rendered":"<p>A k\u00ednai parti \u0151rs\u00e9g (CCG) szerint a F\u00fcl\u00f6p-szigetek a felel\u0151s az\u00e9rt, hogy haj\u00f3ja neki\u00fctk\u00f6z\u00f6tt a parti \u0151rs\u00e9g egyik v\u00edzi j\u00e1rm\u0171v\u00e9nek. A CCG k\u00f6z\u00f6lte, hogy ellen\u0151rz\u0151 int\u00e9zked\u00e9st hajtott v\u00e9gre n\u00e9gy F\u00fcl\u00f6p-szigeteki haj\u00f3 eset\u00e9ben, amelyek \u00e9p\u00edt\u0151anyagokat pr\u00f3b\u00e1ltak sz\u00e1ll\u00edtani egy illeg\u00e1lisan \u201emegfeneklett\u201d F\u00fcl\u00f6p-szigeteki hadihaj\u00f3nak a k\u00ednai Nansha-szigetekn\u00e9l tal\u00e1lhat\u00f3 Ren\u2019ai-z\u00e1tonyhoz. Az egyik F\u00fcl\u00f6p-szigeteki haj\u00f3 figyelmen k\u00edv\u00fcl hagyta a k\u00ednai [&hellip;]<\/p>\n","protected":false},"author":2,"featured_media":20352,"comment_status":"closed","ping_status":"closed","sticky":false,"template":"","format":"standard","meta":{"footnotes":""},"categories":[45],"tags":[3540,3537,3538,2004,2816,2818,2819,3541],"class_list":["post-20349","post","type-post","status-publish","format-standard","has-post-thumbnail","hentry","category-hirek","tag-ellenorzo-intezkedes","tag-epitoanyag","tag-felelos","tag-fulop-szigetek-2","tag-hajo","tag-kinai-parti-orseg","tag-renai-zatony","tag-utkozes"],"yoast_head":"<!-- This site is optimized with the Yoast SEO plugin v23.7 - https:\/\/yoast.com\/wordpress\/plugins\/seo\/ -->\n<title>K\u00edna szerint a F\u00fcl\u00f6p-szigeteki haj\u00f3 felel\u0151s a d\u00e9l-k\u00ednai tengeri \u00fctk\u00f6z\u00e9s\u00e9rt - kinaikaleidoszkop.hu<\/title>\n<meta name=\"robots\" content=\"index, follow, max-snippet:-1, max-image-preview:large, max-video-preview:-1\" \/>\n<link rel=\"canonical\" href=\"https:\/\/kinaikaleidoszkop.hu\/index.php\/2023\/12\/10\/kina-szerint-a-fulop-szigeteki-hajo-felelos-a-del-kinai-tengeri-utkozesert\/\" \/>\n<meta property=\"og:locale\" content=\"hu_HU\" \/>\n<meta property=\"og:type\" content=\"article\" \/>\n<meta property=\"og:title\" content=\"K\u00edna szerint a F\u00fcl\u00f6p-szigeteki haj\u00f3 felel\u0151s a d\u00e9l-k\u00ednai tengeri \u00fctk\u00f6z\u00e9s\u00e9rt - kinaikaleidoszkop.hu\" \/>\n<meta property=\"og:description\" content=\"A k\u00ednai parti \u0151rs\u00e9g (CCG) szerint a F\u00fcl\u00f6p-szigetek a felel\u0151s az\u00e9rt, hogy haj\u00f3ja neki\u00fctk\u00f6z\u00f6tt a parti \u0151rs\u00e9g egyik v\u00edzi j\u00e1rm\u0171v\u00e9nek. A CCG k\u00f6z\u00f6lte, hogy ellen\u0151rz\u0151 int\u00e9zked\u00e9st hajtott v\u00e9gre n\u00e9gy F\u00fcl\u00f6p-szigeteki haj\u00f3 eset\u00e9ben, amelyek \u00e9p\u00edt\u0151anyagokat pr\u00f3b\u00e1ltak sz\u00e1ll\u00edtani egy illeg\u00e1lisan \u201emegfeneklett\u201d F\u00fcl\u00f6p-szigeteki hadihaj\u00f3nak a k\u00ednai Nansha-szigetekn\u00e9l tal\u00e1lhat\u00f3 Ren\u2019ai-z\u00e1tonyhoz. Az egyik F\u00fcl\u00f6p-szigeteki haj\u00f3 figyelmen k\u00edv\u00fcl hagyta a k\u00ednai [&hellip;]\" \/>\n<meta property=\"og:url\" content=\"https:\/\/kinaikaleidoszkop.hu\/index.php\/2023\/12\/10\/kina-szerint-a-fulop-szigeteki-hajo-felelos-a-del-kinai-tengeri-utkozesert\/\" \/>\n<meta property=\"og:site_name\" content=\"kinaikaleidoszkop.hu\" \/>\n<meta property=\"article:published_time\" content=\"2023-12-10T17:45:55+00:00\" \/>\n<meta property=\"article:modified_time\" content=\"2023-12-10T17:45:56+00:00\" \/>\n<meta property=\"og:image\" content=\"https:\/\/kinaikaleidoszkop.hu\/wp-content\/uploads\/2023\/12\/\u83f2\u5f8b\u5bbe.jpg\" \/>\n\t<meta property=\"og:image:width\" content=\"600\" \/>\n\t<meta property=\"og:image:height\" content=\"341\" \/>\n\t<meta property=\"og:image:type\" content=\"image\/jpeg\" \/>\n<meta name=\"author\" content=\"admin-szabolcs\" \/>\n<meta name=\"twitter:card\" content=\"summary_large_image\" \/>\n<meta name=\"twitter:label1\" content=\"Szerz\u0151:\" \/>\n\t<meta name=\"twitter:data1\" content=\"admin-szabolcs\" \/>\n\t<meta name=\"twitter:label2\" content=\"Becs\u00fclt olvas\u00e1si id\u0151\" \/>\n\t<meta name=\"twitter:data2\" content=\"1 perc\" \/>\n<script type=\"application\/ld+json\" class=\"yoast-schema-graph\">{\"@context\":\"https:\/\/schema.org\",\"@graph\":[{\"@type\":\"WebPage\",\"@id\":\"https:\/\/kinaikaleidoszkop.hu\/index.php\/2023\/12\/10\/kina-szerint-a-fulop-szigeteki-hajo-felelos-a-del-kinai-tengeri-utkozesert\/\",\"url\":\"https:\/\/kinaikaleidoszkop.hu\/index.php\/2023\/12\/10\/kina-szerint-a-fulop-szigeteki-hajo-felelos-a-del-kinai-tengeri-utkozesert\/\",\"name\":\"K\u00edna szerint a F\u00fcl\u00f6p-szigeteki haj\u00f3 felel\u0151s a d\u00e9l-k\u00ednai tengeri \u00fctk\u00f6z\u00e9s\u00e9rt - kinaikaleidoszkop.hu\",\"isPartOf\":{\"@id\":\"https:\/\/kinaikaleidoszkop.hu\/#website\"},\"primaryImageOfPage\":{\"@id\":\"https:\/\/kinaikaleidoszkop.hu\/index.php\/2023\/12\/10\/kina-szerint-a-fulop-szigeteki-hajo-felelos-a-del-kinai-tengeri-utkozesert\/#primaryimage\"},\"image\":{\"@id\":\"https:\/\/kinaikaleidoszkop.hu\/index.php\/2023\/12\/10\/kina-szerint-a-fulop-szigeteki-hajo-felelos-a-del-kinai-tengeri-utkozesert\/#primaryimage\"},\"thumbnailUrl\":\"https:\/\/kinaikaleidoszkop.hu\/wp-content\/uploads\/2023\/12\/\u83f2\u5f8b\u5bbe.jpg\",\"datePublished\":\"2023-12-10T17:45:55+00:00\",\"dateModified\":\"2023-12-10T17:45:56+00:00\",\"author\":{\"@id\":\"https:\/\/kinaikaleidoszkop.hu\/#\/schema\/person\/b9e2febe742edd540c1197716ec02bf7\"},\"breadcrumb\":{\"@id\":\"https:\/\/kinaikaleidoszkop.hu\/index.php\/2023\/12\/10\/kina-szerint-a-fulop-szigeteki-hajo-felelos-a-del-kinai-tengeri-utkozesert\/#breadcrumb\"},\"inLanguage\":\"hu\",\"potentialAction\":[{\"@type\":\"ReadAction\",\"target\":[\"https:\/\/kinaikaleidoszkop.hu\/index.php\/2023\/12\/10\/kina-szerint-a-fulop-szigeteki-hajo-felelos-a-del-kinai-tengeri-utkozesert\/\"]}]},{\"@type\":\"ImageObject\",\"inLanguage\":\"hu\",\"@id\":\"https:\/\/kinaikaleidoszkop.hu\/index.php\/2023\/12\/10\/kina-szerint-a-fulop-szigeteki-hajo-felelos-a-del-kinai-tengeri-utkozesert\/#primaryimage\",\"url\":\"https:\/\/kinaikaleidoszkop.hu\/wp-content\/uploads\/2023\/12\/\u83f2\u5f8b\u5bbe.jpg\",\"contentUrl\":\"https:\/\/kinaikaleidoszkop.hu\/wp-content\/uploads\/2023\/12\/\u83f2\u5f8b\u5bbe.jpg\",\"width\":600,\"height\":341},{\"@type\":\"BreadcrumbList\",\"@id\":\"https:\/\/kinaikaleidoszkop.hu\/index.php\/2023\/12\/10\/kina-szerint-a-fulop-szigeteki-hajo-felelos-a-del-kinai-tengeri-utkozesert\/#breadcrumb\",\"itemListElement\":[{\"@type\":\"ListItem\",\"position\":1,\"name\":\"Kezd\u0151lap\",\"item\":\"https:\/\/kinaikaleidoszkop.hu\/\"},{\"@type\":\"ListItem\",\"position\":2,\"name\":\"K\u00edna szerint a F\u00fcl\u00f6p-szigeteki haj\u00f3 felel\u0151s a d\u00e9l-k\u00ednai tengeri \u00fctk\u00f6z\u00e9s\u00e9rt\"}]},{\"@type\":\"WebSite\",\"@id\":\"https:\/\/kinaikaleidoszkop.hu\/#website\",\"url\":\"https:\/\/kinaikaleidoszkop.hu\/\",\"name\":\"kinaikaleidoszkop.hu\",\"description\":\"\",\"potentialAction\":[{\"@type\":\"SearchAction\",\"target\":{\"@type\":\"EntryPoint\",\"urlTemplate\":\"https:\/\/kinaikaleidoszkop.hu\/?s={search_term_string}\"},\"query-input\":{\"@type\":\"PropertyValueSpecification\",\"valueRequired\":true,\"valueName\":\"search_term_string\"}}],\"inLanguage\":\"hu\"},{\"@type\":\"Person\",\"@id\":\"https:\/\/kinaikaleidoszkop.hu\/#\/schema\/person\/b9e2febe742edd540c1197716ec02bf7\",\"name\":\"admin-szabolcs\",\"image\":{\"@type\":\"ImageObject\",\"inLanguage\":\"hu\",\"@id\":\"https:\/\/kinaikaleidoszkop.hu\/#\/schema\/person\/image\/\",\"url\":\"https:\/\/secure.gravatar.com\/avatar\/154f262492794df2a6cb5d5349227b18ef8f85ab462fbb32625fc42406483d21?s=96&d=mm&r=g\",\"contentUrl\":\"https:\/\/secure.gravatar.com\/avatar\/154f262492794df2a6cb5d5349227b18ef8f85ab462fbb32625fc42406483d21?s=96&d=mm&r=g\",\"caption\":\"admin-szabolcs\"},\"url\":\"https:\/\/kinaikaleidoszkop.hu\/index.php\/author\/admin-szabolcs\/\"}]}<\/script>\n<!-- \/ Yoast SEO plugin. -->","yoast_head_json":{"title":"K\u00edna szerint a F\u00fcl\u00f6p-szigeteki haj\u00f3 felel\u0151s a d\u00e9l-k\u00ednai tengeri \u00fctk\u00f6z\u00e9s\u00e9rt - kinaikaleidoszkop.hu","robots":{"index":"index","follow":"follow","max-snippet":"max-snippet:-1","max-image-preview":"max-image-preview:large","max-video-preview":"max-video-preview:-1"},"canonical":"https:\/\/kinaikaleidoszkop.hu\/index.php\/2023\/12\/10\/kina-szerint-a-fulop-szigeteki-hajo-felelos-a-del-kinai-tengeri-utkozesert\/","og_locale":"hu_HU","og_type":"article","og_title":"K\u00edna szerint a F\u00fcl\u00f6p-szigeteki haj\u00f3 felel\u0151s a d\u00e9l-k\u00ednai tengeri \u00fctk\u00f6z\u00e9s\u00e9rt - kinaikaleidoszkop.hu","og_description":"A k\u00ednai parti \u0151rs\u00e9g (CCG) szerint a F\u00fcl\u00f6p-szigetek a felel\u0151s az\u00e9rt, hogy haj\u00f3ja neki\u00fctk\u00f6z\u00f6tt a parti \u0151rs\u00e9g egyik v\u00edzi j\u00e1rm\u0171v\u00e9nek. A CCG k\u00f6z\u00f6lte, hogy ellen\u0151rz\u0151 int\u00e9zked\u00e9st hajtott v\u00e9gre n\u00e9gy F\u00fcl\u00f6p-szigeteki haj\u00f3 eset\u00e9ben, amelyek \u00e9p\u00edt\u0151anyagokat pr\u00f3b\u00e1ltak sz\u00e1ll\u00edtani egy illeg\u00e1lisan \u201emegfeneklett\u201d F\u00fcl\u00f6p-szigeteki hadihaj\u00f3nak a k\u00ednai Nansha-szigetekn\u00e9l tal\u00e1lhat\u00f3 Ren\u2019ai-z\u00e1tonyhoz. Az egyik F\u00fcl\u00f6p-szigeteki haj\u00f3 figyelmen k\u00edv\u00fcl hagyta a k\u00ednai [&hellip;]","og_url":"https:\/\/kinaikaleidoszkop.hu\/index.php\/2023\/12\/10\/kina-szerint-a-fulop-szigeteki-hajo-felelos-a-del-kinai-tengeri-utkozesert\/","og_site_name":"kinaikaleidoszkop.hu","article_published_time":"2023-12-10T17:45:55+00:00","article_modified_time":"2023-12-10T17:45:56+00:00","og_image":[{"width":600,"height":341,"url":"https:\/\/kinaikaleidoszkop.hu\/wp-content\/uploads\/2023\/12\/\u83f2\u5f8b\u5bbe.jpg","type":"image\/jpeg"}],"author":"admin-szabolcs","twitter_card":"summary_large_image","twitter_misc":{"Szerz\u0151:":"admin-szabolcs","Becs\u00fclt olvas\u00e1si id\u0151":"1 perc"},"schema":{"@context":"https:\/\/schema.org","@graph":[{"@type":"WebPage","@id":"https:\/\/kinaikaleidoszkop.hu\/index.php\/2023\/12\/10\/kina-szerint-a-fulop-szigeteki-hajo-felelos-a-del-kinai-tengeri-utkozesert\/","url":"https:\/\/kinaikaleidoszkop.hu\/index.php\/2023\/12\/10\/kina-szerint-a-fulop-szigeteki-hajo-felelos-a-del-kinai-tengeri-utkozesert\/","name":"K\u00edna szerint a F\u00fcl\u00f6p-szigeteki haj\u00f3 felel\u0151s a d\u00e9l-k\u00ednai tengeri \u00fctk\u00f6z\u00e9s\u00e9rt - kinaikaleidoszkop.hu","isPartOf":{"@id":"https:\/\/kinaikaleidoszkop.hu\/#website"},"primaryImageOfPage":{"@id":"https:\/\/kinaikaleidoszkop.hu\/index.php\/2023\/12\/10\/kina-szerint-a-fulop-szigeteki-hajo-felelos-a-del-kinai-tengeri-utkozesert\/#primaryimage"},"image":{"@id":"https:\/\/kinaikaleidoszkop.hu\/index.php\/2023\/12\/10\/kina-szerint-a-fulop-szigeteki-hajo-felelos-a-del-kinai-tengeri-utkozesert\/#primaryimage"},"thumbnailUrl":"https:\/\/kinaikaleidoszkop.hu\/wp-content\/uploads\/2023\/12\/\u83f2\u5f8b\u5bbe.jpg","datePublished":"2023-12-10T17:45:55+00:00","dateModified":"2023-12-10T17:45:56+00:00","author":{"@id":"https:\/\/kinaikaleidoszkop.hu\/#\/schema\/person\/b9e2febe742edd540c1197716ec02bf7"},"breadcrumb":{"@id":"https:\/\/kinaikaleidoszkop.hu\/index.php\/2023\/12\/10\/kina-szerint-a-fulop-szigeteki-hajo-felelos-a-del-kinai-tengeri-utkozesert\/#breadcrumb"},"inLanguage":"hu","potentialAction":[{"@type":"ReadAction","target":["https:\/\/kinaikaleidoszkop.hu\/index.php\/2023\/12\/10\/kina-szerint-a-fulop-szigeteki-hajo-felelos-a-del-kinai-tengeri-utkozesert\/"]}]},{"@type":"ImageObject","inLanguage":"hu","@id":"https:\/\/kinaikaleidoszkop.hu\/index.php\/2023\/12\/10\/kina-szerint-a-fulop-szigeteki-hajo-felelos-a-del-kinai-tengeri-utkozesert\/#primaryimage","url":"https:\/\/kinaikaleidoszkop.hu\/wp-content\/uploads\/2023\/12\/\u83f2\u5f8b\u5bbe.jpg","contentUrl":"https:\/\/kinaikaleidoszkop.hu\/wp-content\/uploads\/2023\/12\/\u83f2\u5f8b\u5bbe.jpg","width":600,"height":341},{"@type":"BreadcrumbList","@id":"https:\/\/kinaikaleidoszkop.hu\/index.php\/2023\/12\/10\/kina-szerint-a-fulop-szigeteki-hajo-felelos-a-del-kinai-tengeri-utkozesert\/#breadcrumb","itemListElement":[{"@type":"ListItem","position":1,"name":"Kezd\u0151lap","item":"https:\/\/kinaikaleidoszkop.hu\/"},{"@type":"ListItem","position":2,"name":"K\u00edna szerint a F\u00fcl\u00f6p-szigeteki haj\u00f3 felel\u0151s a d\u00e9l-k\u00ednai tengeri \u00fctk\u00f6z\u00e9s\u00e9rt"}]},{"@type":"WebSite","@id":"https:\/\/kinaikaleidoszkop.hu\/#website","url":"https:\/\/kinaikaleidoszkop.hu\/","name":"kinaikaleidoszkop.hu","description":"","potentialAction":[{"@type":"SearchAction","target":{"@type":"EntryPoint","urlTemplate":"https:\/\/kinaikaleidoszkop.hu\/?s={search_term_string}"},"query-input":{"@type":"PropertyValueSpecification","valueRequired":true,"valueName":"search_term_string"}}],"inLanguage":"hu"},{"@type":"Person","@id":"https:\/\/kinaikaleidoszkop.hu\/#\/schema\/person\/b9e2febe742edd540c1197716ec02bf7","name":"admin-szabolcs","image":{"@type":"ImageObject","inLanguage":"hu","@id":"https:\/\/kinaikaleidoszkop.hu\/#\/schema\/person\/image\/","url":"https:\/\/secure.gravatar.com\/avatar\/154f262492794df2a6cb5d5349227b18ef8f85ab462fbb32625fc42406483d21?s=96&d=mm&r=g","contentUrl":"https:\/\/secure.gravatar.com\/avatar\/154f262492794df2a6cb5d5349227b18ef8f85ab462fbb32625fc42406483d21?s=96&d=mm&r=g","caption":"admin-szabolcs"},"url":"https:\/\/kinaikaleidoszkop.hu\/index.php\/author\/admin-szabolcs\/"}]}},"views":227,"distributor_meta":false,"distributor_terms":false,"distributor_media":false,"distributor_original_site_name":"kinaikaleidoszkop.hu","distributor_original_site_url":"https:\/\/kinaikaleidoszkop.hu","push-errors":false,"_links":{"self":[{"href":"https:\/\/kinaikaleidoszkop.hu\/index.php\/wp-json\/wp\/v2\/posts\/20349","targetHints":{"allow":["GET"]}}],"collection":[{"href":"https:\/\/kinaikaleidoszkop.hu\/index.php\/wp-json\/wp\/v2\/posts"}],"about":[{"href":"https:\/\/kinaikaleidoszkop.hu\/index.php\/wp-json\/wp\/v2\/types\/post"}],"author":[{"embeddable":true,"href":"https:\/\/kinaikaleidoszkop.hu\/index.php\/wp-json\/wp\/v2\/users\/2"}],"replies":[{"embeddable":true,"href":"https:\/\/kinaikaleidoszkop.hu\/index.php\/wp-json\/wp\/v2\/comments?post=20349"}],"version-history":[{"count":1,"href":"https:\/\/kinaikaleidoszkop.hu\/index.php\/wp-json\/wp\/v2\/posts\/20349\/revisions"}],"predecessor-version":[{"id":20353,"href":"https:\/\/kinaikaleidoszkop.hu\/index.php\/wp-json\/wp\/v2\/posts\/20349\/revisions\/20353"}],"wp:featuredmedia":[{"embeddable":true,"href":"https:\/\/kinaikaleidoszkop.hu\/index.php\/wp-json\/wp\/v2\/media\/20352"}],"wp:attachment":[{"href":"https:\/\/kinaikaleidoszkop.hu\/index.php\/wp-json\/wp\/v2\/media?parent=20349"}],"wp:term":[{"taxonomy":"category","embeddable":true,"href":"https:\/\/kinaikaleidoszkop.hu\/index.php\/wp-json\/wp\/v2\/categories?post=20349"},{"taxonomy":"post_tag","embeddable":true,"href":"https:\/\/kinaikaleidoszkop.hu\/index.php\/wp-json\/wp\/v2\/tags?post=20349"}],"curies":[{"name":"wp","href":"https:\/\/api.w.org\/{rel}","templated":true}]}}