{"id":20357,"date":"2023-12-11T16:18:25","date_gmt":"2023-12-11T15:18:25","guid":{"rendered":"https:\/\/kinaikaleidoszkop.hu\/?p=20357"},"modified":"2023-12-12T20:39:58","modified_gmt":"2023-12-12T19:39:58","slug":"peking-ismet-felszolitotta-manilat-hogy-hagyja-abba-a-provokaciot-es-a-kinai-szuverenitas-megserteset","status":"publish","type":"post","link":"https:\/\/kinaikaleidoszkop.hu\/index.php\/2023\/12\/11\/peking-ismet-felszolitotta-manilat-hogy-hagyja-abba-a-provokaciot-es-a-kinai-szuverenitas-megserteset\/","title":{"rendered":"Peking ism\u00e9t felsz\u00f3l\u00edtotta Manil\u00e1t, hogy hagyja abba a provok\u00e1ci\u00f3t \u00e9s a k\u00ednai szuverenit\u00e1s megs\u00e9rt\u00e9s\u00e9t"},"content":{"rendered":"\n<p><strong>Mao Ning k\u00ednai k\u00fcl\u00fcgyi sz\u00f3viv\u0151 h\u00e9tf\u0151i szok\u00e1sos sajt\u00f3t\u00e1j\u00e9koztat\u00f3j\u00e1n kit\u00e9rt arra a h\u00e9tv\u00e9gi esetre, amikor a F\u00fcl\u00f6p-szigeteki haj\u00f3k behatoltak a k\u00ednai Ren\u2019ai-z\u00e1tony tengeri ter\u00fclet\u00e9re.<\/strong><\/p>\n\n\n<div class=\"wp-block-image\">\n<figure class=\"aligncenter size-full\"><img loading=\"lazy\" decoding=\"async\" width=\"600\" height=\"400\" src=\"https:\/\/kinaikaleidoszkop.hu\/wp-content\/uploads\/2023\/12\/1211Lea5-1.jpg\" alt=\"\" class=\"wp-image-20360\" srcset=\"https:\/\/kinaikaleidoszkop.hu\/wp-content\/uploads\/2023\/12\/1211Lea5-1.jpg 600w, https:\/\/kinaikaleidoszkop.hu\/wp-content\/uploads\/2023\/12\/1211Lea5-1-300x200.jpg 300w, https:\/\/kinaikaleidoszkop.hu\/wp-content\/uploads\/2023\/12\/1211Lea5-1-414x276.jpg 414w, https:\/\/kinaikaleidoszkop.hu\/wp-content\/uploads\/2023\/12\/1211Lea5-1-470x313.jpg 470w, https:\/\/kinaikaleidoszkop.hu\/wp-content\/uploads\/2023\/12\/1211Lea5-1-130x86.jpg 130w, https:\/\/kinaikaleidoszkop.hu\/wp-content\/uploads\/2023\/12\/1211Lea5-1-187x124.jpg 187w\" sizes=\"auto, (max-width: 600px) 100vw, 600px\" \/><\/figure>\n<\/div>\n\n\n<p>Mao besz\u00e1molt arr\u00f3l, hogy december 10-\u00e9n egy F\u00fcl\u00f6p-szigeteki teherhaj\u00f3 \u00e9s egy k\u00f6zszolg\u00e1lati haj\u00f3 a k\u00ednai korm\u00e1ny enged\u00e9lye n\u00e9lk\u00fcl behatolt a k\u00ednai Nansha-szigetekhez tartoz\u00f3 Ren\u2019ai-z\u00e1tony k\u00f6zel\u00e9ben l\u00e9v\u0151 vizekre, \u00e9s megpr\u00f3b\u00e1lt \u00e9p\u00edt\u0151anyagokat sz\u00e1ll\u00edtani egy illeg\u00e1lisan ott tart\u00f3zkod\u00f3, \u201emegfeneklett\u201d hadihaj\u00f3ra. A haj\u00f3k figyelmen k\u00edv\u00fcl hagyva a k\u00ednai parti \u0151rs\u00e9g figyelmeztet\u00e9s\u00e9t a Ren\u2019ai-z\u00e1tony menti lag\u00fan\u00e1hoz igyekeztek vesz\u00e9lybe sodorva a k\u00ednai parti \u0151rs\u00e9g haj\u00f3j\u00e1t is. Ezzel s\u00falyosan megs\u00e9rtett\u00e9k K\u00edna szuverenit\u00e1s\u00e1t \u00e9s vesz\u00e9lyeztett\u00e9k a k\u00ednai haj\u00f3k \u00e9s a leg\u00e9nys\u00e9g biztons\u00e1g\u00e1t. A k\u00ednai parti \u0151rs\u00e9g haj\u00f3i megtett\u00e9k a sz\u00fcks\u00e9ges int\u00e9zked\u00e9seket, amelyek \u00f6sszhangban vannak a k\u00ednai \u00e9s a nemzetk\u00f6zi joggal; a helyzet kezel\u00e9se szakszer\u0171, m\u00e9rs\u00e9kelt \u00e9s t\u00f6rv\u00e9nyes volt. A k\u00ednai k\u00fcl\u00fcgyminiszt\u00e9rium hat\u00e1rozott tiltakoz\u00e1s\u00e1t fejezte ki a F\u00fcl\u00f6p-szigetek korm\u00e1ny\u00e1nak.<\/p>\n\n\n<div class=\"wp-block-image\">\n<figure class=\"aligncenter size-full\"><img loading=\"lazy\" decoding=\"async\" width=\"600\" height=\"377\" src=\"https:\/\/kinaikaleidoszkop.hu\/wp-content\/uploads\/2023\/12\/1211Lea5.jpg\" alt=\"\" class=\"wp-image-20359\" srcset=\"https:\/\/kinaikaleidoszkop.hu\/wp-content\/uploads\/2023\/12\/1211Lea5.jpg 600w, https:\/\/kinaikaleidoszkop.hu\/wp-content\/uploads\/2023\/12\/1211Lea5-300x189.jpg 300w, https:\/\/kinaikaleidoszkop.hu\/wp-content\/uploads\/2023\/12\/1211Lea5-320x200.jpg 320w\" sizes=\"auto, (max-width: 600px) 100vw, 600px\" \/><\/figure>\n<\/div>\n\n\n<p>Mao hangs\u00falyozta, hogy a Ren\u2019ai-z\u00e1tony a k\u00ednai Nansha-szigetek r\u00e9sze, amely f\u00f6l\u00f6tt K\u00edna vitathatatlan szuverenit\u00e1ssal rendelkezik. Ennek h\u00e1tter\u00e9ben hossz\u00fa t\u00f6rt\u00e9nelmi folyamat h\u00faz\u00f3dik, \u00e9s \u00f6sszhangban van a nemzetk\u00f6zi joggal, bele\u00e9rtve az ENSZ Alapokm\u00e1ny\u00e1t is. A F\u00fcl\u00f6p-szigetek a t\u00f6rv\u00e9nytelen \u00e9s \u00e9rv\u00e9nytelen nemzetk\u00f6zi v\u00e1lasztottb\u00edr\u00f3s\u00e1gi \u201ed\u00f6nt\u00e9sre\u201d hivatkozta azt \u00e1ll\u00edtja, hogy a Ren\u2019ai-z\u00e1tony a F\u00fcl\u00f6p-szigetek kiz\u00e1r\u00f3lagos gazdas\u00e1gi \u00f6vezete \u00e9s kontinent\u00e1lis talapzat\u00e1nak r\u00e9sze, \u00e9s tagadja K\u00edna szuverenit\u00e1s\u00e1t, megs\u00e9rtve a nemzetk\u00f6zi jog elveit. K\u00edna ism\u00e9telten felsz\u00f3l\u00edtotta a F\u00fcl\u00f6p-szigeteket, hogy hagyja abba a k\u00ednai szuverenit\u00e1ssal szembeni provok\u00e1ci\u00f3it, annak megs\u00e9rt\u00e9s\u00e9t, \u00e9s tart\u00f3zkodjon a region\u00e1lis b\u00e9ke \u00e9s stabilit\u00e1s al\u00e1\u00e1s\u00e1s\u00e1t\u00f3l.<\/p>\n\n\n\n<p>Aznap Huang Xilian K\u00edna manilai nagyk\u00f6vete tal\u00e1lkozott Maria Theresa Lazaro f\u00fcl\u00f6p-szigeteki k\u00fcl\u00fcgyminiszter-helyettessel \u00e9s a k\u00ednai korm\u00e1ny komoly tiltakoz\u00e1s\u00e1t fejezte ki a t\u00f6rt\u00e9ntekkel kapcsolatban.<\/p>\n\n\n\n<p><strong>2023. 12. 11.<\/strong><\/p>\n\n\n\n<p><strong><em>(China Media Group)<\/em><\/strong><\/p>\n\n\n\n<p><strong>(x)<\/strong><\/p>\n","protected":false},"excerpt":{"rendered":"<p>Mao Ning k\u00ednai k\u00fcl\u00fcgyi sz\u00f3viv\u0151 h\u00e9tf\u0151i szok\u00e1sos sajt\u00f3t\u00e1j\u00e9koztat\u00f3j\u00e1n kit\u00e9rt arra a h\u00e9tv\u00e9gi esetre, amikor a F\u00fcl\u00f6p-szigeteki haj\u00f3k behatoltak a k\u00ednai Ren\u2019ai-z\u00e1tony tengeri ter\u00fclet\u00e9re. Mao besz\u00e1molt arr\u00f3l, hogy december 10-\u00e9n egy F\u00fcl\u00f6p-szigeteki teherhaj\u00f3 \u00e9s egy k\u00f6zszolg\u00e1lati haj\u00f3 a k\u00ednai korm\u00e1ny enged\u00e9lye n\u00e9lk\u00fcl behatolt a k\u00ednai Nansha-szigetekhez tartoz\u00f3 Ren\u2019ai-z\u00e1tony k\u00f6zel\u00e9ben l\u00e9v\u0151 vizekre, \u00e9s megpr\u00f3b\u00e1lt \u00e9p\u00edt\u0151anyagokat sz\u00e1ll\u00edtani egy [&hellip;]<\/p>\n","protected":false},"author":6,"featured_media":20359,"comment_status":"closed","ping_status":"closed","sticky":false,"template":"","format":"standard","meta":{"footnotes":""},"categories":[45],"tags":[2004,460,2725,1220,691],"class_list":["post-20357","post","type-post","status-publish","format-standard","has-post-thumbnail","hentry","category-hirek","tag-fulop-szigetek-2","tag-kinai-kulugyi-szovivo","tag-mao-ning","tag-provokacio","tag-sajtotajekoztato"],"yoast_head":"<!-- This site is optimized with the Yoast SEO plugin v23.7 - https:\/\/yoast.com\/wordpress\/plugins\/seo\/ -->\n<title>Peking ism\u00e9t felsz\u00f3l\u00edtotta Manil\u00e1t, hogy hagyja abba a provok\u00e1ci\u00f3t \u00e9s a k\u00ednai szuverenit\u00e1s megs\u00e9rt\u00e9s\u00e9t - kinaikaleidoszkop.hu<\/title>\n<meta name=\"robots\" content=\"index, follow, max-snippet:-1, max-image-preview:large, max-video-preview:-1\" \/>\n<link rel=\"canonical\" href=\"https:\/\/kinaikaleidoszkop.hu\/index.php\/2023\/12\/11\/peking-ismet-felszolitotta-manilat-hogy-hagyja-abba-a-provokaciot-es-a-kinai-szuverenitas-megserteset\/\" \/>\n<meta property=\"og:locale\" content=\"hu_HU\" \/>\n<meta property=\"og:type\" content=\"article\" \/>\n<meta property=\"og:title\" content=\"Peking ism\u00e9t felsz\u00f3l\u00edtotta Manil\u00e1t, hogy hagyja abba a provok\u00e1ci\u00f3t \u00e9s a k\u00ednai szuverenit\u00e1s megs\u00e9rt\u00e9s\u00e9t - kinaikaleidoszkop.hu\" \/>\n<meta property=\"og:description\" content=\"Mao Ning k\u00ednai k\u00fcl\u00fcgyi sz\u00f3viv\u0151 h\u00e9tf\u0151i szok\u00e1sos sajt\u00f3t\u00e1j\u00e9koztat\u00f3j\u00e1n kit\u00e9rt arra a h\u00e9tv\u00e9gi esetre, amikor a F\u00fcl\u00f6p-szigeteki haj\u00f3k behatoltak a k\u00ednai Ren\u2019ai-z\u00e1tony tengeri ter\u00fclet\u00e9re. Mao besz\u00e1molt arr\u00f3l, hogy december 10-\u00e9n egy F\u00fcl\u00f6p-szigeteki teherhaj\u00f3 \u00e9s egy k\u00f6zszolg\u00e1lati haj\u00f3 a k\u00ednai korm\u00e1ny enged\u00e9lye n\u00e9lk\u00fcl behatolt a k\u00ednai Nansha-szigetekhez tartoz\u00f3 Ren\u2019ai-z\u00e1tony k\u00f6zel\u00e9ben l\u00e9v\u0151 vizekre, \u00e9s megpr\u00f3b\u00e1lt \u00e9p\u00edt\u0151anyagokat sz\u00e1ll\u00edtani egy [&hellip;]\" \/>\n<meta property=\"og:url\" content=\"https:\/\/kinaikaleidoszkop.hu\/index.php\/2023\/12\/11\/peking-ismet-felszolitotta-manilat-hogy-hagyja-abba-a-provokaciot-es-a-kinai-szuverenitas-megserteset\/\" \/>\n<meta property=\"og:site_name\" content=\"kinaikaleidoszkop.hu\" \/>\n<meta property=\"article:published_time\" content=\"2023-12-11T15:18:25+00:00\" \/>\n<meta property=\"article:modified_time\" content=\"2023-12-12T19:39:58+00:00\" \/>\n<meta property=\"og:image\" content=\"https:\/\/kinaikaleidoszkop.hu\/wp-content\/uploads\/2023\/12\/1211Lea5.jpg\" \/>\n\t<meta property=\"og:image:width\" content=\"600\" \/>\n\t<meta property=\"og:image:height\" content=\"377\" \/>\n\t<meta property=\"og:image:type\" content=\"image\/jpeg\" \/>\n<meta name=\"author\" content=\"admin-sebi\" \/>\n<meta name=\"twitter:card\" content=\"summary_large_image\" \/>\n<meta name=\"twitter:label1\" content=\"Szerz\u0151:\" \/>\n\t<meta name=\"twitter:data1\" content=\"admin-sebi\" \/>\n\t<meta name=\"twitter:label2\" content=\"Becs\u00fclt olvas\u00e1si id\u0151\" \/>\n\t<meta name=\"twitter:data2\" content=\"2 perc\" \/>\n<script type=\"application\/ld+json\" class=\"yoast-schema-graph\">{\"@context\":\"https:\/\/schema.org\",\"@graph\":[{\"@type\":\"WebPage\",\"@id\":\"https:\/\/kinaikaleidoszkop.hu\/index.php\/2023\/12\/11\/peking-ismet-felszolitotta-manilat-hogy-hagyja-abba-a-provokaciot-es-a-kinai-szuverenitas-megserteset\/\",\"url\":\"https:\/\/kinaikaleidoszkop.hu\/index.php\/2023\/12\/11\/peking-ismet-felszolitotta-manilat-hogy-hagyja-abba-a-provokaciot-es-a-kinai-szuverenitas-megserteset\/\",\"name\":\"Peking ism\u00e9t felsz\u00f3l\u00edtotta Manil\u00e1t, hogy hagyja abba a provok\u00e1ci\u00f3t \u00e9s a k\u00ednai szuverenit\u00e1s megs\u00e9rt\u00e9s\u00e9t - kinaikaleidoszkop.hu\",\"isPartOf\":{\"@id\":\"https:\/\/kinaikaleidoszkop.hu\/#website\"},\"primaryImageOfPage\":{\"@id\":\"https:\/\/kinaikaleidoszkop.hu\/index.php\/2023\/12\/11\/peking-ismet-felszolitotta-manilat-hogy-hagyja-abba-a-provokaciot-es-a-kinai-szuverenitas-megserteset\/#primaryimage\"},\"image\":{\"@id\":\"https:\/\/kinaikaleidoszkop.hu\/index.php\/2023\/12\/11\/peking-ismet-felszolitotta-manilat-hogy-hagyja-abba-a-provokaciot-es-a-kinai-szuverenitas-megserteset\/#primaryimage\"},\"thumbnailUrl\":\"https:\/\/kinaikaleidoszkop.hu\/wp-content\/uploads\/2023\/12\/1211Lea5.jpg\",\"datePublished\":\"2023-12-11T15:18:25+00:00\",\"dateModified\":\"2023-12-12T19:39:58+00:00\",\"author\":{\"@id\":\"https:\/\/kinaikaleidoszkop.hu\/#\/schema\/person\/fd215d3a8bab54daeb796ae166f99ea5\"},\"breadcrumb\":{\"@id\":\"https:\/\/kinaikaleidoszkop.hu\/index.php\/2023\/12\/11\/peking-ismet-felszolitotta-manilat-hogy-hagyja-abba-a-provokaciot-es-a-kinai-szuverenitas-megserteset\/#breadcrumb\"},\"inLanguage\":\"hu\",\"potentialAction\":[{\"@type\":\"ReadAction\",\"target\":[\"https:\/\/kinaikaleidoszkop.hu\/index.php\/2023\/12\/11\/peking-ismet-felszolitotta-manilat-hogy-hagyja-abba-a-provokaciot-es-a-kinai-szuverenitas-megserteset\/\"]}]},{\"@type\":\"ImageObject\",\"inLanguage\":\"hu\",\"@id\":\"https:\/\/kinaikaleidoszkop.hu\/index.php\/2023\/12\/11\/peking-ismet-felszolitotta-manilat-hogy-hagyja-abba-a-provokaciot-es-a-kinai-szuverenitas-megserteset\/#primaryimage\",\"url\":\"https:\/\/kinaikaleidoszkop.hu\/wp-content\/uploads\/2023\/12\/1211Lea5.jpg\",\"contentUrl\":\"https:\/\/kinaikaleidoszkop.hu\/wp-content\/uploads\/2023\/12\/1211Lea5.jpg\",\"width\":600,\"height\":377},{\"@type\":\"BreadcrumbList\",\"@id\":\"https:\/\/kinaikaleidoszkop.hu\/index.php\/2023\/12\/11\/peking-ismet-felszolitotta-manilat-hogy-hagyja-abba-a-provokaciot-es-a-kinai-szuverenitas-megserteset\/#breadcrumb\",\"itemListElement\":[{\"@type\":\"ListItem\",\"position\":1,\"name\":\"Kezd\u0151lap\",\"item\":\"https:\/\/kinaikaleidoszkop.hu\/\"},{\"@type\":\"ListItem\",\"position\":2,\"name\":\"Peking ism\u00e9t felsz\u00f3l\u00edtotta Manil\u00e1t, hogy hagyja abba a provok\u00e1ci\u00f3t \u00e9s a k\u00ednai szuverenit\u00e1s megs\u00e9rt\u00e9s\u00e9t\"}]},{\"@type\":\"WebSite\",\"@id\":\"https:\/\/kinaikaleidoszkop.hu\/#website\",\"url\":\"https:\/\/kinaikaleidoszkop.hu\/\",\"name\":\"kinaikaleidoszkop.hu\",\"description\":\"\",\"potentialAction\":[{\"@type\":\"SearchAction\",\"target\":{\"@type\":\"EntryPoint\",\"urlTemplate\":\"https:\/\/kinaikaleidoszkop.hu\/?s={search_term_string}\"},\"query-input\":{\"@type\":\"PropertyValueSpecification\",\"valueRequired\":true,\"valueName\":\"search_term_string\"}}],\"inLanguage\":\"hu\"},{\"@type\":\"Person\",\"@id\":\"https:\/\/kinaikaleidoszkop.hu\/#\/schema\/person\/fd215d3a8bab54daeb796ae166f99ea5\",\"name\":\"admin-sebi\",\"image\":{\"@type\":\"ImageObject\",\"inLanguage\":\"hu\",\"@id\":\"https:\/\/kinaikaleidoszkop.hu\/#\/schema\/person\/image\/\",\"url\":\"https:\/\/secure.gravatar.com\/avatar\/b1498042bc4969020b4951f204f963e97c3d7d199f3790c1071adf67c61d0aa5?s=96&d=mm&r=g\",\"contentUrl\":\"https:\/\/secure.gravatar.com\/avatar\/b1498042bc4969020b4951f204f963e97c3d7d199f3790c1071adf67c61d0aa5?s=96&d=mm&r=g\",\"caption\":\"admin-sebi\"},\"url\":\"https:\/\/kinaikaleidoszkop.hu\/index.php\/author\/admin-sebi\/\"}]}<\/script>\n<!-- \/ Yoast SEO plugin. -->","yoast_head_json":{"title":"Peking ism\u00e9t felsz\u00f3l\u00edtotta Manil\u00e1t, hogy hagyja abba a provok\u00e1ci\u00f3t \u00e9s a k\u00ednai szuverenit\u00e1s megs\u00e9rt\u00e9s\u00e9t - kinaikaleidoszkop.hu","robots":{"index":"index","follow":"follow","max-snippet":"max-snippet:-1","max-image-preview":"max-image-preview:large","max-video-preview":"max-video-preview:-1"},"canonical":"https:\/\/kinaikaleidoszkop.hu\/index.php\/2023\/12\/11\/peking-ismet-felszolitotta-manilat-hogy-hagyja-abba-a-provokaciot-es-a-kinai-szuverenitas-megserteset\/","og_locale":"hu_HU","og_type":"article","og_title":"Peking ism\u00e9t felsz\u00f3l\u00edtotta Manil\u00e1t, hogy hagyja abba a provok\u00e1ci\u00f3t \u00e9s a k\u00ednai szuverenit\u00e1s megs\u00e9rt\u00e9s\u00e9t - kinaikaleidoszkop.hu","og_description":"Mao Ning k\u00ednai k\u00fcl\u00fcgyi sz\u00f3viv\u0151 h\u00e9tf\u0151i szok\u00e1sos sajt\u00f3t\u00e1j\u00e9koztat\u00f3j\u00e1n kit\u00e9rt arra a h\u00e9tv\u00e9gi esetre, amikor a F\u00fcl\u00f6p-szigeteki haj\u00f3k behatoltak a k\u00ednai Ren\u2019ai-z\u00e1tony tengeri ter\u00fclet\u00e9re. Mao besz\u00e1molt arr\u00f3l, hogy december 10-\u00e9n egy F\u00fcl\u00f6p-szigeteki teherhaj\u00f3 \u00e9s egy k\u00f6zszolg\u00e1lati haj\u00f3 a k\u00ednai korm\u00e1ny enged\u00e9lye n\u00e9lk\u00fcl behatolt a k\u00ednai Nansha-szigetekhez tartoz\u00f3 Ren\u2019ai-z\u00e1tony k\u00f6zel\u00e9ben l\u00e9v\u0151 vizekre, \u00e9s megpr\u00f3b\u00e1lt \u00e9p\u00edt\u0151anyagokat sz\u00e1ll\u00edtani egy [&hellip;]","og_url":"https:\/\/kinaikaleidoszkop.hu\/index.php\/2023\/12\/11\/peking-ismet-felszolitotta-manilat-hogy-hagyja-abba-a-provokaciot-es-a-kinai-szuverenitas-megserteset\/","og_site_name":"kinaikaleidoszkop.hu","article_published_time":"2023-12-11T15:18:25+00:00","article_modified_time":"2023-12-12T19:39:58+00:00","og_image":[{"width":600,"height":377,"url":"https:\/\/kinaikaleidoszkop.hu\/wp-content\/uploads\/2023\/12\/1211Lea5.jpg","type":"image\/jpeg"}],"author":"admin-sebi","twitter_card":"summary_large_image","twitter_misc":{"Szerz\u0151:":"admin-sebi","Becs\u00fclt olvas\u00e1si id\u0151":"2 perc"},"schema":{"@context":"https:\/\/schema.org","@graph":[{"@type":"WebPage","@id":"https:\/\/kinaikaleidoszkop.hu\/index.php\/2023\/12\/11\/peking-ismet-felszolitotta-manilat-hogy-hagyja-abba-a-provokaciot-es-a-kinai-szuverenitas-megserteset\/","url":"https:\/\/kinaikaleidoszkop.hu\/index.php\/2023\/12\/11\/peking-ismet-felszolitotta-manilat-hogy-hagyja-abba-a-provokaciot-es-a-kinai-szuverenitas-megserteset\/","name":"Peking ism\u00e9t felsz\u00f3l\u00edtotta Manil\u00e1t, hogy hagyja abba a provok\u00e1ci\u00f3t \u00e9s a k\u00ednai szuverenit\u00e1s megs\u00e9rt\u00e9s\u00e9t - kinaikaleidoszkop.hu","isPartOf":{"@id":"https:\/\/kinaikaleidoszkop.hu\/#website"},"primaryImageOfPage":{"@id":"https:\/\/kinaikaleidoszkop.hu\/index.php\/2023\/12\/11\/peking-ismet-felszolitotta-manilat-hogy-hagyja-abba-a-provokaciot-es-a-kinai-szuverenitas-megserteset\/#primaryimage"},"image":{"@id":"https:\/\/kinaikaleidoszkop.hu\/index.php\/2023\/12\/11\/peking-ismet-felszolitotta-manilat-hogy-hagyja-abba-a-provokaciot-es-a-kinai-szuverenitas-megserteset\/#primaryimage"},"thumbnailUrl":"https:\/\/kinaikaleidoszkop.hu\/wp-content\/uploads\/2023\/12\/1211Lea5.jpg","datePublished":"2023-12-11T15:18:25+00:00","dateModified":"2023-12-12T19:39:58+00:00","author":{"@id":"https:\/\/kinaikaleidoszkop.hu\/#\/schema\/person\/fd215d3a8bab54daeb796ae166f99ea5"},"breadcrumb":{"@id":"https:\/\/kinaikaleidoszkop.hu\/index.php\/2023\/12\/11\/peking-ismet-felszolitotta-manilat-hogy-hagyja-abba-a-provokaciot-es-a-kinai-szuverenitas-megserteset\/#breadcrumb"},"inLanguage":"hu","potentialAction":[{"@type":"ReadAction","target":["https:\/\/kinaikaleidoszkop.hu\/index.php\/2023\/12\/11\/peking-ismet-felszolitotta-manilat-hogy-hagyja-abba-a-provokaciot-es-a-kinai-szuverenitas-megserteset\/"]}]},{"@type":"ImageObject","inLanguage":"hu","@id":"https:\/\/kinaikaleidoszkop.hu\/index.php\/2023\/12\/11\/peking-ismet-felszolitotta-manilat-hogy-hagyja-abba-a-provokaciot-es-a-kinai-szuverenitas-megserteset\/#primaryimage","url":"https:\/\/kinaikaleidoszkop.hu\/wp-content\/uploads\/2023\/12\/1211Lea5.jpg","contentUrl":"https:\/\/kinaikaleidoszkop.hu\/wp-content\/uploads\/2023\/12\/1211Lea5.jpg","width":600,"height":377},{"@type":"BreadcrumbList","@id":"https:\/\/kinaikaleidoszkop.hu\/index.php\/2023\/12\/11\/peking-ismet-felszolitotta-manilat-hogy-hagyja-abba-a-provokaciot-es-a-kinai-szuverenitas-megserteset\/#breadcrumb","itemListElement":[{"@type":"ListItem","position":1,"name":"Kezd\u0151lap","item":"https:\/\/kinaikaleidoszkop.hu\/"},{"@type":"ListItem","position":2,"name":"Peking ism\u00e9t felsz\u00f3l\u00edtotta Manil\u00e1t, hogy hagyja abba a provok\u00e1ci\u00f3t \u00e9s a k\u00ednai szuverenit\u00e1s megs\u00e9rt\u00e9s\u00e9t"}]},{"@type":"WebSite","@id":"https:\/\/kinaikaleidoszkop.hu\/#website","url":"https:\/\/kinaikaleidoszkop.hu\/","name":"kinaikaleidoszkop.hu","description":"","potentialAction":[{"@type":"SearchAction","target":{"@type":"EntryPoint","urlTemplate":"https:\/\/kinaikaleidoszkop.hu\/?s={search_term_string}"},"query-input":{"@type":"PropertyValueSpecification","valueRequired":true,"valueName":"search_term_string"}}],"inLanguage":"hu"},{"@type":"Person","@id":"https:\/\/kinaikaleidoszkop.hu\/#\/schema\/person\/fd215d3a8bab54daeb796ae166f99ea5","name":"admin-sebi","image":{"@type":"ImageObject","inLanguage":"hu","@id":"https:\/\/kinaikaleidoszkop.hu\/#\/schema\/person\/image\/","url":"https:\/\/secure.gravatar.com\/avatar\/b1498042bc4969020b4951f204f963e97c3d7d199f3790c1071adf67c61d0aa5?s=96&d=mm&r=g","contentUrl":"https:\/\/secure.gravatar.com\/avatar\/b1498042bc4969020b4951f204f963e97c3d7d199f3790c1071adf67c61d0aa5?s=96&d=mm&r=g","caption":"admin-sebi"},"url":"https:\/\/kinaikaleidoszkop.hu\/index.php\/author\/admin-sebi\/"}]}},"views":212,"distributor_meta":false,"distributor_terms":false,"distributor_media":false,"distributor_original_site_name":"kinaikaleidoszkop.hu","distributor_original_site_url":"https:\/\/kinaikaleidoszkop.hu","push-errors":false,"_links":{"self":[{"href":"https:\/\/kinaikaleidoszkop.hu\/index.php\/wp-json\/wp\/v2\/posts\/20357","targetHints":{"allow":["GET"]}}],"collection":[{"href":"https:\/\/kinaikaleidoszkop.hu\/index.php\/wp-json\/wp\/v2\/posts"}],"about":[{"href":"https:\/\/kinaikaleidoszkop.hu\/index.php\/wp-json\/wp\/v2\/types\/post"}],"author":[{"embeddable":true,"href":"https:\/\/kinaikaleidoszkop.hu\/index.php\/wp-json\/wp\/v2\/users\/6"}],"replies":[{"embeddable":true,"href":"https:\/\/kinaikaleidoszkop.hu\/index.php\/wp-json\/wp\/v2\/comments?post=20357"}],"version-history":[{"count":2,"href":"https:\/\/kinaikaleidoszkop.hu\/index.php\/wp-json\/wp\/v2\/posts\/20357\/revisions"}],"predecessor-version":[{"id":20397,"href":"https:\/\/kinaikaleidoszkop.hu\/index.php\/wp-json\/wp\/v2\/posts\/20357\/revisions\/20397"}],"wp:featuredmedia":[{"embeddable":true,"href":"https:\/\/kinaikaleidoszkop.hu\/index.php\/wp-json\/wp\/v2\/media\/20359"}],"wp:attachment":[{"href":"https:\/\/kinaikaleidoszkop.hu\/index.php\/wp-json\/wp\/v2\/media?parent=20357"}],"wp:term":[{"taxonomy":"category","embeddable":true,"href":"https:\/\/kinaikaleidoszkop.hu\/index.php\/wp-json\/wp\/v2\/categories?post=20357"},{"taxonomy":"post_tag","embeddable":true,"href":"https:\/\/kinaikaleidoszkop.hu\/index.php\/wp-json\/wp\/v2\/tags?post=20357"}],"curies":[{"name":"wp","href":"https:\/\/api.w.org\/{rel}","templated":true}]}}