{"id":20375,"date":"2023-12-12T10:02:39","date_gmt":"2023-12-12T09:02:39","guid":{"rendered":"https:\/\/kinaikaleidoszkop.hu\/?p=20375"},"modified":"2023-12-12T10:02:41","modified_gmt":"2023-12-12T09:02:41","slug":"hszi-csin-ping-atfogo-strategiai-es-iranyitasi-kerdesekrol-beszelek-a-vietnami-vezetokkel","status":"publish","type":"post","link":"https:\/\/kinaikaleidoszkop.hu\/index.php\/2023\/12\/12\/hszi-csin-ping-atfogo-strategiai-es-iranyitasi-kerdesekrol-beszelek-a-vietnami-vezetokkel\/","title":{"rendered":"Hszi Csin-ping: \u00c1tfog\u00f3, strat\u00e9giai \u00e9s ir\u00e1ny\u00edt\u00e1si k\u00e9rd\u00e9sekr\u0151l besz\u00e9lek a vietn\u00e1mi vezet\u0151kkel"},"content":{"rendered":"\n<p><strong>K\u00edna kiemelten fontosnak tartja Vietn\u00e1mot a szomsz\u00e9dos orsz\u00e1gokkal folytatott diplom\u00e1ciai politik\u00e1j\u00e1ban, ezen a l\u00e1togat\u00e1son a k\u00e9t orsz\u00e1g, a k\u00e9t orsz\u00e1g p\u00e1rtj\u00e1nak \u00e1tfog\u00f3, strat\u00e9giai, ir\u00e1ny\u00edt\u00e1si k\u00e9rd\u00e9seir\u0151l, illetve a nemzetk\u00f6zi \u00e9s r\u00e9gi\u00f3s probl\u00e9m\u00e1kr\u00f3l besz\u00e9l a vietn\u00e1mi vezet\u0151kkel, \u00e9s \u00faj szakaszba mozd\u00edtja el\u0151 a k\u00e9t orsz\u00e1g kapcsolatait is, k\u00f6z\u00f6lte Hszi Csin-ping k\u00ednai \u00e1llameln\u00f6k december 12-\u00e9n Vietn\u00e1mban \u00edr\u00e1sbeli besz\u00e9d\u00e9ben.<\/strong><\/p>\n\n\n\n<p>Hszi Csin-ping 12-\u00e9n d\u00e9lben \u00e9rkezett Hanoiba, Vietn\u00e1m f\u0151v\u00e1ros\u00e1ba, ahol hivatalos l\u00e1togat\u00e1st tesz Nguyen Phu Trongnak, a Vietn\u00e1mi Kommunista P\u00e1rt K\u00f6zponti Bizotts\u00e1ga f\u0151titk\u00e1r\u00e1nak, illetve Vo Van Thuongnak, a Vietn\u00e1mi Szocialista K\u00f6zt\u00e1rsas\u00e1g eln\u00f6k\u00e9nek megh\u00edv\u00e1s\u00e1ra.<\/p>\n\n\n\n<p>A rep\u00fcl\u0151t\u00e9ren a k\u00ednai \u00e1llameln\u00f6k \u00edr\u00e1sbeli besz\u00e9det tartott, ebben k\u00f6z\u00f6lte, hogy Vietn\u00e1m \u00c1zsia fontos orsz\u00e1ga \u00e9s az ASEAN jelent\u0151s tagja. Az elm\u00falt \u00e9vekben a Vietn\u00e1mi Kommunista P\u00e1rt vezet\u00e9s\u00e9vel a vietn\u00e1mi n\u00e9p a saj\u00e1t helyzete alapj\u00e1n k\u00fcl\u00f6n fejleszt\u00e9si utat k\u00f6vetett, \u00e1tfog\u00f3an el\u0151mozd\u00edtotta a reformot, amelynek k\u00f6sz\u00f6nhet\u0151en egyre jelent\u0151s szerepet j\u00e1tszik a nemzetk\u00f6zi \u00e9s a r\u00e9gi\u00f3s \u00fcgyekben, mondta Hszi.<\/p>\n\n\n\n<p>A k\u00ednai \u00e1llameln\u00f6k szerint a k\u00e9t orsz\u00e1g k\u00f6z\u00f6tt hossz\u00fa \u00e9s hagyom\u00e1nyos bar\u00e1ts\u00e1g van, amely a k\u00e9t n\u00e9p \u00e9rt\u00e9kes kincse is.<\/p>\n\n\n\n<figure class=\"wp-block-embed is-type-video is-provider-youtube wp-block-embed-youtube wp-embed-aspect-16-9 wp-has-aspect-ratio\"><div class=\"wp-block-embed__wrapper\">\n<iframe loading=\"lazy\" title=\"Hszi Csin-ping: \u00c1tfog\u00f3, strat\u00e9giai \u00e9s ir\u00e1ny\u00edt\u00e1si k\u00e9rd\u00e9sekr\u0151l besz\u00e9lek a vietn\u00e1mi vezet\u0151kkel\" width=\"1320\" height=\"743\" src=\"https:\/\/www.youtube.com\/embed\/CXYmoWdv3BQ?feature=oembed\" frameborder=\"0\" allow=\"accelerometer; autoplay; clipboard-write; encrypted-media; gyroscope; picture-in-picture; web-share\" allowfullscreen><\/iframe>\n<\/div><\/figure>\n\n\n\n<p><strong><em>2023. 12. 12.<\/em><\/strong><\/p>\n\n\n\n<p><strong>(China Media Group &#8211; Wang Yuzhe)<\/strong><\/p>\n\n\n\n<p><strong><em>(x)<\/em><\/strong><\/p>\n","protected":false},"excerpt":{"rendered":"<p>K\u00edna kiemelten fontosnak tartja Vietn\u00e1mot a szomsz\u00e9dos orsz\u00e1gokkal folytatott diplom\u00e1ciai politik\u00e1j\u00e1ban, ezen a l\u00e1togat\u00e1son a k\u00e9t orsz\u00e1g, a k\u00e9t orsz\u00e1g p\u00e1rtj\u00e1nak \u00e1tfog\u00f3, strat\u00e9giai, ir\u00e1ny\u00edt\u00e1si k\u00e9rd\u00e9seir\u0151l, illetve a nemzetk\u00f6zi \u00e9s r\u00e9gi\u00f3s probl\u00e9m\u00e1kr\u00f3l besz\u00e9l a vietn\u00e1mi vezet\u0151kkel, \u00e9s \u00faj szakaszba mozd\u00edtja el\u0151 a k\u00e9t orsz\u00e1g kapcsolatait is, k\u00f6z\u00f6lte Hszi Csin-ping k\u00ednai \u00e1llameln\u00f6k december 12-\u00e9n Vietn\u00e1mban \u00edr\u00e1sbeli besz\u00e9d\u00e9ben. [&hellip;]<\/p>\n","protected":false},"author":6,"featured_media":0,"comment_status":"closed","ping_status":"closed","sticky":false,"template":"","format":"standard","meta":{"footnotes":""},"categories":[45],"tags":[637,273,305,326,1674],"class_list":["post-20375","post","type-post","status-publish","format-standard","hentry","category-hirek","tag-diplomacia","tag-egyuttmukodes","tag-hszi-csin-ping","tag-kinai-allamelnok","tag-vietnam"],"yoast_head":"<!-- This site is optimized with the Yoast SEO plugin v23.7 - https:\/\/yoast.com\/wordpress\/plugins\/seo\/ -->\n<title>Hszi Csin-ping: \u00c1tfog\u00f3, strat\u00e9giai \u00e9s ir\u00e1ny\u00edt\u00e1si k\u00e9rd\u00e9sekr\u0151l besz\u00e9lek a vietn\u00e1mi vezet\u0151kkel - kinaikaleidoszkop.hu<\/title>\n<meta name=\"robots\" content=\"index, follow, max-snippet:-1, max-image-preview:large, max-video-preview:-1\" \/>\n<link rel=\"canonical\" href=\"https:\/\/kinaikaleidoszkop.hu\/index.php\/2023\/12\/12\/hszi-csin-ping-atfogo-strategiai-es-iranyitasi-kerdesekrol-beszelek-a-vietnami-vezetokkel\/\" \/>\n<meta property=\"og:locale\" content=\"hu_HU\" \/>\n<meta property=\"og:type\" content=\"article\" \/>\n<meta property=\"og:title\" content=\"Hszi Csin-ping: \u00c1tfog\u00f3, strat\u00e9giai \u00e9s ir\u00e1ny\u00edt\u00e1si k\u00e9rd\u00e9sekr\u0151l besz\u00e9lek a vietn\u00e1mi vezet\u0151kkel - kinaikaleidoszkop.hu\" \/>\n<meta property=\"og:description\" content=\"K\u00edna kiemelten fontosnak tartja Vietn\u00e1mot a szomsz\u00e9dos orsz\u00e1gokkal folytatott diplom\u00e1ciai politik\u00e1j\u00e1ban, ezen a l\u00e1togat\u00e1son a k\u00e9t orsz\u00e1g, a k\u00e9t orsz\u00e1g p\u00e1rtj\u00e1nak \u00e1tfog\u00f3, strat\u00e9giai, ir\u00e1ny\u00edt\u00e1si k\u00e9rd\u00e9seir\u0151l, illetve a nemzetk\u00f6zi \u00e9s r\u00e9gi\u00f3s probl\u00e9m\u00e1kr\u00f3l besz\u00e9l a vietn\u00e1mi vezet\u0151kkel, \u00e9s \u00faj szakaszba mozd\u00edtja el\u0151 a k\u00e9t orsz\u00e1g kapcsolatait is, k\u00f6z\u00f6lte Hszi Csin-ping k\u00ednai \u00e1llameln\u00f6k december 12-\u00e9n Vietn\u00e1mban \u00edr\u00e1sbeli besz\u00e9d\u00e9ben. [&hellip;]\" \/>\n<meta property=\"og:url\" content=\"https:\/\/kinaikaleidoszkop.hu\/index.php\/2023\/12\/12\/hszi-csin-ping-atfogo-strategiai-es-iranyitasi-kerdesekrol-beszelek-a-vietnami-vezetokkel\/\" \/>\n<meta property=\"og:site_name\" content=\"kinaikaleidoszkop.hu\" \/>\n<meta property=\"article:published_time\" content=\"2023-12-12T09:02:39+00:00\" \/>\n<meta property=\"article:modified_time\" content=\"2023-12-12T09:02:41+00:00\" \/>\n<meta name=\"author\" content=\"admin-sebi\" \/>\n<meta name=\"twitter:card\" content=\"summary_large_image\" \/>\n<meta name=\"twitter:label1\" content=\"Szerz\u0151:\" \/>\n\t<meta name=\"twitter:data1\" content=\"admin-sebi\" \/>\n\t<meta name=\"twitter:label2\" content=\"Becs\u00fclt olvas\u00e1si id\u0151\" \/>\n\t<meta name=\"twitter:data2\" content=\"1 perc\" \/>\n<script type=\"application\/ld+json\" class=\"yoast-schema-graph\">{\"@context\":\"https:\/\/schema.org\",\"@graph\":[{\"@type\":\"WebPage\",\"@id\":\"https:\/\/kinaikaleidoszkop.hu\/index.php\/2023\/12\/12\/hszi-csin-ping-atfogo-strategiai-es-iranyitasi-kerdesekrol-beszelek-a-vietnami-vezetokkel\/\",\"url\":\"https:\/\/kinaikaleidoszkop.hu\/index.php\/2023\/12\/12\/hszi-csin-ping-atfogo-strategiai-es-iranyitasi-kerdesekrol-beszelek-a-vietnami-vezetokkel\/\",\"name\":\"Hszi Csin-ping: \u00c1tfog\u00f3, strat\u00e9giai \u00e9s ir\u00e1ny\u00edt\u00e1si k\u00e9rd\u00e9sekr\u0151l besz\u00e9lek a vietn\u00e1mi vezet\u0151kkel - kinaikaleidoszkop.hu\",\"isPartOf\":{\"@id\":\"https:\/\/kinaikaleidoszkop.hu\/#website\"},\"datePublished\":\"2023-12-12T09:02:39+00:00\",\"dateModified\":\"2023-12-12T09:02:41+00:00\",\"author\":{\"@id\":\"https:\/\/kinaikaleidoszkop.hu\/#\/schema\/person\/fd215d3a8bab54daeb796ae166f99ea5\"},\"breadcrumb\":{\"@id\":\"https:\/\/kinaikaleidoszkop.hu\/index.php\/2023\/12\/12\/hszi-csin-ping-atfogo-strategiai-es-iranyitasi-kerdesekrol-beszelek-a-vietnami-vezetokkel\/#breadcrumb\"},\"inLanguage\":\"hu\",\"potentialAction\":[{\"@type\":\"ReadAction\",\"target\":[\"https:\/\/kinaikaleidoszkop.hu\/index.php\/2023\/12\/12\/hszi-csin-ping-atfogo-strategiai-es-iranyitasi-kerdesekrol-beszelek-a-vietnami-vezetokkel\/\"]}]},{\"@type\":\"BreadcrumbList\",\"@id\":\"https:\/\/kinaikaleidoszkop.hu\/index.php\/2023\/12\/12\/hszi-csin-ping-atfogo-strategiai-es-iranyitasi-kerdesekrol-beszelek-a-vietnami-vezetokkel\/#breadcrumb\",\"itemListElement\":[{\"@type\":\"ListItem\",\"position\":1,\"name\":\"Kezd\u0151lap\",\"item\":\"https:\/\/kinaikaleidoszkop.hu\/\"},{\"@type\":\"ListItem\",\"position\":2,\"name\":\"Hszi Csin-ping: \u00c1tfog\u00f3, strat\u00e9giai \u00e9s ir\u00e1ny\u00edt\u00e1si k\u00e9rd\u00e9sekr\u0151l besz\u00e9lek a vietn\u00e1mi vezet\u0151kkel\"}]},{\"@type\":\"WebSite\",\"@id\":\"https:\/\/kinaikaleidoszkop.hu\/#website\",\"url\":\"https:\/\/kinaikaleidoszkop.hu\/\",\"name\":\"kinaikaleidoszkop.hu\",\"description\":\"\",\"potentialAction\":[{\"@type\":\"SearchAction\",\"target\":{\"@type\":\"EntryPoint\",\"urlTemplate\":\"https:\/\/kinaikaleidoszkop.hu\/?s={search_term_string}\"},\"query-input\":{\"@type\":\"PropertyValueSpecification\",\"valueRequired\":true,\"valueName\":\"search_term_string\"}}],\"inLanguage\":\"hu\"},{\"@type\":\"Person\",\"@id\":\"https:\/\/kinaikaleidoszkop.hu\/#\/schema\/person\/fd215d3a8bab54daeb796ae166f99ea5\",\"name\":\"admin-sebi\",\"image\":{\"@type\":\"ImageObject\",\"inLanguage\":\"hu\",\"@id\":\"https:\/\/kinaikaleidoszkop.hu\/#\/schema\/person\/image\/\",\"url\":\"https:\/\/secure.gravatar.com\/avatar\/b1498042bc4969020b4951f204f963e97c3d7d199f3790c1071adf67c61d0aa5?s=96&d=mm&r=g\",\"contentUrl\":\"https:\/\/secure.gravatar.com\/avatar\/b1498042bc4969020b4951f204f963e97c3d7d199f3790c1071adf67c61d0aa5?s=96&d=mm&r=g\",\"caption\":\"admin-sebi\"},\"url\":\"https:\/\/kinaikaleidoszkop.hu\/index.php\/author\/admin-sebi\/\"}]}<\/script>\n<!-- \/ Yoast SEO plugin. -->","yoast_head_json":{"title":"Hszi Csin-ping: \u00c1tfog\u00f3, strat\u00e9giai \u00e9s ir\u00e1ny\u00edt\u00e1si k\u00e9rd\u00e9sekr\u0151l besz\u00e9lek a vietn\u00e1mi vezet\u0151kkel - kinaikaleidoszkop.hu","robots":{"index":"index","follow":"follow","max-snippet":"max-snippet:-1","max-image-preview":"max-image-preview:large","max-video-preview":"max-video-preview:-1"},"canonical":"https:\/\/kinaikaleidoszkop.hu\/index.php\/2023\/12\/12\/hszi-csin-ping-atfogo-strategiai-es-iranyitasi-kerdesekrol-beszelek-a-vietnami-vezetokkel\/","og_locale":"hu_HU","og_type":"article","og_title":"Hszi Csin-ping: \u00c1tfog\u00f3, strat\u00e9giai \u00e9s ir\u00e1ny\u00edt\u00e1si k\u00e9rd\u00e9sekr\u0151l besz\u00e9lek a vietn\u00e1mi vezet\u0151kkel - kinaikaleidoszkop.hu","og_description":"K\u00edna kiemelten fontosnak tartja Vietn\u00e1mot a szomsz\u00e9dos orsz\u00e1gokkal folytatott diplom\u00e1ciai politik\u00e1j\u00e1ban, ezen a l\u00e1togat\u00e1son a k\u00e9t orsz\u00e1g, a k\u00e9t orsz\u00e1g p\u00e1rtj\u00e1nak \u00e1tfog\u00f3, strat\u00e9giai, ir\u00e1ny\u00edt\u00e1si k\u00e9rd\u00e9seir\u0151l, illetve a nemzetk\u00f6zi \u00e9s r\u00e9gi\u00f3s probl\u00e9m\u00e1kr\u00f3l besz\u00e9l a vietn\u00e1mi vezet\u0151kkel, \u00e9s \u00faj szakaszba mozd\u00edtja el\u0151 a k\u00e9t orsz\u00e1g kapcsolatait is, k\u00f6z\u00f6lte Hszi Csin-ping k\u00ednai \u00e1llameln\u00f6k december 12-\u00e9n Vietn\u00e1mban \u00edr\u00e1sbeli besz\u00e9d\u00e9ben. [&hellip;]","og_url":"https:\/\/kinaikaleidoszkop.hu\/index.php\/2023\/12\/12\/hszi-csin-ping-atfogo-strategiai-es-iranyitasi-kerdesekrol-beszelek-a-vietnami-vezetokkel\/","og_site_name":"kinaikaleidoszkop.hu","article_published_time":"2023-12-12T09:02:39+00:00","article_modified_time":"2023-12-12T09:02:41+00:00","author":"admin-sebi","twitter_card":"summary_large_image","twitter_misc":{"Szerz\u0151:":"admin-sebi","Becs\u00fclt olvas\u00e1si id\u0151":"1 perc"},"schema":{"@context":"https:\/\/schema.org","@graph":[{"@type":"WebPage","@id":"https:\/\/kinaikaleidoszkop.hu\/index.php\/2023\/12\/12\/hszi-csin-ping-atfogo-strategiai-es-iranyitasi-kerdesekrol-beszelek-a-vietnami-vezetokkel\/","url":"https:\/\/kinaikaleidoszkop.hu\/index.php\/2023\/12\/12\/hszi-csin-ping-atfogo-strategiai-es-iranyitasi-kerdesekrol-beszelek-a-vietnami-vezetokkel\/","name":"Hszi Csin-ping: \u00c1tfog\u00f3, strat\u00e9giai \u00e9s ir\u00e1ny\u00edt\u00e1si k\u00e9rd\u00e9sekr\u0151l besz\u00e9lek a vietn\u00e1mi vezet\u0151kkel - kinaikaleidoszkop.hu","isPartOf":{"@id":"https:\/\/kinaikaleidoszkop.hu\/#website"},"datePublished":"2023-12-12T09:02:39+00:00","dateModified":"2023-12-12T09:02:41+00:00","author":{"@id":"https:\/\/kinaikaleidoszkop.hu\/#\/schema\/person\/fd215d3a8bab54daeb796ae166f99ea5"},"breadcrumb":{"@id":"https:\/\/kinaikaleidoszkop.hu\/index.php\/2023\/12\/12\/hszi-csin-ping-atfogo-strategiai-es-iranyitasi-kerdesekrol-beszelek-a-vietnami-vezetokkel\/#breadcrumb"},"inLanguage":"hu","potentialAction":[{"@type":"ReadAction","target":["https:\/\/kinaikaleidoszkop.hu\/index.php\/2023\/12\/12\/hszi-csin-ping-atfogo-strategiai-es-iranyitasi-kerdesekrol-beszelek-a-vietnami-vezetokkel\/"]}]},{"@type":"BreadcrumbList","@id":"https:\/\/kinaikaleidoszkop.hu\/index.php\/2023\/12\/12\/hszi-csin-ping-atfogo-strategiai-es-iranyitasi-kerdesekrol-beszelek-a-vietnami-vezetokkel\/#breadcrumb","itemListElement":[{"@type":"ListItem","position":1,"name":"Kezd\u0151lap","item":"https:\/\/kinaikaleidoszkop.hu\/"},{"@type":"ListItem","position":2,"name":"Hszi Csin-ping: \u00c1tfog\u00f3, strat\u00e9giai \u00e9s ir\u00e1ny\u00edt\u00e1si k\u00e9rd\u00e9sekr\u0151l besz\u00e9lek a vietn\u00e1mi vezet\u0151kkel"}]},{"@type":"WebSite","@id":"https:\/\/kinaikaleidoszkop.hu\/#website","url":"https:\/\/kinaikaleidoszkop.hu\/","name":"kinaikaleidoszkop.hu","description":"","potentialAction":[{"@type":"SearchAction","target":{"@type":"EntryPoint","urlTemplate":"https:\/\/kinaikaleidoszkop.hu\/?s={search_term_string}"},"query-input":{"@type":"PropertyValueSpecification","valueRequired":true,"valueName":"search_term_string"}}],"inLanguage":"hu"},{"@type":"Person","@id":"https:\/\/kinaikaleidoszkop.hu\/#\/schema\/person\/fd215d3a8bab54daeb796ae166f99ea5","name":"admin-sebi","image":{"@type":"ImageObject","inLanguage":"hu","@id":"https:\/\/kinaikaleidoszkop.hu\/#\/schema\/person\/image\/","url":"https:\/\/secure.gravatar.com\/avatar\/b1498042bc4969020b4951f204f963e97c3d7d199f3790c1071adf67c61d0aa5?s=96&d=mm&r=g","contentUrl":"https:\/\/secure.gravatar.com\/avatar\/b1498042bc4969020b4951f204f963e97c3d7d199f3790c1071adf67c61d0aa5?s=96&d=mm&r=g","caption":"admin-sebi"},"url":"https:\/\/kinaikaleidoszkop.hu\/index.php\/author\/admin-sebi\/"}]}},"views":184,"distributor_meta":false,"distributor_terms":false,"distributor_media":false,"distributor_original_site_name":"kinaikaleidoszkop.hu","distributor_original_site_url":"https:\/\/kinaikaleidoszkop.hu","push-errors":false,"_links":{"self":[{"href":"https:\/\/kinaikaleidoszkop.hu\/index.php\/wp-json\/wp\/v2\/posts\/20375","targetHints":{"allow":["GET"]}}],"collection":[{"href":"https:\/\/kinaikaleidoszkop.hu\/index.php\/wp-json\/wp\/v2\/posts"}],"about":[{"href":"https:\/\/kinaikaleidoszkop.hu\/index.php\/wp-json\/wp\/v2\/types\/post"}],"author":[{"embeddable":true,"href":"https:\/\/kinaikaleidoszkop.hu\/index.php\/wp-json\/wp\/v2\/users\/6"}],"replies":[{"embeddable":true,"href":"https:\/\/kinaikaleidoszkop.hu\/index.php\/wp-json\/wp\/v2\/comments?post=20375"}],"version-history":[{"count":1,"href":"https:\/\/kinaikaleidoszkop.hu\/index.php\/wp-json\/wp\/v2\/posts\/20375\/revisions"}],"predecessor-version":[{"id":20377,"href":"https:\/\/kinaikaleidoszkop.hu\/index.php\/wp-json\/wp\/v2\/posts\/20375\/revisions\/20377"}],"wp:attachment":[{"href":"https:\/\/kinaikaleidoszkop.hu\/index.php\/wp-json\/wp\/v2\/media?parent=20375"}],"wp:term":[{"taxonomy":"category","embeddable":true,"href":"https:\/\/kinaikaleidoszkop.hu\/index.php\/wp-json\/wp\/v2\/categories?post=20375"},{"taxonomy":"post_tag","embeddable":true,"href":"https:\/\/kinaikaleidoszkop.hu\/index.php\/wp-json\/wp\/v2\/tags?post=20375"}],"curies":[{"name":"wp","href":"https:\/\/api.w.org\/{rel}","templated":true}]}}