{"id":20393,"date":"2023-12-12T14:53:04","date_gmt":"2023-12-12T13:53:04","guid":{"rendered":"https:\/\/kinaikaleidoszkop.hu\/?p=20393"},"modified":"2023-12-12T14:53:07","modified_gmt":"2023-12-12T13:53:07","slug":"magasszintu-gazdasagi-munkakonferenciat-rendeztek-pekingben","status":"publish","type":"post","link":"https:\/\/kinaikaleidoszkop.hu\/index.php\/2023\/12\/12\/magasszintu-gazdasagi-munkakonferenciat-rendeztek-pekingben\/","title":{"rendered":"Magasszint\u0171 gazdas\u00e1gi munkakonferenci\u00e1t rendeztek Pekingben"},"content":{"rendered":"\n<p><strong>December 11-\u00e9n \u00e9s 12-\u00e9n Pekingben k\u00f6zponti gazdas\u00e1gi munkakonferenci\u00e1t tartottak, amelyen Hszi Csin-ping k\u00ednai \u00e1llameln\u00f6k \u00f6sszefoglalta az idei \u00e9v gazdas\u00e1gi munk\u00e1j\u00e1t, elemezte a gazdas\u00e1gi helyzetet, \u00e9s a j\u00f6v\u0151beni priorit\u00e1sokat is ismertette.<\/strong><\/p>\n\n\n<div class=\"wp-block-image\">\n<figure class=\"aligncenter size-full\"><img loading=\"lazy\" decoding=\"async\" width=\"683\" height=\"1024\" src=\"https:\/\/kinaikaleidoszkop.hu\/wp-content\/uploads\/2023\/12\/1212CMGMagasszintu-gazdasagi-munkakonferenciat-rendeztek-Pekingben-1.jpg\" alt=\"\" class=\"wp-image-20392\" srcset=\"https:\/\/kinaikaleidoszkop.hu\/wp-content\/uploads\/2023\/12\/1212CMGMagasszintu-gazdasagi-munkakonferenciat-rendeztek-Pekingben-1.jpg 683w, https:\/\/kinaikaleidoszkop.hu\/wp-content\/uploads\/2023\/12\/1212CMGMagasszintu-gazdasagi-munkakonferenciat-rendeztek-Pekingben-1-200x300.jpg 200w\" sizes=\"auto, (max-width: 683px) 100vw, 683px\" \/><\/figure>\n<\/div>\n\n\n<p>A konferenci\u00e1n elhangzott, hogy id\u00e9n a k\u00ednai gazdas\u00e1g folyamatosan \u00e9p\u00fclt, jelent\u0151s eredm\u00e9nyek sz\u00fclettek a korszer\u0171s\u00edt\u00e9s sor\u00e1n, de egyes ipar\u00e1gakban p\u00e9ld\u00e1ul t\u00faltermel\u00e9s k\u00f6vetkezett be. K\u00edn\u00e1nak m\u00e9g mindig le kell k\u00fczdenie bizonyos neh\u00e9zs\u00e9geket \u00e9s kih\u00edv\u00e1sokat a gazdas\u00e1g tov\u00e1bbi \u00e9l\u00e9nk\u00edt\u00e9s\u00e9hez. \u00d6sszess\u00e9g\u00e9ben a K\u00edna fejl\u0151d\u00e9s\u00e9ben tapasztalhat\u00f3 kedvez\u0151 felt\u00e9telek fel\u00fclm\u00falj\u00e1k a kedvez\u0151tlen t\u00e9nyez\u0151ket, \u00e9s a gazdas\u00e1gi fellend\u00fcl\u00e9s alapvet\u0151 tendenci\u00e1ja, valamint a hossz\u00fa t\u00e1v\u00fa pozit\u00edv kil\u00e1t\u00e1sok nem v\u00e1ltoztak \u2013 hangzott el a tal\u00e1lkoz\u00f3n, amely a bizalom meger\u0151s\u00edt\u00e9s\u00e9re buzd\u00edt.<\/p>\n\n\n\n<p>A konferenci\u00e1n hangs\u00falyozt\u00e1k, hogy j\u00f6v\u0151re a k\u00ednai gazdas\u00e1gban a stabilit\u00e1st meg\u0151rizve \u00e9s el\u0151seg\u00edtve \u00faj politik\u00e1kkal el kell m\u00e9ly\u00edteni a reformot. Elhangzott, hogy m\u00e9rs\u00e9kelten meg kell er\u0151s\u00edteni a pozit\u00edv p\u00e9nz\u00fcgyi politik\u00e1kat, pontos, rugalmas \u00e9s k\u00f6r\u00fcltekint\u0151 monet\u00e1ris politik\u00e1ra van sz\u00fcks\u00e9g, tov\u00e1bb\u00e1 meg kell er\u0151s\u00edteni a makropolitik\u00e1k k\u00f6vetkezetess\u00e9g\u00e9t.<\/p>\n\n\n\n<p>A konferencia a magas min\u0151s\u00e9g\u0171 fejleszt\u00e9sre utalva arra h\u00edvott fel, hogy technol\u00f3giai innov\u00e1ci\u00f3val ir\u00e1ny\u00edts\u00e1k az ipar korszer\u0171s\u00edt\u00e9s\u00e9t, tegyenek nagyobb er\u0151fesz\u00edt\u00e9st a sz\u00fcks\u00e9gletek b\u0151v\u00edt\u00e9s\u00e9re, m\u00e9ly\u00edts\u00e9k el a reformot a kulcsfontoss\u00e1g\u00fa ter\u00fcleteken, b\u0151v\u00edts\u00e9k a nyit\u00e1st, ellen\u0151rizz\u00e9k \u00e9s enyh\u00edts\u00e9k kock\u00e1zatot egyes ipar\u00e1gakban, illetve ford\u00edtsanak nagyobb figyelmet a falvakat, a mez\u0151gazdas\u00e1got \u00e9s a falusiakat \u00e9rint\u0151 feladatokra. Mindezeken k\u00edv\u00fcl a konferenci\u00e1n felh\u00edvt\u00e1k a figyelmet a v\u00e1rosok \u00e9s a falvak integr\u00e1l\u00e1s\u00e1ra, a z\u00f6ld \u00e9s alacsony sz\u00e9ndioxid-kibocs\u00e1t\u00e1s\u00fa fejleszt\u00e9sre \u00e9s az emberek meg\u00e9lhet\u00e9s\u00e9nek jav\u00edt\u00e1s\u00e1ra.<\/p>\n\n\n\n<p><strong><em>2023. 12. 12.<\/em><\/strong><\/p>\n\n\n\n<p><strong>(China Media Group \u2013 Wang Yuzhe)<\/strong><\/p>\n\n\n\n<p><strong><em>(x)<\/em><\/strong><\/p>\n","protected":false},"excerpt":{"rendered":"<p>December 11-\u00e9n \u00e9s 12-\u00e9n Pekingben k\u00f6zponti gazdas\u00e1gi munkakonferenci\u00e1t tartottak, amelyen Hszi Csin-ping k\u00ednai \u00e1llameln\u00f6k \u00f6sszefoglalta az idei \u00e9v gazdas\u00e1gi munk\u00e1j\u00e1t, elemezte a gazdas\u00e1gi helyzetet, \u00e9s a j\u00f6v\u0151beni priorit\u00e1sokat is ismertette. A konferenci\u00e1n elhangzott, hogy id\u00e9n a k\u00ednai gazdas\u00e1g folyamatosan \u00e9p\u00fclt, jelent\u0151s eredm\u00e9nyek sz\u00fclettek a korszer\u0171s\u00edt\u00e9s sor\u00e1n, de egyes ipar\u00e1gakban p\u00e9ld\u00e1ul t\u00faltermel\u00e9s k\u00f6vetkezett be. K\u00edn\u00e1nak m\u00e9g [&hellip;]<\/p>\n","protected":false},"author":6,"featured_media":20392,"comment_status":"closed","ping_status":"closed","sticky":false,"template":"","format":"standard","meta":{"footnotes":""},"categories":[45],"tags":[66,305,326,3567,141],"class_list":["post-20393","post","type-post","status-publish","format-standard","has-post-thumbnail","hentry","category-hirek","tag-gazdasag","tag-hszi-csin-ping","tag-kinai-allamelnok","tag-munkakonferencia","tag-peking"],"yoast_head":"<!-- This site is optimized with the Yoast SEO plugin v23.7 - https:\/\/yoast.com\/wordpress\/plugins\/seo\/ -->\n<title>Magasszint\u0171 gazdas\u00e1gi munkakonferenci\u00e1t rendeztek Pekingben - kinaikaleidoszkop.hu<\/title>\n<meta name=\"robots\" content=\"index, follow, max-snippet:-1, max-image-preview:large, max-video-preview:-1\" \/>\n<link rel=\"canonical\" href=\"https:\/\/kinaikaleidoszkop.hu\/index.php\/2023\/12\/12\/magasszintu-gazdasagi-munkakonferenciat-rendeztek-pekingben\/\" \/>\n<meta property=\"og:locale\" content=\"hu_HU\" \/>\n<meta property=\"og:type\" content=\"article\" \/>\n<meta property=\"og:title\" content=\"Magasszint\u0171 gazdas\u00e1gi munkakonferenci\u00e1t rendeztek Pekingben - kinaikaleidoszkop.hu\" \/>\n<meta property=\"og:description\" content=\"December 11-\u00e9n \u00e9s 12-\u00e9n Pekingben k\u00f6zponti gazdas\u00e1gi munkakonferenci\u00e1t tartottak, amelyen Hszi Csin-ping k\u00ednai \u00e1llameln\u00f6k \u00f6sszefoglalta az idei \u00e9v gazdas\u00e1gi munk\u00e1j\u00e1t, elemezte a gazdas\u00e1gi helyzetet, \u00e9s a j\u00f6v\u0151beni priorit\u00e1sokat is ismertette. A konferenci\u00e1n elhangzott, hogy id\u00e9n a k\u00ednai gazdas\u00e1g folyamatosan \u00e9p\u00fclt, jelent\u0151s eredm\u00e9nyek sz\u00fclettek a korszer\u0171s\u00edt\u00e9s sor\u00e1n, de egyes ipar\u00e1gakban p\u00e9ld\u00e1ul t\u00faltermel\u00e9s k\u00f6vetkezett be. K\u00edn\u00e1nak m\u00e9g [&hellip;]\" \/>\n<meta property=\"og:url\" content=\"https:\/\/kinaikaleidoszkop.hu\/index.php\/2023\/12\/12\/magasszintu-gazdasagi-munkakonferenciat-rendeztek-pekingben\/\" \/>\n<meta property=\"og:site_name\" content=\"kinaikaleidoszkop.hu\" \/>\n<meta property=\"article:published_time\" content=\"2023-12-12T13:53:04+00:00\" \/>\n<meta property=\"article:modified_time\" content=\"2023-12-12T13:53:07+00:00\" \/>\n<meta property=\"og:image\" content=\"https:\/\/kinaikaleidoszkop.hu\/wp-content\/uploads\/2023\/12\/1212CMGMagasszintu-gazdasagi-munkakonferenciat-rendeztek-Pekingben-1.jpg\" \/>\n\t<meta property=\"og:image:width\" content=\"683\" \/>\n\t<meta property=\"og:image:height\" content=\"1024\" \/>\n\t<meta property=\"og:image:type\" content=\"image\/jpeg\" \/>\n<meta name=\"author\" content=\"admin-sebi\" \/>\n<meta name=\"twitter:card\" content=\"summary_large_image\" \/>\n<meta name=\"twitter:label1\" content=\"Szerz\u0151:\" \/>\n\t<meta name=\"twitter:data1\" content=\"admin-sebi\" \/>\n\t<meta name=\"twitter:label2\" content=\"Becs\u00fclt olvas\u00e1si id\u0151\" \/>\n\t<meta name=\"twitter:data2\" content=\"2 perc\" \/>\n<script type=\"application\/ld+json\" class=\"yoast-schema-graph\">{\"@context\":\"https:\/\/schema.org\",\"@graph\":[{\"@type\":\"WebPage\",\"@id\":\"https:\/\/kinaikaleidoszkop.hu\/index.php\/2023\/12\/12\/magasszintu-gazdasagi-munkakonferenciat-rendeztek-pekingben\/\",\"url\":\"https:\/\/kinaikaleidoszkop.hu\/index.php\/2023\/12\/12\/magasszintu-gazdasagi-munkakonferenciat-rendeztek-pekingben\/\",\"name\":\"Magasszint\u0171 gazdas\u00e1gi munkakonferenci\u00e1t rendeztek Pekingben - kinaikaleidoszkop.hu\",\"isPartOf\":{\"@id\":\"https:\/\/kinaikaleidoszkop.hu\/#website\"},\"primaryImageOfPage\":{\"@id\":\"https:\/\/kinaikaleidoszkop.hu\/index.php\/2023\/12\/12\/magasszintu-gazdasagi-munkakonferenciat-rendeztek-pekingben\/#primaryimage\"},\"image\":{\"@id\":\"https:\/\/kinaikaleidoszkop.hu\/index.php\/2023\/12\/12\/magasszintu-gazdasagi-munkakonferenciat-rendeztek-pekingben\/#primaryimage\"},\"thumbnailUrl\":\"https:\/\/kinaikaleidoszkop.hu\/wp-content\/uploads\/2023\/12\/1212CMGMagasszintu-gazdasagi-munkakonferenciat-rendeztek-Pekingben-1.jpg\",\"datePublished\":\"2023-12-12T13:53:04+00:00\",\"dateModified\":\"2023-12-12T13:53:07+00:00\",\"author\":{\"@id\":\"https:\/\/kinaikaleidoszkop.hu\/#\/schema\/person\/fd215d3a8bab54daeb796ae166f99ea5\"},\"breadcrumb\":{\"@id\":\"https:\/\/kinaikaleidoszkop.hu\/index.php\/2023\/12\/12\/magasszintu-gazdasagi-munkakonferenciat-rendeztek-pekingben\/#breadcrumb\"},\"inLanguage\":\"hu\",\"potentialAction\":[{\"@type\":\"ReadAction\",\"target\":[\"https:\/\/kinaikaleidoszkop.hu\/index.php\/2023\/12\/12\/magasszintu-gazdasagi-munkakonferenciat-rendeztek-pekingben\/\"]}]},{\"@type\":\"ImageObject\",\"inLanguage\":\"hu\",\"@id\":\"https:\/\/kinaikaleidoszkop.hu\/index.php\/2023\/12\/12\/magasszintu-gazdasagi-munkakonferenciat-rendeztek-pekingben\/#primaryimage\",\"url\":\"https:\/\/kinaikaleidoszkop.hu\/wp-content\/uploads\/2023\/12\/1212CMGMagasszintu-gazdasagi-munkakonferenciat-rendeztek-Pekingben-1.jpg\",\"contentUrl\":\"https:\/\/kinaikaleidoszkop.hu\/wp-content\/uploads\/2023\/12\/1212CMGMagasszintu-gazdasagi-munkakonferenciat-rendeztek-Pekingben-1.jpg\",\"width\":683,\"height\":1024},{\"@type\":\"BreadcrumbList\",\"@id\":\"https:\/\/kinaikaleidoszkop.hu\/index.php\/2023\/12\/12\/magasszintu-gazdasagi-munkakonferenciat-rendeztek-pekingben\/#breadcrumb\",\"itemListElement\":[{\"@type\":\"ListItem\",\"position\":1,\"name\":\"Kezd\u0151lap\",\"item\":\"https:\/\/kinaikaleidoszkop.hu\/\"},{\"@type\":\"ListItem\",\"position\":2,\"name\":\"Magasszint\u0171 gazdas\u00e1gi munkakonferenci\u00e1t rendeztek Pekingben\"}]},{\"@type\":\"WebSite\",\"@id\":\"https:\/\/kinaikaleidoszkop.hu\/#website\",\"url\":\"https:\/\/kinaikaleidoszkop.hu\/\",\"name\":\"kinaikaleidoszkop.hu\",\"description\":\"\",\"potentialAction\":[{\"@type\":\"SearchAction\",\"target\":{\"@type\":\"EntryPoint\",\"urlTemplate\":\"https:\/\/kinaikaleidoszkop.hu\/?s={search_term_string}\"},\"query-input\":{\"@type\":\"PropertyValueSpecification\",\"valueRequired\":true,\"valueName\":\"search_term_string\"}}],\"inLanguage\":\"hu\"},{\"@type\":\"Person\",\"@id\":\"https:\/\/kinaikaleidoszkop.hu\/#\/schema\/person\/fd215d3a8bab54daeb796ae166f99ea5\",\"name\":\"admin-sebi\",\"image\":{\"@type\":\"ImageObject\",\"inLanguage\":\"hu\",\"@id\":\"https:\/\/kinaikaleidoszkop.hu\/#\/schema\/person\/image\/\",\"url\":\"https:\/\/secure.gravatar.com\/avatar\/b1498042bc4969020b4951f204f963e97c3d7d199f3790c1071adf67c61d0aa5?s=96&d=mm&r=g\",\"contentUrl\":\"https:\/\/secure.gravatar.com\/avatar\/b1498042bc4969020b4951f204f963e97c3d7d199f3790c1071adf67c61d0aa5?s=96&d=mm&r=g\",\"caption\":\"admin-sebi\"},\"url\":\"https:\/\/kinaikaleidoszkop.hu\/index.php\/author\/admin-sebi\/\"}]}<\/script>\n<!-- \/ Yoast SEO plugin. -->","yoast_head_json":{"title":"Magasszint\u0171 gazdas\u00e1gi munkakonferenci\u00e1t rendeztek Pekingben - kinaikaleidoszkop.hu","robots":{"index":"index","follow":"follow","max-snippet":"max-snippet:-1","max-image-preview":"max-image-preview:large","max-video-preview":"max-video-preview:-1"},"canonical":"https:\/\/kinaikaleidoszkop.hu\/index.php\/2023\/12\/12\/magasszintu-gazdasagi-munkakonferenciat-rendeztek-pekingben\/","og_locale":"hu_HU","og_type":"article","og_title":"Magasszint\u0171 gazdas\u00e1gi munkakonferenci\u00e1t rendeztek Pekingben - kinaikaleidoszkop.hu","og_description":"December 11-\u00e9n \u00e9s 12-\u00e9n Pekingben k\u00f6zponti gazdas\u00e1gi munkakonferenci\u00e1t tartottak, amelyen Hszi Csin-ping k\u00ednai \u00e1llameln\u00f6k \u00f6sszefoglalta az idei \u00e9v gazdas\u00e1gi munk\u00e1j\u00e1t, elemezte a gazdas\u00e1gi helyzetet, \u00e9s a j\u00f6v\u0151beni priorit\u00e1sokat is ismertette. A konferenci\u00e1n elhangzott, hogy id\u00e9n a k\u00ednai gazdas\u00e1g folyamatosan \u00e9p\u00fclt, jelent\u0151s eredm\u00e9nyek sz\u00fclettek a korszer\u0171s\u00edt\u00e9s sor\u00e1n, de egyes ipar\u00e1gakban p\u00e9ld\u00e1ul t\u00faltermel\u00e9s k\u00f6vetkezett be. K\u00edn\u00e1nak m\u00e9g [&hellip;]","og_url":"https:\/\/kinaikaleidoszkop.hu\/index.php\/2023\/12\/12\/magasszintu-gazdasagi-munkakonferenciat-rendeztek-pekingben\/","og_site_name":"kinaikaleidoszkop.hu","article_published_time":"2023-12-12T13:53:04+00:00","article_modified_time":"2023-12-12T13:53:07+00:00","og_image":[{"width":683,"height":1024,"url":"https:\/\/kinaikaleidoszkop.hu\/wp-content\/uploads\/2023\/12\/1212CMGMagasszintu-gazdasagi-munkakonferenciat-rendeztek-Pekingben-1.jpg","type":"image\/jpeg"}],"author":"admin-sebi","twitter_card":"summary_large_image","twitter_misc":{"Szerz\u0151:":"admin-sebi","Becs\u00fclt olvas\u00e1si id\u0151":"2 perc"},"schema":{"@context":"https:\/\/schema.org","@graph":[{"@type":"WebPage","@id":"https:\/\/kinaikaleidoszkop.hu\/index.php\/2023\/12\/12\/magasszintu-gazdasagi-munkakonferenciat-rendeztek-pekingben\/","url":"https:\/\/kinaikaleidoszkop.hu\/index.php\/2023\/12\/12\/magasszintu-gazdasagi-munkakonferenciat-rendeztek-pekingben\/","name":"Magasszint\u0171 gazdas\u00e1gi munkakonferenci\u00e1t rendeztek Pekingben - kinaikaleidoszkop.hu","isPartOf":{"@id":"https:\/\/kinaikaleidoszkop.hu\/#website"},"primaryImageOfPage":{"@id":"https:\/\/kinaikaleidoszkop.hu\/index.php\/2023\/12\/12\/magasszintu-gazdasagi-munkakonferenciat-rendeztek-pekingben\/#primaryimage"},"image":{"@id":"https:\/\/kinaikaleidoszkop.hu\/index.php\/2023\/12\/12\/magasszintu-gazdasagi-munkakonferenciat-rendeztek-pekingben\/#primaryimage"},"thumbnailUrl":"https:\/\/kinaikaleidoszkop.hu\/wp-content\/uploads\/2023\/12\/1212CMGMagasszintu-gazdasagi-munkakonferenciat-rendeztek-Pekingben-1.jpg","datePublished":"2023-12-12T13:53:04+00:00","dateModified":"2023-12-12T13:53:07+00:00","author":{"@id":"https:\/\/kinaikaleidoszkop.hu\/#\/schema\/person\/fd215d3a8bab54daeb796ae166f99ea5"},"breadcrumb":{"@id":"https:\/\/kinaikaleidoszkop.hu\/index.php\/2023\/12\/12\/magasszintu-gazdasagi-munkakonferenciat-rendeztek-pekingben\/#breadcrumb"},"inLanguage":"hu","potentialAction":[{"@type":"ReadAction","target":["https:\/\/kinaikaleidoszkop.hu\/index.php\/2023\/12\/12\/magasszintu-gazdasagi-munkakonferenciat-rendeztek-pekingben\/"]}]},{"@type":"ImageObject","inLanguage":"hu","@id":"https:\/\/kinaikaleidoszkop.hu\/index.php\/2023\/12\/12\/magasszintu-gazdasagi-munkakonferenciat-rendeztek-pekingben\/#primaryimage","url":"https:\/\/kinaikaleidoszkop.hu\/wp-content\/uploads\/2023\/12\/1212CMGMagasszintu-gazdasagi-munkakonferenciat-rendeztek-Pekingben-1.jpg","contentUrl":"https:\/\/kinaikaleidoszkop.hu\/wp-content\/uploads\/2023\/12\/1212CMGMagasszintu-gazdasagi-munkakonferenciat-rendeztek-Pekingben-1.jpg","width":683,"height":1024},{"@type":"BreadcrumbList","@id":"https:\/\/kinaikaleidoszkop.hu\/index.php\/2023\/12\/12\/magasszintu-gazdasagi-munkakonferenciat-rendeztek-pekingben\/#breadcrumb","itemListElement":[{"@type":"ListItem","position":1,"name":"Kezd\u0151lap","item":"https:\/\/kinaikaleidoszkop.hu\/"},{"@type":"ListItem","position":2,"name":"Magasszint\u0171 gazdas\u00e1gi munkakonferenci\u00e1t rendeztek Pekingben"}]},{"@type":"WebSite","@id":"https:\/\/kinaikaleidoszkop.hu\/#website","url":"https:\/\/kinaikaleidoszkop.hu\/","name":"kinaikaleidoszkop.hu","description":"","potentialAction":[{"@type":"SearchAction","target":{"@type":"EntryPoint","urlTemplate":"https:\/\/kinaikaleidoszkop.hu\/?s={search_term_string}"},"query-input":{"@type":"PropertyValueSpecification","valueRequired":true,"valueName":"search_term_string"}}],"inLanguage":"hu"},{"@type":"Person","@id":"https:\/\/kinaikaleidoszkop.hu\/#\/schema\/person\/fd215d3a8bab54daeb796ae166f99ea5","name":"admin-sebi","image":{"@type":"ImageObject","inLanguage":"hu","@id":"https:\/\/kinaikaleidoszkop.hu\/#\/schema\/person\/image\/","url":"https:\/\/secure.gravatar.com\/avatar\/b1498042bc4969020b4951f204f963e97c3d7d199f3790c1071adf67c61d0aa5?s=96&d=mm&r=g","contentUrl":"https:\/\/secure.gravatar.com\/avatar\/b1498042bc4969020b4951f204f963e97c3d7d199f3790c1071adf67c61d0aa5?s=96&d=mm&r=g","caption":"admin-sebi"},"url":"https:\/\/kinaikaleidoszkop.hu\/index.php\/author\/admin-sebi\/"}]}},"views":216,"distributor_meta":false,"distributor_terms":false,"distributor_media":false,"distributor_original_site_name":"kinaikaleidoszkop.hu","distributor_original_site_url":"https:\/\/kinaikaleidoszkop.hu","push-errors":false,"_links":{"self":[{"href":"https:\/\/kinaikaleidoszkop.hu\/index.php\/wp-json\/wp\/v2\/posts\/20393","targetHints":{"allow":["GET"]}}],"collection":[{"href":"https:\/\/kinaikaleidoszkop.hu\/index.php\/wp-json\/wp\/v2\/posts"}],"about":[{"href":"https:\/\/kinaikaleidoszkop.hu\/index.php\/wp-json\/wp\/v2\/types\/post"}],"author":[{"embeddable":true,"href":"https:\/\/kinaikaleidoszkop.hu\/index.php\/wp-json\/wp\/v2\/users\/6"}],"replies":[{"embeddable":true,"href":"https:\/\/kinaikaleidoszkop.hu\/index.php\/wp-json\/wp\/v2\/comments?post=20393"}],"version-history":[{"count":1,"href":"https:\/\/kinaikaleidoszkop.hu\/index.php\/wp-json\/wp\/v2\/posts\/20393\/revisions"}],"predecessor-version":[{"id":20395,"href":"https:\/\/kinaikaleidoszkop.hu\/index.php\/wp-json\/wp\/v2\/posts\/20393\/revisions\/20395"}],"wp:featuredmedia":[{"embeddable":true,"href":"https:\/\/kinaikaleidoszkop.hu\/index.php\/wp-json\/wp\/v2\/media\/20392"}],"wp:attachment":[{"href":"https:\/\/kinaikaleidoszkop.hu\/index.php\/wp-json\/wp\/v2\/media?parent=20393"}],"wp:term":[{"taxonomy":"category","embeddable":true,"href":"https:\/\/kinaikaleidoszkop.hu\/index.php\/wp-json\/wp\/v2\/categories?post=20393"},{"taxonomy":"post_tag","embeddable":true,"href":"https:\/\/kinaikaleidoszkop.hu\/index.php\/wp-json\/wp\/v2\/tags?post=20393"}],"curies":[{"name":"wp","href":"https:\/\/api.w.org\/{rel}","templated":true}]}}