{"id":20441,"date":"2023-12-15T11:23:21","date_gmt":"2023-12-15T10:23:21","guid":{"rendered":"https:\/\/kinaikaleidoszkop.hu\/?p=20441"},"modified":"2023-12-20T10:06:25","modified_gmt":"2023-12-20T09:06:25","slug":"a-kinai-civilizacio-fontos-kovetkezmenyei-az-emberiseg-kozos-jovoje-szempontjabol","status":"publish","type":"post","link":"https:\/\/kinaikaleidoszkop.hu\/index.php\/2023\/12\/15\/a-kinai-civilizacio-fontos-kovetkezmenyei-az-emberiseg-kozos-jovoje-szempontjabol\/","title":{"rendered":"A k\u00ednai civiliz\u00e1ci\u00f3 fontos k\u00f6vetkezm\u00e9nyei az emberis\u00e9g k\u00f6z\u00f6s j\u00f6v\u0151je szempontj\u00e1b\u00f3l"},"content":{"rendered":"\n<p><strong>Nemr\u00e9giben egy kultur\u00e1lis p\u00e1rbesz\u00e9d zajlott le magyar nyelvet tanul\u00f3 k\u00ednai \u00e9s k\u00ednai nyelvet tanul\u00f3 magyar fiatalok k\u00f6z\u00f6tt \u201eAz 5000 \u00e9ves k\u00ednai civiliz\u00e1ci\u00f3 var\u00e1zsa\u201d c\u00edmmel.<\/strong><\/p>\n\n\n\n<p>A k\u00ednai Szecsuani Nemzetk\u00f6zi Tanulm\u00e1nyok Egyetem\u00e9n \u00e9s a szegedi M\u00f3ra Ferenc M\u00fazeumban a k\u00ednai \u00e9s a magyar di\u00e1kok, illetve a megjelent d\u00edszvend\u00e9gek magyar nyelven osztott\u00e1k meg \u00e9lm\u00e9nyeiket \u00e9s gondolataikat K\u00edna hagyom\u00e1nyos kultur\u00e1lis kincseir\u0151l, m\u00e1s egyetemek tan\u00e1rai \u00e9s di\u00e1kjai pedig online csatlakoztak a p\u00e1rbesz\u00e9dhez.<\/p>\n\n\n\n<p>A gyakori vit\u00e1kkal \u00e9s gyenge gazdas\u00e1ggal s\u00falyosb\u00edtott \u00f6sszetett glob\u00e1lis helyzetben a K\u00edna \u00e1ltal javasolt emberi sorsk\u00f6z\u00f6ss\u00e9g koncepci\u00f3ja egyre vonz\u00f3bb a vil\u00e1gban. Hogy mik\u00e9nt kell tekinteni \u00e9s meg\u00e9rteni K\u00edna mai javaslatait, arra val\u00f3sz\u00edn\u0171leg az \u0151si k\u00ednai kult\u00far\u00e1t vizsg\u00e1lva lehet v\u00e1laszokat tal\u00e1lni.<\/p>\n\n\n\n<figure class=\"wp-block-embed is-type-video is-provider-youtube wp-block-embed-youtube wp-embed-aspect-16-9 wp-has-aspect-ratio\"><div class=\"wp-block-embed__wrapper\">\n<iframe loading=\"lazy\" title=\"A k\u00ednai civiliz\u00e1ci\u00f3 fontos k\u00f6vetkezm\u00e9nyei az emberis\u00e9g k\u00f6z\u00f6s j\u00f6v\u0151je szempontj\u00e1b\u00f3l\" width=\"1320\" height=\"743\" src=\"https:\/\/www.youtube.com\/embed\/qLbbKmq8uNY?feature=oembed\" frameborder=\"0\" allow=\"accelerometer; autoplay; clipboard-write; encrypted-media; gyroscope; picture-in-picture; web-share\" allowfullscreen><\/iframe>\n<\/div><\/figure>\n\n\n\n<p><strong><em>(Qin Liang \u2013 China Media Group)<\/em><\/strong><\/p>\n\n\n\n<p><strong>2023. december 15.<\/strong><\/p>\n\n\n\n<p><strong><em>(x)<\/em><\/strong><\/p>\n","protected":false},"excerpt":{"rendered":"<p>Nemr\u00e9giben egy kultur\u00e1lis p\u00e1rbesz\u00e9d zajlott le magyar nyelvet tanul\u00f3 k\u00ednai \u00e9s k\u00ednai nyelvet tanul\u00f3 magyar fiatalok k\u00f6z\u00f6tt \u201eAz 5000 \u00e9ves k\u00ednai civiliz\u00e1ci\u00f3 var\u00e1zsa\u201d c\u00edmmel. A k\u00ednai Szecsuani Nemzetk\u00f6zi Tanulm\u00e1nyok Egyetem\u00e9n \u00e9s a szegedi M\u00f3ra Ferenc M\u00fazeumban a k\u00ednai \u00e9s a magyar di\u00e1kok, illetve a megjelent d\u00edszvend\u00e9gek magyar nyelven osztott\u00e1k meg \u00e9lm\u00e9nyeiket \u00e9s gondolataikat K\u00edna hagyom\u00e1nyos [&hellip;]<\/p>\n","protected":false},"author":2,"featured_media":20444,"comment_status":"closed","ping_status":"closed","sticky":false,"template":"","format":"standard","meta":{"footnotes":""},"categories":[45,91,63,7],"tags":[946,2962,2567,1406,3579,3580,3581,3582],"class_list":["post-20441","post","type-post","status-publish","format-standard","has-post-thumbnail","hentry","category-hirek","category-kepek-videok","category-kultura","category-mind","tag-diak","tag-diszvendeg","tag-kinai-civilizacio","tag-kinai-kultura","tag-kovetkezmeny","tag-kulturalis-parbeszed","tag-mora-ferenc-muzeum","tag-szecsuani-nemzetkozi-tanulmanyok-egyeteme"],"yoast_head":"<!-- This site is optimized with the Yoast SEO plugin v23.7 - https:\/\/yoast.com\/wordpress\/plugins\/seo\/ -->\n<title>A k\u00ednai civiliz\u00e1ci\u00f3 fontos k\u00f6vetkezm\u00e9nyei az emberis\u00e9g k\u00f6z\u00f6s j\u00f6v\u0151je szempontj\u00e1b\u00f3l - kinaikaleidoszkop.hu<\/title>\n<meta name=\"robots\" content=\"index, follow, max-snippet:-1, max-image-preview:large, max-video-preview:-1\" \/>\n<link rel=\"canonical\" href=\"https:\/\/kinaikaleidoszkop.hu\/index.php\/2023\/12\/15\/a-kinai-civilizacio-fontos-kovetkezmenyei-az-emberiseg-kozos-jovoje-szempontjabol\/\" \/>\n<meta property=\"og:locale\" content=\"hu_HU\" \/>\n<meta property=\"og:type\" content=\"article\" \/>\n<meta property=\"og:title\" content=\"A k\u00ednai civiliz\u00e1ci\u00f3 fontos k\u00f6vetkezm\u00e9nyei az emberis\u00e9g k\u00f6z\u00f6s j\u00f6v\u0151je szempontj\u00e1b\u00f3l - kinaikaleidoszkop.hu\" \/>\n<meta property=\"og:description\" content=\"Nemr\u00e9giben egy kultur\u00e1lis p\u00e1rbesz\u00e9d zajlott le magyar nyelvet tanul\u00f3 k\u00ednai \u00e9s k\u00ednai nyelvet tanul\u00f3 magyar fiatalok k\u00f6z\u00f6tt \u201eAz 5000 \u00e9ves k\u00ednai civiliz\u00e1ci\u00f3 var\u00e1zsa\u201d c\u00edmmel. A k\u00ednai Szecsuani Nemzetk\u00f6zi Tanulm\u00e1nyok Egyetem\u00e9n \u00e9s a szegedi M\u00f3ra Ferenc M\u00fazeumban a k\u00ednai \u00e9s a magyar di\u00e1kok, illetve a megjelent d\u00edszvend\u00e9gek magyar nyelven osztott\u00e1k meg \u00e9lm\u00e9nyeiket \u00e9s gondolataikat K\u00edna hagyom\u00e1nyos [&hellip;]\" \/>\n<meta property=\"og:url\" content=\"https:\/\/kinaikaleidoszkop.hu\/index.php\/2023\/12\/15\/a-kinai-civilizacio-fontos-kovetkezmenyei-az-emberiseg-kozos-jovoje-szempontjabol\/\" \/>\n<meta property=\"og:site_name\" content=\"kinaikaleidoszkop.hu\" \/>\n<meta property=\"article:published_time\" content=\"2023-12-15T10:23:21+00:00\" \/>\n<meta property=\"article:modified_time\" content=\"2023-12-20T09:06:25+00:00\" \/>\n<meta property=\"og:image\" content=\"https:\/\/kinaikaleidoszkop.hu\/wp-content\/uploads\/2023\/12\/Kepernyokep-2023-12-15-103909.png\" \/>\n\t<meta property=\"og:image:width\" content=\"1185\" \/>\n\t<meta property=\"og:image:height\" content=\"692\" \/>\n\t<meta property=\"og:image:type\" content=\"image\/png\" \/>\n<meta name=\"author\" content=\"admin-szabolcs\" \/>\n<meta name=\"twitter:card\" content=\"summary_large_image\" \/>\n<meta name=\"twitter:label1\" content=\"Szerz\u0151:\" \/>\n\t<meta name=\"twitter:data1\" content=\"admin-szabolcs\" \/>\n\t<meta name=\"twitter:label2\" content=\"Becs\u00fclt olvas\u00e1si id\u0151\" \/>\n\t<meta name=\"twitter:data2\" content=\"1 perc\" \/>\n<script type=\"application\/ld+json\" class=\"yoast-schema-graph\">{\"@context\":\"https:\/\/schema.org\",\"@graph\":[{\"@type\":\"WebPage\",\"@id\":\"https:\/\/kinaikaleidoszkop.hu\/index.php\/2023\/12\/15\/a-kinai-civilizacio-fontos-kovetkezmenyei-az-emberiseg-kozos-jovoje-szempontjabol\/\",\"url\":\"https:\/\/kinaikaleidoszkop.hu\/index.php\/2023\/12\/15\/a-kinai-civilizacio-fontos-kovetkezmenyei-az-emberiseg-kozos-jovoje-szempontjabol\/\",\"name\":\"A k\u00ednai civiliz\u00e1ci\u00f3 fontos k\u00f6vetkezm\u00e9nyei az emberis\u00e9g k\u00f6z\u00f6s j\u00f6v\u0151je szempontj\u00e1b\u00f3l - kinaikaleidoszkop.hu\",\"isPartOf\":{\"@id\":\"https:\/\/kinaikaleidoszkop.hu\/#website\"},\"primaryImageOfPage\":{\"@id\":\"https:\/\/kinaikaleidoszkop.hu\/index.php\/2023\/12\/15\/a-kinai-civilizacio-fontos-kovetkezmenyei-az-emberiseg-kozos-jovoje-szempontjabol\/#primaryimage\"},\"image\":{\"@id\":\"https:\/\/kinaikaleidoszkop.hu\/index.php\/2023\/12\/15\/a-kinai-civilizacio-fontos-kovetkezmenyei-az-emberiseg-kozos-jovoje-szempontjabol\/#primaryimage\"},\"thumbnailUrl\":\"https:\/\/kinaikaleidoszkop.hu\/wp-content\/uploads\/2023\/12\/Kepernyokep-2023-12-15-103909.png\",\"datePublished\":\"2023-12-15T10:23:21+00:00\",\"dateModified\":\"2023-12-20T09:06:25+00:00\",\"author\":{\"@id\":\"https:\/\/kinaikaleidoszkop.hu\/#\/schema\/person\/b9e2febe742edd540c1197716ec02bf7\"},\"breadcrumb\":{\"@id\":\"https:\/\/kinaikaleidoszkop.hu\/index.php\/2023\/12\/15\/a-kinai-civilizacio-fontos-kovetkezmenyei-az-emberiseg-kozos-jovoje-szempontjabol\/#breadcrumb\"},\"inLanguage\":\"hu\",\"potentialAction\":[{\"@type\":\"ReadAction\",\"target\":[\"https:\/\/kinaikaleidoszkop.hu\/index.php\/2023\/12\/15\/a-kinai-civilizacio-fontos-kovetkezmenyei-az-emberiseg-kozos-jovoje-szempontjabol\/\"]}]},{\"@type\":\"ImageObject\",\"inLanguage\":\"hu\",\"@id\":\"https:\/\/kinaikaleidoszkop.hu\/index.php\/2023\/12\/15\/a-kinai-civilizacio-fontos-kovetkezmenyei-az-emberiseg-kozos-jovoje-szempontjabol\/#primaryimage\",\"url\":\"https:\/\/kinaikaleidoszkop.hu\/wp-content\/uploads\/2023\/12\/Kepernyokep-2023-12-15-103909.png\",\"contentUrl\":\"https:\/\/kinaikaleidoszkop.hu\/wp-content\/uploads\/2023\/12\/Kepernyokep-2023-12-15-103909.png\",\"width\":1185,\"height\":692},{\"@type\":\"BreadcrumbList\",\"@id\":\"https:\/\/kinaikaleidoszkop.hu\/index.php\/2023\/12\/15\/a-kinai-civilizacio-fontos-kovetkezmenyei-az-emberiseg-kozos-jovoje-szempontjabol\/#breadcrumb\",\"itemListElement\":[{\"@type\":\"ListItem\",\"position\":1,\"name\":\"Kezd\u0151lap\",\"item\":\"https:\/\/kinaikaleidoszkop.hu\/\"},{\"@type\":\"ListItem\",\"position\":2,\"name\":\"A k\u00ednai civiliz\u00e1ci\u00f3 fontos k\u00f6vetkezm\u00e9nyei az emberis\u00e9g k\u00f6z\u00f6s j\u00f6v\u0151je szempontj\u00e1b\u00f3l\"}]},{\"@type\":\"WebSite\",\"@id\":\"https:\/\/kinaikaleidoszkop.hu\/#website\",\"url\":\"https:\/\/kinaikaleidoszkop.hu\/\",\"name\":\"kinaikaleidoszkop.hu\",\"description\":\"\",\"potentialAction\":[{\"@type\":\"SearchAction\",\"target\":{\"@type\":\"EntryPoint\",\"urlTemplate\":\"https:\/\/kinaikaleidoszkop.hu\/?s={search_term_string}\"},\"query-input\":{\"@type\":\"PropertyValueSpecification\",\"valueRequired\":true,\"valueName\":\"search_term_string\"}}],\"inLanguage\":\"hu\"},{\"@type\":\"Person\",\"@id\":\"https:\/\/kinaikaleidoszkop.hu\/#\/schema\/person\/b9e2febe742edd540c1197716ec02bf7\",\"name\":\"admin-szabolcs\",\"image\":{\"@type\":\"ImageObject\",\"inLanguage\":\"hu\",\"@id\":\"https:\/\/kinaikaleidoszkop.hu\/#\/schema\/person\/image\/\",\"url\":\"https:\/\/secure.gravatar.com\/avatar\/154f262492794df2a6cb5d5349227b18ef8f85ab462fbb32625fc42406483d21?s=96&d=mm&r=g\",\"contentUrl\":\"https:\/\/secure.gravatar.com\/avatar\/154f262492794df2a6cb5d5349227b18ef8f85ab462fbb32625fc42406483d21?s=96&d=mm&r=g\",\"caption\":\"admin-szabolcs\"},\"url\":\"https:\/\/kinaikaleidoszkop.hu\/index.php\/author\/admin-szabolcs\/\"}]}<\/script>\n<!-- \/ Yoast SEO plugin. -->","yoast_head_json":{"title":"A k\u00ednai civiliz\u00e1ci\u00f3 fontos k\u00f6vetkezm\u00e9nyei az emberis\u00e9g k\u00f6z\u00f6s j\u00f6v\u0151je szempontj\u00e1b\u00f3l - kinaikaleidoszkop.hu","robots":{"index":"index","follow":"follow","max-snippet":"max-snippet:-1","max-image-preview":"max-image-preview:large","max-video-preview":"max-video-preview:-1"},"canonical":"https:\/\/kinaikaleidoszkop.hu\/index.php\/2023\/12\/15\/a-kinai-civilizacio-fontos-kovetkezmenyei-az-emberiseg-kozos-jovoje-szempontjabol\/","og_locale":"hu_HU","og_type":"article","og_title":"A k\u00ednai civiliz\u00e1ci\u00f3 fontos k\u00f6vetkezm\u00e9nyei az emberis\u00e9g k\u00f6z\u00f6s j\u00f6v\u0151je szempontj\u00e1b\u00f3l - kinaikaleidoszkop.hu","og_description":"Nemr\u00e9giben egy kultur\u00e1lis p\u00e1rbesz\u00e9d zajlott le magyar nyelvet tanul\u00f3 k\u00ednai \u00e9s k\u00ednai nyelvet tanul\u00f3 magyar fiatalok k\u00f6z\u00f6tt \u201eAz 5000 \u00e9ves k\u00ednai civiliz\u00e1ci\u00f3 var\u00e1zsa\u201d c\u00edmmel. A k\u00ednai Szecsuani Nemzetk\u00f6zi Tanulm\u00e1nyok Egyetem\u00e9n \u00e9s a szegedi M\u00f3ra Ferenc M\u00fazeumban a k\u00ednai \u00e9s a magyar di\u00e1kok, illetve a megjelent d\u00edszvend\u00e9gek magyar nyelven osztott\u00e1k meg \u00e9lm\u00e9nyeiket \u00e9s gondolataikat K\u00edna hagyom\u00e1nyos [&hellip;]","og_url":"https:\/\/kinaikaleidoszkop.hu\/index.php\/2023\/12\/15\/a-kinai-civilizacio-fontos-kovetkezmenyei-az-emberiseg-kozos-jovoje-szempontjabol\/","og_site_name":"kinaikaleidoszkop.hu","article_published_time":"2023-12-15T10:23:21+00:00","article_modified_time":"2023-12-20T09:06:25+00:00","og_image":[{"width":1185,"height":692,"url":"https:\/\/kinaikaleidoszkop.hu\/wp-content\/uploads\/2023\/12\/Kepernyokep-2023-12-15-103909.png","type":"image\/png"}],"author":"admin-szabolcs","twitter_card":"summary_large_image","twitter_misc":{"Szerz\u0151:":"admin-szabolcs","Becs\u00fclt olvas\u00e1si id\u0151":"1 perc"},"schema":{"@context":"https:\/\/schema.org","@graph":[{"@type":"WebPage","@id":"https:\/\/kinaikaleidoszkop.hu\/index.php\/2023\/12\/15\/a-kinai-civilizacio-fontos-kovetkezmenyei-az-emberiseg-kozos-jovoje-szempontjabol\/","url":"https:\/\/kinaikaleidoszkop.hu\/index.php\/2023\/12\/15\/a-kinai-civilizacio-fontos-kovetkezmenyei-az-emberiseg-kozos-jovoje-szempontjabol\/","name":"A k\u00ednai civiliz\u00e1ci\u00f3 fontos k\u00f6vetkezm\u00e9nyei az emberis\u00e9g k\u00f6z\u00f6s j\u00f6v\u0151je szempontj\u00e1b\u00f3l - kinaikaleidoszkop.hu","isPartOf":{"@id":"https:\/\/kinaikaleidoszkop.hu\/#website"},"primaryImageOfPage":{"@id":"https:\/\/kinaikaleidoszkop.hu\/index.php\/2023\/12\/15\/a-kinai-civilizacio-fontos-kovetkezmenyei-az-emberiseg-kozos-jovoje-szempontjabol\/#primaryimage"},"image":{"@id":"https:\/\/kinaikaleidoszkop.hu\/index.php\/2023\/12\/15\/a-kinai-civilizacio-fontos-kovetkezmenyei-az-emberiseg-kozos-jovoje-szempontjabol\/#primaryimage"},"thumbnailUrl":"https:\/\/kinaikaleidoszkop.hu\/wp-content\/uploads\/2023\/12\/Kepernyokep-2023-12-15-103909.png","datePublished":"2023-12-15T10:23:21+00:00","dateModified":"2023-12-20T09:06:25+00:00","author":{"@id":"https:\/\/kinaikaleidoszkop.hu\/#\/schema\/person\/b9e2febe742edd540c1197716ec02bf7"},"breadcrumb":{"@id":"https:\/\/kinaikaleidoszkop.hu\/index.php\/2023\/12\/15\/a-kinai-civilizacio-fontos-kovetkezmenyei-az-emberiseg-kozos-jovoje-szempontjabol\/#breadcrumb"},"inLanguage":"hu","potentialAction":[{"@type":"ReadAction","target":["https:\/\/kinaikaleidoszkop.hu\/index.php\/2023\/12\/15\/a-kinai-civilizacio-fontos-kovetkezmenyei-az-emberiseg-kozos-jovoje-szempontjabol\/"]}]},{"@type":"ImageObject","inLanguage":"hu","@id":"https:\/\/kinaikaleidoszkop.hu\/index.php\/2023\/12\/15\/a-kinai-civilizacio-fontos-kovetkezmenyei-az-emberiseg-kozos-jovoje-szempontjabol\/#primaryimage","url":"https:\/\/kinaikaleidoszkop.hu\/wp-content\/uploads\/2023\/12\/Kepernyokep-2023-12-15-103909.png","contentUrl":"https:\/\/kinaikaleidoszkop.hu\/wp-content\/uploads\/2023\/12\/Kepernyokep-2023-12-15-103909.png","width":1185,"height":692},{"@type":"BreadcrumbList","@id":"https:\/\/kinaikaleidoszkop.hu\/index.php\/2023\/12\/15\/a-kinai-civilizacio-fontos-kovetkezmenyei-az-emberiseg-kozos-jovoje-szempontjabol\/#breadcrumb","itemListElement":[{"@type":"ListItem","position":1,"name":"Kezd\u0151lap","item":"https:\/\/kinaikaleidoszkop.hu\/"},{"@type":"ListItem","position":2,"name":"A k\u00ednai civiliz\u00e1ci\u00f3 fontos k\u00f6vetkezm\u00e9nyei az emberis\u00e9g k\u00f6z\u00f6s j\u00f6v\u0151je szempontj\u00e1b\u00f3l"}]},{"@type":"WebSite","@id":"https:\/\/kinaikaleidoszkop.hu\/#website","url":"https:\/\/kinaikaleidoszkop.hu\/","name":"kinaikaleidoszkop.hu","description":"","potentialAction":[{"@type":"SearchAction","target":{"@type":"EntryPoint","urlTemplate":"https:\/\/kinaikaleidoszkop.hu\/?s={search_term_string}"},"query-input":{"@type":"PropertyValueSpecification","valueRequired":true,"valueName":"search_term_string"}}],"inLanguage":"hu"},{"@type":"Person","@id":"https:\/\/kinaikaleidoszkop.hu\/#\/schema\/person\/b9e2febe742edd540c1197716ec02bf7","name":"admin-szabolcs","image":{"@type":"ImageObject","inLanguage":"hu","@id":"https:\/\/kinaikaleidoszkop.hu\/#\/schema\/person\/image\/","url":"https:\/\/secure.gravatar.com\/avatar\/154f262492794df2a6cb5d5349227b18ef8f85ab462fbb32625fc42406483d21?s=96&d=mm&r=g","contentUrl":"https:\/\/secure.gravatar.com\/avatar\/154f262492794df2a6cb5d5349227b18ef8f85ab462fbb32625fc42406483d21?s=96&d=mm&r=g","caption":"admin-szabolcs"},"url":"https:\/\/kinaikaleidoszkop.hu\/index.php\/author\/admin-szabolcs\/"}]}},"views":324,"distributor_meta":false,"distributor_terms":false,"distributor_media":false,"distributor_original_site_name":"kinaikaleidoszkop.hu","distributor_original_site_url":"https:\/\/kinaikaleidoszkop.hu","push-errors":false,"_links":{"self":[{"href":"https:\/\/kinaikaleidoszkop.hu\/index.php\/wp-json\/wp\/v2\/posts\/20441","targetHints":{"allow":["GET"]}}],"collection":[{"href":"https:\/\/kinaikaleidoszkop.hu\/index.php\/wp-json\/wp\/v2\/posts"}],"about":[{"href":"https:\/\/kinaikaleidoszkop.hu\/index.php\/wp-json\/wp\/v2\/types\/post"}],"author":[{"embeddable":true,"href":"https:\/\/kinaikaleidoszkop.hu\/index.php\/wp-json\/wp\/v2\/users\/2"}],"replies":[{"embeddable":true,"href":"https:\/\/kinaikaleidoszkop.hu\/index.php\/wp-json\/wp\/v2\/comments?post=20441"}],"version-history":[{"count":2,"href":"https:\/\/kinaikaleidoszkop.hu\/index.php\/wp-json\/wp\/v2\/posts\/20441\/revisions"}],"predecessor-version":[{"id":20538,"href":"https:\/\/kinaikaleidoszkop.hu\/index.php\/wp-json\/wp\/v2\/posts\/20441\/revisions\/20538"}],"wp:featuredmedia":[{"embeddable":true,"href":"https:\/\/kinaikaleidoszkop.hu\/index.php\/wp-json\/wp\/v2\/media\/20444"}],"wp:attachment":[{"href":"https:\/\/kinaikaleidoszkop.hu\/index.php\/wp-json\/wp\/v2\/media?parent=20441"}],"wp:term":[{"taxonomy":"category","embeddable":true,"href":"https:\/\/kinaikaleidoszkop.hu\/index.php\/wp-json\/wp\/v2\/categories?post=20441"},{"taxonomy":"post_tag","embeddable":true,"href":"https:\/\/kinaikaleidoszkop.hu\/index.php\/wp-json\/wp\/v2\/tags?post=20441"}],"curies":[{"name":"wp","href":"https:\/\/api.w.org\/{rel}","templated":true}]}}