{"id":20479,"date":"2023-12-18T09:26:14","date_gmt":"2023-12-18T08:26:14","guid":{"rendered":"https:\/\/kinaikaleidoszkop.hu\/?p=20479"},"modified":"2023-12-18T16:28:24","modified_gmt":"2023-12-18T15:28:24","slug":"kina-fenntartja-a-kulturalis-bizalmat-a-nyitottsagot-a-kinai-civilizacio-fejlodesehez","status":"publish","type":"post","link":"https:\/\/kinaikaleidoszkop.hu\/index.php\/2023\/12\/18\/kina-fenntartja-a-kulturalis-bizalmat-a-nyitottsagot-a-kinai-civilizacio-fejlodesehez\/","title":{"rendered":"K\u00edna fenntartja a kultur\u00e1lis bizalmat, a nyitotts\u00e1got a k\u00ednai civiliz\u00e1ci\u00f3 fejl\u0151d\u00e9s\u00e9hez"},"content":{"rendered":"\n<p><strong>K\u00edna t\u00f6bb mint 20 orsz\u00e1ggal \u00edrt al\u00e1 egy\u00fcttm\u0171k\u00f6d\u00e9si meg\u00e1llapod\u00e1sokat a kultur\u00e1lis \u00f6r\u00f6ks\u00e9gek ter\u00fclet\u00e9n, m\u0171t\u00e1rgyv\u00e9delmet \u00e9s -helyre\u00e1ll\u00edt\u00e1st, valamint k\u00f6z\u00f6s r\u00e9g\u00e9szeti egy\u00fcttm\u0171k\u00f6d\u00e9st folytatott az \u00d6vezet \u00e9s \u00dat kezdem\u00e9nyez\u00e9sben r\u00e9szt vev\u0151 orsz\u00e1gokkal.<\/strong><\/p>\n\n\n\n<p>A 2019-ben Pekingben rendezett \u00e1zsiai civiliz\u00e1ci\u00f3k p\u00e1rbesz\u00e9d\u00e9r\u0151l sz\u00f3l\u00f3 konferencia sor\u00e1n K\u00edna \u00e1zsiai civiliz\u00e1ci\u00f3s ki\u00e1ll\u00edt\u00e1st tartott, amelyen 49 orsz\u00e1g t\u00f6bb mint 400 kultur\u00e1lis kincs\u00e9t gy\u0171jt\u00f6tt\u00e9k \u00f6ssze, bemutatva \u00c1zsia egyed\u00fcl\u00e1ll\u00f3 var\u00e1zs\u00e1t, valamint el\u0151seg\u00edtve a civiliz\u00e1ci\u00f3k k\u00f6z\u00f6tti k\u00f6lcs\u00f6n\u00f6s tanul\u00e1st \u00e9s k\u00f6z\u00f6s fejl\u0151d\u00e9st.<\/p>\n\n\n\n<figure class=\"wp-block-image size-full\"><img loading=\"lazy\" decoding=\"async\" width=\"1000\" height=\"665\" src=\"https:\/\/kinaikaleidoszkop.hu\/wp-content\/uploads\/2023\/12\/Kina-fenntartja-a-kulturalis-bizalmat.jpg\" alt=\"\" class=\"wp-image-20481\" srcset=\"https:\/\/kinaikaleidoszkop.hu\/wp-content\/uploads\/2023\/12\/Kina-fenntartja-a-kulturalis-bizalmat.jpg 1000w, https:\/\/kinaikaleidoszkop.hu\/wp-content\/uploads\/2023\/12\/Kina-fenntartja-a-kulturalis-bizalmat-300x200.jpg 300w, https:\/\/kinaikaleidoszkop.hu\/wp-content\/uploads\/2023\/12\/Kina-fenntartja-a-kulturalis-bizalmat-768x511.jpg 768w, https:\/\/kinaikaleidoszkop.hu\/wp-content\/uploads\/2023\/12\/Kina-fenntartja-a-kulturalis-bizalmat-414x276.jpg 414w, https:\/\/kinaikaleidoszkop.hu\/wp-content\/uploads\/2023\/12\/Kina-fenntartja-a-kulturalis-bizalmat-470x313.jpg 470w, https:\/\/kinaikaleidoszkop.hu\/wp-content\/uploads\/2023\/12\/Kina-fenntartja-a-kulturalis-bizalmat-640x426.jpg 640w, https:\/\/kinaikaleidoszkop.hu\/wp-content\/uploads\/2023\/12\/Kina-fenntartja-a-kulturalis-bizalmat-130x86.jpg 130w, https:\/\/kinaikaleidoszkop.hu\/wp-content\/uploads\/2023\/12\/Kina-fenntartja-a-kulturalis-bizalmat-187x124.jpg 187w, https:\/\/kinaikaleidoszkop.hu\/wp-content\/uploads\/2023\/12\/Kina-fenntartja-a-kulturalis-bizalmat-990x658.jpg 990w\" sizes=\"auto, (max-width: 1000px) 100vw, 1000px\" \/><\/figure>\n\n\n\n<p>A szombaton \u00e9s vas\u00e1rnap Pekingben tartott konferenci\u00e1n Hszi Csin-ping k\u00ednai \u00e1llameln\u00f6k ir\u00e1nyelveket adott a kultur\u00e1lis munk\u00e1kr\u00f3l, hangs\u00falyozva az er\u0151sebb kultur\u00e1lis bizalom ki\u00e9p\u00edt\u00e9s\u00e9nek sz\u00fcks\u00e9gess\u00e9g\u00e9t, a nyitott \u00e9s befogad\u00f3i attit\u0171d k\u00f6vet\u00e9s\u00e9t.<\/p>\n\n\n\n<p><strong><em>2023. 12. 18.<\/em><\/strong><\/p>\n\n\n\n<p><strong>(China Media Group)<\/strong><\/p>\n\n\n\n<p><strong><em>(x)<\/em><\/strong><\/p>\n","protected":false},"excerpt":{"rendered":"<p>K\u00edna t\u00f6bb mint 20 orsz\u00e1ggal \u00edrt al\u00e1 egy\u00fcttm\u0171k\u00f6d\u00e9si meg\u00e1llapod\u00e1sokat a kultur\u00e1lis \u00f6r\u00f6ks\u00e9gek ter\u00fclet\u00e9n, m\u0171t\u00e1rgyv\u00e9delmet \u00e9s -helyre\u00e1ll\u00edt\u00e1st, valamint k\u00f6z\u00f6s r\u00e9g\u00e9szeti egy\u00fcttm\u0171k\u00f6d\u00e9st folytatott az \u00d6vezet \u00e9s \u00dat kezdem\u00e9nyez\u00e9sben r\u00e9szt vev\u0151 orsz\u00e1gokkal. A 2019-ben Pekingben rendezett \u00e1zsiai civiliz\u00e1ci\u00f3k p\u00e1rbesz\u00e9d\u00e9r\u0151l sz\u00f3l\u00f3 konferencia sor\u00e1n K\u00edna \u00e1zsiai civiliz\u00e1ci\u00f3s ki\u00e1ll\u00edt\u00e1st tartott, amelyen 49 orsz\u00e1g t\u00f6bb mint 400 kultur\u00e1lis kincs\u00e9t gy\u0171jt\u00f6tt\u00e9k \u00f6ssze, bemutatva [&hellip;]<\/p>\n","protected":false},"author":6,"featured_media":20481,"comment_status":"closed","ping_status":"closed","sticky":false,"template":"","format":"standard","meta":{"footnotes":""},"categories":[45],"tags":[949,2182,414,2036,996,3595],"class_list":["post-20479","post","type-post","status-publish","format-standard","has-post-thumbnail","hentry","category-hirek","tag-civilizacio","tag-egyuttmukodesi-megallapodas","tag-fejlodes","tag-kultura","tag-mutargy","tag-mutargyvedelem"],"yoast_head":"<!-- This site is optimized with the Yoast SEO plugin v23.7 - https:\/\/yoast.com\/wordpress\/plugins\/seo\/ -->\n<title>K\u00edna fenntartja a kultur\u00e1lis bizalmat, a nyitotts\u00e1got a k\u00ednai civiliz\u00e1ci\u00f3 fejl\u0151d\u00e9s\u00e9hez - kinaikaleidoszkop.hu<\/title>\n<meta name=\"robots\" content=\"index, follow, max-snippet:-1, max-image-preview:large, max-video-preview:-1\" \/>\n<link rel=\"canonical\" href=\"https:\/\/kinaikaleidoszkop.hu\/index.php\/2023\/12\/18\/kina-fenntartja-a-kulturalis-bizalmat-a-nyitottsagot-a-kinai-civilizacio-fejlodesehez\/\" \/>\n<meta property=\"og:locale\" content=\"hu_HU\" \/>\n<meta property=\"og:type\" content=\"article\" \/>\n<meta property=\"og:title\" content=\"K\u00edna fenntartja a kultur\u00e1lis bizalmat, a nyitotts\u00e1got a k\u00ednai civiliz\u00e1ci\u00f3 fejl\u0151d\u00e9s\u00e9hez - kinaikaleidoszkop.hu\" \/>\n<meta property=\"og:description\" content=\"K\u00edna t\u00f6bb mint 20 orsz\u00e1ggal \u00edrt al\u00e1 egy\u00fcttm\u0171k\u00f6d\u00e9si meg\u00e1llapod\u00e1sokat a kultur\u00e1lis \u00f6r\u00f6ks\u00e9gek ter\u00fclet\u00e9n, m\u0171t\u00e1rgyv\u00e9delmet \u00e9s -helyre\u00e1ll\u00edt\u00e1st, valamint k\u00f6z\u00f6s r\u00e9g\u00e9szeti egy\u00fcttm\u0171k\u00f6d\u00e9st folytatott az \u00d6vezet \u00e9s \u00dat kezdem\u00e9nyez\u00e9sben r\u00e9szt vev\u0151 orsz\u00e1gokkal. A 2019-ben Pekingben rendezett \u00e1zsiai civiliz\u00e1ci\u00f3k p\u00e1rbesz\u00e9d\u00e9r\u0151l sz\u00f3l\u00f3 konferencia sor\u00e1n K\u00edna \u00e1zsiai civiliz\u00e1ci\u00f3s ki\u00e1ll\u00edt\u00e1st tartott, amelyen 49 orsz\u00e1g t\u00f6bb mint 400 kultur\u00e1lis kincs\u00e9t gy\u0171jt\u00f6tt\u00e9k \u00f6ssze, bemutatva [&hellip;]\" \/>\n<meta property=\"og:url\" content=\"https:\/\/kinaikaleidoszkop.hu\/index.php\/2023\/12\/18\/kina-fenntartja-a-kulturalis-bizalmat-a-nyitottsagot-a-kinai-civilizacio-fejlodesehez\/\" \/>\n<meta property=\"og:site_name\" content=\"kinaikaleidoszkop.hu\" \/>\n<meta property=\"article:published_time\" content=\"2023-12-18T08:26:14+00:00\" \/>\n<meta property=\"article:modified_time\" content=\"2023-12-18T15:28:24+00:00\" \/>\n<meta property=\"og:image\" content=\"https:\/\/kinaikaleidoszkop.hu\/wp-content\/uploads\/2023\/12\/Kina-fenntartja-a-kulturalis-bizalmat.jpg\" \/>\n\t<meta property=\"og:image:width\" content=\"1000\" \/>\n\t<meta property=\"og:image:height\" content=\"665\" \/>\n\t<meta property=\"og:image:type\" content=\"image\/jpeg\" \/>\n<meta name=\"author\" content=\"admin-sebi\" \/>\n<meta name=\"twitter:card\" content=\"summary_large_image\" \/>\n<meta name=\"twitter:label1\" content=\"Szerz\u0151:\" \/>\n\t<meta name=\"twitter:data1\" content=\"admin-sebi\" \/>\n\t<meta name=\"twitter:label2\" content=\"Becs\u00fclt olvas\u00e1si id\u0151\" \/>\n\t<meta name=\"twitter:data2\" content=\"1 perc\" \/>\n<script type=\"application\/ld+json\" class=\"yoast-schema-graph\">{\"@context\":\"https:\/\/schema.org\",\"@graph\":[{\"@type\":\"WebPage\",\"@id\":\"https:\/\/kinaikaleidoszkop.hu\/index.php\/2023\/12\/18\/kina-fenntartja-a-kulturalis-bizalmat-a-nyitottsagot-a-kinai-civilizacio-fejlodesehez\/\",\"url\":\"https:\/\/kinaikaleidoszkop.hu\/index.php\/2023\/12\/18\/kina-fenntartja-a-kulturalis-bizalmat-a-nyitottsagot-a-kinai-civilizacio-fejlodesehez\/\",\"name\":\"K\u00edna fenntartja a kultur\u00e1lis bizalmat, a nyitotts\u00e1got a k\u00ednai civiliz\u00e1ci\u00f3 fejl\u0151d\u00e9s\u00e9hez - kinaikaleidoszkop.hu\",\"isPartOf\":{\"@id\":\"https:\/\/kinaikaleidoszkop.hu\/#website\"},\"primaryImageOfPage\":{\"@id\":\"https:\/\/kinaikaleidoszkop.hu\/index.php\/2023\/12\/18\/kina-fenntartja-a-kulturalis-bizalmat-a-nyitottsagot-a-kinai-civilizacio-fejlodesehez\/#primaryimage\"},\"image\":{\"@id\":\"https:\/\/kinaikaleidoszkop.hu\/index.php\/2023\/12\/18\/kina-fenntartja-a-kulturalis-bizalmat-a-nyitottsagot-a-kinai-civilizacio-fejlodesehez\/#primaryimage\"},\"thumbnailUrl\":\"https:\/\/kinaikaleidoszkop.hu\/wp-content\/uploads\/2023\/12\/Kina-fenntartja-a-kulturalis-bizalmat.jpg\",\"datePublished\":\"2023-12-18T08:26:14+00:00\",\"dateModified\":\"2023-12-18T15:28:24+00:00\",\"author\":{\"@id\":\"https:\/\/kinaikaleidoszkop.hu\/#\/schema\/person\/fd215d3a8bab54daeb796ae166f99ea5\"},\"breadcrumb\":{\"@id\":\"https:\/\/kinaikaleidoszkop.hu\/index.php\/2023\/12\/18\/kina-fenntartja-a-kulturalis-bizalmat-a-nyitottsagot-a-kinai-civilizacio-fejlodesehez\/#breadcrumb\"},\"inLanguage\":\"hu\",\"potentialAction\":[{\"@type\":\"ReadAction\",\"target\":[\"https:\/\/kinaikaleidoszkop.hu\/index.php\/2023\/12\/18\/kina-fenntartja-a-kulturalis-bizalmat-a-nyitottsagot-a-kinai-civilizacio-fejlodesehez\/\"]}]},{\"@type\":\"ImageObject\",\"inLanguage\":\"hu\",\"@id\":\"https:\/\/kinaikaleidoszkop.hu\/index.php\/2023\/12\/18\/kina-fenntartja-a-kulturalis-bizalmat-a-nyitottsagot-a-kinai-civilizacio-fejlodesehez\/#primaryimage\",\"url\":\"https:\/\/kinaikaleidoszkop.hu\/wp-content\/uploads\/2023\/12\/Kina-fenntartja-a-kulturalis-bizalmat.jpg\",\"contentUrl\":\"https:\/\/kinaikaleidoszkop.hu\/wp-content\/uploads\/2023\/12\/Kina-fenntartja-a-kulturalis-bizalmat.jpg\",\"width\":1000,\"height\":665},{\"@type\":\"BreadcrumbList\",\"@id\":\"https:\/\/kinaikaleidoszkop.hu\/index.php\/2023\/12\/18\/kina-fenntartja-a-kulturalis-bizalmat-a-nyitottsagot-a-kinai-civilizacio-fejlodesehez\/#breadcrumb\",\"itemListElement\":[{\"@type\":\"ListItem\",\"position\":1,\"name\":\"Kezd\u0151lap\",\"item\":\"https:\/\/kinaikaleidoszkop.hu\/\"},{\"@type\":\"ListItem\",\"position\":2,\"name\":\"K\u00edna fenntartja a kultur\u00e1lis bizalmat, a nyitotts\u00e1got a k\u00ednai civiliz\u00e1ci\u00f3 fejl\u0151d\u00e9s\u00e9hez\"}]},{\"@type\":\"WebSite\",\"@id\":\"https:\/\/kinaikaleidoszkop.hu\/#website\",\"url\":\"https:\/\/kinaikaleidoszkop.hu\/\",\"name\":\"kinaikaleidoszkop.hu\",\"description\":\"\",\"potentialAction\":[{\"@type\":\"SearchAction\",\"target\":{\"@type\":\"EntryPoint\",\"urlTemplate\":\"https:\/\/kinaikaleidoszkop.hu\/?s={search_term_string}\"},\"query-input\":{\"@type\":\"PropertyValueSpecification\",\"valueRequired\":true,\"valueName\":\"search_term_string\"}}],\"inLanguage\":\"hu\"},{\"@type\":\"Person\",\"@id\":\"https:\/\/kinaikaleidoszkop.hu\/#\/schema\/person\/fd215d3a8bab54daeb796ae166f99ea5\",\"name\":\"admin-sebi\",\"image\":{\"@type\":\"ImageObject\",\"inLanguage\":\"hu\",\"@id\":\"https:\/\/kinaikaleidoszkop.hu\/#\/schema\/person\/image\/\",\"url\":\"https:\/\/secure.gravatar.com\/avatar\/b1498042bc4969020b4951f204f963e97c3d7d199f3790c1071adf67c61d0aa5?s=96&d=mm&r=g\",\"contentUrl\":\"https:\/\/secure.gravatar.com\/avatar\/b1498042bc4969020b4951f204f963e97c3d7d199f3790c1071adf67c61d0aa5?s=96&d=mm&r=g\",\"caption\":\"admin-sebi\"},\"url\":\"https:\/\/kinaikaleidoszkop.hu\/index.php\/author\/admin-sebi\/\"}]}<\/script>\n<!-- \/ Yoast SEO plugin. -->","yoast_head_json":{"title":"K\u00edna fenntartja a kultur\u00e1lis bizalmat, a nyitotts\u00e1got a k\u00ednai civiliz\u00e1ci\u00f3 fejl\u0151d\u00e9s\u00e9hez - kinaikaleidoszkop.hu","robots":{"index":"index","follow":"follow","max-snippet":"max-snippet:-1","max-image-preview":"max-image-preview:large","max-video-preview":"max-video-preview:-1"},"canonical":"https:\/\/kinaikaleidoszkop.hu\/index.php\/2023\/12\/18\/kina-fenntartja-a-kulturalis-bizalmat-a-nyitottsagot-a-kinai-civilizacio-fejlodesehez\/","og_locale":"hu_HU","og_type":"article","og_title":"K\u00edna fenntartja a kultur\u00e1lis bizalmat, a nyitotts\u00e1got a k\u00ednai civiliz\u00e1ci\u00f3 fejl\u0151d\u00e9s\u00e9hez - kinaikaleidoszkop.hu","og_description":"K\u00edna t\u00f6bb mint 20 orsz\u00e1ggal \u00edrt al\u00e1 egy\u00fcttm\u0171k\u00f6d\u00e9si meg\u00e1llapod\u00e1sokat a kultur\u00e1lis \u00f6r\u00f6ks\u00e9gek ter\u00fclet\u00e9n, m\u0171t\u00e1rgyv\u00e9delmet \u00e9s -helyre\u00e1ll\u00edt\u00e1st, valamint k\u00f6z\u00f6s r\u00e9g\u00e9szeti egy\u00fcttm\u0171k\u00f6d\u00e9st folytatott az \u00d6vezet \u00e9s \u00dat kezdem\u00e9nyez\u00e9sben r\u00e9szt vev\u0151 orsz\u00e1gokkal. A 2019-ben Pekingben rendezett \u00e1zsiai civiliz\u00e1ci\u00f3k p\u00e1rbesz\u00e9d\u00e9r\u0151l sz\u00f3l\u00f3 konferencia sor\u00e1n K\u00edna \u00e1zsiai civiliz\u00e1ci\u00f3s ki\u00e1ll\u00edt\u00e1st tartott, amelyen 49 orsz\u00e1g t\u00f6bb mint 400 kultur\u00e1lis kincs\u00e9t gy\u0171jt\u00f6tt\u00e9k \u00f6ssze, bemutatva [&hellip;]","og_url":"https:\/\/kinaikaleidoszkop.hu\/index.php\/2023\/12\/18\/kina-fenntartja-a-kulturalis-bizalmat-a-nyitottsagot-a-kinai-civilizacio-fejlodesehez\/","og_site_name":"kinaikaleidoszkop.hu","article_published_time":"2023-12-18T08:26:14+00:00","article_modified_time":"2023-12-18T15:28:24+00:00","og_image":[{"width":1000,"height":665,"url":"https:\/\/kinaikaleidoszkop.hu\/wp-content\/uploads\/2023\/12\/Kina-fenntartja-a-kulturalis-bizalmat.jpg","type":"image\/jpeg"}],"author":"admin-sebi","twitter_card":"summary_large_image","twitter_misc":{"Szerz\u0151:":"admin-sebi","Becs\u00fclt olvas\u00e1si id\u0151":"1 perc"},"schema":{"@context":"https:\/\/schema.org","@graph":[{"@type":"WebPage","@id":"https:\/\/kinaikaleidoszkop.hu\/index.php\/2023\/12\/18\/kina-fenntartja-a-kulturalis-bizalmat-a-nyitottsagot-a-kinai-civilizacio-fejlodesehez\/","url":"https:\/\/kinaikaleidoszkop.hu\/index.php\/2023\/12\/18\/kina-fenntartja-a-kulturalis-bizalmat-a-nyitottsagot-a-kinai-civilizacio-fejlodesehez\/","name":"K\u00edna fenntartja a kultur\u00e1lis bizalmat, a nyitotts\u00e1got a k\u00ednai civiliz\u00e1ci\u00f3 fejl\u0151d\u00e9s\u00e9hez - kinaikaleidoszkop.hu","isPartOf":{"@id":"https:\/\/kinaikaleidoszkop.hu\/#website"},"primaryImageOfPage":{"@id":"https:\/\/kinaikaleidoszkop.hu\/index.php\/2023\/12\/18\/kina-fenntartja-a-kulturalis-bizalmat-a-nyitottsagot-a-kinai-civilizacio-fejlodesehez\/#primaryimage"},"image":{"@id":"https:\/\/kinaikaleidoszkop.hu\/index.php\/2023\/12\/18\/kina-fenntartja-a-kulturalis-bizalmat-a-nyitottsagot-a-kinai-civilizacio-fejlodesehez\/#primaryimage"},"thumbnailUrl":"https:\/\/kinaikaleidoszkop.hu\/wp-content\/uploads\/2023\/12\/Kina-fenntartja-a-kulturalis-bizalmat.jpg","datePublished":"2023-12-18T08:26:14+00:00","dateModified":"2023-12-18T15:28:24+00:00","author":{"@id":"https:\/\/kinaikaleidoszkop.hu\/#\/schema\/person\/fd215d3a8bab54daeb796ae166f99ea5"},"breadcrumb":{"@id":"https:\/\/kinaikaleidoszkop.hu\/index.php\/2023\/12\/18\/kina-fenntartja-a-kulturalis-bizalmat-a-nyitottsagot-a-kinai-civilizacio-fejlodesehez\/#breadcrumb"},"inLanguage":"hu","potentialAction":[{"@type":"ReadAction","target":["https:\/\/kinaikaleidoszkop.hu\/index.php\/2023\/12\/18\/kina-fenntartja-a-kulturalis-bizalmat-a-nyitottsagot-a-kinai-civilizacio-fejlodesehez\/"]}]},{"@type":"ImageObject","inLanguage":"hu","@id":"https:\/\/kinaikaleidoszkop.hu\/index.php\/2023\/12\/18\/kina-fenntartja-a-kulturalis-bizalmat-a-nyitottsagot-a-kinai-civilizacio-fejlodesehez\/#primaryimage","url":"https:\/\/kinaikaleidoszkop.hu\/wp-content\/uploads\/2023\/12\/Kina-fenntartja-a-kulturalis-bizalmat.jpg","contentUrl":"https:\/\/kinaikaleidoszkop.hu\/wp-content\/uploads\/2023\/12\/Kina-fenntartja-a-kulturalis-bizalmat.jpg","width":1000,"height":665},{"@type":"BreadcrumbList","@id":"https:\/\/kinaikaleidoszkop.hu\/index.php\/2023\/12\/18\/kina-fenntartja-a-kulturalis-bizalmat-a-nyitottsagot-a-kinai-civilizacio-fejlodesehez\/#breadcrumb","itemListElement":[{"@type":"ListItem","position":1,"name":"Kezd\u0151lap","item":"https:\/\/kinaikaleidoszkop.hu\/"},{"@type":"ListItem","position":2,"name":"K\u00edna fenntartja a kultur\u00e1lis bizalmat, a nyitotts\u00e1got a k\u00ednai civiliz\u00e1ci\u00f3 fejl\u0151d\u00e9s\u00e9hez"}]},{"@type":"WebSite","@id":"https:\/\/kinaikaleidoszkop.hu\/#website","url":"https:\/\/kinaikaleidoszkop.hu\/","name":"kinaikaleidoszkop.hu","description":"","potentialAction":[{"@type":"SearchAction","target":{"@type":"EntryPoint","urlTemplate":"https:\/\/kinaikaleidoszkop.hu\/?s={search_term_string}"},"query-input":{"@type":"PropertyValueSpecification","valueRequired":true,"valueName":"search_term_string"}}],"inLanguage":"hu"},{"@type":"Person","@id":"https:\/\/kinaikaleidoszkop.hu\/#\/schema\/person\/fd215d3a8bab54daeb796ae166f99ea5","name":"admin-sebi","image":{"@type":"ImageObject","inLanguage":"hu","@id":"https:\/\/kinaikaleidoszkop.hu\/#\/schema\/person\/image\/","url":"https:\/\/secure.gravatar.com\/avatar\/b1498042bc4969020b4951f204f963e97c3d7d199f3790c1071adf67c61d0aa5?s=96&d=mm&r=g","contentUrl":"https:\/\/secure.gravatar.com\/avatar\/b1498042bc4969020b4951f204f963e97c3d7d199f3790c1071adf67c61d0aa5?s=96&d=mm&r=g","caption":"admin-sebi"},"url":"https:\/\/kinaikaleidoszkop.hu\/index.php\/author\/admin-sebi\/"}]}},"views":203,"distributor_meta":false,"distributor_terms":false,"distributor_media":false,"distributor_original_site_name":"kinaikaleidoszkop.hu","distributor_original_site_url":"https:\/\/kinaikaleidoszkop.hu","push-errors":false,"_links":{"self":[{"href":"https:\/\/kinaikaleidoszkop.hu\/index.php\/wp-json\/wp\/v2\/posts\/20479","targetHints":{"allow":["GET"]}}],"collection":[{"href":"https:\/\/kinaikaleidoszkop.hu\/index.php\/wp-json\/wp\/v2\/posts"}],"about":[{"href":"https:\/\/kinaikaleidoszkop.hu\/index.php\/wp-json\/wp\/v2\/types\/post"}],"author":[{"embeddable":true,"href":"https:\/\/kinaikaleidoszkop.hu\/index.php\/wp-json\/wp\/v2\/users\/6"}],"replies":[{"embeddable":true,"href":"https:\/\/kinaikaleidoszkop.hu\/index.php\/wp-json\/wp\/v2\/comments?post=20479"}],"version-history":[{"count":1,"href":"https:\/\/kinaikaleidoszkop.hu\/index.php\/wp-json\/wp\/v2\/posts\/20479\/revisions"}],"predecessor-version":[{"id":20482,"href":"https:\/\/kinaikaleidoszkop.hu\/index.php\/wp-json\/wp\/v2\/posts\/20479\/revisions\/20482"}],"wp:featuredmedia":[{"embeddable":true,"href":"https:\/\/kinaikaleidoszkop.hu\/index.php\/wp-json\/wp\/v2\/media\/20481"}],"wp:attachment":[{"href":"https:\/\/kinaikaleidoszkop.hu\/index.php\/wp-json\/wp\/v2\/media?parent=20479"}],"wp:term":[{"taxonomy":"category","embeddable":true,"href":"https:\/\/kinaikaleidoszkop.hu\/index.php\/wp-json\/wp\/v2\/categories?post=20479"},{"taxonomy":"post_tag","embeddable":true,"href":"https:\/\/kinaikaleidoszkop.hu\/index.php\/wp-json\/wp\/v2\/tags?post=20479"}],"curies":[{"name":"wp","href":"https:\/\/api.w.org\/{rel}","templated":true}]}}