{"id":20525,"date":"2023-12-19T12:32:09","date_gmt":"2023-12-19T11:32:09","guid":{"rendered":"https:\/\/kinaikaleidoszkop.hu\/?p=20525"},"modified":"2023-12-19T12:32:24","modified_gmt":"2023-12-19T11:32:24","slug":"118-ra-nott-a-kinai-gansu-tartomanyi-foldrenges-halalos-aldozatainak-szama","status":"publish","type":"post","link":"https:\/\/kinaikaleidoszkop.hu\/index.php\/2023\/12\/19\/118-ra-nott-a-kinai-gansu-tartomanyi-foldrenges-halalos-aldozatainak-szama\/","title":{"rendered":"118-ra n\u0151tt a k\u00ednai Gansu tartom\u00e1nyi f\u00f6ldreng\u00e9s hal\u00e1los \u00e1ldozatainak sz\u00e1ma"},"content":{"rendered":"\n<p><strong>H\u00e9tf\u0151n \u00e9jf\u00e9lkor egy Richter-sk\u00e1la szerinti 6,2-es er\u0151ss\u00e9g\u0171 f\u00f6ldreng\u00e9s r\u00e1zta meg az \u00e9szaknyugati Gansu tartom\u00e1nyt. A legut\u00f3bbi h\u00edrek szerint 118-an vesztett\u00e9k \u00e9let\u00fcket a f\u00f6ldreng\u00e9sben, amelynek epicentruma a Jishishan r\u00e9gi\u00f3ban 10 km m\u00e9lyben volt. A Gansu tartom\u00e1nyi s\u00fcrg\u0151ss\u00e9gi oszt\u00e1ly sz\u00f3viv\u0151je egy sajt\u00f3t\u00e1j\u00e9koztat\u00f3n azt mondta, hogy kedden 8 \u00f3r\u00e1ig 32 ut\u00f3reng\u00e9st r\u00f6gz\u00edtettek, a legnagyobb 4,0-es er\u0151ss\u00e9g\u0171 volt.<\/strong><\/p>\n\n\n\n<p>A f\u00f6ldreng\u00e9s elpuszt\u00edtott t\u00f6bb vid\u00e9ki utat, egyes ter\u00fcleteken \u00e1ramsz\u00fcneteket \u00e9s t\u00e1vk\u00f6zl\u00e9si hib\u00e1kat okozott.<\/p>\n\n\n\n<p>December 19-\u00e9n d\u00e9lel\u0151tt 11 \u00f3r\u00e1ig Gansu tartom\u00e1nyban a legink\u00e1bb s\u00fajtott ter\u00fcletekre t\u00f6bb mint 1130 ment\u00e9sben r\u00e9sztvev\u0151t, k\u00f6zt\u00fck 564 t\u0171zolt\u00f3t, illetve 236 ment\u0151j\u00e1rm\u0171vet \u00e9s 14 keres\u0151kuty\u00e1t k\u00fcldtek.<\/p>\n\n\n<div class=\"wp-block-image\">\n<figure class=\"aligncenter size-full\"><img loading=\"lazy\" decoding=\"async\" width=\"600\" height=\"450\" src=\"https:\/\/kinaikaleidoszkop.hu\/wp-content\/uploads\/2023\/12\/1219Lea5.jpg\" alt=\"\" class=\"wp-image-20527\" srcset=\"https:\/\/kinaikaleidoszkop.hu\/wp-content\/uploads\/2023\/12\/1219Lea5.jpg 600w, https:\/\/kinaikaleidoszkop.hu\/wp-content\/uploads\/2023\/12\/1219Lea5-300x225.jpg 300w, https:\/\/kinaikaleidoszkop.hu\/wp-content\/uploads\/2023\/12\/1219Lea5-74x55.jpg 74w, https:\/\/kinaikaleidoszkop.hu\/wp-content\/uploads\/2023\/12\/1219Lea5-111x83.jpg 111w, https:\/\/kinaikaleidoszkop.hu\/wp-content\/uploads\/2023\/12\/1219Lea5-215x161.jpg 215w\" sizes=\"auto, (max-width: 600px) 100vw, 600px\" \/><\/figure>\n<\/div>\n\n\n<p>Mivel az epicentrum Gansu \u00e9s Qinghai tartom\u00e1ny hat\u00e1r\u00e1n fekszik, Qinghai tartom\u00e1nyban is van 13 hal\u00e1los \u00e1ldozat, k\u00f6zel k\u00e9tsz\u00e1zan s\u00e9r\u00fcltek meg \u00e9s 20-an elt\u0171ntek a f\u00f6ldreng\u00e9sben. A Qinghai tartom\u00e1nyi V\u00f6r\u00f6skereszt II. fokozat\u00fa v\u00e1laszmechanizmust ind\u00edtott el, ment\u0151csapatot \u00e9s \u00e9lelmiszert sz\u00e1ll\u00edt\u00f3 teheraut\u00f3kat k\u00fcld\u00f6tt a f\u00f6ldreng\u00e9s s\u00fajtotta ter\u00fcletekre. Emellett az els\u0151 100 ezer j\u00fcan adom\u00e1nyt, 200 s\u00e1trat, 600 \u00f6sszecsukhat\u00f3 \u00e1gyat, takar\u00f3kat, t\u00e9li bund\u00e1kat, \u00f6sszesen 1,1 milli\u00f3 j\u00fcan \u00e9rt\u00e9k\u0171 s\u00fcrg\u0151ss\u00e9gi seg\u00e9lysz\u00e1ll\u00edtm\u00e1nyt k\u00fcld\u00f6tt Haidong v\u00e1rosba.<\/p>\n\n\n\n<p>Kedden d\u00e9lig a szomsz\u00e9dos Szecsuan tartom\u00e1ny 12 orvosb\u00f3l \u00e1ll\u00f3 szak\u00e9rt\u0151csapata is meg\u00e9rzett Qinghaiba ment\u00e9si munk\u00e1ra.<\/p>\n\n\n\n<p>Aznap d\u00e9lel\u0151tt a K\u00ednai Ifj\u00fas\u00e1gi Fejleszt\u00e9si Alap\u00edtv\u00e1ny az els\u0151 egymilli\u00f3 j\u00fcanos adom\u00e1nyt k\u00fcldte a Gansu tartom\u00e1nyi Kommunista Ifj\u00fas\u00e1gi Sz\u00f6vets\u00e9gnek a katasztr\u00f3fa k\u00f6vetkezm\u00e9nyeinek elh\u00e1r\u00edt\u00e1s\u00e1ra.<\/p>\n\n\n\n<p><strong><em>2023. 12. 19.<\/em><\/strong><\/p>\n\n\n\n<p><strong>(China Media Group)<\/strong><\/p>\n\n\n\n<p><strong><em>(x)<\/em><\/strong><\/p>\n","protected":false},"excerpt":{"rendered":"<p>H\u00e9tf\u0151n \u00e9jf\u00e9lkor egy Richter-sk\u00e1la szerinti 6,2-es er\u0151ss\u00e9g\u0171 f\u00f6ldreng\u00e9s r\u00e1zta meg az \u00e9szaknyugati Gansu tartom\u00e1nyt. A legut\u00f3bbi h\u00edrek szerint 118-an vesztett\u00e9k \u00e9let\u00fcket a f\u00f6ldreng\u00e9sben, amelynek epicentruma a Jishishan r\u00e9gi\u00f3ban 10 km m\u00e9lyben volt. A Gansu tartom\u00e1nyi s\u00fcrg\u0151ss\u00e9gi oszt\u00e1ly sz\u00f3viv\u0151je egy sajt\u00f3t\u00e1j\u00e9koztat\u00f3n azt mondta, hogy kedden 8 \u00f3r\u00e1ig 32 ut\u00f3reng\u00e9st r\u00f6gz\u00edtettek, a legnagyobb 4,0-es er\u0151ss\u00e9g\u0171 volt. A [&hellip;]<\/p>\n","protected":false},"author":6,"featured_media":20527,"comment_status":"closed","ping_status":"closed","sticky":false,"template":"","format":"standard","meta":{"footnotes":""},"categories":[45],"tags":[889,3602,3603,717,3328],"class_list":["post-20525","post","type-post","status-publish","format-standard","has-post-thumbnail","hentry","category-hirek","tag-foldrenges","tag-gansu-tartomany","tag-halalos-aldozatok","tag-katasztrofa","tag-termeszeti-katasztrofa"],"yoast_head":"<!-- This site is optimized with the Yoast SEO plugin v23.7 - https:\/\/yoast.com\/wordpress\/plugins\/seo\/ -->\n<title>118-ra n\u0151tt a k\u00ednai Gansu tartom\u00e1nyi f\u00f6ldreng\u00e9s hal\u00e1los \u00e1ldozatainak sz\u00e1ma - kinaikaleidoszkop.hu<\/title>\n<meta name=\"robots\" content=\"index, follow, max-snippet:-1, max-image-preview:large, max-video-preview:-1\" \/>\n<link rel=\"canonical\" href=\"https:\/\/kinaikaleidoszkop.hu\/index.php\/2023\/12\/19\/118-ra-nott-a-kinai-gansu-tartomanyi-foldrenges-halalos-aldozatainak-szama\/\" \/>\n<meta property=\"og:locale\" content=\"hu_HU\" \/>\n<meta property=\"og:type\" content=\"article\" \/>\n<meta property=\"og:title\" content=\"118-ra n\u0151tt a k\u00ednai Gansu tartom\u00e1nyi f\u00f6ldreng\u00e9s hal\u00e1los \u00e1ldozatainak sz\u00e1ma - kinaikaleidoszkop.hu\" \/>\n<meta property=\"og:description\" content=\"H\u00e9tf\u0151n \u00e9jf\u00e9lkor egy Richter-sk\u00e1la szerinti 6,2-es er\u0151ss\u00e9g\u0171 f\u00f6ldreng\u00e9s r\u00e1zta meg az \u00e9szaknyugati Gansu tartom\u00e1nyt. A legut\u00f3bbi h\u00edrek szerint 118-an vesztett\u00e9k \u00e9let\u00fcket a f\u00f6ldreng\u00e9sben, amelynek epicentruma a Jishishan r\u00e9gi\u00f3ban 10 km m\u00e9lyben volt. A Gansu tartom\u00e1nyi s\u00fcrg\u0151ss\u00e9gi oszt\u00e1ly sz\u00f3viv\u0151je egy sajt\u00f3t\u00e1j\u00e9koztat\u00f3n azt mondta, hogy kedden 8 \u00f3r\u00e1ig 32 ut\u00f3reng\u00e9st r\u00f6gz\u00edtettek, a legnagyobb 4,0-es er\u0151ss\u00e9g\u0171 volt. A [&hellip;]\" \/>\n<meta property=\"og:url\" content=\"https:\/\/kinaikaleidoszkop.hu\/index.php\/2023\/12\/19\/118-ra-nott-a-kinai-gansu-tartomanyi-foldrenges-halalos-aldozatainak-szama\/\" \/>\n<meta property=\"og:site_name\" content=\"kinaikaleidoszkop.hu\" \/>\n<meta property=\"article:published_time\" content=\"2023-12-19T11:32:09+00:00\" \/>\n<meta property=\"article:modified_time\" content=\"2023-12-19T11:32:24+00:00\" \/>\n<meta property=\"og:image\" content=\"https:\/\/kinaikaleidoszkop.hu\/wp-content\/uploads\/2023\/12\/1219Lea5.jpg\" \/>\n\t<meta property=\"og:image:width\" content=\"600\" \/>\n\t<meta property=\"og:image:height\" content=\"450\" \/>\n\t<meta property=\"og:image:type\" content=\"image\/jpeg\" \/>\n<meta name=\"author\" content=\"admin-sebi\" \/>\n<meta name=\"twitter:card\" content=\"summary_large_image\" \/>\n<meta name=\"twitter:label1\" content=\"Szerz\u0151:\" \/>\n\t<meta name=\"twitter:data1\" content=\"admin-sebi\" \/>\n\t<meta name=\"twitter:label2\" content=\"Becs\u00fclt olvas\u00e1si id\u0151\" \/>\n\t<meta name=\"twitter:data2\" content=\"2 perc\" \/>\n<script type=\"application\/ld+json\" class=\"yoast-schema-graph\">{\"@context\":\"https:\/\/schema.org\",\"@graph\":[{\"@type\":\"WebPage\",\"@id\":\"https:\/\/kinaikaleidoszkop.hu\/index.php\/2023\/12\/19\/118-ra-nott-a-kinai-gansu-tartomanyi-foldrenges-halalos-aldozatainak-szama\/\",\"url\":\"https:\/\/kinaikaleidoszkop.hu\/index.php\/2023\/12\/19\/118-ra-nott-a-kinai-gansu-tartomanyi-foldrenges-halalos-aldozatainak-szama\/\",\"name\":\"118-ra n\u0151tt a k\u00ednai Gansu tartom\u00e1nyi f\u00f6ldreng\u00e9s hal\u00e1los \u00e1ldozatainak sz\u00e1ma - kinaikaleidoszkop.hu\",\"isPartOf\":{\"@id\":\"https:\/\/kinaikaleidoszkop.hu\/#website\"},\"primaryImageOfPage\":{\"@id\":\"https:\/\/kinaikaleidoszkop.hu\/index.php\/2023\/12\/19\/118-ra-nott-a-kinai-gansu-tartomanyi-foldrenges-halalos-aldozatainak-szama\/#primaryimage\"},\"image\":{\"@id\":\"https:\/\/kinaikaleidoszkop.hu\/index.php\/2023\/12\/19\/118-ra-nott-a-kinai-gansu-tartomanyi-foldrenges-halalos-aldozatainak-szama\/#primaryimage\"},\"thumbnailUrl\":\"https:\/\/kinaikaleidoszkop.hu\/wp-content\/uploads\/2023\/12\/1219Lea5.jpg\",\"datePublished\":\"2023-12-19T11:32:09+00:00\",\"dateModified\":\"2023-12-19T11:32:24+00:00\",\"author\":{\"@id\":\"https:\/\/kinaikaleidoszkop.hu\/#\/schema\/person\/fd215d3a8bab54daeb796ae166f99ea5\"},\"breadcrumb\":{\"@id\":\"https:\/\/kinaikaleidoszkop.hu\/index.php\/2023\/12\/19\/118-ra-nott-a-kinai-gansu-tartomanyi-foldrenges-halalos-aldozatainak-szama\/#breadcrumb\"},\"inLanguage\":\"hu\",\"potentialAction\":[{\"@type\":\"ReadAction\",\"target\":[\"https:\/\/kinaikaleidoszkop.hu\/index.php\/2023\/12\/19\/118-ra-nott-a-kinai-gansu-tartomanyi-foldrenges-halalos-aldozatainak-szama\/\"]}]},{\"@type\":\"ImageObject\",\"inLanguage\":\"hu\",\"@id\":\"https:\/\/kinaikaleidoszkop.hu\/index.php\/2023\/12\/19\/118-ra-nott-a-kinai-gansu-tartomanyi-foldrenges-halalos-aldozatainak-szama\/#primaryimage\",\"url\":\"https:\/\/kinaikaleidoszkop.hu\/wp-content\/uploads\/2023\/12\/1219Lea5.jpg\",\"contentUrl\":\"https:\/\/kinaikaleidoszkop.hu\/wp-content\/uploads\/2023\/12\/1219Lea5.jpg\",\"width\":600,\"height\":450},{\"@type\":\"BreadcrumbList\",\"@id\":\"https:\/\/kinaikaleidoszkop.hu\/index.php\/2023\/12\/19\/118-ra-nott-a-kinai-gansu-tartomanyi-foldrenges-halalos-aldozatainak-szama\/#breadcrumb\",\"itemListElement\":[{\"@type\":\"ListItem\",\"position\":1,\"name\":\"Kezd\u0151lap\",\"item\":\"https:\/\/kinaikaleidoszkop.hu\/\"},{\"@type\":\"ListItem\",\"position\":2,\"name\":\"118-ra n\u0151tt a k\u00ednai Gansu tartom\u00e1nyi f\u00f6ldreng\u00e9s hal\u00e1los \u00e1ldozatainak sz\u00e1ma\"}]},{\"@type\":\"WebSite\",\"@id\":\"https:\/\/kinaikaleidoszkop.hu\/#website\",\"url\":\"https:\/\/kinaikaleidoszkop.hu\/\",\"name\":\"kinaikaleidoszkop.hu\",\"description\":\"\",\"potentialAction\":[{\"@type\":\"SearchAction\",\"target\":{\"@type\":\"EntryPoint\",\"urlTemplate\":\"https:\/\/kinaikaleidoszkop.hu\/?s={search_term_string}\"},\"query-input\":{\"@type\":\"PropertyValueSpecification\",\"valueRequired\":true,\"valueName\":\"search_term_string\"}}],\"inLanguage\":\"hu\"},{\"@type\":\"Person\",\"@id\":\"https:\/\/kinaikaleidoszkop.hu\/#\/schema\/person\/fd215d3a8bab54daeb796ae166f99ea5\",\"name\":\"admin-sebi\",\"image\":{\"@type\":\"ImageObject\",\"inLanguage\":\"hu\",\"@id\":\"https:\/\/kinaikaleidoszkop.hu\/#\/schema\/person\/image\/\",\"url\":\"https:\/\/secure.gravatar.com\/avatar\/b1498042bc4969020b4951f204f963e97c3d7d199f3790c1071adf67c61d0aa5?s=96&d=mm&r=g\",\"contentUrl\":\"https:\/\/secure.gravatar.com\/avatar\/b1498042bc4969020b4951f204f963e97c3d7d199f3790c1071adf67c61d0aa5?s=96&d=mm&r=g\",\"caption\":\"admin-sebi\"},\"url\":\"https:\/\/kinaikaleidoszkop.hu\/index.php\/author\/admin-sebi\/\"}]}<\/script>\n<!-- \/ Yoast SEO plugin. -->","yoast_head_json":{"title":"118-ra n\u0151tt a k\u00ednai Gansu tartom\u00e1nyi f\u00f6ldreng\u00e9s hal\u00e1los \u00e1ldozatainak sz\u00e1ma - kinaikaleidoszkop.hu","robots":{"index":"index","follow":"follow","max-snippet":"max-snippet:-1","max-image-preview":"max-image-preview:large","max-video-preview":"max-video-preview:-1"},"canonical":"https:\/\/kinaikaleidoszkop.hu\/index.php\/2023\/12\/19\/118-ra-nott-a-kinai-gansu-tartomanyi-foldrenges-halalos-aldozatainak-szama\/","og_locale":"hu_HU","og_type":"article","og_title":"118-ra n\u0151tt a k\u00ednai Gansu tartom\u00e1nyi f\u00f6ldreng\u00e9s hal\u00e1los \u00e1ldozatainak sz\u00e1ma - kinaikaleidoszkop.hu","og_description":"H\u00e9tf\u0151n \u00e9jf\u00e9lkor egy Richter-sk\u00e1la szerinti 6,2-es er\u0151ss\u00e9g\u0171 f\u00f6ldreng\u00e9s r\u00e1zta meg az \u00e9szaknyugati Gansu tartom\u00e1nyt. A legut\u00f3bbi h\u00edrek szerint 118-an vesztett\u00e9k \u00e9let\u00fcket a f\u00f6ldreng\u00e9sben, amelynek epicentruma a Jishishan r\u00e9gi\u00f3ban 10 km m\u00e9lyben volt. A Gansu tartom\u00e1nyi s\u00fcrg\u0151ss\u00e9gi oszt\u00e1ly sz\u00f3viv\u0151je egy sajt\u00f3t\u00e1j\u00e9koztat\u00f3n azt mondta, hogy kedden 8 \u00f3r\u00e1ig 32 ut\u00f3reng\u00e9st r\u00f6gz\u00edtettek, a legnagyobb 4,0-es er\u0151ss\u00e9g\u0171 volt. A [&hellip;]","og_url":"https:\/\/kinaikaleidoszkop.hu\/index.php\/2023\/12\/19\/118-ra-nott-a-kinai-gansu-tartomanyi-foldrenges-halalos-aldozatainak-szama\/","og_site_name":"kinaikaleidoszkop.hu","article_published_time":"2023-12-19T11:32:09+00:00","article_modified_time":"2023-12-19T11:32:24+00:00","og_image":[{"width":600,"height":450,"url":"https:\/\/kinaikaleidoszkop.hu\/wp-content\/uploads\/2023\/12\/1219Lea5.jpg","type":"image\/jpeg"}],"author":"admin-sebi","twitter_card":"summary_large_image","twitter_misc":{"Szerz\u0151:":"admin-sebi","Becs\u00fclt olvas\u00e1si id\u0151":"2 perc"},"schema":{"@context":"https:\/\/schema.org","@graph":[{"@type":"WebPage","@id":"https:\/\/kinaikaleidoszkop.hu\/index.php\/2023\/12\/19\/118-ra-nott-a-kinai-gansu-tartomanyi-foldrenges-halalos-aldozatainak-szama\/","url":"https:\/\/kinaikaleidoszkop.hu\/index.php\/2023\/12\/19\/118-ra-nott-a-kinai-gansu-tartomanyi-foldrenges-halalos-aldozatainak-szama\/","name":"118-ra n\u0151tt a k\u00ednai Gansu tartom\u00e1nyi f\u00f6ldreng\u00e9s hal\u00e1los \u00e1ldozatainak sz\u00e1ma - kinaikaleidoszkop.hu","isPartOf":{"@id":"https:\/\/kinaikaleidoszkop.hu\/#website"},"primaryImageOfPage":{"@id":"https:\/\/kinaikaleidoszkop.hu\/index.php\/2023\/12\/19\/118-ra-nott-a-kinai-gansu-tartomanyi-foldrenges-halalos-aldozatainak-szama\/#primaryimage"},"image":{"@id":"https:\/\/kinaikaleidoszkop.hu\/index.php\/2023\/12\/19\/118-ra-nott-a-kinai-gansu-tartomanyi-foldrenges-halalos-aldozatainak-szama\/#primaryimage"},"thumbnailUrl":"https:\/\/kinaikaleidoszkop.hu\/wp-content\/uploads\/2023\/12\/1219Lea5.jpg","datePublished":"2023-12-19T11:32:09+00:00","dateModified":"2023-12-19T11:32:24+00:00","author":{"@id":"https:\/\/kinaikaleidoszkop.hu\/#\/schema\/person\/fd215d3a8bab54daeb796ae166f99ea5"},"breadcrumb":{"@id":"https:\/\/kinaikaleidoszkop.hu\/index.php\/2023\/12\/19\/118-ra-nott-a-kinai-gansu-tartomanyi-foldrenges-halalos-aldozatainak-szama\/#breadcrumb"},"inLanguage":"hu","potentialAction":[{"@type":"ReadAction","target":["https:\/\/kinaikaleidoszkop.hu\/index.php\/2023\/12\/19\/118-ra-nott-a-kinai-gansu-tartomanyi-foldrenges-halalos-aldozatainak-szama\/"]}]},{"@type":"ImageObject","inLanguage":"hu","@id":"https:\/\/kinaikaleidoszkop.hu\/index.php\/2023\/12\/19\/118-ra-nott-a-kinai-gansu-tartomanyi-foldrenges-halalos-aldozatainak-szama\/#primaryimage","url":"https:\/\/kinaikaleidoszkop.hu\/wp-content\/uploads\/2023\/12\/1219Lea5.jpg","contentUrl":"https:\/\/kinaikaleidoszkop.hu\/wp-content\/uploads\/2023\/12\/1219Lea5.jpg","width":600,"height":450},{"@type":"BreadcrumbList","@id":"https:\/\/kinaikaleidoszkop.hu\/index.php\/2023\/12\/19\/118-ra-nott-a-kinai-gansu-tartomanyi-foldrenges-halalos-aldozatainak-szama\/#breadcrumb","itemListElement":[{"@type":"ListItem","position":1,"name":"Kezd\u0151lap","item":"https:\/\/kinaikaleidoszkop.hu\/"},{"@type":"ListItem","position":2,"name":"118-ra n\u0151tt a k\u00ednai Gansu tartom\u00e1nyi f\u00f6ldreng\u00e9s hal\u00e1los \u00e1ldozatainak sz\u00e1ma"}]},{"@type":"WebSite","@id":"https:\/\/kinaikaleidoszkop.hu\/#website","url":"https:\/\/kinaikaleidoszkop.hu\/","name":"kinaikaleidoszkop.hu","description":"","potentialAction":[{"@type":"SearchAction","target":{"@type":"EntryPoint","urlTemplate":"https:\/\/kinaikaleidoszkop.hu\/?s={search_term_string}"},"query-input":{"@type":"PropertyValueSpecification","valueRequired":true,"valueName":"search_term_string"}}],"inLanguage":"hu"},{"@type":"Person","@id":"https:\/\/kinaikaleidoszkop.hu\/#\/schema\/person\/fd215d3a8bab54daeb796ae166f99ea5","name":"admin-sebi","image":{"@type":"ImageObject","inLanguage":"hu","@id":"https:\/\/kinaikaleidoszkop.hu\/#\/schema\/person\/image\/","url":"https:\/\/secure.gravatar.com\/avatar\/b1498042bc4969020b4951f204f963e97c3d7d199f3790c1071adf67c61d0aa5?s=96&d=mm&r=g","contentUrl":"https:\/\/secure.gravatar.com\/avatar\/b1498042bc4969020b4951f204f963e97c3d7d199f3790c1071adf67c61d0aa5?s=96&d=mm&r=g","caption":"admin-sebi"},"url":"https:\/\/kinaikaleidoszkop.hu\/index.php\/author\/admin-sebi\/"}]}},"views":222,"distributor_meta":false,"distributor_terms":false,"distributor_media":false,"distributor_original_site_name":"kinaikaleidoszkop.hu","distributor_original_site_url":"https:\/\/kinaikaleidoszkop.hu","push-errors":false,"_links":{"self":[{"href":"https:\/\/kinaikaleidoszkop.hu\/index.php\/wp-json\/wp\/v2\/posts\/20525","targetHints":{"allow":["GET"]}}],"collection":[{"href":"https:\/\/kinaikaleidoszkop.hu\/index.php\/wp-json\/wp\/v2\/posts"}],"about":[{"href":"https:\/\/kinaikaleidoszkop.hu\/index.php\/wp-json\/wp\/v2\/types\/post"}],"author":[{"embeddable":true,"href":"https:\/\/kinaikaleidoszkop.hu\/index.php\/wp-json\/wp\/v2\/users\/6"}],"replies":[{"embeddable":true,"href":"https:\/\/kinaikaleidoszkop.hu\/index.php\/wp-json\/wp\/v2\/comments?post=20525"}],"version-history":[{"count":1,"href":"https:\/\/kinaikaleidoszkop.hu\/index.php\/wp-json\/wp\/v2\/posts\/20525\/revisions"}],"predecessor-version":[{"id":20528,"href":"https:\/\/kinaikaleidoszkop.hu\/index.php\/wp-json\/wp\/v2\/posts\/20525\/revisions\/20528"}],"wp:featuredmedia":[{"embeddable":true,"href":"https:\/\/kinaikaleidoszkop.hu\/index.php\/wp-json\/wp\/v2\/media\/20527"}],"wp:attachment":[{"href":"https:\/\/kinaikaleidoszkop.hu\/index.php\/wp-json\/wp\/v2\/media?parent=20525"}],"wp:term":[{"taxonomy":"category","embeddable":true,"href":"https:\/\/kinaikaleidoszkop.hu\/index.php\/wp-json\/wp\/v2\/categories?post=20525"},{"taxonomy":"post_tag","embeddable":true,"href":"https:\/\/kinaikaleidoszkop.hu\/index.php\/wp-json\/wp\/v2\/tags?post=20525"}],"curies":[{"name":"wp","href":"https:\/\/api.w.org\/{rel}","templated":true}]}}