{"id":20532,"date":"2023-12-20T09:50:36","date_gmt":"2023-12-20T08:50:36","guid":{"rendered":"https:\/\/kinaikaleidoszkop.hu\/?p=20532"},"modified":"2023-12-20T09:50:37","modified_gmt":"2023-12-20T08:50:37","slug":"hszi-csin-ping-talalkozott-az-orosz-miniszterelnokkel","status":"publish","type":"post","link":"https:\/\/kinaikaleidoszkop.hu\/index.php\/2023\/12\/20\/hszi-csin-ping-talalkozott-az-orosz-miniszterelnokkel\/","title":{"rendered":"Hszi Csin-ping tal\u00e1lkozott az orosz minisztereln\u00f6kkel"},"content":{"rendered":"\n<p><strong>Hszi Csin-ping k\u00ednai eln\u00f6k szerd\u00e1n Pekingben tal\u00e1lkozott Mihail Misusztyin&nbsp;orosz minisztereln\u00f6kkel.<\/strong><\/p>\n\n\n\n<p>Hszi a tal\u00e1lkoz\u00f3n megjegyezte, hogy ez \u00e9v eleje \u00f3ta k\u00e9tszer tal\u00e1lkozott Putyin eln\u00f6kkel, tov\u00e1bb\u00e1 elmondta, hogy a k\u00e9t orsz\u00e1g korm\u00e1nya, t\u00f6rv\u00e9nyhoz\u00f3 test\u00fcletei \u00e9s politikai p\u00e1rtjai m\u00e9lyrehat\u00f3 eszmecser\u00e9ket folytattak egym\u00e1ssal, \u00e9s a pragmatikus egy\u00fcttm\u0171k\u00f6d\u00e9sek a k\u00fcl\u00f6nb\u00f6z\u0151 ter\u00fcleteken szil\u00e1rdan \u00e9s stabilan fejl\u0151dtek.<\/p>\n\n\n\n<p>Hszi hangs\u00falyozta, hogy az idei \u00e9v els\u0151 11 h\u00f3napj\u00e1ban a K\u00edna \u00e9s Oroszorsz\u00e1g k\u00f6z\u00f6tti k\u00e9toldal\u00fa kereskedelem volumene el\u00e9rte a k\u00e9t \u00e1llamf\u0151 \u00e1ltal k\u00f6z\u00f6sen kit\u0171z\u00f6tt 200 milli\u00e1rd doll\u00e1ros \u00e9ves kereskedelmi c\u00e9lt, ami a k\u00e9t orsz\u00e1g k\u00f6z\u00f6tti k\u00f6lcs\u00f6n\u00f6sen el\u0151ny\u00f6s egy\u00fcttm\u0171k\u00f6d\u00e9s sz\u00e9les lehet\u0151s\u00e9geit mutatja. A k\u00ednai\u2013orosz kapcsolatok fenntart\u00e1sa \u00e9s fejleszt\u00e9se mindk\u00e9t f\u00e9l strat\u00e9giai d\u00f6nt\u00e9se \u00e9s a k\u00e9t n\u00e9p alapvet\u0151 \u00e9rdekein alapul \u2013 hangoztatta a k\u00ednai eln\u00f6k.<\/p>\n\n\n\n<figure class=\"wp-block-image\"><img decoding=\"async\" src=\"https:\/\/hirpest.hu\/wp-content\/uploads\/2023\/12\/xjp\u4fc4\u7f57\u65af\u603b\u7406.jpg\" alt=\"\" class=\"wp-image-20319\"\/><\/figure>\n\n\n\n<p>K\u00edna t\u00e1mogatja az orosz n\u00e9pet abban, hogy a saj\u00e1t maga \u00e1ltal v\u00e1lasztott fejl\u0151d\u00e9si \u00faton haladjon, mondta Hszi, rem\u00e9ny\u00e9t fejezve ki, hogy a K\u00edna \u00e9s Oroszorsz\u00e1g k\u00f6z\u00f6tti diplom\u00e1ciai kapcsolatok felv\u00e9tel\u00e9nek j\u00f6v\u0151 \u00e9vi 75. \u00e9vfordul\u00f3j\u00e1t \u00faj kiindul\u00f3pontnak tekintik a magas szint\u0171 politikai kapcsolatok pozit\u00edv hat\u00e1sainak folyamatos b\u0151v\u00edt\u00e9s\u00e9hez, \u00e9s k\u00f6z\u00f6sen haladnak el\u0151re a gazdas\u00e1gi \u00e9s t\u00e1rsadalmi fejl\u0151d\u00e9s \u00e1tfog\u00f3 el\u0151mozd\u00edt\u00e1s\u00e1nak \u00e9s a nemzeti meg\u00fajul\u00e1s megval\u00f3s\u00edt\u00e1s\u00e1nak folyamat\u00e1ban.<\/p>\n\n\n\n<p><strong><em>(Zhou Huiwen \u2013 China Media Group)<\/em><\/strong><\/p>\n\n\n\n<p><strong>2023. december 20.<\/strong><\/p>\n\n\n\n<p><strong><em>(x)<\/em><\/strong><\/p>\n","protected":false},"excerpt":{"rendered":"<p>Hszi Csin-ping k\u00ednai eln\u00f6k szerd\u00e1n Pekingben tal\u00e1lkozott Mihail Misusztyin&nbsp;orosz minisztereln\u00f6kkel. Hszi a tal\u00e1lkoz\u00f3n megjegyezte, hogy ez \u00e9v eleje \u00f3ta k\u00e9tszer tal\u00e1lkozott Putyin eln\u00f6kkel, tov\u00e1bb\u00e1 elmondta, hogy a k\u00e9t orsz\u00e1g korm\u00e1nya, t\u00f6rv\u00e9nyhoz\u00f3 test\u00fcletei \u00e9s politikai p\u00e1rtjai m\u00e9lyrehat\u00f3 eszmecser\u00e9ket folytattak egym\u00e1ssal, \u00e9s a pragmatikus egy\u00fcttm\u0171k\u00f6d\u00e9sek a k\u00fcl\u00f6nb\u00f6z\u0151 ter\u00fcleteken szil\u00e1rdan \u00e9s stabilan fejl\u0151dtek. Hszi hangs\u00falyozta, hogy az idei [&hellip;]<\/p>\n","protected":false},"author":2,"featured_media":20535,"comment_status":"closed","ping_status":"closed","sticky":false,"template":"","format":"standard","meta":{"footnotes":""},"categories":[45],"tags":[576,273,305,1501,326,474,2445,3604,476,141],"class_list":["post-20532","post","type-post","status-publish","format-standard","has-post-thumbnail","hentry","category-hirek","tag-diplomaciai-kapcsolatok","tag-egyuttmukodes","tag-hszi-csin-ping","tag-kereskedelem","tag-kinai-allamelnok","tag-kinai-orosz-kapcsolatok","tag-mihail-misusztyin","tag-orosz-miniszterelnok","tag-oroszorszag","tag-peking"],"yoast_head":"<!-- This site is optimized with the Yoast SEO plugin v23.7 - https:\/\/yoast.com\/wordpress\/plugins\/seo\/ -->\n<title>Hszi Csin-ping tal\u00e1lkozott az orosz minisztereln\u00f6kkel - kinaikaleidoszkop.hu<\/title>\n<meta name=\"robots\" content=\"index, follow, max-snippet:-1, max-image-preview:large, max-video-preview:-1\" \/>\n<link rel=\"canonical\" href=\"https:\/\/kinaikaleidoszkop.hu\/index.php\/2023\/12\/20\/hszi-csin-ping-talalkozott-az-orosz-miniszterelnokkel\/\" \/>\n<meta property=\"og:locale\" content=\"hu_HU\" \/>\n<meta property=\"og:type\" content=\"article\" \/>\n<meta property=\"og:title\" content=\"Hszi Csin-ping tal\u00e1lkozott az orosz minisztereln\u00f6kkel - kinaikaleidoszkop.hu\" \/>\n<meta property=\"og:description\" content=\"Hszi Csin-ping k\u00ednai eln\u00f6k szerd\u00e1n Pekingben tal\u00e1lkozott Mihail Misusztyin&nbsp;orosz minisztereln\u00f6kkel. Hszi a tal\u00e1lkoz\u00f3n megjegyezte, hogy ez \u00e9v eleje \u00f3ta k\u00e9tszer tal\u00e1lkozott Putyin eln\u00f6kkel, tov\u00e1bb\u00e1 elmondta, hogy a k\u00e9t orsz\u00e1g korm\u00e1nya, t\u00f6rv\u00e9nyhoz\u00f3 test\u00fcletei \u00e9s politikai p\u00e1rtjai m\u00e9lyrehat\u00f3 eszmecser\u00e9ket folytattak egym\u00e1ssal, \u00e9s a pragmatikus egy\u00fcttm\u0171k\u00f6d\u00e9sek a k\u00fcl\u00f6nb\u00f6z\u0151 ter\u00fcleteken szil\u00e1rdan \u00e9s stabilan fejl\u0151dtek. Hszi hangs\u00falyozta, hogy az idei [&hellip;]\" \/>\n<meta property=\"og:url\" content=\"https:\/\/kinaikaleidoszkop.hu\/index.php\/2023\/12\/20\/hszi-csin-ping-talalkozott-az-orosz-miniszterelnokkel\/\" \/>\n<meta property=\"og:site_name\" content=\"kinaikaleidoszkop.hu\" \/>\n<meta property=\"article:published_time\" content=\"2023-12-20T08:50:36+00:00\" \/>\n<meta property=\"article:modified_time\" content=\"2023-12-20T08:50:37+00:00\" \/>\n<meta property=\"og:image\" content=\"https:\/\/kinaikaleidoszkop.hu\/wp-content\/uploads\/2023\/12\/xjp\u4fc4\u7f57\u65af\u603b\u7406.jpg\" \/>\n\t<meta property=\"og:image:width\" content=\"900\" \/>\n\t<meta property=\"og:image:height\" content=\"635\" \/>\n\t<meta property=\"og:image:type\" content=\"image\/jpeg\" \/>\n<meta name=\"author\" content=\"admin-szabolcs\" \/>\n<meta name=\"twitter:card\" content=\"summary_large_image\" \/>\n<meta name=\"twitter:label1\" content=\"Szerz\u0151:\" \/>\n\t<meta name=\"twitter:data1\" content=\"admin-szabolcs\" \/>\n\t<meta name=\"twitter:label2\" content=\"Becs\u00fclt olvas\u00e1si id\u0151\" \/>\n\t<meta name=\"twitter:data2\" content=\"2 perc\" \/>\n<script type=\"application\/ld+json\" class=\"yoast-schema-graph\">{\"@context\":\"https:\/\/schema.org\",\"@graph\":[{\"@type\":\"WebPage\",\"@id\":\"https:\/\/kinaikaleidoszkop.hu\/index.php\/2023\/12\/20\/hszi-csin-ping-talalkozott-az-orosz-miniszterelnokkel\/\",\"url\":\"https:\/\/kinaikaleidoszkop.hu\/index.php\/2023\/12\/20\/hszi-csin-ping-talalkozott-az-orosz-miniszterelnokkel\/\",\"name\":\"Hszi Csin-ping tal\u00e1lkozott az orosz minisztereln\u00f6kkel - kinaikaleidoszkop.hu\",\"isPartOf\":{\"@id\":\"https:\/\/kinaikaleidoszkop.hu\/#website\"},\"primaryImageOfPage\":{\"@id\":\"https:\/\/kinaikaleidoszkop.hu\/index.php\/2023\/12\/20\/hszi-csin-ping-talalkozott-az-orosz-miniszterelnokkel\/#primaryimage\"},\"image\":{\"@id\":\"https:\/\/kinaikaleidoszkop.hu\/index.php\/2023\/12\/20\/hszi-csin-ping-talalkozott-az-orosz-miniszterelnokkel\/#primaryimage\"},\"thumbnailUrl\":\"https:\/\/kinaikaleidoszkop.hu\/wp-content\/uploads\/2023\/12\/xjp\u4fc4\u7f57\u65af\u603b\u7406.jpg\",\"datePublished\":\"2023-12-20T08:50:36+00:00\",\"dateModified\":\"2023-12-20T08:50:37+00:00\",\"author\":{\"@id\":\"https:\/\/kinaikaleidoszkop.hu\/#\/schema\/person\/b9e2febe742edd540c1197716ec02bf7\"},\"breadcrumb\":{\"@id\":\"https:\/\/kinaikaleidoszkop.hu\/index.php\/2023\/12\/20\/hszi-csin-ping-talalkozott-az-orosz-miniszterelnokkel\/#breadcrumb\"},\"inLanguage\":\"hu\",\"potentialAction\":[{\"@type\":\"ReadAction\",\"target\":[\"https:\/\/kinaikaleidoszkop.hu\/index.php\/2023\/12\/20\/hszi-csin-ping-talalkozott-az-orosz-miniszterelnokkel\/\"]}]},{\"@type\":\"ImageObject\",\"inLanguage\":\"hu\",\"@id\":\"https:\/\/kinaikaleidoszkop.hu\/index.php\/2023\/12\/20\/hszi-csin-ping-talalkozott-az-orosz-miniszterelnokkel\/#primaryimage\",\"url\":\"https:\/\/kinaikaleidoszkop.hu\/wp-content\/uploads\/2023\/12\/xjp\u4fc4\u7f57\u65af\u603b\u7406.jpg\",\"contentUrl\":\"https:\/\/kinaikaleidoszkop.hu\/wp-content\/uploads\/2023\/12\/xjp\u4fc4\u7f57\u65af\u603b\u7406.jpg\",\"width\":900,\"height\":635},{\"@type\":\"BreadcrumbList\",\"@id\":\"https:\/\/kinaikaleidoszkop.hu\/index.php\/2023\/12\/20\/hszi-csin-ping-talalkozott-az-orosz-miniszterelnokkel\/#breadcrumb\",\"itemListElement\":[{\"@type\":\"ListItem\",\"position\":1,\"name\":\"Kezd\u0151lap\",\"item\":\"https:\/\/kinaikaleidoszkop.hu\/\"},{\"@type\":\"ListItem\",\"position\":2,\"name\":\"Hszi Csin-ping tal\u00e1lkozott az orosz minisztereln\u00f6kkel\"}]},{\"@type\":\"WebSite\",\"@id\":\"https:\/\/kinaikaleidoszkop.hu\/#website\",\"url\":\"https:\/\/kinaikaleidoszkop.hu\/\",\"name\":\"kinaikaleidoszkop.hu\",\"description\":\"\",\"potentialAction\":[{\"@type\":\"SearchAction\",\"target\":{\"@type\":\"EntryPoint\",\"urlTemplate\":\"https:\/\/kinaikaleidoszkop.hu\/?s={search_term_string}\"},\"query-input\":{\"@type\":\"PropertyValueSpecification\",\"valueRequired\":true,\"valueName\":\"search_term_string\"}}],\"inLanguage\":\"hu\"},{\"@type\":\"Person\",\"@id\":\"https:\/\/kinaikaleidoszkop.hu\/#\/schema\/person\/b9e2febe742edd540c1197716ec02bf7\",\"name\":\"admin-szabolcs\",\"image\":{\"@type\":\"ImageObject\",\"inLanguage\":\"hu\",\"@id\":\"https:\/\/kinaikaleidoszkop.hu\/#\/schema\/person\/image\/\",\"url\":\"https:\/\/secure.gravatar.com\/avatar\/154f262492794df2a6cb5d5349227b18ef8f85ab462fbb32625fc42406483d21?s=96&d=mm&r=g\",\"contentUrl\":\"https:\/\/secure.gravatar.com\/avatar\/154f262492794df2a6cb5d5349227b18ef8f85ab462fbb32625fc42406483d21?s=96&d=mm&r=g\",\"caption\":\"admin-szabolcs\"},\"url\":\"https:\/\/kinaikaleidoszkop.hu\/index.php\/author\/admin-szabolcs\/\"}]}<\/script>\n<!-- \/ Yoast SEO plugin. -->","yoast_head_json":{"title":"Hszi Csin-ping tal\u00e1lkozott az orosz minisztereln\u00f6kkel - kinaikaleidoszkop.hu","robots":{"index":"index","follow":"follow","max-snippet":"max-snippet:-1","max-image-preview":"max-image-preview:large","max-video-preview":"max-video-preview:-1"},"canonical":"https:\/\/kinaikaleidoszkop.hu\/index.php\/2023\/12\/20\/hszi-csin-ping-talalkozott-az-orosz-miniszterelnokkel\/","og_locale":"hu_HU","og_type":"article","og_title":"Hszi Csin-ping tal\u00e1lkozott az orosz minisztereln\u00f6kkel - kinaikaleidoszkop.hu","og_description":"Hszi Csin-ping k\u00ednai eln\u00f6k szerd\u00e1n Pekingben tal\u00e1lkozott Mihail Misusztyin&nbsp;orosz minisztereln\u00f6kkel. Hszi a tal\u00e1lkoz\u00f3n megjegyezte, hogy ez \u00e9v eleje \u00f3ta k\u00e9tszer tal\u00e1lkozott Putyin eln\u00f6kkel, tov\u00e1bb\u00e1 elmondta, hogy a k\u00e9t orsz\u00e1g korm\u00e1nya, t\u00f6rv\u00e9nyhoz\u00f3 test\u00fcletei \u00e9s politikai p\u00e1rtjai m\u00e9lyrehat\u00f3 eszmecser\u00e9ket folytattak egym\u00e1ssal, \u00e9s a pragmatikus egy\u00fcttm\u0171k\u00f6d\u00e9sek a k\u00fcl\u00f6nb\u00f6z\u0151 ter\u00fcleteken szil\u00e1rdan \u00e9s stabilan fejl\u0151dtek. Hszi hangs\u00falyozta, hogy az idei [&hellip;]","og_url":"https:\/\/kinaikaleidoszkop.hu\/index.php\/2023\/12\/20\/hszi-csin-ping-talalkozott-az-orosz-miniszterelnokkel\/","og_site_name":"kinaikaleidoszkop.hu","article_published_time":"2023-12-20T08:50:36+00:00","article_modified_time":"2023-12-20T08:50:37+00:00","og_image":[{"width":900,"height":635,"url":"https:\/\/kinaikaleidoszkop.hu\/wp-content\/uploads\/2023\/12\/xjp\u4fc4\u7f57\u65af\u603b\u7406.jpg","type":"image\/jpeg"}],"author":"admin-szabolcs","twitter_card":"summary_large_image","twitter_misc":{"Szerz\u0151:":"admin-szabolcs","Becs\u00fclt olvas\u00e1si id\u0151":"2 perc"},"schema":{"@context":"https:\/\/schema.org","@graph":[{"@type":"WebPage","@id":"https:\/\/kinaikaleidoszkop.hu\/index.php\/2023\/12\/20\/hszi-csin-ping-talalkozott-az-orosz-miniszterelnokkel\/","url":"https:\/\/kinaikaleidoszkop.hu\/index.php\/2023\/12\/20\/hszi-csin-ping-talalkozott-az-orosz-miniszterelnokkel\/","name":"Hszi Csin-ping tal\u00e1lkozott az orosz minisztereln\u00f6kkel - kinaikaleidoszkop.hu","isPartOf":{"@id":"https:\/\/kinaikaleidoszkop.hu\/#website"},"primaryImageOfPage":{"@id":"https:\/\/kinaikaleidoszkop.hu\/index.php\/2023\/12\/20\/hszi-csin-ping-talalkozott-az-orosz-miniszterelnokkel\/#primaryimage"},"image":{"@id":"https:\/\/kinaikaleidoszkop.hu\/index.php\/2023\/12\/20\/hszi-csin-ping-talalkozott-az-orosz-miniszterelnokkel\/#primaryimage"},"thumbnailUrl":"https:\/\/kinaikaleidoszkop.hu\/wp-content\/uploads\/2023\/12\/xjp\u4fc4\u7f57\u65af\u603b\u7406.jpg","datePublished":"2023-12-20T08:50:36+00:00","dateModified":"2023-12-20T08:50:37+00:00","author":{"@id":"https:\/\/kinaikaleidoszkop.hu\/#\/schema\/person\/b9e2febe742edd540c1197716ec02bf7"},"breadcrumb":{"@id":"https:\/\/kinaikaleidoszkop.hu\/index.php\/2023\/12\/20\/hszi-csin-ping-talalkozott-az-orosz-miniszterelnokkel\/#breadcrumb"},"inLanguage":"hu","potentialAction":[{"@type":"ReadAction","target":["https:\/\/kinaikaleidoszkop.hu\/index.php\/2023\/12\/20\/hszi-csin-ping-talalkozott-az-orosz-miniszterelnokkel\/"]}]},{"@type":"ImageObject","inLanguage":"hu","@id":"https:\/\/kinaikaleidoszkop.hu\/index.php\/2023\/12\/20\/hszi-csin-ping-talalkozott-az-orosz-miniszterelnokkel\/#primaryimage","url":"https:\/\/kinaikaleidoszkop.hu\/wp-content\/uploads\/2023\/12\/xjp\u4fc4\u7f57\u65af\u603b\u7406.jpg","contentUrl":"https:\/\/kinaikaleidoszkop.hu\/wp-content\/uploads\/2023\/12\/xjp\u4fc4\u7f57\u65af\u603b\u7406.jpg","width":900,"height":635},{"@type":"BreadcrumbList","@id":"https:\/\/kinaikaleidoszkop.hu\/index.php\/2023\/12\/20\/hszi-csin-ping-talalkozott-az-orosz-miniszterelnokkel\/#breadcrumb","itemListElement":[{"@type":"ListItem","position":1,"name":"Kezd\u0151lap","item":"https:\/\/kinaikaleidoszkop.hu\/"},{"@type":"ListItem","position":2,"name":"Hszi Csin-ping tal\u00e1lkozott az orosz minisztereln\u00f6kkel"}]},{"@type":"WebSite","@id":"https:\/\/kinaikaleidoszkop.hu\/#website","url":"https:\/\/kinaikaleidoszkop.hu\/","name":"kinaikaleidoszkop.hu","description":"","potentialAction":[{"@type":"SearchAction","target":{"@type":"EntryPoint","urlTemplate":"https:\/\/kinaikaleidoszkop.hu\/?s={search_term_string}"},"query-input":{"@type":"PropertyValueSpecification","valueRequired":true,"valueName":"search_term_string"}}],"inLanguage":"hu"},{"@type":"Person","@id":"https:\/\/kinaikaleidoszkop.hu\/#\/schema\/person\/b9e2febe742edd540c1197716ec02bf7","name":"admin-szabolcs","image":{"@type":"ImageObject","inLanguage":"hu","@id":"https:\/\/kinaikaleidoszkop.hu\/#\/schema\/person\/image\/","url":"https:\/\/secure.gravatar.com\/avatar\/154f262492794df2a6cb5d5349227b18ef8f85ab462fbb32625fc42406483d21?s=96&d=mm&r=g","contentUrl":"https:\/\/secure.gravatar.com\/avatar\/154f262492794df2a6cb5d5349227b18ef8f85ab462fbb32625fc42406483d21?s=96&d=mm&r=g","caption":"admin-szabolcs"},"url":"https:\/\/kinaikaleidoszkop.hu\/index.php\/author\/admin-szabolcs\/"}]}},"views":222,"distributor_meta":false,"distributor_terms":false,"distributor_media":false,"distributor_original_site_name":"kinaikaleidoszkop.hu","distributor_original_site_url":"https:\/\/kinaikaleidoszkop.hu","push-errors":false,"_links":{"self":[{"href":"https:\/\/kinaikaleidoszkop.hu\/index.php\/wp-json\/wp\/v2\/posts\/20532","targetHints":{"allow":["GET"]}}],"collection":[{"href":"https:\/\/kinaikaleidoszkop.hu\/index.php\/wp-json\/wp\/v2\/posts"}],"about":[{"href":"https:\/\/kinaikaleidoszkop.hu\/index.php\/wp-json\/wp\/v2\/types\/post"}],"author":[{"embeddable":true,"href":"https:\/\/kinaikaleidoszkop.hu\/index.php\/wp-json\/wp\/v2\/users\/2"}],"replies":[{"embeddable":true,"href":"https:\/\/kinaikaleidoszkop.hu\/index.php\/wp-json\/wp\/v2\/comments?post=20532"}],"version-history":[{"count":1,"href":"https:\/\/kinaikaleidoszkop.hu\/index.php\/wp-json\/wp\/v2\/posts\/20532\/revisions"}],"predecessor-version":[{"id":20536,"href":"https:\/\/kinaikaleidoszkop.hu\/index.php\/wp-json\/wp\/v2\/posts\/20532\/revisions\/20536"}],"wp:featuredmedia":[{"embeddable":true,"href":"https:\/\/kinaikaleidoszkop.hu\/index.php\/wp-json\/wp\/v2\/media\/20535"}],"wp:attachment":[{"href":"https:\/\/kinaikaleidoszkop.hu\/index.php\/wp-json\/wp\/v2\/media?parent=20532"}],"wp:term":[{"taxonomy":"category","embeddable":true,"href":"https:\/\/kinaikaleidoszkop.hu\/index.php\/wp-json\/wp\/v2\/categories?post=20532"},{"taxonomy":"post_tag","embeddable":true,"href":"https:\/\/kinaikaleidoszkop.hu\/index.php\/wp-json\/wp\/v2\/tags?post=20532"}],"curies":[{"name":"wp","href":"https:\/\/api.w.org\/{rel}","templated":true}]}}