{"id":20548,"date":"2023-12-21T09:00:29","date_gmt":"2023-12-21T08:00:29","guid":{"rendered":"https:\/\/kinaikaleidoszkop.hu\/?p=20548"},"modified":"2023-12-21T09:00:30","modified_gmt":"2023-12-21T08:00:30","slug":"hszicsiangban-az-elmult-tiz-evben-kozel-megduplazodott-az-egy-fore-juto-jovedelem","status":"publish","type":"post","link":"https:\/\/kinaikaleidoszkop.hu\/index.php\/2023\/12\/21\/hszicsiangban-az-elmult-tiz-evben-kozel-megduplazodott-az-egy-fore-juto-jovedelem\/","title":{"rendered":"Hszicsiangban az elm\u00falt t\u00edz \u00e9vben k\u00f6zel megdupl\u00e1z\u00f3dott az egy f\u0151re jut\u00f3 j\u00f6vedelem"},"content":{"rendered":"\n<p><strong>Az elm\u00falt t\u00edz \u00e9vben a hszicsiangi GDP a 2013-as 840 milli\u00e1rd j\u00fcanr\u00f3l 2022-re 1,77 billi\u00f3 j\u00fcanra n\u0151tt, a lakosok egy f\u0151re jut\u00f3 j\u00f6vedelme pedig 13,7 ezer j\u00fcanr\u00f3l 27 ezer j\u00fcanra emelkedett \u2013 olvashat\u00f3 a \u201eJelent\u00e9s az emberi jogok \u00e9s a t\u00f6rv\u00e9nyek v\u00e9delm\u00e9r\u0151l Hszicsiangban\u201d c\u00edm\u0171 k\u00e9k k\u00f6nyvben.<\/strong><\/p>\n\n\n\n<p>December 20-\u00e1n \u00dcr\u00fcmcsiben, a Hszincsiang-Ujgur Auton\u00f3m Ter\u00fclet sz\u00e9khely\u00e9n rendezett szemin\u00e1riumon adt\u00e1k ki a k\u00e9k k\u00f6nyvet, amely szerint az elm\u00falt t\u00edz \u00e9vben a turist\u00e1k sz\u00e1ma Hszicsiangban 48,6 milli\u00f3r\u00f3l 260 milli\u00f3ra n\u0151tt, ami \u00faj rekord a ter\u00fclet t\u00f6rt\u00e9nelm\u00e9ben. Az emberi joggal kapcsolatos \u00fcgyek \u00e1tfog\u00f3an haladtak \u00e9s t\u00f6rt\u00e9nelmi eredm\u00e9nyeket \u00e9rtek el Hszicsiangban \u2013 hangzott el a szemin\u00e1riumon.<\/p>\n\n\n\n<figure class=\"wp-block-image\"><img decoding=\"async\" src=\"https:\/\/hirpest.hu\/wp-content\/uploads\/2023\/12\/1221CMGHszicsiangban-az-elmult-tiz-evben-kozel-megduplazodott-az-egy-fore-juto-rendelkezesre-allo-jovedelem.jpg\" alt=\"\" class=\"wp-image-20332\"\/><\/figure>\n\n\n\n<p>A szemin\u00e1rium r\u00e9sztvev\u0151i saj\u00e1t tapasztalataikat mutatt\u00e1k be, \u00e9s meg\u00e1llap\u00edtott\u00e1k, hogy a hszicsiangi emberi joggal kapcsolatos \u00fcgyek fejl\u0151d\u00e9se megfelel K\u00edna nemzeti helyzet\u00e9nek \u00e9s Hszicsiang val\u00f3di t\u00e9ny\u00e1ll\u00e1s\u00e1nak, valamint az ENSZ emberi jogok egyetemes nyilatkozat\u00e1nak is.<\/p>\n\n\n\n<blockquote class=\"wp-block-quote is-layout-flow wp-block-quote-is-layout-flow\">\n<p>\u201eHogy helyesen fejl\u0151dnek-e az emberi jogokkal kapcsolatos \u00fcgyek Hszicsiangban, azt a helyiek tudj\u00e1k a legpontosabban meg\u00edt\u00e9lni, \u00e9s nekik van a legt\u00f6bb joguk, hogy err\u0151l besz\u00e9ljenek\u201d \u2013 mondt\u00e1k a r\u00e9sztvev\u0151k.<\/p>\n<\/blockquote>\n\n\n\n<p><strong><em>(Wang Yuzhe \u2013 China Media Group)<\/em><\/strong><\/p>\n\n\n\n<p><strong>2023. december 21.<\/strong><\/p>\n\n\n\n<p><strong><em>(x)<\/em><\/strong><\/p>\n","protected":false},"excerpt":{"rendered":"<p>Az elm\u00falt t\u00edz \u00e9vben a hszicsiangi GDP a 2013-as 840 milli\u00e1rd j\u00fcanr\u00f3l 2022-re 1,77 billi\u00f3 j\u00fcanra n\u0151tt, a lakosok egy f\u0151re jut\u00f3 j\u00f6vedelme pedig 13,7 ezer j\u00fcanr\u00f3l 27 ezer j\u00fcanra emelkedett \u2013 olvashat\u00f3 a \u201eJelent\u00e9s az emberi jogok \u00e9s a t\u00f6rv\u00e9nyek v\u00e9delm\u00e9r\u0151l Hszicsiangban\u201d c\u00edm\u0171 k\u00e9k k\u00f6nyvben. December 20-\u00e1n \u00dcr\u00fcmcsiben, a Hszincsiang-Ujgur Auton\u00f3m Ter\u00fclet sz\u00e9khely\u00e9n rendezett [&hellip;]<\/p>\n","protected":false},"author":2,"featured_media":20555,"comment_status":"closed","ping_status":"closed","sticky":false,"template":"","format":"standard","meta":{"footnotes":""},"categories":[45],"tags":[503,350,2101,3606,933,1191,3607,864,1130,1181],"class_list":["post-20548","post","type-post","status-publish","format-standard","has-post-thumbnail","hentry","category-hirek","tag-emberi-jogok","tag-gdp","tag-gdp-novekedes","tag-hszicsiang","tag-hszincsiang-ujgur-autonom-terulet","tag-jovedelem","tag-kek-konyv","tag-szeminarium","tag-turista","tag-urumcsi"],"yoast_head":"<!-- This site is optimized with the Yoast SEO plugin v23.7 - https:\/\/yoast.com\/wordpress\/plugins\/seo\/ -->\n<title>Hszicsiangban az elm\u00falt t\u00edz \u00e9vben k\u00f6zel megdupl\u00e1z\u00f3dott az egy f\u0151re jut\u00f3 j\u00f6vedelem - kinaikaleidoszkop.hu<\/title>\n<meta name=\"robots\" content=\"index, follow, max-snippet:-1, max-image-preview:large, max-video-preview:-1\" \/>\n<link rel=\"canonical\" href=\"https:\/\/kinaikaleidoszkop.hu\/index.php\/2023\/12\/21\/hszicsiangban-az-elmult-tiz-evben-kozel-megduplazodott-az-egy-fore-juto-jovedelem\/\" \/>\n<meta property=\"og:locale\" content=\"hu_HU\" \/>\n<meta property=\"og:type\" content=\"article\" \/>\n<meta property=\"og:title\" content=\"Hszicsiangban az elm\u00falt t\u00edz \u00e9vben k\u00f6zel megdupl\u00e1z\u00f3dott az egy f\u0151re jut\u00f3 j\u00f6vedelem - kinaikaleidoszkop.hu\" \/>\n<meta property=\"og:description\" content=\"Az elm\u00falt t\u00edz \u00e9vben a hszicsiangi GDP a 2013-as 840 milli\u00e1rd j\u00fcanr\u00f3l 2022-re 1,77 billi\u00f3 j\u00fcanra n\u0151tt, a lakosok egy f\u0151re jut\u00f3 j\u00f6vedelme pedig 13,7 ezer j\u00fcanr\u00f3l 27 ezer j\u00fcanra emelkedett \u2013 olvashat\u00f3 a \u201eJelent\u00e9s az emberi jogok \u00e9s a t\u00f6rv\u00e9nyek v\u00e9delm\u00e9r\u0151l Hszicsiangban\u201d c\u00edm\u0171 k\u00e9k k\u00f6nyvben. December 20-\u00e1n \u00dcr\u00fcmcsiben, a Hszincsiang-Ujgur Auton\u00f3m Ter\u00fclet sz\u00e9khely\u00e9n rendezett [&hellip;]\" \/>\n<meta property=\"og:url\" content=\"https:\/\/kinaikaleidoszkop.hu\/index.php\/2023\/12\/21\/hszicsiangban-az-elmult-tiz-evben-kozel-megduplazodott-az-egy-fore-juto-jovedelem\/\" \/>\n<meta property=\"og:site_name\" content=\"kinaikaleidoszkop.hu\" \/>\n<meta property=\"article:published_time\" content=\"2023-12-21T08:00:29+00:00\" \/>\n<meta property=\"article:modified_time\" content=\"2023-12-21T08:00:30+00:00\" \/>\n<meta property=\"og:image\" content=\"https:\/\/kinaikaleidoszkop.hu\/wp-content\/uploads\/2023\/12\/1221CMGHszicsiangban-az-elmult-tiz-evben-kozel-megduplazodott-az-egy-fore-juto-rendelkezesre-allo-jovedelem.jpg\" \/>\n\t<meta property=\"og:image:width\" content=\"1024\" \/>\n\t<meta property=\"og:image:height\" content=\"683\" \/>\n\t<meta property=\"og:image:type\" content=\"image\/jpeg\" \/>\n<meta name=\"author\" content=\"admin-szabolcs\" \/>\n<meta name=\"twitter:card\" content=\"summary_large_image\" \/>\n<meta name=\"twitter:label1\" content=\"Szerz\u0151:\" \/>\n\t<meta name=\"twitter:data1\" content=\"admin-szabolcs\" \/>\n\t<meta name=\"twitter:label2\" content=\"Becs\u00fclt olvas\u00e1si id\u0151\" \/>\n\t<meta name=\"twitter:data2\" content=\"1 perc\" \/>\n<script type=\"application\/ld+json\" class=\"yoast-schema-graph\">{\"@context\":\"https:\/\/schema.org\",\"@graph\":[{\"@type\":\"WebPage\",\"@id\":\"https:\/\/kinaikaleidoszkop.hu\/index.php\/2023\/12\/21\/hszicsiangban-az-elmult-tiz-evben-kozel-megduplazodott-az-egy-fore-juto-jovedelem\/\",\"url\":\"https:\/\/kinaikaleidoszkop.hu\/index.php\/2023\/12\/21\/hszicsiangban-az-elmult-tiz-evben-kozel-megduplazodott-az-egy-fore-juto-jovedelem\/\",\"name\":\"Hszicsiangban az elm\u00falt t\u00edz \u00e9vben k\u00f6zel megdupl\u00e1z\u00f3dott az egy f\u0151re jut\u00f3 j\u00f6vedelem - kinaikaleidoszkop.hu\",\"isPartOf\":{\"@id\":\"https:\/\/kinaikaleidoszkop.hu\/#website\"},\"primaryImageOfPage\":{\"@id\":\"https:\/\/kinaikaleidoszkop.hu\/index.php\/2023\/12\/21\/hszicsiangban-az-elmult-tiz-evben-kozel-megduplazodott-az-egy-fore-juto-jovedelem\/#primaryimage\"},\"image\":{\"@id\":\"https:\/\/kinaikaleidoszkop.hu\/index.php\/2023\/12\/21\/hszicsiangban-az-elmult-tiz-evben-kozel-megduplazodott-az-egy-fore-juto-jovedelem\/#primaryimage\"},\"thumbnailUrl\":\"https:\/\/kinaikaleidoszkop.hu\/wp-content\/uploads\/2023\/12\/1221CMGHszicsiangban-az-elmult-tiz-evben-kozel-megduplazodott-az-egy-fore-juto-rendelkezesre-allo-jovedelem.jpg\",\"datePublished\":\"2023-12-21T08:00:29+00:00\",\"dateModified\":\"2023-12-21T08:00:30+00:00\",\"author\":{\"@id\":\"https:\/\/kinaikaleidoszkop.hu\/#\/schema\/person\/b9e2febe742edd540c1197716ec02bf7\"},\"breadcrumb\":{\"@id\":\"https:\/\/kinaikaleidoszkop.hu\/index.php\/2023\/12\/21\/hszicsiangban-az-elmult-tiz-evben-kozel-megduplazodott-az-egy-fore-juto-jovedelem\/#breadcrumb\"},\"inLanguage\":\"hu\",\"potentialAction\":[{\"@type\":\"ReadAction\",\"target\":[\"https:\/\/kinaikaleidoszkop.hu\/index.php\/2023\/12\/21\/hszicsiangban-az-elmult-tiz-evben-kozel-megduplazodott-az-egy-fore-juto-jovedelem\/\"]}]},{\"@type\":\"ImageObject\",\"inLanguage\":\"hu\",\"@id\":\"https:\/\/kinaikaleidoszkop.hu\/index.php\/2023\/12\/21\/hszicsiangban-az-elmult-tiz-evben-kozel-megduplazodott-az-egy-fore-juto-jovedelem\/#primaryimage\",\"url\":\"https:\/\/kinaikaleidoszkop.hu\/wp-content\/uploads\/2023\/12\/1221CMGHszicsiangban-az-elmult-tiz-evben-kozel-megduplazodott-az-egy-fore-juto-rendelkezesre-allo-jovedelem.jpg\",\"contentUrl\":\"https:\/\/kinaikaleidoszkop.hu\/wp-content\/uploads\/2023\/12\/1221CMGHszicsiangban-az-elmult-tiz-evben-kozel-megduplazodott-az-egy-fore-juto-rendelkezesre-allo-jovedelem.jpg\",\"width\":1024,\"height\":683},{\"@type\":\"BreadcrumbList\",\"@id\":\"https:\/\/kinaikaleidoszkop.hu\/index.php\/2023\/12\/21\/hszicsiangban-az-elmult-tiz-evben-kozel-megduplazodott-az-egy-fore-juto-jovedelem\/#breadcrumb\",\"itemListElement\":[{\"@type\":\"ListItem\",\"position\":1,\"name\":\"Kezd\u0151lap\",\"item\":\"https:\/\/kinaikaleidoszkop.hu\/\"},{\"@type\":\"ListItem\",\"position\":2,\"name\":\"Hszicsiangban az elm\u00falt t\u00edz \u00e9vben k\u00f6zel megdupl\u00e1z\u00f3dott az egy f\u0151re jut\u00f3 j\u00f6vedelem\"}]},{\"@type\":\"WebSite\",\"@id\":\"https:\/\/kinaikaleidoszkop.hu\/#website\",\"url\":\"https:\/\/kinaikaleidoszkop.hu\/\",\"name\":\"kinaikaleidoszkop.hu\",\"description\":\"\",\"potentialAction\":[{\"@type\":\"SearchAction\",\"target\":{\"@type\":\"EntryPoint\",\"urlTemplate\":\"https:\/\/kinaikaleidoszkop.hu\/?s={search_term_string}\"},\"query-input\":{\"@type\":\"PropertyValueSpecification\",\"valueRequired\":true,\"valueName\":\"search_term_string\"}}],\"inLanguage\":\"hu\"},{\"@type\":\"Person\",\"@id\":\"https:\/\/kinaikaleidoszkop.hu\/#\/schema\/person\/b9e2febe742edd540c1197716ec02bf7\",\"name\":\"admin-szabolcs\",\"image\":{\"@type\":\"ImageObject\",\"inLanguage\":\"hu\",\"@id\":\"https:\/\/kinaikaleidoszkop.hu\/#\/schema\/person\/image\/\",\"url\":\"https:\/\/secure.gravatar.com\/avatar\/154f262492794df2a6cb5d5349227b18ef8f85ab462fbb32625fc42406483d21?s=96&d=mm&r=g\",\"contentUrl\":\"https:\/\/secure.gravatar.com\/avatar\/154f262492794df2a6cb5d5349227b18ef8f85ab462fbb32625fc42406483d21?s=96&d=mm&r=g\",\"caption\":\"admin-szabolcs\"},\"url\":\"https:\/\/kinaikaleidoszkop.hu\/index.php\/author\/admin-szabolcs\/\"}]}<\/script>\n<!-- \/ Yoast SEO plugin. -->","yoast_head_json":{"title":"Hszicsiangban az elm\u00falt t\u00edz \u00e9vben k\u00f6zel megdupl\u00e1z\u00f3dott az egy f\u0151re jut\u00f3 j\u00f6vedelem - kinaikaleidoszkop.hu","robots":{"index":"index","follow":"follow","max-snippet":"max-snippet:-1","max-image-preview":"max-image-preview:large","max-video-preview":"max-video-preview:-1"},"canonical":"https:\/\/kinaikaleidoszkop.hu\/index.php\/2023\/12\/21\/hszicsiangban-az-elmult-tiz-evben-kozel-megduplazodott-az-egy-fore-juto-jovedelem\/","og_locale":"hu_HU","og_type":"article","og_title":"Hszicsiangban az elm\u00falt t\u00edz \u00e9vben k\u00f6zel megdupl\u00e1z\u00f3dott az egy f\u0151re jut\u00f3 j\u00f6vedelem - kinaikaleidoszkop.hu","og_description":"Az elm\u00falt t\u00edz \u00e9vben a hszicsiangi GDP a 2013-as 840 milli\u00e1rd j\u00fcanr\u00f3l 2022-re 1,77 billi\u00f3 j\u00fcanra n\u0151tt, a lakosok egy f\u0151re jut\u00f3 j\u00f6vedelme pedig 13,7 ezer j\u00fcanr\u00f3l 27 ezer j\u00fcanra emelkedett \u2013 olvashat\u00f3 a \u201eJelent\u00e9s az emberi jogok \u00e9s a t\u00f6rv\u00e9nyek v\u00e9delm\u00e9r\u0151l Hszicsiangban\u201d c\u00edm\u0171 k\u00e9k k\u00f6nyvben. December 20-\u00e1n \u00dcr\u00fcmcsiben, a Hszincsiang-Ujgur Auton\u00f3m Ter\u00fclet sz\u00e9khely\u00e9n rendezett [&hellip;]","og_url":"https:\/\/kinaikaleidoszkop.hu\/index.php\/2023\/12\/21\/hszicsiangban-az-elmult-tiz-evben-kozel-megduplazodott-az-egy-fore-juto-jovedelem\/","og_site_name":"kinaikaleidoszkop.hu","article_published_time":"2023-12-21T08:00:29+00:00","article_modified_time":"2023-12-21T08:00:30+00:00","og_image":[{"width":1024,"height":683,"url":"https:\/\/kinaikaleidoszkop.hu\/wp-content\/uploads\/2023\/12\/1221CMGHszicsiangban-az-elmult-tiz-evben-kozel-megduplazodott-az-egy-fore-juto-rendelkezesre-allo-jovedelem.jpg","type":"image\/jpeg"}],"author":"admin-szabolcs","twitter_card":"summary_large_image","twitter_misc":{"Szerz\u0151:":"admin-szabolcs","Becs\u00fclt olvas\u00e1si id\u0151":"1 perc"},"schema":{"@context":"https:\/\/schema.org","@graph":[{"@type":"WebPage","@id":"https:\/\/kinaikaleidoszkop.hu\/index.php\/2023\/12\/21\/hszicsiangban-az-elmult-tiz-evben-kozel-megduplazodott-az-egy-fore-juto-jovedelem\/","url":"https:\/\/kinaikaleidoszkop.hu\/index.php\/2023\/12\/21\/hszicsiangban-az-elmult-tiz-evben-kozel-megduplazodott-az-egy-fore-juto-jovedelem\/","name":"Hszicsiangban az elm\u00falt t\u00edz \u00e9vben k\u00f6zel megdupl\u00e1z\u00f3dott az egy f\u0151re jut\u00f3 j\u00f6vedelem - kinaikaleidoszkop.hu","isPartOf":{"@id":"https:\/\/kinaikaleidoszkop.hu\/#website"},"primaryImageOfPage":{"@id":"https:\/\/kinaikaleidoszkop.hu\/index.php\/2023\/12\/21\/hszicsiangban-az-elmult-tiz-evben-kozel-megduplazodott-az-egy-fore-juto-jovedelem\/#primaryimage"},"image":{"@id":"https:\/\/kinaikaleidoszkop.hu\/index.php\/2023\/12\/21\/hszicsiangban-az-elmult-tiz-evben-kozel-megduplazodott-az-egy-fore-juto-jovedelem\/#primaryimage"},"thumbnailUrl":"https:\/\/kinaikaleidoszkop.hu\/wp-content\/uploads\/2023\/12\/1221CMGHszicsiangban-az-elmult-tiz-evben-kozel-megduplazodott-az-egy-fore-juto-rendelkezesre-allo-jovedelem.jpg","datePublished":"2023-12-21T08:00:29+00:00","dateModified":"2023-12-21T08:00:30+00:00","author":{"@id":"https:\/\/kinaikaleidoszkop.hu\/#\/schema\/person\/b9e2febe742edd540c1197716ec02bf7"},"breadcrumb":{"@id":"https:\/\/kinaikaleidoszkop.hu\/index.php\/2023\/12\/21\/hszicsiangban-az-elmult-tiz-evben-kozel-megduplazodott-az-egy-fore-juto-jovedelem\/#breadcrumb"},"inLanguage":"hu","potentialAction":[{"@type":"ReadAction","target":["https:\/\/kinaikaleidoszkop.hu\/index.php\/2023\/12\/21\/hszicsiangban-az-elmult-tiz-evben-kozel-megduplazodott-az-egy-fore-juto-jovedelem\/"]}]},{"@type":"ImageObject","inLanguage":"hu","@id":"https:\/\/kinaikaleidoszkop.hu\/index.php\/2023\/12\/21\/hszicsiangban-az-elmult-tiz-evben-kozel-megduplazodott-az-egy-fore-juto-jovedelem\/#primaryimage","url":"https:\/\/kinaikaleidoszkop.hu\/wp-content\/uploads\/2023\/12\/1221CMGHszicsiangban-az-elmult-tiz-evben-kozel-megduplazodott-az-egy-fore-juto-rendelkezesre-allo-jovedelem.jpg","contentUrl":"https:\/\/kinaikaleidoszkop.hu\/wp-content\/uploads\/2023\/12\/1221CMGHszicsiangban-az-elmult-tiz-evben-kozel-megduplazodott-az-egy-fore-juto-rendelkezesre-allo-jovedelem.jpg","width":1024,"height":683},{"@type":"BreadcrumbList","@id":"https:\/\/kinaikaleidoszkop.hu\/index.php\/2023\/12\/21\/hszicsiangban-az-elmult-tiz-evben-kozel-megduplazodott-az-egy-fore-juto-jovedelem\/#breadcrumb","itemListElement":[{"@type":"ListItem","position":1,"name":"Kezd\u0151lap","item":"https:\/\/kinaikaleidoszkop.hu\/"},{"@type":"ListItem","position":2,"name":"Hszicsiangban az elm\u00falt t\u00edz \u00e9vben k\u00f6zel megdupl\u00e1z\u00f3dott az egy f\u0151re jut\u00f3 j\u00f6vedelem"}]},{"@type":"WebSite","@id":"https:\/\/kinaikaleidoszkop.hu\/#website","url":"https:\/\/kinaikaleidoszkop.hu\/","name":"kinaikaleidoszkop.hu","description":"","potentialAction":[{"@type":"SearchAction","target":{"@type":"EntryPoint","urlTemplate":"https:\/\/kinaikaleidoszkop.hu\/?s={search_term_string}"},"query-input":{"@type":"PropertyValueSpecification","valueRequired":true,"valueName":"search_term_string"}}],"inLanguage":"hu"},{"@type":"Person","@id":"https:\/\/kinaikaleidoszkop.hu\/#\/schema\/person\/b9e2febe742edd540c1197716ec02bf7","name":"admin-szabolcs","image":{"@type":"ImageObject","inLanguage":"hu","@id":"https:\/\/kinaikaleidoszkop.hu\/#\/schema\/person\/image\/","url":"https:\/\/secure.gravatar.com\/avatar\/154f262492794df2a6cb5d5349227b18ef8f85ab462fbb32625fc42406483d21?s=96&d=mm&r=g","contentUrl":"https:\/\/secure.gravatar.com\/avatar\/154f262492794df2a6cb5d5349227b18ef8f85ab462fbb32625fc42406483d21?s=96&d=mm&r=g","caption":"admin-szabolcs"},"url":"https:\/\/kinaikaleidoszkop.hu\/index.php\/author\/admin-szabolcs\/"}]}},"views":211,"distributor_meta":false,"distributor_terms":false,"distributor_media":false,"distributor_original_site_name":"kinaikaleidoszkop.hu","distributor_original_site_url":"https:\/\/kinaikaleidoszkop.hu","push-errors":false,"_links":{"self":[{"href":"https:\/\/kinaikaleidoszkop.hu\/index.php\/wp-json\/wp\/v2\/posts\/20548","targetHints":{"allow":["GET"]}}],"collection":[{"href":"https:\/\/kinaikaleidoszkop.hu\/index.php\/wp-json\/wp\/v2\/posts"}],"about":[{"href":"https:\/\/kinaikaleidoszkop.hu\/index.php\/wp-json\/wp\/v2\/types\/post"}],"author":[{"embeddable":true,"href":"https:\/\/kinaikaleidoszkop.hu\/index.php\/wp-json\/wp\/v2\/users\/2"}],"replies":[{"embeddable":true,"href":"https:\/\/kinaikaleidoszkop.hu\/index.php\/wp-json\/wp\/v2\/comments?post=20548"}],"version-history":[{"count":1,"href":"https:\/\/kinaikaleidoszkop.hu\/index.php\/wp-json\/wp\/v2\/posts\/20548\/revisions"}],"predecessor-version":[{"id":20556,"href":"https:\/\/kinaikaleidoszkop.hu\/index.php\/wp-json\/wp\/v2\/posts\/20548\/revisions\/20556"}],"wp:featuredmedia":[{"embeddable":true,"href":"https:\/\/kinaikaleidoszkop.hu\/index.php\/wp-json\/wp\/v2\/media\/20555"}],"wp:attachment":[{"href":"https:\/\/kinaikaleidoszkop.hu\/index.php\/wp-json\/wp\/v2\/media?parent=20548"}],"wp:term":[{"taxonomy":"category","embeddable":true,"href":"https:\/\/kinaikaleidoszkop.hu\/index.php\/wp-json\/wp\/v2\/categories?post=20548"},{"taxonomy":"post_tag","embeddable":true,"href":"https:\/\/kinaikaleidoszkop.hu\/index.php\/wp-json\/wp\/v2\/tags?post=20548"}],"curies":[{"name":"wp","href":"https:\/\/api.w.org\/{rel}","templated":true}]}}