{"id":20581,"date":"2023-12-27T17:00:49","date_gmt":"2023-12-27T16:00:49","guid":{"rendered":"https:\/\/kinaikaleidoszkop.hu\/?p=20581"},"modified":"2023-12-28T11:12:55","modified_gmt":"2023-12-28T10:12:55","slug":"megtartottak-a-pekingi-eloember-az-emberiseg-utolso-titka-dokumentumfilm-premierjet-az-unesco-szekhazaban","status":"publish","type":"post","link":"https:\/\/kinaikaleidoszkop.hu\/index.php\/2023\/12\/27\/megtartottak-a-pekingi-eloember-az-emberiseg-utolso-titka-dokumentumfilm-premierjet-az-unesco-szekhazaban\/","title":{"rendered":"Megtartott\u00e1k a \u201ePekingi el\u0151ember: az emberis\u00e9g utols\u00f3 titka\u201d c\u00edm\u0171 dokumentumfilm premierj\u00e9t az UNESCO sz\u00e9kh\u00e1z\u00e1ban"},"content":{"rendered":"\n<p><strong>Helyi id\u0151 szerint december 19-\u00e9n este az UNESCO p\u00e1rizsi k\u00f6zpontj\u00e1ban megtartott\u00e1k a China Media Group, a France T\u00e9l\u00e9visions, valamint a francia 10.7 Production Company \u00e1ltal k\u00f6z\u00f6sen k\u00e9sz\u00edtett \u201cPekingi el\u0151ember: az emberis\u00e9g utols\u00f3 titka\u201d c\u00edm\u0171 dokumentumfilm premierj\u00e9t.\u00a0<\/strong><\/p>\n\n\n\n<figure class=\"wp-block-image size-large\"><img loading=\"lazy\" decoding=\"async\" width=\"1024\" height=\"624\" src=\"https:\/\/kinaikaleidoszkop.hu\/wp-content\/uploads\/2023\/12\/1225-2pekingi-eloember-1024x624.jpg\" alt=\"\" class=\"wp-image-20583\" srcset=\"https:\/\/kinaikaleidoszkop.hu\/wp-content\/uploads\/2023\/12\/1225-2pekingi-eloember-1024x624.jpg 1024w, https:\/\/kinaikaleidoszkop.hu\/wp-content\/uploads\/2023\/12\/1225-2pekingi-eloember-300x183.jpg 300w, https:\/\/kinaikaleidoszkop.hu\/wp-content\/uploads\/2023\/12\/1225-2pekingi-eloember-768x468.jpg 768w, https:\/\/kinaikaleidoszkop.hu\/wp-content\/uploads\/2023\/12\/1225-2pekingi-eloember-1536x936.jpg 1536w, https:\/\/kinaikaleidoszkop.hu\/wp-content\/uploads\/2023\/12\/1225-2pekingi-eloember-2048x1248.jpg 2048w, https:\/\/kinaikaleidoszkop.hu\/wp-content\/uploads\/2023\/12\/1225-2pekingi-eloember-990x603.jpg 990w, https:\/\/kinaikaleidoszkop.hu\/wp-content\/uploads\/2023\/12\/1225-2pekingi-eloember-1320x805.jpg 1320w\" sizes=\"auto, (max-width: 1024px) 100vw, 1024px\" \/><\/figure>\n\n\n\n<p>Shen Haixiong, a China Media Group eln\u00f6ke&nbsp;vide\u00f3n mondott besz\u00e9det. Ugyancsak sz\u00f3lt a jelenl\u00e9v\u0151kh\u00f6z Qu Xing, az UNESCO f\u0151igazgat\u00f3-helyettese, tov\u00e1bb\u00e1 a film francia producerek\u00e9nt Antoine Arnault, az LVMH igazgat\u00f3ja, \u00e9s Jacques Marat rendez\u0151. A rendezv\u00e9nyen t\u00f6bb mint 700 vend\u00e9g vett r\u00e9szt K\u00edna \u00e9s Franciaorsz\u00e1g kultur\u00e1lis \u00e9s tudom\u00e1nyos k\u00f6reib\u0151l.<\/p>\n\n\n\n<p>A film a leg\u00fajabb tudom\u00e1nyos \u00e9s technol\u00f3giai eszk\u00f6z\u00f6ket haszn\u00e1lja fel az \u00e1zsiai felegyenesedett ember, a mintegy 600&nbsp;ezer&nbsp;\u00e9ves \u201cpekingi el\u0151ember\u201d&nbsp;(Homo erectus pekinensis)&nbsp;t\u00f6rt\u00e9net\u00e9nek bemutat\u00e1s\u00e1hoz. Ez az els\u0151 dokumentumfilm, amely a kelet-\u00e1zsiai emberek evol\u00faci\u00f3j\u00e1nak t\u00f6rt\u00e9nelm\u00e9t&nbsp;dolgozza fel. A filmet 2024-ben fogj\u00e1k sug\u00e1rozni mindk\u00e9t orsz\u00e1g telev\u00edzi\u00f3s csatorn\u00e1i.<\/p>\n\n\n\n<p><strong>2023. december 27.<\/strong><\/p>\n\n\n\n<p><strong><em>(Hao Yue \u2013 China Media Group)<\/em><\/strong><\/p>\n\n\n\n<p><strong>(x)<\/strong><\/p>\n","protected":false},"excerpt":{"rendered":"<p>Helyi id\u0151 szerint december 19-\u00e9n este az UNESCO p\u00e1rizsi k\u00f6zpontj\u00e1ban megtartott\u00e1k a China Media Group, a France T\u00e9l\u00e9visions, valamint a francia 10.7 Production Company \u00e1ltal k\u00f6z\u00f6sen k\u00e9sz\u00edtett \u201cPekingi el\u0151ember: az emberis\u00e9g utols\u00f3 titka\u201d c\u00edm\u0171 dokumentumfilm premierj\u00e9t.\u00a0 Shen Haixiong, a China Media Group eln\u00f6ke&nbsp;vide\u00f3n mondott besz\u00e9det. Ugyancsak sz\u00f3lt a jelenl\u00e9v\u0151kh\u00f6z Qu Xing, az UNESCO f\u0151igazgat\u00f3-helyettese, tov\u00e1bb\u00e1 [&hellip;]<\/p>\n","protected":false},"author":7,"featured_media":20583,"comment_status":"closed","ping_status":"closed","sticky":false,"template":"","format":"standard","meta":{"footnotes":""},"categories":[45],"tags":[160,949,1711,3634,414,2036,345],"class_list":["post-20581","post","type-post","status-publish","format-standard","has-post-thumbnail","hentry","category-hirek","tag-azsia","tag-civilizacio","tag-dokumentumfilm","tag-evolucio","tag-fejlodes","tag-kultura","tag-unesco"],"yoast_head":"<!-- This site is optimized with the Yoast SEO plugin v23.7 - https:\/\/yoast.com\/wordpress\/plugins\/seo\/ -->\n<title>Megtartott\u00e1k a \u201ePekingi el\u0151ember: az emberis\u00e9g utols\u00f3 titka\u201d c\u00edm\u0171 dokumentumfilm premierj\u00e9t az UNESCO sz\u00e9kh\u00e1z\u00e1ban - kinaikaleidoszkop.hu<\/title>\n<meta name=\"robots\" content=\"index, follow, max-snippet:-1, max-image-preview:large, max-video-preview:-1\" \/>\n<link rel=\"canonical\" href=\"https:\/\/kinaikaleidoszkop.hu\/index.php\/2023\/12\/27\/megtartottak-a-pekingi-eloember-az-emberiseg-utolso-titka-dokumentumfilm-premierjet-az-unesco-szekhazaban\/\" \/>\n<meta property=\"og:locale\" content=\"hu_HU\" \/>\n<meta property=\"og:type\" content=\"article\" \/>\n<meta property=\"og:title\" content=\"Megtartott\u00e1k a \u201ePekingi el\u0151ember: az emberis\u00e9g utols\u00f3 titka\u201d c\u00edm\u0171 dokumentumfilm premierj\u00e9t az UNESCO sz\u00e9kh\u00e1z\u00e1ban - kinaikaleidoszkop.hu\" \/>\n<meta property=\"og:description\" content=\"Helyi id\u0151 szerint december 19-\u00e9n este az UNESCO p\u00e1rizsi k\u00f6zpontj\u00e1ban megtartott\u00e1k a China Media Group, a France T\u00e9l\u00e9visions, valamint a francia 10.7 Production Company \u00e1ltal k\u00f6z\u00f6sen k\u00e9sz\u00edtett \u201cPekingi el\u0151ember: az emberis\u00e9g utols\u00f3 titka\u201d c\u00edm\u0171 dokumentumfilm premierj\u00e9t.\u00a0 Shen Haixiong, a China Media Group eln\u00f6ke&nbsp;vide\u00f3n mondott besz\u00e9det. Ugyancsak sz\u00f3lt a jelenl\u00e9v\u0151kh\u00f6z Qu Xing, az UNESCO f\u0151igazgat\u00f3-helyettese, tov\u00e1bb\u00e1 [&hellip;]\" \/>\n<meta property=\"og:url\" content=\"https:\/\/kinaikaleidoszkop.hu\/index.php\/2023\/12\/27\/megtartottak-a-pekingi-eloember-az-emberiseg-utolso-titka-dokumentumfilm-premierjet-az-unesco-szekhazaban\/\" \/>\n<meta property=\"og:site_name\" content=\"kinaikaleidoszkop.hu\" \/>\n<meta property=\"article:published_time\" content=\"2023-12-27T16:00:49+00:00\" \/>\n<meta property=\"article:modified_time\" content=\"2023-12-28T10:12:55+00:00\" \/>\n<meta property=\"og:image\" content=\"https:\/\/kinaikaleidoszkop.hu\/wp-content\/uploads\/2023\/12\/1225-2pekingi-eloember-scaled.jpg\" \/>\n\t<meta property=\"og:image:width\" content=\"2560\" \/>\n\t<meta property=\"og:image:height\" content=\"1560\" \/>\n\t<meta property=\"og:image:type\" content=\"image\/jpeg\" \/>\n<meta name=\"author\" content=\"Szerk_Erik\" \/>\n<meta name=\"twitter:card\" content=\"summary_large_image\" \/>\n<meta name=\"twitter:label1\" content=\"Szerz\u0151:\" \/>\n\t<meta name=\"twitter:data1\" content=\"Szerk_Erik\" \/>\n\t<meta name=\"twitter:label2\" content=\"Becs\u00fclt olvas\u00e1si id\u0151\" \/>\n\t<meta name=\"twitter:data2\" content=\"1 perc\" \/>\n<script type=\"application\/ld+json\" class=\"yoast-schema-graph\">{\"@context\":\"https:\/\/schema.org\",\"@graph\":[{\"@type\":\"WebPage\",\"@id\":\"https:\/\/kinaikaleidoszkop.hu\/index.php\/2023\/12\/27\/megtartottak-a-pekingi-eloember-az-emberiseg-utolso-titka-dokumentumfilm-premierjet-az-unesco-szekhazaban\/\",\"url\":\"https:\/\/kinaikaleidoszkop.hu\/index.php\/2023\/12\/27\/megtartottak-a-pekingi-eloember-az-emberiseg-utolso-titka-dokumentumfilm-premierjet-az-unesco-szekhazaban\/\",\"name\":\"Megtartott\u00e1k a \u201ePekingi el\u0151ember: az emberis\u00e9g utols\u00f3 titka\u201d c\u00edm\u0171 dokumentumfilm premierj\u00e9t az UNESCO sz\u00e9kh\u00e1z\u00e1ban - kinaikaleidoszkop.hu\",\"isPartOf\":{\"@id\":\"https:\/\/kinaikaleidoszkop.hu\/#website\"},\"primaryImageOfPage\":{\"@id\":\"https:\/\/kinaikaleidoszkop.hu\/index.php\/2023\/12\/27\/megtartottak-a-pekingi-eloember-az-emberiseg-utolso-titka-dokumentumfilm-premierjet-az-unesco-szekhazaban\/#primaryimage\"},\"image\":{\"@id\":\"https:\/\/kinaikaleidoszkop.hu\/index.php\/2023\/12\/27\/megtartottak-a-pekingi-eloember-az-emberiseg-utolso-titka-dokumentumfilm-premierjet-az-unesco-szekhazaban\/#primaryimage\"},\"thumbnailUrl\":\"https:\/\/kinaikaleidoszkop.hu\/wp-content\/uploads\/2023\/12\/1225-2pekingi-eloember-scaled.jpg\",\"datePublished\":\"2023-12-27T16:00:49+00:00\",\"dateModified\":\"2023-12-28T10:12:55+00:00\",\"author\":{\"@id\":\"https:\/\/kinaikaleidoszkop.hu\/#\/schema\/person\/4d69b71e7e70322713b9d9287b610556\"},\"breadcrumb\":{\"@id\":\"https:\/\/kinaikaleidoszkop.hu\/index.php\/2023\/12\/27\/megtartottak-a-pekingi-eloember-az-emberiseg-utolso-titka-dokumentumfilm-premierjet-az-unesco-szekhazaban\/#breadcrumb\"},\"inLanguage\":\"hu\",\"potentialAction\":[{\"@type\":\"ReadAction\",\"target\":[\"https:\/\/kinaikaleidoszkop.hu\/index.php\/2023\/12\/27\/megtartottak-a-pekingi-eloember-az-emberiseg-utolso-titka-dokumentumfilm-premierjet-az-unesco-szekhazaban\/\"]}]},{\"@type\":\"ImageObject\",\"inLanguage\":\"hu\",\"@id\":\"https:\/\/kinaikaleidoszkop.hu\/index.php\/2023\/12\/27\/megtartottak-a-pekingi-eloember-az-emberiseg-utolso-titka-dokumentumfilm-premierjet-az-unesco-szekhazaban\/#primaryimage\",\"url\":\"https:\/\/kinaikaleidoszkop.hu\/wp-content\/uploads\/2023\/12\/1225-2pekingi-eloember-scaled.jpg\",\"contentUrl\":\"https:\/\/kinaikaleidoszkop.hu\/wp-content\/uploads\/2023\/12\/1225-2pekingi-eloember-scaled.jpg\",\"width\":2560,\"height\":1560},{\"@type\":\"BreadcrumbList\",\"@id\":\"https:\/\/kinaikaleidoszkop.hu\/index.php\/2023\/12\/27\/megtartottak-a-pekingi-eloember-az-emberiseg-utolso-titka-dokumentumfilm-premierjet-az-unesco-szekhazaban\/#breadcrumb\",\"itemListElement\":[{\"@type\":\"ListItem\",\"position\":1,\"name\":\"Kezd\u0151lap\",\"item\":\"https:\/\/kinaikaleidoszkop.hu\/\"},{\"@type\":\"ListItem\",\"position\":2,\"name\":\"Megtartott\u00e1k a \u201ePekingi el\u0151ember: az emberis\u00e9g utols\u00f3 titka\u201d c\u00edm\u0171 dokumentumfilm premierj\u00e9t az UNESCO sz\u00e9kh\u00e1z\u00e1ban\"}]},{\"@type\":\"WebSite\",\"@id\":\"https:\/\/kinaikaleidoszkop.hu\/#website\",\"url\":\"https:\/\/kinaikaleidoszkop.hu\/\",\"name\":\"kinaikaleidoszkop.hu\",\"description\":\"\",\"potentialAction\":[{\"@type\":\"SearchAction\",\"target\":{\"@type\":\"EntryPoint\",\"urlTemplate\":\"https:\/\/kinaikaleidoszkop.hu\/?s={search_term_string}\"},\"query-input\":{\"@type\":\"PropertyValueSpecification\",\"valueRequired\":true,\"valueName\":\"search_term_string\"}}],\"inLanguage\":\"hu\"},{\"@type\":\"Person\",\"@id\":\"https:\/\/kinaikaleidoszkop.hu\/#\/schema\/person\/4d69b71e7e70322713b9d9287b610556\",\"name\":\"Szerk_Erik\",\"image\":{\"@type\":\"ImageObject\",\"inLanguage\":\"hu\",\"@id\":\"https:\/\/kinaikaleidoszkop.hu\/#\/schema\/person\/image\/\",\"url\":\"https:\/\/secure.gravatar.com\/avatar\/3c1e909a14c0c91d2eaef877aaacb584c667f8e7137de69653aa9561fd0e8062?s=96&d=mm&r=g\",\"contentUrl\":\"https:\/\/secure.gravatar.com\/avatar\/3c1e909a14c0c91d2eaef877aaacb584c667f8e7137de69653aa9561fd0e8062?s=96&d=mm&r=g\",\"caption\":\"Szerk_Erik\"},\"url\":\"https:\/\/kinaikaleidoszkop.hu\/index.php\/author\/szerk_erik\/\"}]}<\/script>\n<!-- \/ Yoast SEO plugin. -->","yoast_head_json":{"title":"Megtartott\u00e1k a \u201ePekingi el\u0151ember: az emberis\u00e9g utols\u00f3 titka\u201d c\u00edm\u0171 dokumentumfilm premierj\u00e9t az UNESCO sz\u00e9kh\u00e1z\u00e1ban - kinaikaleidoszkop.hu","robots":{"index":"index","follow":"follow","max-snippet":"max-snippet:-1","max-image-preview":"max-image-preview:large","max-video-preview":"max-video-preview:-1"},"canonical":"https:\/\/kinaikaleidoszkop.hu\/index.php\/2023\/12\/27\/megtartottak-a-pekingi-eloember-az-emberiseg-utolso-titka-dokumentumfilm-premierjet-az-unesco-szekhazaban\/","og_locale":"hu_HU","og_type":"article","og_title":"Megtartott\u00e1k a \u201ePekingi el\u0151ember: az emberis\u00e9g utols\u00f3 titka\u201d c\u00edm\u0171 dokumentumfilm premierj\u00e9t az UNESCO sz\u00e9kh\u00e1z\u00e1ban - kinaikaleidoszkop.hu","og_description":"Helyi id\u0151 szerint december 19-\u00e9n este az UNESCO p\u00e1rizsi k\u00f6zpontj\u00e1ban megtartott\u00e1k a China Media Group, a France T\u00e9l\u00e9visions, valamint a francia 10.7 Production Company \u00e1ltal k\u00f6z\u00f6sen k\u00e9sz\u00edtett \u201cPekingi el\u0151ember: az emberis\u00e9g utols\u00f3 titka\u201d c\u00edm\u0171 dokumentumfilm premierj\u00e9t.\u00a0 Shen Haixiong, a China Media Group eln\u00f6ke&nbsp;vide\u00f3n mondott besz\u00e9det. Ugyancsak sz\u00f3lt a jelenl\u00e9v\u0151kh\u00f6z Qu Xing, az UNESCO f\u0151igazgat\u00f3-helyettese, tov\u00e1bb\u00e1 [&hellip;]","og_url":"https:\/\/kinaikaleidoszkop.hu\/index.php\/2023\/12\/27\/megtartottak-a-pekingi-eloember-az-emberiseg-utolso-titka-dokumentumfilm-premierjet-az-unesco-szekhazaban\/","og_site_name":"kinaikaleidoszkop.hu","article_published_time":"2023-12-27T16:00:49+00:00","article_modified_time":"2023-12-28T10:12:55+00:00","og_image":[{"width":2560,"height":1560,"url":"https:\/\/kinaikaleidoszkop.hu\/wp-content\/uploads\/2023\/12\/1225-2pekingi-eloember-scaled.jpg","type":"image\/jpeg"}],"author":"Szerk_Erik","twitter_card":"summary_large_image","twitter_misc":{"Szerz\u0151:":"Szerk_Erik","Becs\u00fclt olvas\u00e1si id\u0151":"1 perc"},"schema":{"@context":"https:\/\/schema.org","@graph":[{"@type":"WebPage","@id":"https:\/\/kinaikaleidoszkop.hu\/index.php\/2023\/12\/27\/megtartottak-a-pekingi-eloember-az-emberiseg-utolso-titka-dokumentumfilm-premierjet-az-unesco-szekhazaban\/","url":"https:\/\/kinaikaleidoszkop.hu\/index.php\/2023\/12\/27\/megtartottak-a-pekingi-eloember-az-emberiseg-utolso-titka-dokumentumfilm-premierjet-az-unesco-szekhazaban\/","name":"Megtartott\u00e1k a \u201ePekingi el\u0151ember: az emberis\u00e9g utols\u00f3 titka\u201d c\u00edm\u0171 dokumentumfilm premierj\u00e9t az UNESCO sz\u00e9kh\u00e1z\u00e1ban - kinaikaleidoszkop.hu","isPartOf":{"@id":"https:\/\/kinaikaleidoszkop.hu\/#website"},"primaryImageOfPage":{"@id":"https:\/\/kinaikaleidoszkop.hu\/index.php\/2023\/12\/27\/megtartottak-a-pekingi-eloember-az-emberiseg-utolso-titka-dokumentumfilm-premierjet-az-unesco-szekhazaban\/#primaryimage"},"image":{"@id":"https:\/\/kinaikaleidoszkop.hu\/index.php\/2023\/12\/27\/megtartottak-a-pekingi-eloember-az-emberiseg-utolso-titka-dokumentumfilm-premierjet-az-unesco-szekhazaban\/#primaryimage"},"thumbnailUrl":"https:\/\/kinaikaleidoszkop.hu\/wp-content\/uploads\/2023\/12\/1225-2pekingi-eloember-scaled.jpg","datePublished":"2023-12-27T16:00:49+00:00","dateModified":"2023-12-28T10:12:55+00:00","author":{"@id":"https:\/\/kinaikaleidoszkop.hu\/#\/schema\/person\/4d69b71e7e70322713b9d9287b610556"},"breadcrumb":{"@id":"https:\/\/kinaikaleidoszkop.hu\/index.php\/2023\/12\/27\/megtartottak-a-pekingi-eloember-az-emberiseg-utolso-titka-dokumentumfilm-premierjet-az-unesco-szekhazaban\/#breadcrumb"},"inLanguage":"hu","potentialAction":[{"@type":"ReadAction","target":["https:\/\/kinaikaleidoszkop.hu\/index.php\/2023\/12\/27\/megtartottak-a-pekingi-eloember-az-emberiseg-utolso-titka-dokumentumfilm-premierjet-az-unesco-szekhazaban\/"]}]},{"@type":"ImageObject","inLanguage":"hu","@id":"https:\/\/kinaikaleidoszkop.hu\/index.php\/2023\/12\/27\/megtartottak-a-pekingi-eloember-az-emberiseg-utolso-titka-dokumentumfilm-premierjet-az-unesco-szekhazaban\/#primaryimage","url":"https:\/\/kinaikaleidoszkop.hu\/wp-content\/uploads\/2023\/12\/1225-2pekingi-eloember-scaled.jpg","contentUrl":"https:\/\/kinaikaleidoszkop.hu\/wp-content\/uploads\/2023\/12\/1225-2pekingi-eloember-scaled.jpg","width":2560,"height":1560},{"@type":"BreadcrumbList","@id":"https:\/\/kinaikaleidoszkop.hu\/index.php\/2023\/12\/27\/megtartottak-a-pekingi-eloember-az-emberiseg-utolso-titka-dokumentumfilm-premierjet-az-unesco-szekhazaban\/#breadcrumb","itemListElement":[{"@type":"ListItem","position":1,"name":"Kezd\u0151lap","item":"https:\/\/kinaikaleidoszkop.hu\/"},{"@type":"ListItem","position":2,"name":"Megtartott\u00e1k a \u201ePekingi el\u0151ember: az emberis\u00e9g utols\u00f3 titka\u201d c\u00edm\u0171 dokumentumfilm premierj\u00e9t az UNESCO sz\u00e9kh\u00e1z\u00e1ban"}]},{"@type":"WebSite","@id":"https:\/\/kinaikaleidoszkop.hu\/#website","url":"https:\/\/kinaikaleidoszkop.hu\/","name":"kinaikaleidoszkop.hu","description":"","potentialAction":[{"@type":"SearchAction","target":{"@type":"EntryPoint","urlTemplate":"https:\/\/kinaikaleidoszkop.hu\/?s={search_term_string}"},"query-input":{"@type":"PropertyValueSpecification","valueRequired":true,"valueName":"search_term_string"}}],"inLanguage":"hu"},{"@type":"Person","@id":"https:\/\/kinaikaleidoszkop.hu\/#\/schema\/person\/4d69b71e7e70322713b9d9287b610556","name":"Szerk_Erik","image":{"@type":"ImageObject","inLanguage":"hu","@id":"https:\/\/kinaikaleidoszkop.hu\/#\/schema\/person\/image\/","url":"https:\/\/secure.gravatar.com\/avatar\/3c1e909a14c0c91d2eaef877aaacb584c667f8e7137de69653aa9561fd0e8062?s=96&d=mm&r=g","contentUrl":"https:\/\/secure.gravatar.com\/avatar\/3c1e909a14c0c91d2eaef877aaacb584c667f8e7137de69653aa9561fd0e8062?s=96&d=mm&r=g","caption":"Szerk_Erik"},"url":"https:\/\/kinaikaleidoszkop.hu\/index.php\/author\/szerk_erik\/"}]}},"views":367,"distributor_meta":false,"distributor_terms":false,"distributor_media":false,"distributor_original_site_name":"kinaikaleidoszkop.hu","distributor_original_site_url":"https:\/\/kinaikaleidoszkop.hu","push-errors":false,"_links":{"self":[{"href":"https:\/\/kinaikaleidoszkop.hu\/index.php\/wp-json\/wp\/v2\/posts\/20581","targetHints":{"allow":["GET"]}}],"collection":[{"href":"https:\/\/kinaikaleidoszkop.hu\/index.php\/wp-json\/wp\/v2\/posts"}],"about":[{"href":"https:\/\/kinaikaleidoszkop.hu\/index.php\/wp-json\/wp\/v2\/types\/post"}],"author":[{"embeddable":true,"href":"https:\/\/kinaikaleidoszkop.hu\/index.php\/wp-json\/wp\/v2\/users\/7"}],"replies":[{"embeddable":true,"href":"https:\/\/kinaikaleidoszkop.hu\/index.php\/wp-json\/wp\/v2\/comments?post=20581"}],"version-history":[{"count":2,"href":"https:\/\/kinaikaleidoszkop.hu\/index.php\/wp-json\/wp\/v2\/posts\/20581\/revisions"}],"predecessor-version":[{"id":20611,"href":"https:\/\/kinaikaleidoszkop.hu\/index.php\/wp-json\/wp\/v2\/posts\/20581\/revisions\/20611"}],"wp:featuredmedia":[{"embeddable":true,"href":"https:\/\/kinaikaleidoszkop.hu\/index.php\/wp-json\/wp\/v2\/media\/20583"}],"wp:attachment":[{"href":"https:\/\/kinaikaleidoszkop.hu\/index.php\/wp-json\/wp\/v2\/media?parent=20581"}],"wp:term":[{"taxonomy":"category","embeddable":true,"href":"https:\/\/kinaikaleidoszkop.hu\/index.php\/wp-json\/wp\/v2\/categories?post=20581"},{"taxonomy":"post_tag","embeddable":true,"href":"https:\/\/kinaikaleidoszkop.hu\/index.php\/wp-json\/wp\/v2\/tags?post=20581"}],"curies":[{"name":"wp","href":"https:\/\/api.w.org\/{rel}","templated":true}]}}