{"id":20664,"date":"2024-01-02T11:51:59","date_gmt":"2024-01-02T10:51:59","guid":{"rendered":"https:\/\/kinaikaleidoszkop.hu\/?p=20664"},"modified":"2024-01-02T11:52:00","modified_gmt":"2024-01-02T10:52:00","slug":"cmg-kommentar-hogyan-teljesithet-jobban-a-kinai-diplomacia-egy-konferencia-valaszai","status":"publish","type":"post","link":"https:\/\/kinaikaleidoszkop.hu\/index.php\/2024\/01\/02\/cmg-kommentar-hogyan-teljesithet-jobban-a-kinai-diplomacia-egy-konferencia-valaszai\/","title":{"rendered":"CMG-komment\u00e1r: Hogyan teljes\u00edthet jobban a k\u00ednai diplom\u00e1cia? &#8211; Egy konferencia v\u00e1laszai"},"content":{"rendered":"\n<p><strong>Az elm\u00falt \u00e9v v\u00e9g\u00e9n a KKP KB megrendezte Pekingben k\u00fcl\u00fcgyi munka\u00fcl\u00e9s\u00e9t, amelyet K\u00edna k\u00fclpolitik\u00e1ja ir\u00e1nyt\u0171j\u00e9nek tekintenek.<\/strong><\/p>\n\n\n\n<p>A geopolitikai konfliktusok, a lass\u00fa gazdas\u00e1gi fellend\u00fcl\u00e9s \u00e9s a sz\u00e9ls\u0151s\u00e9ges id\u0151j\u00e1r\u00e1s okozta katasztr\u00f3f\u00e1k k\u00f6zepette az emberek pesszimist\u00e1k \u00e9s szeretn\u00e9k tudni, hogy lesz-e jobb a vil\u00e1gunk. A k\u00fcl\u00fcgyi munka\u00fcl\u00e9sen elhangzott: az emberis\u00e9g halad\u00e1si ir\u00e1nya nem v\u00e1ltozik, nem v\u00e1ltozik az a logika, mely szerint a vil\u00e1gt\u00f6rt\u00e9nelem fordulatokkal halad el\u0151re, s nem v\u00e1ltozik az a tendencia, hogy a nemzetk\u00f6zi k\u00f6z\u00f6ss\u00e9g tagjainak sorsa \u00f6sszefon\u00f3dik egym\u00e1ssal. K\u00edna azt rem\u00e9li, hogy nemcsak saj\u00e1t mag\u00e1t fejleszti, hanem a vil\u00e1g orsz\u00e1gaival egy\u00fctt fejl\u0151dik. Ez\u00e9rt az emberis\u00e9g sorsk\u00f6z\u00f6ss\u00e9ge nagy hat\u00e1ssal van a vil\u00e1gra.<\/p>\n\n\n<div class=\"wp-block-image\">\n<figure class=\"aligncenter size-large\"><img decoding=\"async\" src=\"https:\/\/hirpest.hu\/wp-content\/uploads\/2024\/01\/0102Lea1.jpg\" alt=\"\" class=\"wp-image-20459\"\/><\/figure>\n<\/div>\n\n\n<p>\u201eA k\u00ednai modell\u0171 nagyhatalmi diplom\u00e1cia egy olyan szakaszba l\u00e9p, amelyben K\u00edna jobban teljes\u00edthet\u201d &#8211; hangs\u00falyozta Mao Ning k\u00ednai k\u00fcl\u00fcgyi sz\u00f3viv\u0151, ami azt jelenti, hogy K\u00edna tov\u00e1bbra is r\u00e9szt vesz a glob\u00e1lis korm\u00e1nyz\u00e1sban, valamint a vil\u00e1g b\u00e9k\u00e9j\u00e9nek \u00e9s fejl\u0151d\u00e9s\u00e9nek v\u00e9delmez\u00e9s\u00e9ben.<\/p>\n\n\n\n<p><strong><em>(Ma Xiaolu \u2013 China Media Group)<\/em><\/strong><\/p>\n\n\n\n<p><strong>2024. janu\u00e1r 2.<\/strong><\/p>\n\n\n\n<p><strong><em>(x)<\/em><\/strong><\/p>\n","protected":false},"excerpt":{"rendered":"<p>Az elm\u00falt \u00e9v v\u00e9g\u00e9n a KKP KB megrendezte Pekingben k\u00fcl\u00fcgyi munka\u00fcl\u00e9s\u00e9t, amelyet K\u00edna k\u00fclpolitik\u00e1ja ir\u00e1nyt\u0171j\u00e9nek tekintenek. A geopolitikai konfliktusok, a lass\u00fa gazdas\u00e1gi fellend\u00fcl\u00e9s \u00e9s a sz\u00e9ls\u0151s\u00e9ges id\u0151j\u00e1r\u00e1s okozta katasztr\u00f3f\u00e1k k\u00f6zepette az emberek pesszimist\u00e1k \u00e9s szeretn\u00e9k tudni, hogy lesz-e jobb a vil\u00e1gunk. A k\u00fcl\u00fcgyi munka\u00fcl\u00e9sen elhangzott: az emberis\u00e9g halad\u00e1si ir\u00e1nya nem v\u00e1ltozik, nem v\u00e1ltozik az a [&hellip;]<\/p>\n","protected":false},"author":2,"featured_media":20667,"comment_status":"closed","ping_status":"closed","sticky":false,"template":"","format":"standard","meta":{"footnotes":""},"categories":[45],"tags":[2520,3671,2114,448,460,458,2334,3672,2725,141],"class_list":["post-20664","post","type-post","status-publish","format-standard","has-post-thumbnail","hentry","category-hirek","tag-cmg-kommentar","tag-globalis-kormanyzas","tag-kinai-diplomacia","tag-kinai-kommunista-part-kozponti-bizottsaga","tag-kinai-kulugyi-szovivo","tag-konferencia","tag-kulpolitika","tag-kulugyi-munkaules","tag-mao-ning","tag-peking"],"yoast_head":"<!-- This site is optimized with the Yoast SEO plugin v23.7 - https:\/\/yoast.com\/wordpress\/plugins\/seo\/ -->\n<title>CMG-komment\u00e1r: Hogyan teljes\u00edthet jobban a k\u00ednai diplom\u00e1cia? - Egy konferencia v\u00e1laszai - kinaikaleidoszkop.hu<\/title>\n<meta name=\"robots\" content=\"index, follow, max-snippet:-1, max-image-preview:large, max-video-preview:-1\" \/>\n<link rel=\"canonical\" href=\"https:\/\/kinaikaleidoszkop.hu\/index.php\/2024\/01\/02\/cmg-kommentar-hogyan-teljesithet-jobban-a-kinai-diplomacia-egy-konferencia-valaszai\/\" \/>\n<meta property=\"og:locale\" content=\"hu_HU\" \/>\n<meta property=\"og:type\" content=\"article\" \/>\n<meta property=\"og:title\" content=\"CMG-komment\u00e1r: Hogyan teljes\u00edthet jobban a k\u00ednai diplom\u00e1cia? - Egy konferencia v\u00e1laszai - kinaikaleidoszkop.hu\" \/>\n<meta property=\"og:description\" content=\"Az elm\u00falt \u00e9v v\u00e9g\u00e9n a KKP KB megrendezte Pekingben k\u00fcl\u00fcgyi munka\u00fcl\u00e9s\u00e9t, amelyet K\u00edna k\u00fclpolitik\u00e1ja ir\u00e1nyt\u0171j\u00e9nek tekintenek. A geopolitikai konfliktusok, a lass\u00fa gazdas\u00e1gi fellend\u00fcl\u00e9s \u00e9s a sz\u00e9ls\u0151s\u00e9ges id\u0151j\u00e1r\u00e1s okozta katasztr\u00f3f\u00e1k k\u00f6zepette az emberek pesszimist\u00e1k \u00e9s szeretn\u00e9k tudni, hogy lesz-e jobb a vil\u00e1gunk. A k\u00fcl\u00fcgyi munka\u00fcl\u00e9sen elhangzott: az emberis\u00e9g halad\u00e1si ir\u00e1nya nem v\u00e1ltozik, nem v\u00e1ltozik az a [&hellip;]\" \/>\n<meta property=\"og:url\" content=\"https:\/\/kinaikaleidoszkop.hu\/index.php\/2024\/01\/02\/cmg-kommentar-hogyan-teljesithet-jobban-a-kinai-diplomacia-egy-konferencia-valaszai\/\" \/>\n<meta property=\"og:site_name\" content=\"kinaikaleidoszkop.hu\" \/>\n<meta property=\"article:published_time\" content=\"2024-01-02T10:51:59+00:00\" \/>\n<meta property=\"article:modified_time\" content=\"2024-01-02T10:52:00+00:00\" \/>\n<meta property=\"og:image\" content=\"https:\/\/kinaikaleidoszkop.hu\/wp-content\/uploads\/2024\/01\/0102Lea1.jpg\" \/>\n\t<meta property=\"og:image:width\" content=\"600\" \/>\n\t<meta property=\"og:image:height\" content=\"400\" \/>\n\t<meta property=\"og:image:type\" content=\"image\/jpeg\" \/>\n<meta name=\"author\" content=\"admin-szabolcs\" \/>\n<meta name=\"twitter:card\" content=\"summary_large_image\" \/>\n<meta name=\"twitter:label1\" content=\"Szerz\u0151:\" \/>\n\t<meta name=\"twitter:data1\" content=\"admin-szabolcs\" \/>\n\t<meta name=\"twitter:label2\" content=\"Becs\u00fclt olvas\u00e1si id\u0151\" \/>\n\t<meta name=\"twitter:data2\" content=\"2 perc\" \/>\n<script type=\"application\/ld+json\" class=\"yoast-schema-graph\">{\"@context\":\"https:\/\/schema.org\",\"@graph\":[{\"@type\":\"WebPage\",\"@id\":\"https:\/\/kinaikaleidoszkop.hu\/index.php\/2024\/01\/02\/cmg-kommentar-hogyan-teljesithet-jobban-a-kinai-diplomacia-egy-konferencia-valaszai\/\",\"url\":\"https:\/\/kinaikaleidoszkop.hu\/index.php\/2024\/01\/02\/cmg-kommentar-hogyan-teljesithet-jobban-a-kinai-diplomacia-egy-konferencia-valaszai\/\",\"name\":\"CMG-komment\u00e1r: Hogyan teljes\u00edthet jobban a k\u00ednai diplom\u00e1cia? - Egy konferencia v\u00e1laszai - kinaikaleidoszkop.hu\",\"isPartOf\":{\"@id\":\"https:\/\/kinaikaleidoszkop.hu\/#website\"},\"primaryImageOfPage\":{\"@id\":\"https:\/\/kinaikaleidoszkop.hu\/index.php\/2024\/01\/02\/cmg-kommentar-hogyan-teljesithet-jobban-a-kinai-diplomacia-egy-konferencia-valaszai\/#primaryimage\"},\"image\":{\"@id\":\"https:\/\/kinaikaleidoszkop.hu\/index.php\/2024\/01\/02\/cmg-kommentar-hogyan-teljesithet-jobban-a-kinai-diplomacia-egy-konferencia-valaszai\/#primaryimage\"},\"thumbnailUrl\":\"https:\/\/kinaikaleidoszkop.hu\/wp-content\/uploads\/2024\/01\/0102Lea1.jpg\",\"datePublished\":\"2024-01-02T10:51:59+00:00\",\"dateModified\":\"2024-01-02T10:52:00+00:00\",\"author\":{\"@id\":\"https:\/\/kinaikaleidoszkop.hu\/#\/schema\/person\/b9e2febe742edd540c1197716ec02bf7\"},\"breadcrumb\":{\"@id\":\"https:\/\/kinaikaleidoszkop.hu\/index.php\/2024\/01\/02\/cmg-kommentar-hogyan-teljesithet-jobban-a-kinai-diplomacia-egy-konferencia-valaszai\/#breadcrumb\"},\"inLanguage\":\"hu\",\"potentialAction\":[{\"@type\":\"ReadAction\",\"target\":[\"https:\/\/kinaikaleidoszkop.hu\/index.php\/2024\/01\/02\/cmg-kommentar-hogyan-teljesithet-jobban-a-kinai-diplomacia-egy-konferencia-valaszai\/\"]}]},{\"@type\":\"ImageObject\",\"inLanguage\":\"hu\",\"@id\":\"https:\/\/kinaikaleidoszkop.hu\/index.php\/2024\/01\/02\/cmg-kommentar-hogyan-teljesithet-jobban-a-kinai-diplomacia-egy-konferencia-valaszai\/#primaryimage\",\"url\":\"https:\/\/kinaikaleidoszkop.hu\/wp-content\/uploads\/2024\/01\/0102Lea1.jpg\",\"contentUrl\":\"https:\/\/kinaikaleidoszkop.hu\/wp-content\/uploads\/2024\/01\/0102Lea1.jpg\",\"width\":600,\"height\":400},{\"@type\":\"BreadcrumbList\",\"@id\":\"https:\/\/kinaikaleidoszkop.hu\/index.php\/2024\/01\/02\/cmg-kommentar-hogyan-teljesithet-jobban-a-kinai-diplomacia-egy-konferencia-valaszai\/#breadcrumb\",\"itemListElement\":[{\"@type\":\"ListItem\",\"position\":1,\"name\":\"Kezd\u0151lap\",\"item\":\"https:\/\/kinaikaleidoszkop.hu\/\"},{\"@type\":\"ListItem\",\"position\":2,\"name\":\"CMG-komment\u00e1r: Hogyan teljes\u00edthet jobban a k\u00ednai diplom\u00e1cia? &#8211; Egy konferencia v\u00e1laszai\"}]},{\"@type\":\"WebSite\",\"@id\":\"https:\/\/kinaikaleidoszkop.hu\/#website\",\"url\":\"https:\/\/kinaikaleidoszkop.hu\/\",\"name\":\"kinaikaleidoszkop.hu\",\"description\":\"\",\"potentialAction\":[{\"@type\":\"SearchAction\",\"target\":{\"@type\":\"EntryPoint\",\"urlTemplate\":\"https:\/\/kinaikaleidoszkop.hu\/?s={search_term_string}\"},\"query-input\":{\"@type\":\"PropertyValueSpecification\",\"valueRequired\":true,\"valueName\":\"search_term_string\"}}],\"inLanguage\":\"hu\"},{\"@type\":\"Person\",\"@id\":\"https:\/\/kinaikaleidoszkop.hu\/#\/schema\/person\/b9e2febe742edd540c1197716ec02bf7\",\"name\":\"admin-szabolcs\",\"image\":{\"@type\":\"ImageObject\",\"inLanguage\":\"hu\",\"@id\":\"https:\/\/kinaikaleidoszkop.hu\/#\/schema\/person\/image\/\",\"url\":\"https:\/\/secure.gravatar.com\/avatar\/154f262492794df2a6cb5d5349227b18ef8f85ab462fbb32625fc42406483d21?s=96&d=mm&r=g\",\"contentUrl\":\"https:\/\/secure.gravatar.com\/avatar\/154f262492794df2a6cb5d5349227b18ef8f85ab462fbb32625fc42406483d21?s=96&d=mm&r=g\",\"caption\":\"admin-szabolcs\"},\"url\":\"https:\/\/kinaikaleidoszkop.hu\/index.php\/author\/admin-szabolcs\/\"}]}<\/script>\n<!-- \/ Yoast SEO plugin. -->","yoast_head_json":{"title":"CMG-komment\u00e1r: Hogyan teljes\u00edthet jobban a k\u00ednai diplom\u00e1cia? - Egy konferencia v\u00e1laszai - kinaikaleidoszkop.hu","robots":{"index":"index","follow":"follow","max-snippet":"max-snippet:-1","max-image-preview":"max-image-preview:large","max-video-preview":"max-video-preview:-1"},"canonical":"https:\/\/kinaikaleidoszkop.hu\/index.php\/2024\/01\/02\/cmg-kommentar-hogyan-teljesithet-jobban-a-kinai-diplomacia-egy-konferencia-valaszai\/","og_locale":"hu_HU","og_type":"article","og_title":"CMG-komment\u00e1r: Hogyan teljes\u00edthet jobban a k\u00ednai diplom\u00e1cia? - Egy konferencia v\u00e1laszai - kinaikaleidoszkop.hu","og_description":"Az elm\u00falt \u00e9v v\u00e9g\u00e9n a KKP KB megrendezte Pekingben k\u00fcl\u00fcgyi munka\u00fcl\u00e9s\u00e9t, amelyet K\u00edna k\u00fclpolitik\u00e1ja ir\u00e1nyt\u0171j\u00e9nek tekintenek. A geopolitikai konfliktusok, a lass\u00fa gazdas\u00e1gi fellend\u00fcl\u00e9s \u00e9s a sz\u00e9ls\u0151s\u00e9ges id\u0151j\u00e1r\u00e1s okozta katasztr\u00f3f\u00e1k k\u00f6zepette az emberek pesszimist\u00e1k \u00e9s szeretn\u00e9k tudni, hogy lesz-e jobb a vil\u00e1gunk. A k\u00fcl\u00fcgyi munka\u00fcl\u00e9sen elhangzott: az emberis\u00e9g halad\u00e1si ir\u00e1nya nem v\u00e1ltozik, nem v\u00e1ltozik az a [&hellip;]","og_url":"https:\/\/kinaikaleidoszkop.hu\/index.php\/2024\/01\/02\/cmg-kommentar-hogyan-teljesithet-jobban-a-kinai-diplomacia-egy-konferencia-valaszai\/","og_site_name":"kinaikaleidoszkop.hu","article_published_time":"2024-01-02T10:51:59+00:00","article_modified_time":"2024-01-02T10:52:00+00:00","og_image":[{"width":600,"height":400,"url":"https:\/\/kinaikaleidoszkop.hu\/wp-content\/uploads\/2024\/01\/0102Lea1.jpg","type":"image\/jpeg"}],"author":"admin-szabolcs","twitter_card":"summary_large_image","twitter_misc":{"Szerz\u0151:":"admin-szabolcs","Becs\u00fclt olvas\u00e1si id\u0151":"2 perc"},"schema":{"@context":"https:\/\/schema.org","@graph":[{"@type":"WebPage","@id":"https:\/\/kinaikaleidoszkop.hu\/index.php\/2024\/01\/02\/cmg-kommentar-hogyan-teljesithet-jobban-a-kinai-diplomacia-egy-konferencia-valaszai\/","url":"https:\/\/kinaikaleidoszkop.hu\/index.php\/2024\/01\/02\/cmg-kommentar-hogyan-teljesithet-jobban-a-kinai-diplomacia-egy-konferencia-valaszai\/","name":"CMG-komment\u00e1r: Hogyan teljes\u00edthet jobban a k\u00ednai diplom\u00e1cia? - Egy konferencia v\u00e1laszai - kinaikaleidoszkop.hu","isPartOf":{"@id":"https:\/\/kinaikaleidoszkop.hu\/#website"},"primaryImageOfPage":{"@id":"https:\/\/kinaikaleidoszkop.hu\/index.php\/2024\/01\/02\/cmg-kommentar-hogyan-teljesithet-jobban-a-kinai-diplomacia-egy-konferencia-valaszai\/#primaryimage"},"image":{"@id":"https:\/\/kinaikaleidoszkop.hu\/index.php\/2024\/01\/02\/cmg-kommentar-hogyan-teljesithet-jobban-a-kinai-diplomacia-egy-konferencia-valaszai\/#primaryimage"},"thumbnailUrl":"https:\/\/kinaikaleidoszkop.hu\/wp-content\/uploads\/2024\/01\/0102Lea1.jpg","datePublished":"2024-01-02T10:51:59+00:00","dateModified":"2024-01-02T10:52:00+00:00","author":{"@id":"https:\/\/kinaikaleidoszkop.hu\/#\/schema\/person\/b9e2febe742edd540c1197716ec02bf7"},"breadcrumb":{"@id":"https:\/\/kinaikaleidoszkop.hu\/index.php\/2024\/01\/02\/cmg-kommentar-hogyan-teljesithet-jobban-a-kinai-diplomacia-egy-konferencia-valaszai\/#breadcrumb"},"inLanguage":"hu","potentialAction":[{"@type":"ReadAction","target":["https:\/\/kinaikaleidoszkop.hu\/index.php\/2024\/01\/02\/cmg-kommentar-hogyan-teljesithet-jobban-a-kinai-diplomacia-egy-konferencia-valaszai\/"]}]},{"@type":"ImageObject","inLanguage":"hu","@id":"https:\/\/kinaikaleidoszkop.hu\/index.php\/2024\/01\/02\/cmg-kommentar-hogyan-teljesithet-jobban-a-kinai-diplomacia-egy-konferencia-valaszai\/#primaryimage","url":"https:\/\/kinaikaleidoszkop.hu\/wp-content\/uploads\/2024\/01\/0102Lea1.jpg","contentUrl":"https:\/\/kinaikaleidoszkop.hu\/wp-content\/uploads\/2024\/01\/0102Lea1.jpg","width":600,"height":400},{"@type":"BreadcrumbList","@id":"https:\/\/kinaikaleidoszkop.hu\/index.php\/2024\/01\/02\/cmg-kommentar-hogyan-teljesithet-jobban-a-kinai-diplomacia-egy-konferencia-valaszai\/#breadcrumb","itemListElement":[{"@type":"ListItem","position":1,"name":"Kezd\u0151lap","item":"https:\/\/kinaikaleidoszkop.hu\/"},{"@type":"ListItem","position":2,"name":"CMG-komment\u00e1r: Hogyan teljes\u00edthet jobban a k\u00ednai diplom\u00e1cia? &#8211; Egy konferencia v\u00e1laszai"}]},{"@type":"WebSite","@id":"https:\/\/kinaikaleidoszkop.hu\/#website","url":"https:\/\/kinaikaleidoszkop.hu\/","name":"kinaikaleidoszkop.hu","description":"","potentialAction":[{"@type":"SearchAction","target":{"@type":"EntryPoint","urlTemplate":"https:\/\/kinaikaleidoszkop.hu\/?s={search_term_string}"},"query-input":{"@type":"PropertyValueSpecification","valueRequired":true,"valueName":"search_term_string"}}],"inLanguage":"hu"},{"@type":"Person","@id":"https:\/\/kinaikaleidoszkop.hu\/#\/schema\/person\/b9e2febe742edd540c1197716ec02bf7","name":"admin-szabolcs","image":{"@type":"ImageObject","inLanguage":"hu","@id":"https:\/\/kinaikaleidoszkop.hu\/#\/schema\/person\/image\/","url":"https:\/\/secure.gravatar.com\/avatar\/154f262492794df2a6cb5d5349227b18ef8f85ab462fbb32625fc42406483d21?s=96&d=mm&r=g","contentUrl":"https:\/\/secure.gravatar.com\/avatar\/154f262492794df2a6cb5d5349227b18ef8f85ab462fbb32625fc42406483d21?s=96&d=mm&r=g","caption":"admin-szabolcs"},"url":"https:\/\/kinaikaleidoszkop.hu\/index.php\/author\/admin-szabolcs\/"}]}},"views":220,"distributor_meta":false,"distributor_terms":false,"distributor_media":false,"distributor_original_site_name":"kinaikaleidoszkop.hu","distributor_original_site_url":"https:\/\/kinaikaleidoszkop.hu","push-errors":false,"_links":{"self":[{"href":"https:\/\/kinaikaleidoszkop.hu\/index.php\/wp-json\/wp\/v2\/posts\/20664","targetHints":{"allow":["GET"]}}],"collection":[{"href":"https:\/\/kinaikaleidoszkop.hu\/index.php\/wp-json\/wp\/v2\/posts"}],"about":[{"href":"https:\/\/kinaikaleidoszkop.hu\/index.php\/wp-json\/wp\/v2\/types\/post"}],"author":[{"embeddable":true,"href":"https:\/\/kinaikaleidoszkop.hu\/index.php\/wp-json\/wp\/v2\/users\/2"}],"replies":[{"embeddable":true,"href":"https:\/\/kinaikaleidoszkop.hu\/index.php\/wp-json\/wp\/v2\/comments?post=20664"}],"version-history":[{"count":1,"href":"https:\/\/kinaikaleidoszkop.hu\/index.php\/wp-json\/wp\/v2\/posts\/20664\/revisions"}],"predecessor-version":[{"id":20668,"href":"https:\/\/kinaikaleidoszkop.hu\/index.php\/wp-json\/wp\/v2\/posts\/20664\/revisions\/20668"}],"wp:featuredmedia":[{"embeddable":true,"href":"https:\/\/kinaikaleidoszkop.hu\/index.php\/wp-json\/wp\/v2\/media\/20667"}],"wp:attachment":[{"href":"https:\/\/kinaikaleidoszkop.hu\/index.php\/wp-json\/wp\/v2\/media?parent=20664"}],"wp:term":[{"taxonomy":"category","embeddable":true,"href":"https:\/\/kinaikaleidoszkop.hu\/index.php\/wp-json\/wp\/v2\/categories?post=20664"},{"taxonomy":"post_tag","embeddable":true,"href":"https:\/\/kinaikaleidoszkop.hu\/index.php\/wp-json\/wp\/v2\/tags?post=20664"}],"curies":[{"name":"wp","href":"https:\/\/api.w.org\/{rel}","templated":true}]}}