{"id":20669,"date":"2024-01-03T10:50:37","date_gmt":"2024-01-03T09:50:37","guid":{"rendered":"https:\/\/kinaikaleidoszkop.hu\/?p=20669"},"modified":"2024-01-03T10:50:38","modified_gmt":"2024-01-03T09:50:38","slug":"a-kinai-kulugyi-szovivo-beszedet-tartott-a-kinai-amerikai-diplomaciai-kapcsolatok-letrehozasanak-45-evforduloja-alkalmabol","status":"publish","type":"post","link":"https:\/\/kinaikaleidoszkop.hu\/index.php\/2024\/01\/03\/a-kinai-kulugyi-szovivo-beszedet-tartott-a-kinai-amerikai-diplomaciai-kapcsolatok-letrehozasanak-45-evforduloja-alkalmabol\/","title":{"rendered":"A k\u00ednai k\u00fcl\u00fcgyi sz\u00f3viv\u0151 besz\u00e9det tartott a k\u00ednai\u2013amerikai diplom\u00e1ciai kapcsolatok l\u00e9trehoz\u00e1s\u00e1nak 45. \u00e9vfordul\u00f3ja alkalm\u00e1b\u00f3l"},"content":{"rendered":"\n<p><strong>Janu\u00e1r 2-\u00e1n Wang Wenbin k\u00ednai k\u00fcl\u00fcgyi sz\u00f3viv\u0151 besz\u00e9det tartott a k\u00ednai\u2013amerikai diplom\u00e1ciai kapcsolatok l\u00e9trehoz\u00e1s\u00e1nak 45. \u00e9vfordul\u00f3ja alkalm\u00e1b\u00f3l. Arr\u00f3l t\u00e1j\u00e9koztatott, hogy ebb\u0151l az alkalomb\u00f3l janu\u00e1r 1-j\u00e9n Hszi Csin-ping k\u00ednai \u00e1llameln\u00f6k \u00e9s Joe Biden amerikai eln\u00f6k \u00fcdv\u00f6zl\u0151 t\u00e1viratot v\u00e1ltott.<\/strong><\/p>\n\n\n\n<p>Wang hangs\u00falyozta, hogy K\u00edna USA-politik\u00e1ja vil\u00e1gos \u00e9s folyamatos, a k\u00f6lcs\u00f6n\u00f6s tisztelet, a b\u00e9k\u00e9s egy\u00fctt\u00e9l\u00e9s, az el\u0151ny\u00f6s egy\u00fcttm\u0171k\u00f6d\u00e9sek jelentik az alapj\u00e1t, ezek folyamatosan javultak, \u00e9s megfelelnek a kor fejl\u0151d\u00e9si tendenci\u00e1j\u00e1nak \u00e9s a k\u00e9t orsz\u00e1g k\u00f6z\u00f6s \u00e9rdekeinek.<\/p>\n\n\n\n<figure class=\"wp-block-image size-large\"><img decoding=\"async\" src=\"https:\/\/hirpest.hu\/wp-content\/uploads\/2024\/01\/0103CMGA-kinai-kulugyi-szovivo-beszedet-tartott-a-kinai\u2013amerikai-diplomaciai-kapcsolatok-letrehozasanak-45.-evforduloja-alkalmabol.jpg\" alt=\"\" class=\"wp-image-20463\"\/><\/figure>\n\n\n\n<p>A k\u00ednai k\u00fcl\u00fcgyi sz\u00f3viv\u0151 k\u00f6z\u00f6lte, hogy a k\u00e9t orsz\u00e1g vezet\u0151je t\u00f6bb mint 20 konszenzust \u00e9rt el a San Francisc\u00f3-i tal\u00e1lkoz\u00f3n a politika, a gazdas\u00e1g, a kereskedelem, a p\u00e9nz\u00fcgyek, a kultur\u00e1lis cser\u00e9k, a katonai biztons\u00e1g \u00e9s a glob\u00e1lis korm\u00e1nyz\u00e1s ter\u00fclet\u00e9n. K\u00edna k\u00e9szen \u00e1ll arra, hogy az USA-val egy\u00fctt megval\u00f3s\u00edtsa a k\u00e9t orsz\u00e1g vezet\u0151j\u00e9nek tal\u00e1lkoz\u00f3j\u00e1n el\u00e9rt k\u00f6z\u00f6s megegyez\u00e9seket, el\u0151mozd\u00edtsa az el\u0151ny\u00f6s egy\u00fcttm\u0171k\u00f6d\u00e9seket, illetve v\u00e1llalja a nagyhatalmi felel\u0151ss\u00e9g\u00e9t &#8211; hangs\u00falyozta Wang Wenbin.<\/p>\n\n\n\n<p><strong><em>(Wang Yuzhe &#8211; China Media Group)<\/em><\/strong><\/p>\n\n\n\n<p><strong>2024. janu\u00e1r 3.<\/strong><\/p>\n\n\n\n<p><strong><em>(x)<\/em><\/strong><\/p>\n","protected":false},"excerpt":{"rendered":"<p>Janu\u00e1r 2-\u00e1n Wang Wenbin k\u00ednai k\u00fcl\u00fcgyi sz\u00f3viv\u0151 besz\u00e9det tartott a k\u00ednai\u2013amerikai diplom\u00e1ciai kapcsolatok l\u00e9trehoz\u00e1s\u00e1nak 45. \u00e9vfordul\u00f3ja alkalm\u00e1b\u00f3l. Arr\u00f3l t\u00e1j\u00e9koztatott, hogy ebb\u0151l az alkalomb\u00f3l janu\u00e1r 1-j\u00e9n Hszi Csin-ping k\u00ednai \u00e1llameln\u00f6k \u00e9s Joe Biden amerikai eln\u00f6k \u00fcdv\u00f6zl\u0151 t\u00e1viratot v\u00e1ltott. Wang hangs\u00falyozta, hogy K\u00edna USA-politik\u00e1ja vil\u00e1gos \u00e9s folyamatos, a k\u00f6lcs\u00f6n\u00f6s tisztelet, a b\u00e9k\u00e9s egy\u00fctt\u00e9l\u00e9s, az el\u0151ny\u00f6s egy\u00fcttm\u0171k\u00f6d\u00e9sek jelentik [&hellip;]<\/p>\n","protected":false},"author":2,"featured_media":20673,"comment_status":"closed","ping_status":"closed","sticky":false,"template":"","format":"standard","meta":{"footnotes":""},"categories":[45],"tags":[412,370,273,292,305,410,326,460,3673,500,1912,728],"class_list":["post-20669","post","type-post","status-publish","format-standard","has-post-thumbnail","hentry","category-hirek","tag-amerikai-elnok","tag-beszed","tag-egyuttmukodes","tag-evfordulo","tag-hszi-csin-ping","tag-joe-biden","tag-kinai-allamelnok","tag-kinai-kulugyi-szovivo","tag-kinai-amerikai-diplomaciai-kapcsolatok","tag-politika","tag-udvozlo-tavirat","tag-wang-wenbin"],"yoast_head":"<!-- This site is optimized with the Yoast SEO plugin v23.7 - https:\/\/yoast.com\/wordpress\/plugins\/seo\/ -->\n<title>A k\u00ednai k\u00fcl\u00fcgyi sz\u00f3viv\u0151 besz\u00e9det tartott a k\u00ednai\u2013amerikai diplom\u00e1ciai kapcsolatok l\u00e9trehoz\u00e1s\u00e1nak 45. \u00e9vfordul\u00f3ja alkalm\u00e1b\u00f3l - kinaikaleidoszkop.hu<\/title>\n<meta name=\"robots\" content=\"index, follow, max-snippet:-1, max-image-preview:large, max-video-preview:-1\" \/>\n<link rel=\"canonical\" href=\"https:\/\/kinaikaleidoszkop.hu\/index.php\/2024\/01\/03\/a-kinai-kulugyi-szovivo-beszedet-tartott-a-kinai-amerikai-diplomaciai-kapcsolatok-letrehozasanak-45-evforduloja-alkalmabol\/\" \/>\n<meta property=\"og:locale\" content=\"hu_HU\" \/>\n<meta property=\"og:type\" content=\"article\" \/>\n<meta property=\"og:title\" content=\"A k\u00ednai k\u00fcl\u00fcgyi sz\u00f3viv\u0151 besz\u00e9det tartott a k\u00ednai\u2013amerikai diplom\u00e1ciai kapcsolatok l\u00e9trehoz\u00e1s\u00e1nak 45. \u00e9vfordul\u00f3ja alkalm\u00e1b\u00f3l - kinaikaleidoszkop.hu\" \/>\n<meta property=\"og:description\" content=\"Janu\u00e1r 2-\u00e1n Wang Wenbin k\u00ednai k\u00fcl\u00fcgyi sz\u00f3viv\u0151 besz\u00e9det tartott a k\u00ednai\u2013amerikai diplom\u00e1ciai kapcsolatok l\u00e9trehoz\u00e1s\u00e1nak 45. \u00e9vfordul\u00f3ja alkalm\u00e1b\u00f3l. Arr\u00f3l t\u00e1j\u00e9koztatott, hogy ebb\u0151l az alkalomb\u00f3l janu\u00e1r 1-j\u00e9n Hszi Csin-ping k\u00ednai \u00e1llameln\u00f6k \u00e9s Joe Biden amerikai eln\u00f6k \u00fcdv\u00f6zl\u0151 t\u00e1viratot v\u00e1ltott. Wang hangs\u00falyozta, hogy K\u00edna USA-politik\u00e1ja vil\u00e1gos \u00e9s folyamatos, a k\u00f6lcs\u00f6n\u00f6s tisztelet, a b\u00e9k\u00e9s egy\u00fctt\u00e9l\u00e9s, az el\u0151ny\u00f6s egy\u00fcttm\u0171k\u00f6d\u00e9sek jelentik [&hellip;]\" \/>\n<meta property=\"og:url\" content=\"https:\/\/kinaikaleidoszkop.hu\/index.php\/2024\/01\/03\/a-kinai-kulugyi-szovivo-beszedet-tartott-a-kinai-amerikai-diplomaciai-kapcsolatok-letrehozasanak-45-evforduloja-alkalmabol\/\" \/>\n<meta property=\"og:site_name\" content=\"kinaikaleidoszkop.hu\" \/>\n<meta property=\"article:published_time\" content=\"2024-01-03T09:50:37+00:00\" \/>\n<meta property=\"article:modified_time\" content=\"2024-01-03T09:50:38+00:00\" \/>\n<meta property=\"og:image\" content=\"https:\/\/kinaikaleidoszkop.hu\/wp-content\/uploads\/2024\/01\/0103CMGA-kinai-kulugyi-szovivo-beszedet-tartott-a-kinai\u2013amerikai-diplomaciai-kapcsolatok-letrehozasanak-45.-evforduloja-alkalmabol.jpg\" \/>\n\t<meta property=\"og:image:width\" content=\"1024\" \/>\n\t<meta property=\"og:image:height\" content=\"683\" \/>\n\t<meta property=\"og:image:type\" content=\"image\/jpeg\" \/>\n<meta name=\"author\" content=\"admin-szabolcs\" \/>\n<meta name=\"twitter:card\" content=\"summary_large_image\" \/>\n<meta name=\"twitter:label1\" content=\"Szerz\u0151:\" \/>\n\t<meta name=\"twitter:data1\" content=\"admin-szabolcs\" \/>\n\t<meta name=\"twitter:label2\" content=\"Becs\u00fclt olvas\u00e1si id\u0151\" \/>\n\t<meta name=\"twitter:data2\" content=\"2 perc\" \/>\n<script type=\"application\/ld+json\" class=\"yoast-schema-graph\">{\"@context\":\"https:\/\/schema.org\",\"@graph\":[{\"@type\":\"WebPage\",\"@id\":\"https:\/\/kinaikaleidoszkop.hu\/index.php\/2024\/01\/03\/a-kinai-kulugyi-szovivo-beszedet-tartott-a-kinai-amerikai-diplomaciai-kapcsolatok-letrehozasanak-45-evforduloja-alkalmabol\/\",\"url\":\"https:\/\/kinaikaleidoszkop.hu\/index.php\/2024\/01\/03\/a-kinai-kulugyi-szovivo-beszedet-tartott-a-kinai-amerikai-diplomaciai-kapcsolatok-letrehozasanak-45-evforduloja-alkalmabol\/\",\"name\":\"A k\u00ednai k\u00fcl\u00fcgyi sz\u00f3viv\u0151 besz\u00e9det tartott a k\u00ednai\u2013amerikai diplom\u00e1ciai kapcsolatok l\u00e9trehoz\u00e1s\u00e1nak 45. \u00e9vfordul\u00f3ja alkalm\u00e1b\u00f3l - kinaikaleidoszkop.hu\",\"isPartOf\":{\"@id\":\"https:\/\/kinaikaleidoszkop.hu\/#website\"},\"primaryImageOfPage\":{\"@id\":\"https:\/\/kinaikaleidoszkop.hu\/index.php\/2024\/01\/03\/a-kinai-kulugyi-szovivo-beszedet-tartott-a-kinai-amerikai-diplomaciai-kapcsolatok-letrehozasanak-45-evforduloja-alkalmabol\/#primaryimage\"},\"image\":{\"@id\":\"https:\/\/kinaikaleidoszkop.hu\/index.php\/2024\/01\/03\/a-kinai-kulugyi-szovivo-beszedet-tartott-a-kinai-amerikai-diplomaciai-kapcsolatok-letrehozasanak-45-evforduloja-alkalmabol\/#primaryimage\"},\"thumbnailUrl\":\"https:\/\/kinaikaleidoszkop.hu\/wp-content\/uploads\/2024\/01\/0103CMGA-kinai-kulugyi-szovivo-beszedet-tartott-a-kinai\u2013amerikai-diplomaciai-kapcsolatok-letrehozasanak-45.-evforduloja-alkalmabol.jpg\",\"datePublished\":\"2024-01-03T09:50:37+00:00\",\"dateModified\":\"2024-01-03T09:50:38+00:00\",\"author\":{\"@id\":\"https:\/\/kinaikaleidoszkop.hu\/#\/schema\/person\/b9e2febe742edd540c1197716ec02bf7\"},\"breadcrumb\":{\"@id\":\"https:\/\/kinaikaleidoszkop.hu\/index.php\/2024\/01\/03\/a-kinai-kulugyi-szovivo-beszedet-tartott-a-kinai-amerikai-diplomaciai-kapcsolatok-letrehozasanak-45-evforduloja-alkalmabol\/#breadcrumb\"},\"inLanguage\":\"hu\",\"potentialAction\":[{\"@type\":\"ReadAction\",\"target\":[\"https:\/\/kinaikaleidoszkop.hu\/index.php\/2024\/01\/03\/a-kinai-kulugyi-szovivo-beszedet-tartott-a-kinai-amerikai-diplomaciai-kapcsolatok-letrehozasanak-45-evforduloja-alkalmabol\/\"]}]},{\"@type\":\"ImageObject\",\"inLanguage\":\"hu\",\"@id\":\"https:\/\/kinaikaleidoszkop.hu\/index.php\/2024\/01\/03\/a-kinai-kulugyi-szovivo-beszedet-tartott-a-kinai-amerikai-diplomaciai-kapcsolatok-letrehozasanak-45-evforduloja-alkalmabol\/#primaryimage\",\"url\":\"https:\/\/kinaikaleidoszkop.hu\/wp-content\/uploads\/2024\/01\/0103CMGA-kinai-kulugyi-szovivo-beszedet-tartott-a-kinai\u2013amerikai-diplomaciai-kapcsolatok-letrehozasanak-45.-evforduloja-alkalmabol.jpg\",\"contentUrl\":\"https:\/\/kinaikaleidoszkop.hu\/wp-content\/uploads\/2024\/01\/0103CMGA-kinai-kulugyi-szovivo-beszedet-tartott-a-kinai\u2013amerikai-diplomaciai-kapcsolatok-letrehozasanak-45.-evforduloja-alkalmabol.jpg\",\"width\":1024,\"height\":683},{\"@type\":\"BreadcrumbList\",\"@id\":\"https:\/\/kinaikaleidoszkop.hu\/index.php\/2024\/01\/03\/a-kinai-kulugyi-szovivo-beszedet-tartott-a-kinai-amerikai-diplomaciai-kapcsolatok-letrehozasanak-45-evforduloja-alkalmabol\/#breadcrumb\",\"itemListElement\":[{\"@type\":\"ListItem\",\"position\":1,\"name\":\"Kezd\u0151lap\",\"item\":\"https:\/\/kinaikaleidoszkop.hu\/\"},{\"@type\":\"ListItem\",\"position\":2,\"name\":\"A k\u00ednai k\u00fcl\u00fcgyi sz\u00f3viv\u0151 besz\u00e9det tartott a k\u00ednai\u2013amerikai diplom\u00e1ciai kapcsolatok l\u00e9trehoz\u00e1s\u00e1nak 45. \u00e9vfordul\u00f3ja alkalm\u00e1b\u00f3l\"}]},{\"@type\":\"WebSite\",\"@id\":\"https:\/\/kinaikaleidoszkop.hu\/#website\",\"url\":\"https:\/\/kinaikaleidoszkop.hu\/\",\"name\":\"kinaikaleidoszkop.hu\",\"description\":\"\",\"potentialAction\":[{\"@type\":\"SearchAction\",\"target\":{\"@type\":\"EntryPoint\",\"urlTemplate\":\"https:\/\/kinaikaleidoszkop.hu\/?s={search_term_string}\"},\"query-input\":{\"@type\":\"PropertyValueSpecification\",\"valueRequired\":true,\"valueName\":\"search_term_string\"}}],\"inLanguage\":\"hu\"},{\"@type\":\"Person\",\"@id\":\"https:\/\/kinaikaleidoszkop.hu\/#\/schema\/person\/b9e2febe742edd540c1197716ec02bf7\",\"name\":\"admin-szabolcs\",\"image\":{\"@type\":\"ImageObject\",\"inLanguage\":\"hu\",\"@id\":\"https:\/\/kinaikaleidoszkop.hu\/#\/schema\/person\/image\/\",\"url\":\"https:\/\/secure.gravatar.com\/avatar\/154f262492794df2a6cb5d5349227b18ef8f85ab462fbb32625fc42406483d21?s=96&d=mm&r=g\",\"contentUrl\":\"https:\/\/secure.gravatar.com\/avatar\/154f262492794df2a6cb5d5349227b18ef8f85ab462fbb32625fc42406483d21?s=96&d=mm&r=g\",\"caption\":\"admin-szabolcs\"},\"url\":\"https:\/\/kinaikaleidoszkop.hu\/index.php\/author\/admin-szabolcs\/\"}]}<\/script>\n<!-- \/ Yoast SEO plugin. -->","yoast_head_json":{"title":"A k\u00ednai k\u00fcl\u00fcgyi sz\u00f3viv\u0151 besz\u00e9det tartott a k\u00ednai\u2013amerikai diplom\u00e1ciai kapcsolatok l\u00e9trehoz\u00e1s\u00e1nak 45. \u00e9vfordul\u00f3ja alkalm\u00e1b\u00f3l - kinaikaleidoszkop.hu","robots":{"index":"index","follow":"follow","max-snippet":"max-snippet:-1","max-image-preview":"max-image-preview:large","max-video-preview":"max-video-preview:-1"},"canonical":"https:\/\/kinaikaleidoszkop.hu\/index.php\/2024\/01\/03\/a-kinai-kulugyi-szovivo-beszedet-tartott-a-kinai-amerikai-diplomaciai-kapcsolatok-letrehozasanak-45-evforduloja-alkalmabol\/","og_locale":"hu_HU","og_type":"article","og_title":"A k\u00ednai k\u00fcl\u00fcgyi sz\u00f3viv\u0151 besz\u00e9det tartott a k\u00ednai\u2013amerikai diplom\u00e1ciai kapcsolatok l\u00e9trehoz\u00e1s\u00e1nak 45. \u00e9vfordul\u00f3ja alkalm\u00e1b\u00f3l - kinaikaleidoszkop.hu","og_description":"Janu\u00e1r 2-\u00e1n Wang Wenbin k\u00ednai k\u00fcl\u00fcgyi sz\u00f3viv\u0151 besz\u00e9det tartott a k\u00ednai\u2013amerikai diplom\u00e1ciai kapcsolatok l\u00e9trehoz\u00e1s\u00e1nak 45. \u00e9vfordul\u00f3ja alkalm\u00e1b\u00f3l. Arr\u00f3l t\u00e1j\u00e9koztatott, hogy ebb\u0151l az alkalomb\u00f3l janu\u00e1r 1-j\u00e9n Hszi Csin-ping k\u00ednai \u00e1llameln\u00f6k \u00e9s Joe Biden amerikai eln\u00f6k \u00fcdv\u00f6zl\u0151 t\u00e1viratot v\u00e1ltott. Wang hangs\u00falyozta, hogy K\u00edna USA-politik\u00e1ja vil\u00e1gos \u00e9s folyamatos, a k\u00f6lcs\u00f6n\u00f6s tisztelet, a b\u00e9k\u00e9s egy\u00fctt\u00e9l\u00e9s, az el\u0151ny\u00f6s egy\u00fcttm\u0171k\u00f6d\u00e9sek jelentik [&hellip;]","og_url":"https:\/\/kinaikaleidoszkop.hu\/index.php\/2024\/01\/03\/a-kinai-kulugyi-szovivo-beszedet-tartott-a-kinai-amerikai-diplomaciai-kapcsolatok-letrehozasanak-45-evforduloja-alkalmabol\/","og_site_name":"kinaikaleidoszkop.hu","article_published_time":"2024-01-03T09:50:37+00:00","article_modified_time":"2024-01-03T09:50:38+00:00","og_image":[{"width":1024,"height":683,"url":"https:\/\/kinaikaleidoszkop.hu\/wp-content\/uploads\/2024\/01\/0103CMGA-kinai-kulugyi-szovivo-beszedet-tartott-a-kinai\u2013amerikai-diplomaciai-kapcsolatok-letrehozasanak-45.-evforduloja-alkalmabol.jpg","type":"image\/jpeg"}],"author":"admin-szabolcs","twitter_card":"summary_large_image","twitter_misc":{"Szerz\u0151:":"admin-szabolcs","Becs\u00fclt olvas\u00e1si id\u0151":"2 perc"},"schema":{"@context":"https:\/\/schema.org","@graph":[{"@type":"WebPage","@id":"https:\/\/kinaikaleidoszkop.hu\/index.php\/2024\/01\/03\/a-kinai-kulugyi-szovivo-beszedet-tartott-a-kinai-amerikai-diplomaciai-kapcsolatok-letrehozasanak-45-evforduloja-alkalmabol\/","url":"https:\/\/kinaikaleidoszkop.hu\/index.php\/2024\/01\/03\/a-kinai-kulugyi-szovivo-beszedet-tartott-a-kinai-amerikai-diplomaciai-kapcsolatok-letrehozasanak-45-evforduloja-alkalmabol\/","name":"A k\u00ednai k\u00fcl\u00fcgyi sz\u00f3viv\u0151 besz\u00e9det tartott a k\u00ednai\u2013amerikai diplom\u00e1ciai kapcsolatok l\u00e9trehoz\u00e1s\u00e1nak 45. \u00e9vfordul\u00f3ja alkalm\u00e1b\u00f3l - kinaikaleidoszkop.hu","isPartOf":{"@id":"https:\/\/kinaikaleidoszkop.hu\/#website"},"primaryImageOfPage":{"@id":"https:\/\/kinaikaleidoszkop.hu\/index.php\/2024\/01\/03\/a-kinai-kulugyi-szovivo-beszedet-tartott-a-kinai-amerikai-diplomaciai-kapcsolatok-letrehozasanak-45-evforduloja-alkalmabol\/#primaryimage"},"image":{"@id":"https:\/\/kinaikaleidoszkop.hu\/index.php\/2024\/01\/03\/a-kinai-kulugyi-szovivo-beszedet-tartott-a-kinai-amerikai-diplomaciai-kapcsolatok-letrehozasanak-45-evforduloja-alkalmabol\/#primaryimage"},"thumbnailUrl":"https:\/\/kinaikaleidoszkop.hu\/wp-content\/uploads\/2024\/01\/0103CMGA-kinai-kulugyi-szovivo-beszedet-tartott-a-kinai\u2013amerikai-diplomaciai-kapcsolatok-letrehozasanak-45.-evforduloja-alkalmabol.jpg","datePublished":"2024-01-03T09:50:37+00:00","dateModified":"2024-01-03T09:50:38+00:00","author":{"@id":"https:\/\/kinaikaleidoszkop.hu\/#\/schema\/person\/b9e2febe742edd540c1197716ec02bf7"},"breadcrumb":{"@id":"https:\/\/kinaikaleidoszkop.hu\/index.php\/2024\/01\/03\/a-kinai-kulugyi-szovivo-beszedet-tartott-a-kinai-amerikai-diplomaciai-kapcsolatok-letrehozasanak-45-evforduloja-alkalmabol\/#breadcrumb"},"inLanguage":"hu","potentialAction":[{"@type":"ReadAction","target":["https:\/\/kinaikaleidoszkop.hu\/index.php\/2024\/01\/03\/a-kinai-kulugyi-szovivo-beszedet-tartott-a-kinai-amerikai-diplomaciai-kapcsolatok-letrehozasanak-45-evforduloja-alkalmabol\/"]}]},{"@type":"ImageObject","inLanguage":"hu","@id":"https:\/\/kinaikaleidoszkop.hu\/index.php\/2024\/01\/03\/a-kinai-kulugyi-szovivo-beszedet-tartott-a-kinai-amerikai-diplomaciai-kapcsolatok-letrehozasanak-45-evforduloja-alkalmabol\/#primaryimage","url":"https:\/\/kinaikaleidoszkop.hu\/wp-content\/uploads\/2024\/01\/0103CMGA-kinai-kulugyi-szovivo-beszedet-tartott-a-kinai\u2013amerikai-diplomaciai-kapcsolatok-letrehozasanak-45.-evforduloja-alkalmabol.jpg","contentUrl":"https:\/\/kinaikaleidoszkop.hu\/wp-content\/uploads\/2024\/01\/0103CMGA-kinai-kulugyi-szovivo-beszedet-tartott-a-kinai\u2013amerikai-diplomaciai-kapcsolatok-letrehozasanak-45.-evforduloja-alkalmabol.jpg","width":1024,"height":683},{"@type":"BreadcrumbList","@id":"https:\/\/kinaikaleidoszkop.hu\/index.php\/2024\/01\/03\/a-kinai-kulugyi-szovivo-beszedet-tartott-a-kinai-amerikai-diplomaciai-kapcsolatok-letrehozasanak-45-evforduloja-alkalmabol\/#breadcrumb","itemListElement":[{"@type":"ListItem","position":1,"name":"Kezd\u0151lap","item":"https:\/\/kinaikaleidoszkop.hu\/"},{"@type":"ListItem","position":2,"name":"A k\u00ednai k\u00fcl\u00fcgyi sz\u00f3viv\u0151 besz\u00e9det tartott a k\u00ednai\u2013amerikai diplom\u00e1ciai kapcsolatok l\u00e9trehoz\u00e1s\u00e1nak 45. \u00e9vfordul\u00f3ja alkalm\u00e1b\u00f3l"}]},{"@type":"WebSite","@id":"https:\/\/kinaikaleidoszkop.hu\/#website","url":"https:\/\/kinaikaleidoszkop.hu\/","name":"kinaikaleidoszkop.hu","description":"","potentialAction":[{"@type":"SearchAction","target":{"@type":"EntryPoint","urlTemplate":"https:\/\/kinaikaleidoszkop.hu\/?s={search_term_string}"},"query-input":{"@type":"PropertyValueSpecification","valueRequired":true,"valueName":"search_term_string"}}],"inLanguage":"hu"},{"@type":"Person","@id":"https:\/\/kinaikaleidoszkop.hu\/#\/schema\/person\/b9e2febe742edd540c1197716ec02bf7","name":"admin-szabolcs","image":{"@type":"ImageObject","inLanguage":"hu","@id":"https:\/\/kinaikaleidoszkop.hu\/#\/schema\/person\/image\/","url":"https:\/\/secure.gravatar.com\/avatar\/154f262492794df2a6cb5d5349227b18ef8f85ab462fbb32625fc42406483d21?s=96&d=mm&r=g","contentUrl":"https:\/\/secure.gravatar.com\/avatar\/154f262492794df2a6cb5d5349227b18ef8f85ab462fbb32625fc42406483d21?s=96&d=mm&r=g","caption":"admin-szabolcs"},"url":"https:\/\/kinaikaleidoszkop.hu\/index.php\/author\/admin-szabolcs\/"}]}},"views":223,"distributor_meta":false,"distributor_terms":false,"distributor_media":false,"distributor_original_site_name":"kinaikaleidoszkop.hu","distributor_original_site_url":"https:\/\/kinaikaleidoszkop.hu","push-errors":false,"_links":{"self":[{"href":"https:\/\/kinaikaleidoszkop.hu\/index.php\/wp-json\/wp\/v2\/posts\/20669","targetHints":{"allow":["GET"]}}],"collection":[{"href":"https:\/\/kinaikaleidoszkop.hu\/index.php\/wp-json\/wp\/v2\/posts"}],"about":[{"href":"https:\/\/kinaikaleidoszkop.hu\/index.php\/wp-json\/wp\/v2\/types\/post"}],"author":[{"embeddable":true,"href":"https:\/\/kinaikaleidoszkop.hu\/index.php\/wp-json\/wp\/v2\/users\/2"}],"replies":[{"embeddable":true,"href":"https:\/\/kinaikaleidoszkop.hu\/index.php\/wp-json\/wp\/v2\/comments?post=20669"}],"version-history":[{"count":1,"href":"https:\/\/kinaikaleidoszkop.hu\/index.php\/wp-json\/wp\/v2\/posts\/20669\/revisions"}],"predecessor-version":[{"id":20679,"href":"https:\/\/kinaikaleidoszkop.hu\/index.php\/wp-json\/wp\/v2\/posts\/20669\/revisions\/20679"}],"wp:featuredmedia":[{"embeddable":true,"href":"https:\/\/kinaikaleidoszkop.hu\/index.php\/wp-json\/wp\/v2\/media\/20673"}],"wp:attachment":[{"href":"https:\/\/kinaikaleidoszkop.hu\/index.php\/wp-json\/wp\/v2\/media?parent=20669"}],"wp:term":[{"taxonomy":"category","embeddable":true,"href":"https:\/\/kinaikaleidoszkop.hu\/index.php\/wp-json\/wp\/v2\/categories?post=20669"},{"taxonomy":"post_tag","embeddable":true,"href":"https:\/\/kinaikaleidoszkop.hu\/index.php\/wp-json\/wp\/v2\/tags?post=20669"}],"curies":[{"name":"wp","href":"https:\/\/api.w.org\/{rel}","templated":true}]}}