{"id":20722,"date":"2024-01-09T11:09:47","date_gmt":"2024-01-09T10:09:47","guid":{"rendered":"https:\/\/kinaikaleidoszkop.hu\/?p=20722"},"modified":"2024-01-09T11:09:49","modified_gmt":"2024-01-09T10:09:49","slug":"peking-elegedetlenseget-fejezte-ki-a-del-kinai-tengerrel-kapcsolatos-amerikai-nyilatkozattal","status":"publish","type":"post","link":"https:\/\/kinaikaleidoszkop.hu\/index.php\/2024\/01\/09\/peking-elegedetlenseget-fejezte-ki-a-del-kinai-tengerrel-kapcsolatos-amerikai-nyilatkozattal\/","title":{"rendered":"Peking el\u00e9gedetlens\u00e9g\u00e9t fejezte ki a D\u00e9l-k\u00ednai-tengerrel kapcsolatos amerikai nyilatkozattal"},"content":{"rendered":"\n<p><strong>Peking aggodalm\u00e1t fejezte ki az Indo\u2013csendes-\u00f3ce\u00e1ni p\u00e1rbesz\u00e9d c\u00edm\u0171 amerikai\u2013jap\u00e1n\u2013d\u00e9l-koreai k\u00f6z\u00f6s nyilatkozat miatt.<\/strong><\/p>\n\n\n\n<p>Az amerikai k\u00fcl\u00fcgyminiszt\u00e9rium \u00e1ltal janu\u00e1r 6-\u00e1n kiadott amerikai\u2013jap\u00e1n\u2013d\u00e9l-koreai k\u00f6z\u00f6s \u201eIndo\u2013csendes-\u00f3ce\u00e1ni p\u00e1rbesz\u00e9d\u201d c\u00edm\u0171 nyilatkozat aggodalm\u00e1t fejezi ki K\u00edna k\u00f6vetel\u00e9sei miatt a D\u00e9l-k\u00ednai-tengeren, a r\u00e9gi\u00f3 eszkal\u00e1l\u00f3d\u00f3 helyzete miatt, \u00e9s komment\u00e1lja a Tajvani-szoros helyzet\u00e9t.<\/p>\n\n\n\n<p>Erre reag\u00e1lva h\u00e9tf\u0151n Mao Ning k\u00ednai k\u00fcl\u00fcgyi sz\u00f3viv\u0151 a szok\u00e1sos sajt\u00f3konferenci\u00e1n s\u00fcrgetette az \u00e9rintetteket, hogy tarts\u00e1k tiszteletben a r\u00e9gi\u00f3 orsz\u00e1gainak er\u0151fesz\u00edt\u00e9seit a b\u00e9ke fenntart\u00e1s\u00e1ra, hagyjanak fel a hidegh\u00e1bor\u00fas gondolatokkal, \u00e9s sz\u00fcntess\u00e9k be a t\u00e1borkonfront\u00e1ci\u00f3t.<\/p>\n\n\n\n<p>\u201eTajvan K\u00edna elszak\u00edthatatlan r\u00e9sze, a D\u00e9l-k\u00ednai-tenger helyzete \u00e1ltal\u00e1ban stabil, a r\u00e9gi\u00f3n k\u00edv\u00fcli orsz\u00e1gok er\u0151t mutatnak a r\u00e9gi\u00f3ban, ami nem seg\u00edthet a b\u00e9ke fenntart\u00e1s\u00e1ban\u201d \u2013 mondta Mao Ning k\u00ednai k\u00fcl\u00fcgyi sz\u00f3viv\u0151.<\/p>\n\n\n\n<p><strong><em>2024. 01. 09.<\/em><\/strong><\/p>\n\n\n\n<p><strong>(China Media Group \u2013 Wang Yuzhe)<\/strong><\/p>\n\n\n\n<p><strong><em>(x)<\/em><\/strong><\/p>\n","protected":false},"excerpt":{"rendered":"<p>Peking aggodalm\u00e1t fejezte ki az Indo\u2013csendes-\u00f3ce\u00e1ni p\u00e1rbesz\u00e9d c\u00edm\u0171 amerikai\u2013jap\u00e1n\u2013d\u00e9l-koreai k\u00f6z\u00f6s nyilatkozat miatt. Az amerikai k\u00fcl\u00fcgyminiszt\u00e9rium \u00e1ltal janu\u00e1r 6-\u00e1n kiadott amerikai\u2013jap\u00e1n\u2013d\u00e9l-koreai k\u00f6z\u00f6s \u201eIndo\u2013csendes-\u00f3ce\u00e1ni p\u00e1rbesz\u00e9d\u201d c\u00edm\u0171 nyilatkozat aggodalm\u00e1t fejezi ki K\u00edna k\u00f6vetel\u00e9sei miatt a D\u00e9l-k\u00ednai-tengeren, a r\u00e9gi\u00f3 eszkal\u00e1l\u00f3d\u00f3 helyzete miatt, \u00e9s komment\u00e1lja a Tajvani-szoros helyzet\u00e9t. Erre reag\u00e1lva h\u00e9tf\u0151n Mao Ning k\u00ednai k\u00fcl\u00fcgyi sz\u00f3viv\u0151 a szok\u00e1sos sajt\u00f3konferenci\u00e1n s\u00fcrgetette [&hellip;]<\/p>\n","protected":false},"author":6,"featured_media":0,"comment_status":"closed","ping_status":"closed","sticky":false,"template":"","format":"standard","meta":{"footnotes":""},"categories":[45],"tags":[3051,2479,1318,141],"class_list":["post-20722","post","type-post","status-publish","format-standard","hentry","category-hirek","tag-del-kinai-tenger","tag-del-korea","tag-japan","tag-peking"],"yoast_head":"<!-- This site is optimized with the Yoast SEO plugin v23.7 - https:\/\/yoast.com\/wordpress\/plugins\/seo\/ -->\n<title>Peking el\u00e9gedetlens\u00e9g\u00e9t fejezte ki a D\u00e9l-k\u00ednai-tengerrel kapcsolatos amerikai nyilatkozattal - kinaikaleidoszkop.hu<\/title>\n<meta name=\"robots\" content=\"index, follow, max-snippet:-1, max-image-preview:large, max-video-preview:-1\" \/>\n<link rel=\"canonical\" href=\"https:\/\/kinaikaleidoszkop.hu\/index.php\/2024\/01\/09\/peking-elegedetlenseget-fejezte-ki-a-del-kinai-tengerrel-kapcsolatos-amerikai-nyilatkozattal\/\" \/>\n<meta property=\"og:locale\" content=\"hu_HU\" \/>\n<meta property=\"og:type\" content=\"article\" \/>\n<meta property=\"og:title\" content=\"Peking el\u00e9gedetlens\u00e9g\u00e9t fejezte ki a D\u00e9l-k\u00ednai-tengerrel kapcsolatos amerikai nyilatkozattal - kinaikaleidoszkop.hu\" \/>\n<meta property=\"og:description\" content=\"Peking aggodalm\u00e1t fejezte ki az Indo\u2013csendes-\u00f3ce\u00e1ni p\u00e1rbesz\u00e9d c\u00edm\u0171 amerikai\u2013jap\u00e1n\u2013d\u00e9l-koreai k\u00f6z\u00f6s nyilatkozat miatt. Az amerikai k\u00fcl\u00fcgyminiszt\u00e9rium \u00e1ltal janu\u00e1r 6-\u00e1n kiadott amerikai\u2013jap\u00e1n\u2013d\u00e9l-koreai k\u00f6z\u00f6s \u201eIndo\u2013csendes-\u00f3ce\u00e1ni p\u00e1rbesz\u00e9d\u201d c\u00edm\u0171 nyilatkozat aggodalm\u00e1t fejezi ki K\u00edna k\u00f6vetel\u00e9sei miatt a D\u00e9l-k\u00ednai-tengeren, a r\u00e9gi\u00f3 eszkal\u00e1l\u00f3d\u00f3 helyzete miatt, \u00e9s komment\u00e1lja a Tajvani-szoros helyzet\u00e9t. Erre reag\u00e1lva h\u00e9tf\u0151n Mao Ning k\u00ednai k\u00fcl\u00fcgyi sz\u00f3viv\u0151 a szok\u00e1sos sajt\u00f3konferenci\u00e1n s\u00fcrgetette [&hellip;]\" \/>\n<meta property=\"og:url\" content=\"https:\/\/kinaikaleidoszkop.hu\/index.php\/2024\/01\/09\/peking-elegedetlenseget-fejezte-ki-a-del-kinai-tengerrel-kapcsolatos-amerikai-nyilatkozattal\/\" \/>\n<meta property=\"og:site_name\" content=\"kinaikaleidoszkop.hu\" \/>\n<meta property=\"article:published_time\" content=\"2024-01-09T10:09:47+00:00\" \/>\n<meta property=\"article:modified_time\" content=\"2024-01-09T10:09:49+00:00\" \/>\n<meta name=\"author\" content=\"admin-sebi\" \/>\n<meta name=\"twitter:card\" content=\"summary_large_image\" \/>\n<meta name=\"twitter:label1\" content=\"Szerz\u0151:\" \/>\n\t<meta name=\"twitter:data1\" content=\"admin-sebi\" \/>\n\t<meta name=\"twitter:label2\" content=\"Becs\u00fclt olvas\u00e1si id\u0151\" \/>\n\t<meta name=\"twitter:data2\" content=\"1 perc\" \/>\n<script type=\"application\/ld+json\" class=\"yoast-schema-graph\">{\"@context\":\"https:\/\/schema.org\",\"@graph\":[{\"@type\":\"WebPage\",\"@id\":\"https:\/\/kinaikaleidoszkop.hu\/index.php\/2024\/01\/09\/peking-elegedetlenseget-fejezte-ki-a-del-kinai-tengerrel-kapcsolatos-amerikai-nyilatkozattal\/\",\"url\":\"https:\/\/kinaikaleidoszkop.hu\/index.php\/2024\/01\/09\/peking-elegedetlenseget-fejezte-ki-a-del-kinai-tengerrel-kapcsolatos-amerikai-nyilatkozattal\/\",\"name\":\"Peking el\u00e9gedetlens\u00e9g\u00e9t fejezte ki a D\u00e9l-k\u00ednai-tengerrel kapcsolatos amerikai nyilatkozattal - kinaikaleidoszkop.hu\",\"isPartOf\":{\"@id\":\"https:\/\/kinaikaleidoszkop.hu\/#website\"},\"datePublished\":\"2024-01-09T10:09:47+00:00\",\"dateModified\":\"2024-01-09T10:09:49+00:00\",\"author\":{\"@id\":\"https:\/\/kinaikaleidoszkop.hu\/#\/schema\/person\/fd215d3a8bab54daeb796ae166f99ea5\"},\"breadcrumb\":{\"@id\":\"https:\/\/kinaikaleidoszkop.hu\/index.php\/2024\/01\/09\/peking-elegedetlenseget-fejezte-ki-a-del-kinai-tengerrel-kapcsolatos-amerikai-nyilatkozattal\/#breadcrumb\"},\"inLanguage\":\"hu\",\"potentialAction\":[{\"@type\":\"ReadAction\",\"target\":[\"https:\/\/kinaikaleidoszkop.hu\/index.php\/2024\/01\/09\/peking-elegedetlenseget-fejezte-ki-a-del-kinai-tengerrel-kapcsolatos-amerikai-nyilatkozattal\/\"]}]},{\"@type\":\"BreadcrumbList\",\"@id\":\"https:\/\/kinaikaleidoszkop.hu\/index.php\/2024\/01\/09\/peking-elegedetlenseget-fejezte-ki-a-del-kinai-tengerrel-kapcsolatos-amerikai-nyilatkozattal\/#breadcrumb\",\"itemListElement\":[{\"@type\":\"ListItem\",\"position\":1,\"name\":\"Kezd\u0151lap\",\"item\":\"https:\/\/kinaikaleidoszkop.hu\/\"},{\"@type\":\"ListItem\",\"position\":2,\"name\":\"Peking el\u00e9gedetlens\u00e9g\u00e9t fejezte ki a D\u00e9l-k\u00ednai-tengerrel kapcsolatos amerikai nyilatkozattal\"}]},{\"@type\":\"WebSite\",\"@id\":\"https:\/\/kinaikaleidoszkop.hu\/#website\",\"url\":\"https:\/\/kinaikaleidoszkop.hu\/\",\"name\":\"kinaikaleidoszkop.hu\",\"description\":\"\",\"potentialAction\":[{\"@type\":\"SearchAction\",\"target\":{\"@type\":\"EntryPoint\",\"urlTemplate\":\"https:\/\/kinaikaleidoszkop.hu\/?s={search_term_string}\"},\"query-input\":{\"@type\":\"PropertyValueSpecification\",\"valueRequired\":true,\"valueName\":\"search_term_string\"}}],\"inLanguage\":\"hu\"},{\"@type\":\"Person\",\"@id\":\"https:\/\/kinaikaleidoszkop.hu\/#\/schema\/person\/fd215d3a8bab54daeb796ae166f99ea5\",\"name\":\"admin-sebi\",\"image\":{\"@type\":\"ImageObject\",\"inLanguage\":\"hu\",\"@id\":\"https:\/\/kinaikaleidoszkop.hu\/#\/schema\/person\/image\/\",\"url\":\"https:\/\/secure.gravatar.com\/avatar\/b1498042bc4969020b4951f204f963e97c3d7d199f3790c1071adf67c61d0aa5?s=96&d=mm&r=g\",\"contentUrl\":\"https:\/\/secure.gravatar.com\/avatar\/b1498042bc4969020b4951f204f963e97c3d7d199f3790c1071adf67c61d0aa5?s=96&d=mm&r=g\",\"caption\":\"admin-sebi\"},\"url\":\"https:\/\/kinaikaleidoszkop.hu\/index.php\/author\/admin-sebi\/\"}]}<\/script>\n<!-- \/ Yoast SEO plugin. -->","yoast_head_json":{"title":"Peking el\u00e9gedetlens\u00e9g\u00e9t fejezte ki a D\u00e9l-k\u00ednai-tengerrel kapcsolatos amerikai nyilatkozattal - kinaikaleidoszkop.hu","robots":{"index":"index","follow":"follow","max-snippet":"max-snippet:-1","max-image-preview":"max-image-preview:large","max-video-preview":"max-video-preview:-1"},"canonical":"https:\/\/kinaikaleidoszkop.hu\/index.php\/2024\/01\/09\/peking-elegedetlenseget-fejezte-ki-a-del-kinai-tengerrel-kapcsolatos-amerikai-nyilatkozattal\/","og_locale":"hu_HU","og_type":"article","og_title":"Peking el\u00e9gedetlens\u00e9g\u00e9t fejezte ki a D\u00e9l-k\u00ednai-tengerrel kapcsolatos amerikai nyilatkozattal - kinaikaleidoszkop.hu","og_description":"Peking aggodalm\u00e1t fejezte ki az Indo\u2013csendes-\u00f3ce\u00e1ni p\u00e1rbesz\u00e9d c\u00edm\u0171 amerikai\u2013jap\u00e1n\u2013d\u00e9l-koreai k\u00f6z\u00f6s nyilatkozat miatt. Az amerikai k\u00fcl\u00fcgyminiszt\u00e9rium \u00e1ltal janu\u00e1r 6-\u00e1n kiadott amerikai\u2013jap\u00e1n\u2013d\u00e9l-koreai k\u00f6z\u00f6s \u201eIndo\u2013csendes-\u00f3ce\u00e1ni p\u00e1rbesz\u00e9d\u201d c\u00edm\u0171 nyilatkozat aggodalm\u00e1t fejezi ki K\u00edna k\u00f6vetel\u00e9sei miatt a D\u00e9l-k\u00ednai-tengeren, a r\u00e9gi\u00f3 eszkal\u00e1l\u00f3d\u00f3 helyzete miatt, \u00e9s komment\u00e1lja a Tajvani-szoros helyzet\u00e9t. Erre reag\u00e1lva h\u00e9tf\u0151n Mao Ning k\u00ednai k\u00fcl\u00fcgyi sz\u00f3viv\u0151 a szok\u00e1sos sajt\u00f3konferenci\u00e1n s\u00fcrgetette [&hellip;]","og_url":"https:\/\/kinaikaleidoszkop.hu\/index.php\/2024\/01\/09\/peking-elegedetlenseget-fejezte-ki-a-del-kinai-tengerrel-kapcsolatos-amerikai-nyilatkozattal\/","og_site_name":"kinaikaleidoszkop.hu","article_published_time":"2024-01-09T10:09:47+00:00","article_modified_time":"2024-01-09T10:09:49+00:00","author":"admin-sebi","twitter_card":"summary_large_image","twitter_misc":{"Szerz\u0151:":"admin-sebi","Becs\u00fclt olvas\u00e1si id\u0151":"1 perc"},"schema":{"@context":"https:\/\/schema.org","@graph":[{"@type":"WebPage","@id":"https:\/\/kinaikaleidoszkop.hu\/index.php\/2024\/01\/09\/peking-elegedetlenseget-fejezte-ki-a-del-kinai-tengerrel-kapcsolatos-amerikai-nyilatkozattal\/","url":"https:\/\/kinaikaleidoszkop.hu\/index.php\/2024\/01\/09\/peking-elegedetlenseget-fejezte-ki-a-del-kinai-tengerrel-kapcsolatos-amerikai-nyilatkozattal\/","name":"Peking el\u00e9gedetlens\u00e9g\u00e9t fejezte ki a D\u00e9l-k\u00ednai-tengerrel kapcsolatos amerikai nyilatkozattal - kinaikaleidoszkop.hu","isPartOf":{"@id":"https:\/\/kinaikaleidoszkop.hu\/#website"},"datePublished":"2024-01-09T10:09:47+00:00","dateModified":"2024-01-09T10:09:49+00:00","author":{"@id":"https:\/\/kinaikaleidoszkop.hu\/#\/schema\/person\/fd215d3a8bab54daeb796ae166f99ea5"},"breadcrumb":{"@id":"https:\/\/kinaikaleidoszkop.hu\/index.php\/2024\/01\/09\/peking-elegedetlenseget-fejezte-ki-a-del-kinai-tengerrel-kapcsolatos-amerikai-nyilatkozattal\/#breadcrumb"},"inLanguage":"hu","potentialAction":[{"@type":"ReadAction","target":["https:\/\/kinaikaleidoszkop.hu\/index.php\/2024\/01\/09\/peking-elegedetlenseget-fejezte-ki-a-del-kinai-tengerrel-kapcsolatos-amerikai-nyilatkozattal\/"]}]},{"@type":"BreadcrumbList","@id":"https:\/\/kinaikaleidoszkop.hu\/index.php\/2024\/01\/09\/peking-elegedetlenseget-fejezte-ki-a-del-kinai-tengerrel-kapcsolatos-amerikai-nyilatkozattal\/#breadcrumb","itemListElement":[{"@type":"ListItem","position":1,"name":"Kezd\u0151lap","item":"https:\/\/kinaikaleidoszkop.hu\/"},{"@type":"ListItem","position":2,"name":"Peking el\u00e9gedetlens\u00e9g\u00e9t fejezte ki a D\u00e9l-k\u00ednai-tengerrel kapcsolatos amerikai nyilatkozattal"}]},{"@type":"WebSite","@id":"https:\/\/kinaikaleidoszkop.hu\/#website","url":"https:\/\/kinaikaleidoszkop.hu\/","name":"kinaikaleidoszkop.hu","description":"","potentialAction":[{"@type":"SearchAction","target":{"@type":"EntryPoint","urlTemplate":"https:\/\/kinaikaleidoszkop.hu\/?s={search_term_string}"},"query-input":{"@type":"PropertyValueSpecification","valueRequired":true,"valueName":"search_term_string"}}],"inLanguage":"hu"},{"@type":"Person","@id":"https:\/\/kinaikaleidoszkop.hu\/#\/schema\/person\/fd215d3a8bab54daeb796ae166f99ea5","name":"admin-sebi","image":{"@type":"ImageObject","inLanguage":"hu","@id":"https:\/\/kinaikaleidoszkop.hu\/#\/schema\/person\/image\/","url":"https:\/\/secure.gravatar.com\/avatar\/b1498042bc4969020b4951f204f963e97c3d7d199f3790c1071adf67c61d0aa5?s=96&d=mm&r=g","contentUrl":"https:\/\/secure.gravatar.com\/avatar\/b1498042bc4969020b4951f204f963e97c3d7d199f3790c1071adf67c61d0aa5?s=96&d=mm&r=g","caption":"admin-sebi"},"url":"https:\/\/kinaikaleidoszkop.hu\/index.php\/author\/admin-sebi\/"}]}},"views":209,"distributor_meta":false,"distributor_terms":false,"distributor_media":false,"distributor_original_site_name":"kinaikaleidoszkop.hu","distributor_original_site_url":"https:\/\/kinaikaleidoszkop.hu","push-errors":false,"_links":{"self":[{"href":"https:\/\/kinaikaleidoszkop.hu\/index.php\/wp-json\/wp\/v2\/posts\/20722","targetHints":{"allow":["GET"]}}],"collection":[{"href":"https:\/\/kinaikaleidoszkop.hu\/index.php\/wp-json\/wp\/v2\/posts"}],"about":[{"href":"https:\/\/kinaikaleidoszkop.hu\/index.php\/wp-json\/wp\/v2\/types\/post"}],"author":[{"embeddable":true,"href":"https:\/\/kinaikaleidoszkop.hu\/index.php\/wp-json\/wp\/v2\/users\/6"}],"replies":[{"embeddable":true,"href":"https:\/\/kinaikaleidoszkop.hu\/index.php\/wp-json\/wp\/v2\/comments?post=20722"}],"version-history":[{"count":1,"href":"https:\/\/kinaikaleidoszkop.hu\/index.php\/wp-json\/wp\/v2\/posts\/20722\/revisions"}],"predecessor-version":[{"id":20724,"href":"https:\/\/kinaikaleidoszkop.hu\/index.php\/wp-json\/wp\/v2\/posts\/20722\/revisions\/20724"}],"wp:attachment":[{"href":"https:\/\/kinaikaleidoszkop.hu\/index.php\/wp-json\/wp\/v2\/media?parent=20722"}],"wp:term":[{"taxonomy":"category","embeddable":true,"href":"https:\/\/kinaikaleidoszkop.hu\/index.php\/wp-json\/wp\/v2\/categories?post=20722"},{"taxonomy":"post_tag","embeddable":true,"href":"https:\/\/kinaikaleidoszkop.hu\/index.php\/wp-json\/wp\/v2\/tags?post=20722"}],"curies":[{"name":"wp","href":"https:\/\/api.w.org\/{rel}","templated":true}]}}