{"id":20725,"date":"2024-01-10T13:29:24","date_gmt":"2024-01-10T12:29:24","guid":{"rendered":"https:\/\/kinaikaleidoszkop.hu\/?p=20725"},"modified":"2024-01-10T13:29:25","modified_gmt":"2024-01-10T12:29:25","slug":"a-transznacionalis-cegek-nem-mondanak-le-kinai-fogyasztoi-piacukrol","status":"publish","type":"post","link":"https:\/\/kinaikaleidoszkop.hu\/index.php\/2024\/01\/10\/a-transznacionalis-cegek-nem-mondanak-le-kinai-fogyasztoi-piacukrol\/","title":{"rendered":"A transznacion\u00e1lis c\u00e9gek nem mondanak le k\u00ednai fogyaszt\u00f3i piacukr\u00f3l"},"content":{"rendered":"\n<p><strong>A Volkswagen nemr\u00e9giben a N\u00e9metorsz\u00e1gon k\u00edv\u00fcli legnagyobb kutat\u00f3k\u00f6zpontj\u00e1t hozta l\u00e9tre K\u00edn\u00e1ban. Az Intel, az Amazon \u00e9s a Starbucks innov\u00e1ci\u00f3s k\u00f6zpontokat \u00e9p\u00edtettek a d\u00e9l-k\u00ednai Shenzhen v\u00e1ros\u00e1ban. \u201eT\u00fal nagy a k\u00ednai piac, nem tudj\u00e1k figyelmen k\u00edv\u00fcl hagyni\u201d \u2013 \u00edrta az SCMP hongkongi h\u00edrlap janu\u00e1r 9-\u00e9n. Jelent\u00e9sek szerint \u201evisszapattan&#8221; a k\u00ednai fogyaszt\u00e1si piac, az \u00edgy keletkez\u0151 lehet\u0151s\u00e9geket pedig \u00e1rgus szemekkel figyelik a multinacion\u00e1lis c\u00e9gek.<\/strong><\/p>\n\n\n\n<p>A h\u00edrlap a Bain Capital amerikai tan\u00e1csad\u00f3 c\u00e9g \u00e1ltal kiadott statisztikai adatokat id\u00e9zve k\u00f6z\u00f6lte, hogy 2022-ben a vil\u00e1g 200 legnagyobb k\u00fclf\u00f6ldi c\u00e9g\u00e9nek K\u00edn\u00e1ban keletkez\u0151 \u00e1tlagos bev\u00e9telei 15%-\u00e1t tett\u00e9k ki \u00f6sszbev\u00e9teleiknek. <\/p>\n\n\n\n<blockquote class=\"wp-block-quote is-layout-flow wp-block-quote-is-layout-flow\">\n<p>\u201eHossz\u00fa t\u00e1von tekintenek a k\u00ednai piacra, nem a r\u00f6vid t\u00e1v\u00fa ingadoz\u00e1sokra figyelnek\u201d \u2013 \u00edrta a Bain Capital.<\/p>\n<\/blockquote>\n\n\n\n<figure class=\"wp-block-image size-full\"><img decoding=\"async\" src=\"https:\/\/hirpest.hu\/wp-content\/uploads\/2024\/01\/1110CMGA-transznacionalis-cegek-nem-mondanak-le-kinai-fogyasztoi-piacukrol.jpg\" alt=\"\" class=\"wp-image-20539\"\/><\/figure>\n\n\n\n<p>Alfredo, a The Conference Board amerikai nonprofit agytr\u00f6szt k\u00ednai gazdas\u00e1gi \u00e9s \u00fczleti kutat\u00f3k\u00f6zpontj\u00e1nak vezet\u0151je pedig elmondta, hogy a k\u00ednai ipari \u00f6kosziszt\u00e9ma nem ny\u00falt eddig mell\u00e9, K\u00edna tov\u00e1bbra is a glob\u00e1lis ell\u00e1t\u00e1si l\u00e1nc fontos csom\u00f3pontja, ez\u00e9rt egyre t\u00f6bb CEO d\u00f6nt a k\u00ednai \u00fczlet mellett.<\/p>\n\n\n\n<p><strong><em>(Wang Yuzhe &#8211; China Media Group)<\/em><\/strong><\/p>\n\n\n\n<p><strong>2024. janu\u00e1r 10.<\/strong><\/p>\n\n\n\n<p><strong><em>(x)<\/em><\/strong><\/p>\n","protected":false},"excerpt":{"rendered":"<p>A Volkswagen nemr\u00e9giben a N\u00e9metorsz\u00e1gon k\u00edv\u00fcli legnagyobb kutat\u00f3k\u00f6zpontj\u00e1t hozta l\u00e9tre K\u00edn\u00e1ban. Az Intel, az Amazon \u00e9s a Starbucks innov\u00e1ci\u00f3s k\u00f6zpontokat \u00e9p\u00edtettek a d\u00e9l-k\u00ednai Shenzhen v\u00e1ros\u00e1ban. \u201eT\u00fal nagy a k\u00ednai piac, nem tudj\u00e1k figyelmen k\u00edv\u00fcl hagyni\u201d \u2013 \u00edrta az SCMP hongkongi h\u00edrlap janu\u00e1r 9-\u00e9n. Jelent\u00e9sek szerint \u201evisszapattan&#8221; a k\u00ednai fogyaszt\u00e1si piac, az \u00edgy keletkez\u0151 lehet\u0151s\u00e9geket pedig [&hellip;]<\/p>\n","protected":false},"author":2,"featured_media":20730,"comment_status":"closed","ping_status":"closed","sticky":false,"template":"","format":"standard","meta":{"footnotes":""},"categories":[45],"tags":[61,2973,3402,3696,480,3694,3434,3695,1591],"class_list":["post-20725","post","type-post","status-publish","format-standard","has-post-thumbnail","hentry","category-hirek","tag-bevetel","tag-fogyasztoi-piac","tag-globalis-ellatasi-lanc","tag-kina","tag-kinai-piac","tag-kutatokozpont","tag-statisztikai-adatok","tag-transznacionalis-cegek","tag-volkswagen"],"yoast_head":"<!-- This site is optimized with the Yoast SEO plugin v23.7 - https:\/\/yoast.com\/wordpress\/plugins\/seo\/ -->\n<title>A transznacion\u00e1lis c\u00e9gek nem mondanak le k\u00ednai fogyaszt\u00f3i piacukr\u00f3l - kinaikaleidoszkop.hu<\/title>\n<meta name=\"robots\" content=\"index, follow, max-snippet:-1, max-image-preview:large, max-video-preview:-1\" \/>\n<link rel=\"canonical\" href=\"https:\/\/kinaikaleidoszkop.hu\/index.php\/2024\/01\/10\/a-transznacionalis-cegek-nem-mondanak-le-kinai-fogyasztoi-piacukrol\/\" \/>\n<meta property=\"og:locale\" content=\"hu_HU\" \/>\n<meta property=\"og:type\" content=\"article\" \/>\n<meta property=\"og:title\" content=\"A transznacion\u00e1lis c\u00e9gek nem mondanak le k\u00ednai fogyaszt\u00f3i piacukr\u00f3l - kinaikaleidoszkop.hu\" \/>\n<meta property=\"og:description\" content=\"A Volkswagen nemr\u00e9giben a N\u00e9metorsz\u00e1gon k\u00edv\u00fcli legnagyobb kutat\u00f3k\u00f6zpontj\u00e1t hozta l\u00e9tre K\u00edn\u00e1ban. Az Intel, az Amazon \u00e9s a Starbucks innov\u00e1ci\u00f3s k\u00f6zpontokat \u00e9p\u00edtettek a d\u00e9l-k\u00ednai Shenzhen v\u00e1ros\u00e1ban. \u201eT\u00fal nagy a k\u00ednai piac, nem tudj\u00e1k figyelmen k\u00edv\u00fcl hagyni\u201d \u2013 \u00edrta az SCMP hongkongi h\u00edrlap janu\u00e1r 9-\u00e9n. Jelent\u00e9sek szerint \u201evisszapattan&#8221; a k\u00ednai fogyaszt\u00e1si piac, az \u00edgy keletkez\u0151 lehet\u0151s\u00e9geket pedig [&hellip;]\" \/>\n<meta property=\"og:url\" content=\"https:\/\/kinaikaleidoszkop.hu\/index.php\/2024\/01\/10\/a-transznacionalis-cegek-nem-mondanak-le-kinai-fogyasztoi-piacukrol\/\" \/>\n<meta property=\"og:site_name\" content=\"kinaikaleidoszkop.hu\" \/>\n<meta property=\"article:published_time\" content=\"2024-01-10T12:29:24+00:00\" \/>\n<meta property=\"article:modified_time\" content=\"2024-01-10T12:29:25+00:00\" \/>\n<meta property=\"og:image\" content=\"https:\/\/kinaikaleidoszkop.hu\/wp-content\/uploads\/2024\/01\/1110CMGA-transznacionalis-cegek-nem-mondanak-le-kinai-fogyasztoi-piacukrol.jpg\" \/>\n\t<meta property=\"og:image:width\" content=\"1024\" \/>\n\t<meta property=\"og:image:height\" content=\"557\" \/>\n\t<meta property=\"og:image:type\" content=\"image\/jpeg\" \/>\n<meta name=\"author\" content=\"admin-szabolcs\" \/>\n<meta name=\"twitter:card\" content=\"summary_large_image\" \/>\n<meta name=\"twitter:label1\" content=\"Szerz\u0151:\" \/>\n\t<meta name=\"twitter:data1\" content=\"admin-szabolcs\" \/>\n\t<meta name=\"twitter:label2\" content=\"Becs\u00fclt olvas\u00e1si id\u0151\" \/>\n\t<meta name=\"twitter:data2\" content=\"1 perc\" \/>\n<script type=\"application\/ld+json\" class=\"yoast-schema-graph\">{\"@context\":\"https:\/\/schema.org\",\"@graph\":[{\"@type\":\"WebPage\",\"@id\":\"https:\/\/kinaikaleidoszkop.hu\/index.php\/2024\/01\/10\/a-transznacionalis-cegek-nem-mondanak-le-kinai-fogyasztoi-piacukrol\/\",\"url\":\"https:\/\/kinaikaleidoszkop.hu\/index.php\/2024\/01\/10\/a-transznacionalis-cegek-nem-mondanak-le-kinai-fogyasztoi-piacukrol\/\",\"name\":\"A transznacion\u00e1lis c\u00e9gek nem mondanak le k\u00ednai fogyaszt\u00f3i piacukr\u00f3l - kinaikaleidoszkop.hu\",\"isPartOf\":{\"@id\":\"https:\/\/kinaikaleidoszkop.hu\/#website\"},\"primaryImageOfPage\":{\"@id\":\"https:\/\/kinaikaleidoszkop.hu\/index.php\/2024\/01\/10\/a-transznacionalis-cegek-nem-mondanak-le-kinai-fogyasztoi-piacukrol\/#primaryimage\"},\"image\":{\"@id\":\"https:\/\/kinaikaleidoszkop.hu\/index.php\/2024\/01\/10\/a-transznacionalis-cegek-nem-mondanak-le-kinai-fogyasztoi-piacukrol\/#primaryimage\"},\"thumbnailUrl\":\"https:\/\/kinaikaleidoszkop.hu\/wp-content\/uploads\/2024\/01\/1110CMGA-transznacionalis-cegek-nem-mondanak-le-kinai-fogyasztoi-piacukrol.jpg\",\"datePublished\":\"2024-01-10T12:29:24+00:00\",\"dateModified\":\"2024-01-10T12:29:25+00:00\",\"author\":{\"@id\":\"https:\/\/kinaikaleidoszkop.hu\/#\/schema\/person\/b9e2febe742edd540c1197716ec02bf7\"},\"breadcrumb\":{\"@id\":\"https:\/\/kinaikaleidoszkop.hu\/index.php\/2024\/01\/10\/a-transznacionalis-cegek-nem-mondanak-le-kinai-fogyasztoi-piacukrol\/#breadcrumb\"},\"inLanguage\":\"hu\",\"potentialAction\":[{\"@type\":\"ReadAction\",\"target\":[\"https:\/\/kinaikaleidoszkop.hu\/index.php\/2024\/01\/10\/a-transznacionalis-cegek-nem-mondanak-le-kinai-fogyasztoi-piacukrol\/\"]}]},{\"@type\":\"ImageObject\",\"inLanguage\":\"hu\",\"@id\":\"https:\/\/kinaikaleidoszkop.hu\/index.php\/2024\/01\/10\/a-transznacionalis-cegek-nem-mondanak-le-kinai-fogyasztoi-piacukrol\/#primaryimage\",\"url\":\"https:\/\/kinaikaleidoszkop.hu\/wp-content\/uploads\/2024\/01\/1110CMGA-transznacionalis-cegek-nem-mondanak-le-kinai-fogyasztoi-piacukrol.jpg\",\"contentUrl\":\"https:\/\/kinaikaleidoszkop.hu\/wp-content\/uploads\/2024\/01\/1110CMGA-transznacionalis-cegek-nem-mondanak-le-kinai-fogyasztoi-piacukrol.jpg\",\"width\":1024,\"height\":557},{\"@type\":\"BreadcrumbList\",\"@id\":\"https:\/\/kinaikaleidoszkop.hu\/index.php\/2024\/01\/10\/a-transznacionalis-cegek-nem-mondanak-le-kinai-fogyasztoi-piacukrol\/#breadcrumb\",\"itemListElement\":[{\"@type\":\"ListItem\",\"position\":1,\"name\":\"Kezd\u0151lap\",\"item\":\"https:\/\/kinaikaleidoszkop.hu\/\"},{\"@type\":\"ListItem\",\"position\":2,\"name\":\"A transznacion\u00e1lis c\u00e9gek nem mondanak le k\u00ednai fogyaszt\u00f3i piacukr\u00f3l\"}]},{\"@type\":\"WebSite\",\"@id\":\"https:\/\/kinaikaleidoszkop.hu\/#website\",\"url\":\"https:\/\/kinaikaleidoszkop.hu\/\",\"name\":\"kinaikaleidoszkop.hu\",\"description\":\"\",\"potentialAction\":[{\"@type\":\"SearchAction\",\"target\":{\"@type\":\"EntryPoint\",\"urlTemplate\":\"https:\/\/kinaikaleidoszkop.hu\/?s={search_term_string}\"},\"query-input\":{\"@type\":\"PropertyValueSpecification\",\"valueRequired\":true,\"valueName\":\"search_term_string\"}}],\"inLanguage\":\"hu\"},{\"@type\":\"Person\",\"@id\":\"https:\/\/kinaikaleidoszkop.hu\/#\/schema\/person\/b9e2febe742edd540c1197716ec02bf7\",\"name\":\"admin-szabolcs\",\"image\":{\"@type\":\"ImageObject\",\"inLanguage\":\"hu\",\"@id\":\"https:\/\/kinaikaleidoszkop.hu\/#\/schema\/person\/image\/\",\"url\":\"https:\/\/secure.gravatar.com\/avatar\/154f262492794df2a6cb5d5349227b18ef8f85ab462fbb32625fc42406483d21?s=96&d=mm&r=g\",\"contentUrl\":\"https:\/\/secure.gravatar.com\/avatar\/154f262492794df2a6cb5d5349227b18ef8f85ab462fbb32625fc42406483d21?s=96&d=mm&r=g\",\"caption\":\"admin-szabolcs\"},\"url\":\"https:\/\/kinaikaleidoszkop.hu\/index.php\/author\/admin-szabolcs\/\"}]}<\/script>\n<!-- \/ Yoast SEO plugin. -->","yoast_head_json":{"title":"A transznacion\u00e1lis c\u00e9gek nem mondanak le k\u00ednai fogyaszt\u00f3i piacukr\u00f3l - kinaikaleidoszkop.hu","robots":{"index":"index","follow":"follow","max-snippet":"max-snippet:-1","max-image-preview":"max-image-preview:large","max-video-preview":"max-video-preview:-1"},"canonical":"https:\/\/kinaikaleidoszkop.hu\/index.php\/2024\/01\/10\/a-transznacionalis-cegek-nem-mondanak-le-kinai-fogyasztoi-piacukrol\/","og_locale":"hu_HU","og_type":"article","og_title":"A transznacion\u00e1lis c\u00e9gek nem mondanak le k\u00ednai fogyaszt\u00f3i piacukr\u00f3l - kinaikaleidoszkop.hu","og_description":"A Volkswagen nemr\u00e9giben a N\u00e9metorsz\u00e1gon k\u00edv\u00fcli legnagyobb kutat\u00f3k\u00f6zpontj\u00e1t hozta l\u00e9tre K\u00edn\u00e1ban. Az Intel, az Amazon \u00e9s a Starbucks innov\u00e1ci\u00f3s k\u00f6zpontokat \u00e9p\u00edtettek a d\u00e9l-k\u00ednai Shenzhen v\u00e1ros\u00e1ban. \u201eT\u00fal nagy a k\u00ednai piac, nem tudj\u00e1k figyelmen k\u00edv\u00fcl hagyni\u201d \u2013 \u00edrta az SCMP hongkongi h\u00edrlap janu\u00e1r 9-\u00e9n. Jelent\u00e9sek szerint \u201evisszapattan&#8221; a k\u00ednai fogyaszt\u00e1si piac, az \u00edgy keletkez\u0151 lehet\u0151s\u00e9geket pedig [&hellip;]","og_url":"https:\/\/kinaikaleidoszkop.hu\/index.php\/2024\/01\/10\/a-transznacionalis-cegek-nem-mondanak-le-kinai-fogyasztoi-piacukrol\/","og_site_name":"kinaikaleidoszkop.hu","article_published_time":"2024-01-10T12:29:24+00:00","article_modified_time":"2024-01-10T12:29:25+00:00","og_image":[{"width":1024,"height":557,"url":"https:\/\/kinaikaleidoszkop.hu\/wp-content\/uploads\/2024\/01\/1110CMGA-transznacionalis-cegek-nem-mondanak-le-kinai-fogyasztoi-piacukrol.jpg","type":"image\/jpeg"}],"author":"admin-szabolcs","twitter_card":"summary_large_image","twitter_misc":{"Szerz\u0151:":"admin-szabolcs","Becs\u00fclt olvas\u00e1si id\u0151":"1 perc"},"schema":{"@context":"https:\/\/schema.org","@graph":[{"@type":"WebPage","@id":"https:\/\/kinaikaleidoszkop.hu\/index.php\/2024\/01\/10\/a-transznacionalis-cegek-nem-mondanak-le-kinai-fogyasztoi-piacukrol\/","url":"https:\/\/kinaikaleidoszkop.hu\/index.php\/2024\/01\/10\/a-transznacionalis-cegek-nem-mondanak-le-kinai-fogyasztoi-piacukrol\/","name":"A transznacion\u00e1lis c\u00e9gek nem mondanak le k\u00ednai fogyaszt\u00f3i piacukr\u00f3l - kinaikaleidoszkop.hu","isPartOf":{"@id":"https:\/\/kinaikaleidoszkop.hu\/#website"},"primaryImageOfPage":{"@id":"https:\/\/kinaikaleidoszkop.hu\/index.php\/2024\/01\/10\/a-transznacionalis-cegek-nem-mondanak-le-kinai-fogyasztoi-piacukrol\/#primaryimage"},"image":{"@id":"https:\/\/kinaikaleidoszkop.hu\/index.php\/2024\/01\/10\/a-transznacionalis-cegek-nem-mondanak-le-kinai-fogyasztoi-piacukrol\/#primaryimage"},"thumbnailUrl":"https:\/\/kinaikaleidoszkop.hu\/wp-content\/uploads\/2024\/01\/1110CMGA-transznacionalis-cegek-nem-mondanak-le-kinai-fogyasztoi-piacukrol.jpg","datePublished":"2024-01-10T12:29:24+00:00","dateModified":"2024-01-10T12:29:25+00:00","author":{"@id":"https:\/\/kinaikaleidoszkop.hu\/#\/schema\/person\/b9e2febe742edd540c1197716ec02bf7"},"breadcrumb":{"@id":"https:\/\/kinaikaleidoszkop.hu\/index.php\/2024\/01\/10\/a-transznacionalis-cegek-nem-mondanak-le-kinai-fogyasztoi-piacukrol\/#breadcrumb"},"inLanguage":"hu","potentialAction":[{"@type":"ReadAction","target":["https:\/\/kinaikaleidoszkop.hu\/index.php\/2024\/01\/10\/a-transznacionalis-cegek-nem-mondanak-le-kinai-fogyasztoi-piacukrol\/"]}]},{"@type":"ImageObject","inLanguage":"hu","@id":"https:\/\/kinaikaleidoszkop.hu\/index.php\/2024\/01\/10\/a-transznacionalis-cegek-nem-mondanak-le-kinai-fogyasztoi-piacukrol\/#primaryimage","url":"https:\/\/kinaikaleidoszkop.hu\/wp-content\/uploads\/2024\/01\/1110CMGA-transznacionalis-cegek-nem-mondanak-le-kinai-fogyasztoi-piacukrol.jpg","contentUrl":"https:\/\/kinaikaleidoszkop.hu\/wp-content\/uploads\/2024\/01\/1110CMGA-transznacionalis-cegek-nem-mondanak-le-kinai-fogyasztoi-piacukrol.jpg","width":1024,"height":557},{"@type":"BreadcrumbList","@id":"https:\/\/kinaikaleidoszkop.hu\/index.php\/2024\/01\/10\/a-transznacionalis-cegek-nem-mondanak-le-kinai-fogyasztoi-piacukrol\/#breadcrumb","itemListElement":[{"@type":"ListItem","position":1,"name":"Kezd\u0151lap","item":"https:\/\/kinaikaleidoszkop.hu\/"},{"@type":"ListItem","position":2,"name":"A transznacion\u00e1lis c\u00e9gek nem mondanak le k\u00ednai fogyaszt\u00f3i piacukr\u00f3l"}]},{"@type":"WebSite","@id":"https:\/\/kinaikaleidoszkop.hu\/#website","url":"https:\/\/kinaikaleidoszkop.hu\/","name":"kinaikaleidoszkop.hu","description":"","potentialAction":[{"@type":"SearchAction","target":{"@type":"EntryPoint","urlTemplate":"https:\/\/kinaikaleidoszkop.hu\/?s={search_term_string}"},"query-input":{"@type":"PropertyValueSpecification","valueRequired":true,"valueName":"search_term_string"}}],"inLanguage":"hu"},{"@type":"Person","@id":"https:\/\/kinaikaleidoszkop.hu\/#\/schema\/person\/b9e2febe742edd540c1197716ec02bf7","name":"admin-szabolcs","image":{"@type":"ImageObject","inLanguage":"hu","@id":"https:\/\/kinaikaleidoszkop.hu\/#\/schema\/person\/image\/","url":"https:\/\/secure.gravatar.com\/avatar\/154f262492794df2a6cb5d5349227b18ef8f85ab462fbb32625fc42406483d21?s=96&d=mm&r=g","contentUrl":"https:\/\/secure.gravatar.com\/avatar\/154f262492794df2a6cb5d5349227b18ef8f85ab462fbb32625fc42406483d21?s=96&d=mm&r=g","caption":"admin-szabolcs"},"url":"https:\/\/kinaikaleidoszkop.hu\/index.php\/author\/admin-szabolcs\/"}]}},"views":237,"distributor_meta":false,"distributor_terms":false,"distributor_media":false,"distributor_original_site_name":"kinaikaleidoszkop.hu","distributor_original_site_url":"https:\/\/kinaikaleidoszkop.hu","push-errors":false,"_links":{"self":[{"href":"https:\/\/kinaikaleidoszkop.hu\/index.php\/wp-json\/wp\/v2\/posts\/20725","targetHints":{"allow":["GET"]}}],"collection":[{"href":"https:\/\/kinaikaleidoszkop.hu\/index.php\/wp-json\/wp\/v2\/posts"}],"about":[{"href":"https:\/\/kinaikaleidoszkop.hu\/index.php\/wp-json\/wp\/v2\/types\/post"}],"author":[{"embeddable":true,"href":"https:\/\/kinaikaleidoszkop.hu\/index.php\/wp-json\/wp\/v2\/users\/2"}],"replies":[{"embeddable":true,"href":"https:\/\/kinaikaleidoszkop.hu\/index.php\/wp-json\/wp\/v2\/comments?post=20725"}],"version-history":[{"count":1,"href":"https:\/\/kinaikaleidoszkop.hu\/index.php\/wp-json\/wp\/v2\/posts\/20725\/revisions"}],"predecessor-version":[{"id":20732,"href":"https:\/\/kinaikaleidoszkop.hu\/index.php\/wp-json\/wp\/v2\/posts\/20725\/revisions\/20732"}],"wp:featuredmedia":[{"embeddable":true,"href":"https:\/\/kinaikaleidoszkop.hu\/index.php\/wp-json\/wp\/v2\/media\/20730"}],"wp:attachment":[{"href":"https:\/\/kinaikaleidoszkop.hu\/index.php\/wp-json\/wp\/v2\/media?parent=20725"}],"wp:term":[{"taxonomy":"category","embeddable":true,"href":"https:\/\/kinaikaleidoszkop.hu\/index.php\/wp-json\/wp\/v2\/categories?post=20725"},{"taxonomy":"post_tag","embeddable":true,"href":"https:\/\/kinaikaleidoszkop.hu\/index.php\/wp-json\/wp\/v2\/tags?post=20725"}],"curies":[{"name":"wp","href":"https:\/\/api.w.org\/{rel}","templated":true}]}}