{"id":20756,"date":"2024-01-12T13:05:36","date_gmt":"2024-01-12T12:05:36","guid":{"rendered":"https:\/\/kinaikaleidoszkop.hu\/?p=20756"},"modified":"2024-01-12T13:05:37","modified_gmt":"2024-01-12T12:05:37","slug":"az-usa-legicsapasokat-mert-a-huszi-tamaszpontokra-peking-aggodalmat-fejezte-ki-a-voros-tengeri-feszultseg-eszkalalodasa-miatt","status":"publish","type":"post","link":"https:\/\/kinaikaleidoszkop.hu\/index.php\/2024\/01\/12\/az-usa-legicsapasokat-mert-a-huszi-tamaszpontokra-peking-aggodalmat-fejezte-ki-a-voros-tengeri-feszultseg-eszkalalodasa-miatt\/","title":{"rendered":"Az USA l\u00e9gicsap\u00e1sokat m\u00e9rt a h\u00faszi t\u00e1maszpontokra, Peking aggodalm\u00e1t fejezte ki a v\u00f6r\u00f6s-tengeri fesz\u00fclts\u00e9g eszkal\u00e1l\u00f3d\u00e1sa miatt"},"content":{"rendered":"\n<p><strong>\u201eK\u00edna agg\u00f3dik, hogy a V\u00f6r\u00f6s-tengern\u00e9l a fesz\u00fclts\u00e9g tov\u00e1bb eszkal\u00e1l\u00f3dhat, \u00e9s felsz\u00f3l\u00edtja az illet\u00e9kes feleket, hogy mutassanak \u00f6nm\u00e9rs\u00e9kletet \u00e9s ker\u00fclj\u00e9k el a konfliktus tov\u00e1bbi kiterjeszt\u00e9s\u00e9t\u201d \u2013 hangs\u00falyozta Mao Ning k\u00ednai k\u00fcl\u00fcgyi sz\u00f3viv\u0151 a p\u00e9nteki k\u00ednai k\u00fcl\u00fcgyi sajt\u00f3t\u00e1j\u00e9koztat\u00f3n.<\/strong> <\/p>\n\n\n<div class=\"wp-block-image\">\n<figure class=\"alignright size-large is-resized\"><img decoding=\"async\" src=\"https:\/\/hirpest.hu\/wp-content\/uploads\/2024\/01\/0112Lea1.jpg\" alt=\"\" class=\"wp-image-20575\" style=\"width:480px;height:auto\"\/><\/figure>\n<\/div>\n\n\n<p>A V\u00f6r\u00f6s-tenger fontos csatorn\u00e1ja a nemzetk\u00f6zi \u00e1ru- \u00e9s energiakereskedelemnek. K\u00edna rem\u00e9li, hogy az illet\u00e9kes felek konstrukt\u00edv \u00e9s felel\u0151s szerepet j\u00e1tszanak a region\u00e1lis biztons\u00e1g \u00e9s stabilit\u00e1s v\u00e9delm\u00e9ben, ami megfelel a nemzetk\u00f6zi k\u00f6z\u00f6ss\u00e9g k\u00f6z\u00f6s \u00e9rdekeinek &#8211; fogalmazott Mao Ning.<\/p>\n\n\n\n<p>Amerikai tisztvisel\u0151k elmondt\u00e1k, hogy hadihaj\u00f3r\u00f3l ind\u00edtott Tomahawk cirk\u00e1l\u00f3rak\u00e9t\u00e1k \u00e9s harci g\u00e9pek t\u00e1madt\u00e1k meg a h\u00faszi l\u00e1zad\u00f3k t\u00f6bb t\u00e1maszpontj\u00e1t, t\u00f6bbek k\u00f6z\u00f6tt logisztikai k\u00f6zpontot, l\u00e9gv\u00e9delmi rendszert \u00e9s fegyverrakt\u00e1rakat.<\/p>\n\n\n\n<p>Az AP szerint ez a t\u00e1mad\u00e1s az Egyes\u00fclt \u00c1llamok els\u0151 katonai akci\u00f3ja a h\u00faszi l\u00e1zad\u00f3k ellen a Ham\u00e1sz \u00e9s Izrael k\u00f6z\u00f6tti konfliktus kit\u00f6r\u00e9se \u00f3ta, illetve az USA els\u0151 katonai csap\u00e1sa a jemeni h\u00faszi l\u00e1zad\u00f3k ellen 2016 \u00f3ta. A h\u00faszik vezet\u0151je, Abdulmalik al- Houthi telev\u00edzi\u00f3ban sug\u00e1rzott besz\u00e9d\u00e9ben figyelmeztetett arra, hogy \u201enem hagyj\u00e1k v\u00e1lasz n\u00e9lk\u00fcl az Egyes\u00fclt \u00c1llamok agresszi\u00f3j\u00e1t\u201d.<\/p>\n\n\n\n<p>Janu\u00e1r 12-\u00e9n hajnalban Szana\u00e1ban, Jemen f\u0151v\u00e1ros\u00e1ban, illetve Hudeid\u00e1ban is t\u00f6bbsz\u00f6r hallottak robban\u00e1st.<\/p>\n\n\n\n<p><strong><em>(Ma Xiaolu \u2013 China Media Group)<\/em><\/strong><\/p>\n\n\n\n<p><strong>2024. janu\u00e1r 12.<\/strong><\/p>\n\n\n\n<p><strong><em>(x)<\/em><\/strong><\/p>\n","protected":false},"excerpt":{"rendered":"<p>\u201eK\u00edna agg\u00f3dik, hogy a V\u00f6r\u00f6s-tengern\u00e9l a fesz\u00fclts\u00e9g tov\u00e1bb eszkal\u00e1l\u00f3dhat, \u00e9s felsz\u00f3l\u00edtja az illet\u00e9kes feleket, hogy mutassanak \u00f6nm\u00e9rs\u00e9kletet \u00e9s ker\u00fclj\u00e9k el a konfliktus tov\u00e1bbi kiterjeszt\u00e9s\u00e9t\u201d \u2013 hangs\u00falyozta Mao Ning k\u00ednai k\u00fcl\u00fcgyi sz\u00f3viv\u0151 a p\u00e9nteki k\u00ednai k\u00fcl\u00fcgyi sajt\u00f3t\u00e1j\u00e9koztat\u00f3n. A V\u00f6r\u00f6s-tenger fontos csatorn\u00e1ja a nemzetk\u00f6zi \u00e1ru- \u00e9s energiakereskedelemnek. K\u00edna rem\u00e9li, hogy az illet\u00e9kes felek konstrukt\u00edv \u00e9s felel\u0151s szerepet [&hellip;]<\/p>\n","protected":false},"author":2,"featured_media":20762,"comment_status":"closed","ping_status":"closed","sticky":false,"template":"","format":"standard","meta":{"footnotes":""},"categories":[45],"tags":[131,3706,3427,3707,3314,3696,460,3708,2725,141,691,3709,3710],"class_list":["post-20756","post","type-post","status-publish","format-standard","has-post-thumbnail","hentry","category-hirek","tag-egyesult-allamok","tag-feszultseg","tag-hamasz","tag-huszi-tamaszpontok","tag-izrael","tag-kina","tag-kinai-kulugyi-szovivo","tag-legicsapas","tag-mao-ning","tag-peking","tag-sajtotajekoztato","tag-tomahawk-cirkaloraketa","tag-voros-tenger"],"yoast_head":"<!-- This site is optimized with the Yoast SEO plugin v23.7 - https:\/\/yoast.com\/wordpress\/plugins\/seo\/ -->\n<title>Az USA l\u00e9gicsap\u00e1sokat m\u00e9rt a h\u00faszi t\u00e1maszpontokra, Peking aggodalm\u00e1t fejezte ki a v\u00f6r\u00f6s-tengeri fesz\u00fclts\u00e9g eszkal\u00e1l\u00f3d\u00e1sa miatt - kinaikaleidoszkop.hu<\/title>\n<meta name=\"robots\" content=\"index, follow, max-snippet:-1, max-image-preview:large, max-video-preview:-1\" \/>\n<link rel=\"canonical\" href=\"https:\/\/kinaikaleidoszkop.hu\/index.php\/2024\/01\/12\/az-usa-legicsapasokat-mert-a-huszi-tamaszpontokra-peking-aggodalmat-fejezte-ki-a-voros-tengeri-feszultseg-eszkalalodasa-miatt\/\" \/>\n<meta property=\"og:locale\" content=\"hu_HU\" \/>\n<meta property=\"og:type\" content=\"article\" \/>\n<meta property=\"og:title\" content=\"Az USA l\u00e9gicsap\u00e1sokat m\u00e9rt a h\u00faszi t\u00e1maszpontokra, Peking aggodalm\u00e1t fejezte ki a v\u00f6r\u00f6s-tengeri fesz\u00fclts\u00e9g eszkal\u00e1l\u00f3d\u00e1sa miatt - kinaikaleidoszkop.hu\" \/>\n<meta property=\"og:description\" content=\"\u201eK\u00edna agg\u00f3dik, hogy a V\u00f6r\u00f6s-tengern\u00e9l a fesz\u00fclts\u00e9g tov\u00e1bb eszkal\u00e1l\u00f3dhat, \u00e9s felsz\u00f3l\u00edtja az illet\u00e9kes feleket, hogy mutassanak \u00f6nm\u00e9rs\u00e9kletet \u00e9s ker\u00fclj\u00e9k el a konfliktus tov\u00e1bbi kiterjeszt\u00e9s\u00e9t\u201d \u2013 hangs\u00falyozta Mao Ning k\u00ednai k\u00fcl\u00fcgyi sz\u00f3viv\u0151 a p\u00e9nteki k\u00ednai k\u00fcl\u00fcgyi sajt\u00f3t\u00e1j\u00e9koztat\u00f3n. A V\u00f6r\u00f6s-tenger fontos csatorn\u00e1ja a nemzetk\u00f6zi \u00e1ru- \u00e9s energiakereskedelemnek. K\u00edna rem\u00e9li, hogy az illet\u00e9kes felek konstrukt\u00edv \u00e9s felel\u0151s szerepet [&hellip;]\" \/>\n<meta property=\"og:url\" content=\"https:\/\/kinaikaleidoszkop.hu\/index.php\/2024\/01\/12\/az-usa-legicsapasokat-mert-a-huszi-tamaszpontokra-peking-aggodalmat-fejezte-ki-a-voros-tengeri-feszultseg-eszkalalodasa-miatt\/\" \/>\n<meta property=\"og:site_name\" content=\"kinaikaleidoszkop.hu\" \/>\n<meta property=\"article:published_time\" content=\"2024-01-12T12:05:36+00:00\" \/>\n<meta property=\"article:modified_time\" content=\"2024-01-12T12:05:37+00:00\" \/>\n<meta property=\"og:image\" content=\"https:\/\/kinaikaleidoszkop.hu\/wp-content\/uploads\/2024\/01\/0112Lea1.jpg\" \/>\n\t<meta property=\"og:image:width\" content=\"600\" \/>\n\t<meta property=\"og:image:height\" content=\"400\" \/>\n\t<meta property=\"og:image:type\" content=\"image\/jpeg\" \/>\n<meta name=\"author\" content=\"admin-szabolcs\" \/>\n<meta name=\"twitter:card\" content=\"summary_large_image\" \/>\n<meta name=\"twitter:label1\" content=\"Szerz\u0151:\" \/>\n\t<meta name=\"twitter:data1\" content=\"admin-szabolcs\" \/>\n\t<meta name=\"twitter:label2\" content=\"Becs\u00fclt olvas\u00e1si id\u0151\" \/>\n\t<meta name=\"twitter:data2\" content=\"2 perc\" \/>\n<script type=\"application\/ld+json\" class=\"yoast-schema-graph\">{\"@context\":\"https:\/\/schema.org\",\"@graph\":[{\"@type\":\"WebPage\",\"@id\":\"https:\/\/kinaikaleidoszkop.hu\/index.php\/2024\/01\/12\/az-usa-legicsapasokat-mert-a-huszi-tamaszpontokra-peking-aggodalmat-fejezte-ki-a-voros-tengeri-feszultseg-eszkalalodasa-miatt\/\",\"url\":\"https:\/\/kinaikaleidoszkop.hu\/index.php\/2024\/01\/12\/az-usa-legicsapasokat-mert-a-huszi-tamaszpontokra-peking-aggodalmat-fejezte-ki-a-voros-tengeri-feszultseg-eszkalalodasa-miatt\/\",\"name\":\"Az USA l\u00e9gicsap\u00e1sokat m\u00e9rt a h\u00faszi t\u00e1maszpontokra, Peking aggodalm\u00e1t fejezte ki a v\u00f6r\u00f6s-tengeri fesz\u00fclts\u00e9g eszkal\u00e1l\u00f3d\u00e1sa miatt - kinaikaleidoszkop.hu\",\"isPartOf\":{\"@id\":\"https:\/\/kinaikaleidoszkop.hu\/#website\"},\"primaryImageOfPage\":{\"@id\":\"https:\/\/kinaikaleidoszkop.hu\/index.php\/2024\/01\/12\/az-usa-legicsapasokat-mert-a-huszi-tamaszpontokra-peking-aggodalmat-fejezte-ki-a-voros-tengeri-feszultseg-eszkalalodasa-miatt\/#primaryimage\"},\"image\":{\"@id\":\"https:\/\/kinaikaleidoszkop.hu\/index.php\/2024\/01\/12\/az-usa-legicsapasokat-mert-a-huszi-tamaszpontokra-peking-aggodalmat-fejezte-ki-a-voros-tengeri-feszultseg-eszkalalodasa-miatt\/#primaryimage\"},\"thumbnailUrl\":\"https:\/\/kinaikaleidoszkop.hu\/wp-content\/uploads\/2024\/01\/0112Lea1.jpg\",\"datePublished\":\"2024-01-12T12:05:36+00:00\",\"dateModified\":\"2024-01-12T12:05:37+00:00\",\"author\":{\"@id\":\"https:\/\/kinaikaleidoszkop.hu\/#\/schema\/person\/b9e2febe742edd540c1197716ec02bf7\"},\"breadcrumb\":{\"@id\":\"https:\/\/kinaikaleidoszkop.hu\/index.php\/2024\/01\/12\/az-usa-legicsapasokat-mert-a-huszi-tamaszpontokra-peking-aggodalmat-fejezte-ki-a-voros-tengeri-feszultseg-eszkalalodasa-miatt\/#breadcrumb\"},\"inLanguage\":\"hu\",\"potentialAction\":[{\"@type\":\"ReadAction\",\"target\":[\"https:\/\/kinaikaleidoszkop.hu\/index.php\/2024\/01\/12\/az-usa-legicsapasokat-mert-a-huszi-tamaszpontokra-peking-aggodalmat-fejezte-ki-a-voros-tengeri-feszultseg-eszkalalodasa-miatt\/\"]}]},{\"@type\":\"ImageObject\",\"inLanguage\":\"hu\",\"@id\":\"https:\/\/kinaikaleidoszkop.hu\/index.php\/2024\/01\/12\/az-usa-legicsapasokat-mert-a-huszi-tamaszpontokra-peking-aggodalmat-fejezte-ki-a-voros-tengeri-feszultseg-eszkalalodasa-miatt\/#primaryimage\",\"url\":\"https:\/\/kinaikaleidoszkop.hu\/wp-content\/uploads\/2024\/01\/0112Lea1.jpg\",\"contentUrl\":\"https:\/\/kinaikaleidoszkop.hu\/wp-content\/uploads\/2024\/01\/0112Lea1.jpg\",\"width\":600,\"height\":400},{\"@type\":\"BreadcrumbList\",\"@id\":\"https:\/\/kinaikaleidoszkop.hu\/index.php\/2024\/01\/12\/az-usa-legicsapasokat-mert-a-huszi-tamaszpontokra-peking-aggodalmat-fejezte-ki-a-voros-tengeri-feszultseg-eszkalalodasa-miatt\/#breadcrumb\",\"itemListElement\":[{\"@type\":\"ListItem\",\"position\":1,\"name\":\"Kezd\u0151lap\",\"item\":\"https:\/\/kinaikaleidoszkop.hu\/\"},{\"@type\":\"ListItem\",\"position\":2,\"name\":\"Az USA l\u00e9gicsap\u00e1sokat m\u00e9rt a h\u00faszi t\u00e1maszpontokra, Peking aggodalm\u00e1t fejezte ki a v\u00f6r\u00f6s-tengeri fesz\u00fclts\u00e9g eszkal\u00e1l\u00f3d\u00e1sa miatt\"}]},{\"@type\":\"WebSite\",\"@id\":\"https:\/\/kinaikaleidoszkop.hu\/#website\",\"url\":\"https:\/\/kinaikaleidoszkop.hu\/\",\"name\":\"kinaikaleidoszkop.hu\",\"description\":\"\",\"potentialAction\":[{\"@type\":\"SearchAction\",\"target\":{\"@type\":\"EntryPoint\",\"urlTemplate\":\"https:\/\/kinaikaleidoszkop.hu\/?s={search_term_string}\"},\"query-input\":{\"@type\":\"PropertyValueSpecification\",\"valueRequired\":true,\"valueName\":\"search_term_string\"}}],\"inLanguage\":\"hu\"},{\"@type\":\"Person\",\"@id\":\"https:\/\/kinaikaleidoszkop.hu\/#\/schema\/person\/b9e2febe742edd540c1197716ec02bf7\",\"name\":\"admin-szabolcs\",\"image\":{\"@type\":\"ImageObject\",\"inLanguage\":\"hu\",\"@id\":\"https:\/\/kinaikaleidoszkop.hu\/#\/schema\/person\/image\/\",\"url\":\"https:\/\/secure.gravatar.com\/avatar\/154f262492794df2a6cb5d5349227b18ef8f85ab462fbb32625fc42406483d21?s=96&d=mm&r=g\",\"contentUrl\":\"https:\/\/secure.gravatar.com\/avatar\/154f262492794df2a6cb5d5349227b18ef8f85ab462fbb32625fc42406483d21?s=96&d=mm&r=g\",\"caption\":\"admin-szabolcs\"},\"url\":\"https:\/\/kinaikaleidoszkop.hu\/index.php\/author\/admin-szabolcs\/\"}]}<\/script>\n<!-- \/ Yoast SEO plugin. -->","yoast_head_json":{"title":"Az USA l\u00e9gicsap\u00e1sokat m\u00e9rt a h\u00faszi t\u00e1maszpontokra, Peking aggodalm\u00e1t fejezte ki a v\u00f6r\u00f6s-tengeri fesz\u00fclts\u00e9g eszkal\u00e1l\u00f3d\u00e1sa miatt - kinaikaleidoszkop.hu","robots":{"index":"index","follow":"follow","max-snippet":"max-snippet:-1","max-image-preview":"max-image-preview:large","max-video-preview":"max-video-preview:-1"},"canonical":"https:\/\/kinaikaleidoszkop.hu\/index.php\/2024\/01\/12\/az-usa-legicsapasokat-mert-a-huszi-tamaszpontokra-peking-aggodalmat-fejezte-ki-a-voros-tengeri-feszultseg-eszkalalodasa-miatt\/","og_locale":"hu_HU","og_type":"article","og_title":"Az USA l\u00e9gicsap\u00e1sokat m\u00e9rt a h\u00faszi t\u00e1maszpontokra, Peking aggodalm\u00e1t fejezte ki a v\u00f6r\u00f6s-tengeri fesz\u00fclts\u00e9g eszkal\u00e1l\u00f3d\u00e1sa miatt - kinaikaleidoszkop.hu","og_description":"\u201eK\u00edna agg\u00f3dik, hogy a V\u00f6r\u00f6s-tengern\u00e9l a fesz\u00fclts\u00e9g tov\u00e1bb eszkal\u00e1l\u00f3dhat, \u00e9s felsz\u00f3l\u00edtja az illet\u00e9kes feleket, hogy mutassanak \u00f6nm\u00e9rs\u00e9kletet \u00e9s ker\u00fclj\u00e9k el a konfliktus tov\u00e1bbi kiterjeszt\u00e9s\u00e9t\u201d \u2013 hangs\u00falyozta Mao Ning k\u00ednai k\u00fcl\u00fcgyi sz\u00f3viv\u0151 a p\u00e9nteki k\u00ednai k\u00fcl\u00fcgyi sajt\u00f3t\u00e1j\u00e9koztat\u00f3n. A V\u00f6r\u00f6s-tenger fontos csatorn\u00e1ja a nemzetk\u00f6zi \u00e1ru- \u00e9s energiakereskedelemnek. K\u00edna rem\u00e9li, hogy az illet\u00e9kes felek konstrukt\u00edv \u00e9s felel\u0151s szerepet [&hellip;]","og_url":"https:\/\/kinaikaleidoszkop.hu\/index.php\/2024\/01\/12\/az-usa-legicsapasokat-mert-a-huszi-tamaszpontokra-peking-aggodalmat-fejezte-ki-a-voros-tengeri-feszultseg-eszkalalodasa-miatt\/","og_site_name":"kinaikaleidoszkop.hu","article_published_time":"2024-01-12T12:05:36+00:00","article_modified_time":"2024-01-12T12:05:37+00:00","og_image":[{"width":600,"height":400,"url":"https:\/\/kinaikaleidoszkop.hu\/wp-content\/uploads\/2024\/01\/0112Lea1.jpg","type":"image\/jpeg"}],"author":"admin-szabolcs","twitter_card":"summary_large_image","twitter_misc":{"Szerz\u0151:":"admin-szabolcs","Becs\u00fclt olvas\u00e1si id\u0151":"2 perc"},"schema":{"@context":"https:\/\/schema.org","@graph":[{"@type":"WebPage","@id":"https:\/\/kinaikaleidoszkop.hu\/index.php\/2024\/01\/12\/az-usa-legicsapasokat-mert-a-huszi-tamaszpontokra-peking-aggodalmat-fejezte-ki-a-voros-tengeri-feszultseg-eszkalalodasa-miatt\/","url":"https:\/\/kinaikaleidoszkop.hu\/index.php\/2024\/01\/12\/az-usa-legicsapasokat-mert-a-huszi-tamaszpontokra-peking-aggodalmat-fejezte-ki-a-voros-tengeri-feszultseg-eszkalalodasa-miatt\/","name":"Az USA l\u00e9gicsap\u00e1sokat m\u00e9rt a h\u00faszi t\u00e1maszpontokra, Peking aggodalm\u00e1t fejezte ki a v\u00f6r\u00f6s-tengeri fesz\u00fclts\u00e9g eszkal\u00e1l\u00f3d\u00e1sa miatt - kinaikaleidoszkop.hu","isPartOf":{"@id":"https:\/\/kinaikaleidoszkop.hu\/#website"},"primaryImageOfPage":{"@id":"https:\/\/kinaikaleidoszkop.hu\/index.php\/2024\/01\/12\/az-usa-legicsapasokat-mert-a-huszi-tamaszpontokra-peking-aggodalmat-fejezte-ki-a-voros-tengeri-feszultseg-eszkalalodasa-miatt\/#primaryimage"},"image":{"@id":"https:\/\/kinaikaleidoszkop.hu\/index.php\/2024\/01\/12\/az-usa-legicsapasokat-mert-a-huszi-tamaszpontokra-peking-aggodalmat-fejezte-ki-a-voros-tengeri-feszultseg-eszkalalodasa-miatt\/#primaryimage"},"thumbnailUrl":"https:\/\/kinaikaleidoszkop.hu\/wp-content\/uploads\/2024\/01\/0112Lea1.jpg","datePublished":"2024-01-12T12:05:36+00:00","dateModified":"2024-01-12T12:05:37+00:00","author":{"@id":"https:\/\/kinaikaleidoszkop.hu\/#\/schema\/person\/b9e2febe742edd540c1197716ec02bf7"},"breadcrumb":{"@id":"https:\/\/kinaikaleidoszkop.hu\/index.php\/2024\/01\/12\/az-usa-legicsapasokat-mert-a-huszi-tamaszpontokra-peking-aggodalmat-fejezte-ki-a-voros-tengeri-feszultseg-eszkalalodasa-miatt\/#breadcrumb"},"inLanguage":"hu","potentialAction":[{"@type":"ReadAction","target":["https:\/\/kinaikaleidoszkop.hu\/index.php\/2024\/01\/12\/az-usa-legicsapasokat-mert-a-huszi-tamaszpontokra-peking-aggodalmat-fejezte-ki-a-voros-tengeri-feszultseg-eszkalalodasa-miatt\/"]}]},{"@type":"ImageObject","inLanguage":"hu","@id":"https:\/\/kinaikaleidoszkop.hu\/index.php\/2024\/01\/12\/az-usa-legicsapasokat-mert-a-huszi-tamaszpontokra-peking-aggodalmat-fejezte-ki-a-voros-tengeri-feszultseg-eszkalalodasa-miatt\/#primaryimage","url":"https:\/\/kinaikaleidoszkop.hu\/wp-content\/uploads\/2024\/01\/0112Lea1.jpg","contentUrl":"https:\/\/kinaikaleidoszkop.hu\/wp-content\/uploads\/2024\/01\/0112Lea1.jpg","width":600,"height":400},{"@type":"BreadcrumbList","@id":"https:\/\/kinaikaleidoszkop.hu\/index.php\/2024\/01\/12\/az-usa-legicsapasokat-mert-a-huszi-tamaszpontokra-peking-aggodalmat-fejezte-ki-a-voros-tengeri-feszultseg-eszkalalodasa-miatt\/#breadcrumb","itemListElement":[{"@type":"ListItem","position":1,"name":"Kezd\u0151lap","item":"https:\/\/kinaikaleidoszkop.hu\/"},{"@type":"ListItem","position":2,"name":"Az USA l\u00e9gicsap\u00e1sokat m\u00e9rt a h\u00faszi t\u00e1maszpontokra, Peking aggodalm\u00e1t fejezte ki a v\u00f6r\u00f6s-tengeri fesz\u00fclts\u00e9g eszkal\u00e1l\u00f3d\u00e1sa miatt"}]},{"@type":"WebSite","@id":"https:\/\/kinaikaleidoszkop.hu\/#website","url":"https:\/\/kinaikaleidoszkop.hu\/","name":"kinaikaleidoszkop.hu","description":"","potentialAction":[{"@type":"SearchAction","target":{"@type":"EntryPoint","urlTemplate":"https:\/\/kinaikaleidoszkop.hu\/?s={search_term_string}"},"query-input":{"@type":"PropertyValueSpecification","valueRequired":true,"valueName":"search_term_string"}}],"inLanguage":"hu"},{"@type":"Person","@id":"https:\/\/kinaikaleidoszkop.hu\/#\/schema\/person\/b9e2febe742edd540c1197716ec02bf7","name":"admin-szabolcs","image":{"@type":"ImageObject","inLanguage":"hu","@id":"https:\/\/kinaikaleidoszkop.hu\/#\/schema\/person\/image\/","url":"https:\/\/secure.gravatar.com\/avatar\/154f262492794df2a6cb5d5349227b18ef8f85ab462fbb32625fc42406483d21?s=96&d=mm&r=g","contentUrl":"https:\/\/secure.gravatar.com\/avatar\/154f262492794df2a6cb5d5349227b18ef8f85ab462fbb32625fc42406483d21?s=96&d=mm&r=g","caption":"admin-szabolcs"},"url":"https:\/\/kinaikaleidoszkop.hu\/index.php\/author\/admin-szabolcs\/"}]}},"views":214,"distributor_meta":false,"distributor_terms":false,"distributor_media":false,"distributor_original_site_name":"kinaikaleidoszkop.hu","distributor_original_site_url":"https:\/\/kinaikaleidoszkop.hu","push-errors":false,"_links":{"self":[{"href":"https:\/\/kinaikaleidoszkop.hu\/index.php\/wp-json\/wp\/v2\/posts\/20756","targetHints":{"allow":["GET"]}}],"collection":[{"href":"https:\/\/kinaikaleidoszkop.hu\/index.php\/wp-json\/wp\/v2\/posts"}],"about":[{"href":"https:\/\/kinaikaleidoszkop.hu\/index.php\/wp-json\/wp\/v2\/types\/post"}],"author":[{"embeddable":true,"href":"https:\/\/kinaikaleidoszkop.hu\/index.php\/wp-json\/wp\/v2\/users\/2"}],"replies":[{"embeddable":true,"href":"https:\/\/kinaikaleidoszkop.hu\/index.php\/wp-json\/wp\/v2\/comments?post=20756"}],"version-history":[{"count":1,"href":"https:\/\/kinaikaleidoszkop.hu\/index.php\/wp-json\/wp\/v2\/posts\/20756\/revisions"}],"predecessor-version":[{"id":20765,"href":"https:\/\/kinaikaleidoszkop.hu\/index.php\/wp-json\/wp\/v2\/posts\/20756\/revisions\/20765"}],"wp:featuredmedia":[{"embeddable":true,"href":"https:\/\/kinaikaleidoszkop.hu\/index.php\/wp-json\/wp\/v2\/media\/20762"}],"wp:attachment":[{"href":"https:\/\/kinaikaleidoszkop.hu\/index.php\/wp-json\/wp\/v2\/media?parent=20756"}],"wp:term":[{"taxonomy":"category","embeddable":true,"href":"https:\/\/kinaikaleidoszkop.hu\/index.php\/wp-json\/wp\/v2\/categories?post=20756"},{"taxonomy":"post_tag","embeddable":true,"href":"https:\/\/kinaikaleidoszkop.hu\/index.php\/wp-json\/wp\/v2\/tags?post=20756"}],"curies":[{"name":"wp","href":"https:\/\/api.w.org\/{rel}","templated":true}]}}