{"id":20860,"date":"2024-01-22T11:27:58","date_gmt":"2024-01-22T10:27:58","guid":{"rendered":"https:\/\/kinaikaleidoszkop.hu\/?p=20860"},"modified":"2024-01-22T11:28:08","modified_gmt":"2024-01-22T10:28:08","slug":"hetkoznapi-emberek-lesznek-a-vilag-legnezettebb-tv-musoranak-a-tavaszunnepi-galanak-a-kozeppontjaban","status":"publish","type":"post","link":"https:\/\/kinaikaleidoszkop.hu\/index.php\/2024\/01\/22\/hetkoznapi-emberek-lesznek-a-vilag-legnezettebb-tv-musoranak-a-tavaszunnepi-galanak-a-kozeppontjaban\/","title":{"rendered":"H\u00e9tk\u00f6znapi emberek lesznek a vil\u00e1g legn\u00e9zettebb tv-m\u0171sor\u00e1nak, a tavasz\u00fcnnepi g\u00e1l\u00e1nak a k\u00f6z\u00e9ppontj\u00e1ban"},"content":{"rendered":"\n<p><strong>\u00c9p\u00edt\u0151munk\u00e1s zongorista, f\u00f6ldm\u0171ves k\u00f6lt\u0151n\u0151\u2026 A h\u00e9tk\u00f6znapi emberek vend\u00e9gn\u00e9z\u0151k\u00e9nt vehettek r\u00e9szt janu\u00e1r 21-\u00e9n a China Media Group (CMG) \u00e1ltal rendezett 2024-es k\u00ednai tavasz\u00fcnnepi g\u00e1lam\u0171sor m\u00e1sodik pr\u00f3bael\u0151ad\u00e1s\u00e1n. A g\u00e1lam\u0171sor szervez\u0151i szerint olyan \u00e1tlagemberek t\u00f6rt\u00e9neteit mutatj\u00e1k be, akik b\u00e1tran kergetik \u00e1lmaikat, optimist\u00e1k, \u00e9s a sztorijaik alapj\u00e1n \u00e9rdekes m\u0171sor k\u00e9sz\u00fclhet.<\/strong><\/p>\n\n\n\n<figure class=\"wp-block-image size-large\"><img decoding=\"async\" src=\"https:\/\/hirpest.hu\/wp-content\/uploads\/2024\/01\/0122CMGHetkoznapi-emberek-lesznek-a-vilag-legnezettebb-tv-musoranak-a-tavaszunnepi-galanak-a-kozeppontjaban-1-1024x618.jpg\" alt=\"\" class=\"wp-image-20684\"\/><\/figure>\n\n\n\n<p>A g\u00e1lam\u0171sor f\u0151 sz\u00ednpada Pekingben lesz; id\u00e9n n\u00e9gy vid\u00e9ki helysz\u00edne lesz m\u00e9g a m\u0171sornak.<\/p>\n\n\n\n<p>Az \u00e9szakkelet-k\u00ednai Shenyang v\u00e1ros sz\u00ednpad\u00e1n a hagyom\u00e1nyos oper\u00e1t modern innov\u00e1ci\u00f3val \u201e\u00f6tv\u00f6zik\u201d, k\u00fcl\u00f6nleges kult\u00fara mutatkozik be. A d\u00e9l-k\u00ednai Changsha v\u00e1ros sz\u00ednpad\u00e1n a \u201esosem alv\u00f3\u201d v\u00e1ros var\u00e1zs\u00e1t mutatj\u00e1k, \u00e9l\u00e9nk m\u0171sorsz\u00e1mokkal. Xi\u2019an v\u00e1ros sz\u00ednpad\u00e1n k\u00fcl\u00f6nleges \u00e9s k\u00ednai hagyom\u00e1nyok elevenednek meg, hagyom\u00e1nyos t\u00e1nc \u00e9s dobol\u00e1s is lesz. Az \u00e9szaknyugat-k\u00ednai xinjiangi Kashi \u00f3v\u00e1rosban \u00e9p\u00edtett sz\u00ednpadon egyebek mellett etnikai zene fog felcsend\u00fclni.<\/p>\n\n\n\n<p>A k\u00ednai tavasz\u00fcnnepi g\u00e1lam\u0171sor a vil\u00e1g legn\u00e9zettebb tv-m\u0171sora \u00e9s a leghosszabb ideig tart\u00f3 g\u00e1lam\u0171sor, amelyet \u00e9vente egyszer rendeznek meg, a k\u00ednai hold\u00faj\u00e9v bek\u00f6sz\u00f6ntekor.<\/p>\n\n\n\n<p><strong><em>2024. 01. 22.<\/em><\/strong><\/p>\n\n\n\n<p><strong>(China Media Group \u2013 Wang Yuzhe)<\/strong><\/p>\n\n\n\n<p><strong><em>(x)<\/em><\/strong><\/p>\n","protected":false},"excerpt":{"rendered":"<p>\u00c9p\u00edt\u0151munk\u00e1s zongorista, f\u00f6ldm\u0171ves k\u00f6lt\u0151n\u0151\u2026 A h\u00e9tk\u00f6znapi emberek vend\u00e9gn\u00e9z\u0151k\u00e9nt vehettek r\u00e9szt janu\u00e1r 21-\u00e9n a China Media Group (CMG) \u00e1ltal rendezett 2024-es k\u00ednai tavasz\u00fcnnepi g\u00e1lam\u0171sor m\u00e1sodik pr\u00f3bael\u0151ad\u00e1s\u00e1n. A g\u00e1lam\u0171sor szervez\u0151i szerint olyan \u00e1tlagemberek t\u00f6rt\u00e9neteit mutatj\u00e1k be, akik b\u00e1tran kergetik \u00e1lmaikat, optimist\u00e1k, \u00e9s a sztorijaik alapj\u00e1n \u00e9rdekes m\u0171sor k\u00e9sz\u00fclhet. A g\u00e1lam\u0171sor f\u0151 sz\u00ednpada Pekingben lesz; id\u00e9n n\u00e9gy vid\u00e9ki [&hellip;]<\/p>\n","protected":false},"author":6,"featured_media":20862,"comment_status":"closed","ping_status":"closed","sticky":false,"template":"","format":"standard","meta":{"footnotes":""},"categories":[45],"tags":[3462,512,363,3696,3747],"class_list":["post-20860","post","type-post","status-publish","format-standard","has-post-thumbnail","hentry","category-hirek","tag-2024-es-tavaszunnepi-galamusor","tag-china-media-group","tag-cmg","tag-kina","tag-tavaszunnepi-gala"],"yoast_head":"<!-- This site is optimized with the Yoast SEO plugin v23.7 - https:\/\/yoast.com\/wordpress\/plugins\/seo\/ -->\n<title>H\u00e9tk\u00f6znapi emberek lesznek a vil\u00e1g legn\u00e9zettebb tv-m\u0171sor\u00e1nak, a tavasz\u00fcnnepi g\u00e1l\u00e1nak a k\u00f6z\u00e9ppontj\u00e1ban - kinaikaleidoszkop.hu<\/title>\n<meta name=\"robots\" content=\"index, follow, max-snippet:-1, max-image-preview:large, max-video-preview:-1\" \/>\n<link rel=\"canonical\" href=\"https:\/\/kinaikaleidoszkop.hu\/index.php\/2024\/01\/22\/hetkoznapi-emberek-lesznek-a-vilag-legnezettebb-tv-musoranak-a-tavaszunnepi-galanak-a-kozeppontjaban\/\" \/>\n<meta property=\"og:locale\" content=\"hu_HU\" \/>\n<meta property=\"og:type\" content=\"article\" \/>\n<meta property=\"og:title\" content=\"H\u00e9tk\u00f6znapi emberek lesznek a vil\u00e1g legn\u00e9zettebb tv-m\u0171sor\u00e1nak, a tavasz\u00fcnnepi g\u00e1l\u00e1nak a k\u00f6z\u00e9ppontj\u00e1ban - kinaikaleidoszkop.hu\" \/>\n<meta property=\"og:description\" content=\"\u00c9p\u00edt\u0151munk\u00e1s zongorista, f\u00f6ldm\u0171ves k\u00f6lt\u0151n\u0151\u2026 A h\u00e9tk\u00f6znapi emberek vend\u00e9gn\u00e9z\u0151k\u00e9nt vehettek r\u00e9szt janu\u00e1r 21-\u00e9n a China Media Group (CMG) \u00e1ltal rendezett 2024-es k\u00ednai tavasz\u00fcnnepi g\u00e1lam\u0171sor m\u00e1sodik pr\u00f3bael\u0151ad\u00e1s\u00e1n. A g\u00e1lam\u0171sor szervez\u0151i szerint olyan \u00e1tlagemberek t\u00f6rt\u00e9neteit mutatj\u00e1k be, akik b\u00e1tran kergetik \u00e1lmaikat, optimist\u00e1k, \u00e9s a sztorijaik alapj\u00e1n \u00e9rdekes m\u0171sor k\u00e9sz\u00fclhet. A g\u00e1lam\u0171sor f\u0151 sz\u00ednpada Pekingben lesz; id\u00e9n n\u00e9gy vid\u00e9ki [&hellip;]\" \/>\n<meta property=\"og:url\" content=\"https:\/\/kinaikaleidoszkop.hu\/index.php\/2024\/01\/22\/hetkoznapi-emberek-lesznek-a-vilag-legnezettebb-tv-musoranak-a-tavaszunnepi-galanak-a-kozeppontjaban\/\" \/>\n<meta property=\"og:site_name\" content=\"kinaikaleidoszkop.hu\" \/>\n<meta property=\"article:published_time\" content=\"2024-01-22T10:27:58+00:00\" \/>\n<meta property=\"article:modified_time\" content=\"2024-01-22T10:28:08+00:00\" \/>\n<meta property=\"og:image\" content=\"https:\/\/kinaikaleidoszkop.hu\/wp-content\/uploads\/2024\/01\/0122CMGHetkoznapi-emberek-lesznek-a-vilag-legnezettebb-tv-musoranak-a-tavaszunnepi-galanak-a-kozeppontjaban-1.jpg\" \/>\n\t<meta property=\"og:image:width\" content=\"1280\" \/>\n\t<meta property=\"og:image:height\" content=\"773\" \/>\n\t<meta property=\"og:image:type\" content=\"image\/jpeg\" \/>\n<meta name=\"author\" content=\"admin-sebi\" \/>\n<meta name=\"twitter:card\" content=\"summary_large_image\" \/>\n<meta name=\"twitter:label1\" content=\"Szerz\u0151:\" \/>\n\t<meta name=\"twitter:data1\" content=\"admin-sebi\" \/>\n\t<meta name=\"twitter:label2\" content=\"Becs\u00fclt olvas\u00e1si id\u0151\" \/>\n\t<meta name=\"twitter:data2\" content=\"2 perc\" \/>\n<script type=\"application\/ld+json\" class=\"yoast-schema-graph\">{\"@context\":\"https:\/\/schema.org\",\"@graph\":[{\"@type\":\"WebPage\",\"@id\":\"https:\/\/kinaikaleidoszkop.hu\/index.php\/2024\/01\/22\/hetkoznapi-emberek-lesznek-a-vilag-legnezettebb-tv-musoranak-a-tavaszunnepi-galanak-a-kozeppontjaban\/\",\"url\":\"https:\/\/kinaikaleidoszkop.hu\/index.php\/2024\/01\/22\/hetkoznapi-emberek-lesznek-a-vilag-legnezettebb-tv-musoranak-a-tavaszunnepi-galanak-a-kozeppontjaban\/\",\"name\":\"H\u00e9tk\u00f6znapi emberek lesznek a vil\u00e1g legn\u00e9zettebb tv-m\u0171sor\u00e1nak, a tavasz\u00fcnnepi g\u00e1l\u00e1nak a k\u00f6z\u00e9ppontj\u00e1ban - kinaikaleidoszkop.hu\",\"isPartOf\":{\"@id\":\"https:\/\/kinaikaleidoszkop.hu\/#website\"},\"primaryImageOfPage\":{\"@id\":\"https:\/\/kinaikaleidoszkop.hu\/index.php\/2024\/01\/22\/hetkoznapi-emberek-lesznek-a-vilag-legnezettebb-tv-musoranak-a-tavaszunnepi-galanak-a-kozeppontjaban\/#primaryimage\"},\"image\":{\"@id\":\"https:\/\/kinaikaleidoszkop.hu\/index.php\/2024\/01\/22\/hetkoznapi-emberek-lesznek-a-vilag-legnezettebb-tv-musoranak-a-tavaszunnepi-galanak-a-kozeppontjaban\/#primaryimage\"},\"thumbnailUrl\":\"https:\/\/kinaikaleidoszkop.hu\/wp-content\/uploads\/2024\/01\/0122CMGHetkoznapi-emberek-lesznek-a-vilag-legnezettebb-tv-musoranak-a-tavaszunnepi-galanak-a-kozeppontjaban-1.jpg\",\"datePublished\":\"2024-01-22T10:27:58+00:00\",\"dateModified\":\"2024-01-22T10:28:08+00:00\",\"author\":{\"@id\":\"https:\/\/kinaikaleidoszkop.hu\/#\/schema\/person\/fd215d3a8bab54daeb796ae166f99ea5\"},\"breadcrumb\":{\"@id\":\"https:\/\/kinaikaleidoszkop.hu\/index.php\/2024\/01\/22\/hetkoznapi-emberek-lesznek-a-vilag-legnezettebb-tv-musoranak-a-tavaszunnepi-galanak-a-kozeppontjaban\/#breadcrumb\"},\"inLanguage\":\"hu\",\"potentialAction\":[{\"@type\":\"ReadAction\",\"target\":[\"https:\/\/kinaikaleidoszkop.hu\/index.php\/2024\/01\/22\/hetkoznapi-emberek-lesznek-a-vilag-legnezettebb-tv-musoranak-a-tavaszunnepi-galanak-a-kozeppontjaban\/\"]}]},{\"@type\":\"ImageObject\",\"inLanguage\":\"hu\",\"@id\":\"https:\/\/kinaikaleidoszkop.hu\/index.php\/2024\/01\/22\/hetkoznapi-emberek-lesznek-a-vilag-legnezettebb-tv-musoranak-a-tavaszunnepi-galanak-a-kozeppontjaban\/#primaryimage\",\"url\":\"https:\/\/kinaikaleidoszkop.hu\/wp-content\/uploads\/2024\/01\/0122CMGHetkoznapi-emberek-lesznek-a-vilag-legnezettebb-tv-musoranak-a-tavaszunnepi-galanak-a-kozeppontjaban-1.jpg\",\"contentUrl\":\"https:\/\/kinaikaleidoszkop.hu\/wp-content\/uploads\/2024\/01\/0122CMGHetkoznapi-emberek-lesznek-a-vilag-legnezettebb-tv-musoranak-a-tavaszunnepi-galanak-a-kozeppontjaban-1.jpg\",\"width\":1280,\"height\":773},{\"@type\":\"BreadcrumbList\",\"@id\":\"https:\/\/kinaikaleidoszkop.hu\/index.php\/2024\/01\/22\/hetkoznapi-emberek-lesznek-a-vilag-legnezettebb-tv-musoranak-a-tavaszunnepi-galanak-a-kozeppontjaban\/#breadcrumb\",\"itemListElement\":[{\"@type\":\"ListItem\",\"position\":1,\"name\":\"Kezd\u0151lap\",\"item\":\"https:\/\/kinaikaleidoszkop.hu\/\"},{\"@type\":\"ListItem\",\"position\":2,\"name\":\"H\u00e9tk\u00f6znapi emberek lesznek a vil\u00e1g legn\u00e9zettebb tv-m\u0171sor\u00e1nak, a tavasz\u00fcnnepi g\u00e1l\u00e1nak a k\u00f6z\u00e9ppontj\u00e1ban\"}]},{\"@type\":\"WebSite\",\"@id\":\"https:\/\/kinaikaleidoszkop.hu\/#website\",\"url\":\"https:\/\/kinaikaleidoszkop.hu\/\",\"name\":\"kinaikaleidoszkop.hu\",\"description\":\"\",\"potentialAction\":[{\"@type\":\"SearchAction\",\"target\":{\"@type\":\"EntryPoint\",\"urlTemplate\":\"https:\/\/kinaikaleidoszkop.hu\/?s={search_term_string}\"},\"query-input\":{\"@type\":\"PropertyValueSpecification\",\"valueRequired\":true,\"valueName\":\"search_term_string\"}}],\"inLanguage\":\"hu\"},{\"@type\":\"Person\",\"@id\":\"https:\/\/kinaikaleidoszkop.hu\/#\/schema\/person\/fd215d3a8bab54daeb796ae166f99ea5\",\"name\":\"admin-sebi\",\"image\":{\"@type\":\"ImageObject\",\"inLanguage\":\"hu\",\"@id\":\"https:\/\/kinaikaleidoszkop.hu\/#\/schema\/person\/image\/\",\"url\":\"https:\/\/secure.gravatar.com\/avatar\/b1498042bc4969020b4951f204f963e97c3d7d199f3790c1071adf67c61d0aa5?s=96&d=mm&r=g\",\"contentUrl\":\"https:\/\/secure.gravatar.com\/avatar\/b1498042bc4969020b4951f204f963e97c3d7d199f3790c1071adf67c61d0aa5?s=96&d=mm&r=g\",\"caption\":\"admin-sebi\"},\"url\":\"https:\/\/kinaikaleidoszkop.hu\/index.php\/author\/admin-sebi\/\"}]}<\/script>\n<!-- \/ Yoast SEO plugin. -->","yoast_head_json":{"title":"H\u00e9tk\u00f6znapi emberek lesznek a vil\u00e1g legn\u00e9zettebb tv-m\u0171sor\u00e1nak, a tavasz\u00fcnnepi g\u00e1l\u00e1nak a k\u00f6z\u00e9ppontj\u00e1ban - kinaikaleidoszkop.hu","robots":{"index":"index","follow":"follow","max-snippet":"max-snippet:-1","max-image-preview":"max-image-preview:large","max-video-preview":"max-video-preview:-1"},"canonical":"https:\/\/kinaikaleidoszkop.hu\/index.php\/2024\/01\/22\/hetkoznapi-emberek-lesznek-a-vilag-legnezettebb-tv-musoranak-a-tavaszunnepi-galanak-a-kozeppontjaban\/","og_locale":"hu_HU","og_type":"article","og_title":"H\u00e9tk\u00f6znapi emberek lesznek a vil\u00e1g legn\u00e9zettebb tv-m\u0171sor\u00e1nak, a tavasz\u00fcnnepi g\u00e1l\u00e1nak a k\u00f6z\u00e9ppontj\u00e1ban - kinaikaleidoszkop.hu","og_description":"\u00c9p\u00edt\u0151munk\u00e1s zongorista, f\u00f6ldm\u0171ves k\u00f6lt\u0151n\u0151\u2026 A h\u00e9tk\u00f6znapi emberek vend\u00e9gn\u00e9z\u0151k\u00e9nt vehettek r\u00e9szt janu\u00e1r 21-\u00e9n a China Media Group (CMG) \u00e1ltal rendezett 2024-es k\u00ednai tavasz\u00fcnnepi g\u00e1lam\u0171sor m\u00e1sodik pr\u00f3bael\u0151ad\u00e1s\u00e1n. A g\u00e1lam\u0171sor szervez\u0151i szerint olyan \u00e1tlagemberek t\u00f6rt\u00e9neteit mutatj\u00e1k be, akik b\u00e1tran kergetik \u00e1lmaikat, optimist\u00e1k, \u00e9s a sztorijaik alapj\u00e1n \u00e9rdekes m\u0171sor k\u00e9sz\u00fclhet. A g\u00e1lam\u0171sor f\u0151 sz\u00ednpada Pekingben lesz; id\u00e9n n\u00e9gy vid\u00e9ki [&hellip;]","og_url":"https:\/\/kinaikaleidoszkop.hu\/index.php\/2024\/01\/22\/hetkoznapi-emberek-lesznek-a-vilag-legnezettebb-tv-musoranak-a-tavaszunnepi-galanak-a-kozeppontjaban\/","og_site_name":"kinaikaleidoszkop.hu","article_published_time":"2024-01-22T10:27:58+00:00","article_modified_time":"2024-01-22T10:28:08+00:00","og_image":[{"width":1280,"height":773,"url":"https:\/\/kinaikaleidoszkop.hu\/wp-content\/uploads\/2024\/01\/0122CMGHetkoznapi-emberek-lesznek-a-vilag-legnezettebb-tv-musoranak-a-tavaszunnepi-galanak-a-kozeppontjaban-1.jpg","type":"image\/jpeg"}],"author":"admin-sebi","twitter_card":"summary_large_image","twitter_misc":{"Szerz\u0151:":"admin-sebi","Becs\u00fclt olvas\u00e1si id\u0151":"2 perc"},"schema":{"@context":"https:\/\/schema.org","@graph":[{"@type":"WebPage","@id":"https:\/\/kinaikaleidoszkop.hu\/index.php\/2024\/01\/22\/hetkoznapi-emberek-lesznek-a-vilag-legnezettebb-tv-musoranak-a-tavaszunnepi-galanak-a-kozeppontjaban\/","url":"https:\/\/kinaikaleidoszkop.hu\/index.php\/2024\/01\/22\/hetkoznapi-emberek-lesznek-a-vilag-legnezettebb-tv-musoranak-a-tavaszunnepi-galanak-a-kozeppontjaban\/","name":"H\u00e9tk\u00f6znapi emberek lesznek a vil\u00e1g legn\u00e9zettebb tv-m\u0171sor\u00e1nak, a tavasz\u00fcnnepi g\u00e1l\u00e1nak a k\u00f6z\u00e9ppontj\u00e1ban - kinaikaleidoszkop.hu","isPartOf":{"@id":"https:\/\/kinaikaleidoszkop.hu\/#website"},"primaryImageOfPage":{"@id":"https:\/\/kinaikaleidoszkop.hu\/index.php\/2024\/01\/22\/hetkoznapi-emberek-lesznek-a-vilag-legnezettebb-tv-musoranak-a-tavaszunnepi-galanak-a-kozeppontjaban\/#primaryimage"},"image":{"@id":"https:\/\/kinaikaleidoszkop.hu\/index.php\/2024\/01\/22\/hetkoznapi-emberek-lesznek-a-vilag-legnezettebb-tv-musoranak-a-tavaszunnepi-galanak-a-kozeppontjaban\/#primaryimage"},"thumbnailUrl":"https:\/\/kinaikaleidoszkop.hu\/wp-content\/uploads\/2024\/01\/0122CMGHetkoznapi-emberek-lesznek-a-vilag-legnezettebb-tv-musoranak-a-tavaszunnepi-galanak-a-kozeppontjaban-1.jpg","datePublished":"2024-01-22T10:27:58+00:00","dateModified":"2024-01-22T10:28:08+00:00","author":{"@id":"https:\/\/kinaikaleidoszkop.hu\/#\/schema\/person\/fd215d3a8bab54daeb796ae166f99ea5"},"breadcrumb":{"@id":"https:\/\/kinaikaleidoszkop.hu\/index.php\/2024\/01\/22\/hetkoznapi-emberek-lesznek-a-vilag-legnezettebb-tv-musoranak-a-tavaszunnepi-galanak-a-kozeppontjaban\/#breadcrumb"},"inLanguage":"hu","potentialAction":[{"@type":"ReadAction","target":["https:\/\/kinaikaleidoszkop.hu\/index.php\/2024\/01\/22\/hetkoznapi-emberek-lesznek-a-vilag-legnezettebb-tv-musoranak-a-tavaszunnepi-galanak-a-kozeppontjaban\/"]}]},{"@type":"ImageObject","inLanguage":"hu","@id":"https:\/\/kinaikaleidoszkop.hu\/index.php\/2024\/01\/22\/hetkoznapi-emberek-lesznek-a-vilag-legnezettebb-tv-musoranak-a-tavaszunnepi-galanak-a-kozeppontjaban\/#primaryimage","url":"https:\/\/kinaikaleidoszkop.hu\/wp-content\/uploads\/2024\/01\/0122CMGHetkoznapi-emberek-lesznek-a-vilag-legnezettebb-tv-musoranak-a-tavaszunnepi-galanak-a-kozeppontjaban-1.jpg","contentUrl":"https:\/\/kinaikaleidoszkop.hu\/wp-content\/uploads\/2024\/01\/0122CMGHetkoznapi-emberek-lesznek-a-vilag-legnezettebb-tv-musoranak-a-tavaszunnepi-galanak-a-kozeppontjaban-1.jpg","width":1280,"height":773},{"@type":"BreadcrumbList","@id":"https:\/\/kinaikaleidoszkop.hu\/index.php\/2024\/01\/22\/hetkoznapi-emberek-lesznek-a-vilag-legnezettebb-tv-musoranak-a-tavaszunnepi-galanak-a-kozeppontjaban\/#breadcrumb","itemListElement":[{"@type":"ListItem","position":1,"name":"Kezd\u0151lap","item":"https:\/\/kinaikaleidoszkop.hu\/"},{"@type":"ListItem","position":2,"name":"H\u00e9tk\u00f6znapi emberek lesznek a vil\u00e1g legn\u00e9zettebb tv-m\u0171sor\u00e1nak, a tavasz\u00fcnnepi g\u00e1l\u00e1nak a k\u00f6z\u00e9ppontj\u00e1ban"}]},{"@type":"WebSite","@id":"https:\/\/kinaikaleidoszkop.hu\/#website","url":"https:\/\/kinaikaleidoszkop.hu\/","name":"kinaikaleidoszkop.hu","description":"","potentialAction":[{"@type":"SearchAction","target":{"@type":"EntryPoint","urlTemplate":"https:\/\/kinaikaleidoszkop.hu\/?s={search_term_string}"},"query-input":{"@type":"PropertyValueSpecification","valueRequired":true,"valueName":"search_term_string"}}],"inLanguage":"hu"},{"@type":"Person","@id":"https:\/\/kinaikaleidoszkop.hu\/#\/schema\/person\/fd215d3a8bab54daeb796ae166f99ea5","name":"admin-sebi","image":{"@type":"ImageObject","inLanguage":"hu","@id":"https:\/\/kinaikaleidoszkop.hu\/#\/schema\/person\/image\/","url":"https:\/\/secure.gravatar.com\/avatar\/b1498042bc4969020b4951f204f963e97c3d7d199f3790c1071adf67c61d0aa5?s=96&d=mm&r=g","contentUrl":"https:\/\/secure.gravatar.com\/avatar\/b1498042bc4969020b4951f204f963e97c3d7d199f3790c1071adf67c61d0aa5?s=96&d=mm&r=g","caption":"admin-sebi"},"url":"https:\/\/kinaikaleidoszkop.hu\/index.php\/author\/admin-sebi\/"}]}},"views":208,"distributor_meta":false,"distributor_terms":false,"distributor_media":false,"distributor_original_site_name":"kinaikaleidoszkop.hu","distributor_original_site_url":"https:\/\/kinaikaleidoszkop.hu","push-errors":false,"_links":{"self":[{"href":"https:\/\/kinaikaleidoszkop.hu\/index.php\/wp-json\/wp\/v2\/posts\/20860","targetHints":{"allow":["GET"]}}],"collection":[{"href":"https:\/\/kinaikaleidoszkop.hu\/index.php\/wp-json\/wp\/v2\/posts"}],"about":[{"href":"https:\/\/kinaikaleidoszkop.hu\/index.php\/wp-json\/wp\/v2\/types\/post"}],"author":[{"embeddable":true,"href":"https:\/\/kinaikaleidoszkop.hu\/index.php\/wp-json\/wp\/v2\/users\/6"}],"replies":[{"embeddable":true,"href":"https:\/\/kinaikaleidoszkop.hu\/index.php\/wp-json\/wp\/v2\/comments?post=20860"}],"version-history":[{"count":1,"href":"https:\/\/kinaikaleidoszkop.hu\/index.php\/wp-json\/wp\/v2\/posts\/20860\/revisions"}],"predecessor-version":[{"id":20863,"href":"https:\/\/kinaikaleidoszkop.hu\/index.php\/wp-json\/wp\/v2\/posts\/20860\/revisions\/20863"}],"wp:featuredmedia":[{"embeddable":true,"href":"https:\/\/kinaikaleidoszkop.hu\/index.php\/wp-json\/wp\/v2\/media\/20862"}],"wp:attachment":[{"href":"https:\/\/kinaikaleidoszkop.hu\/index.php\/wp-json\/wp\/v2\/media?parent=20860"}],"wp:term":[{"taxonomy":"category","embeddable":true,"href":"https:\/\/kinaikaleidoszkop.hu\/index.php\/wp-json\/wp\/v2\/categories?post=20860"},{"taxonomy":"post_tag","embeddable":true,"href":"https:\/\/kinaikaleidoszkop.hu\/index.php\/wp-json\/wp\/v2\/tags?post=20860"}],"curies":[{"name":"wp","href":"https:\/\/api.w.org\/{rel}","templated":true}]}}