{"id":20897,"date":"2024-01-25T12:33:24","date_gmt":"2024-01-25T11:33:24","guid":{"rendered":"https:\/\/kinaikaleidoszkop.hu\/?p=20897"},"modified":"2024-01-25T12:33:56","modified_gmt":"2024-01-25T11:33:56","slug":"a-loong-ev-bekoszontekor-ont-is-varja-a-vilag-legnezettebb-tv-musora","status":"publish","type":"post","link":"https:\/\/kinaikaleidoszkop.hu\/index.php\/2024\/01\/25\/a-loong-ev-bekoszontekor-ont-is-varja-a-vilag-legnezettebb-tv-musora\/","title":{"rendered":"A loong \u00e9v bek\u00f6sz\u00f6ntekor \u00d6nt is v\u00e1rja a vil\u00e1g legn\u00e9zettebb tv-m\u0171sora!"},"content":{"rendered":"\n<p><strong>Pekingi id\u0151 szerint 2024. febru\u00e1r 9-\u00e9n, este 8 \u00f3rakor kezd\u0151dik a tavasz\u00fcnnepi g\u00e1lam\u0171sor, a Guinness-rekordot tart\u00f3 legn\u00e9zettebb tv-m\u0171sor a vil\u00e1gon.<\/strong><\/p>\n\n\n\n<p>A hamarosan kezd\u0151d\u0151 loong \u00e9v a k\u00ednai hagyom\u00e1nyok szerint boldogs\u00e1got, b\u00f6lcsess\u00e9get \u00e9s er\u0151t hoz. A loong lesz az idei g\u00e1la t\u00e9m\u00e1ja.<\/p>\n\n\n\n<p>A g\u00e1lam\u0171sort \u00e9vente egyszer rendezi meg a CMG. Az elm\u00falt t\u00f6bb mint 40 \u00e9vben a k\u00ednaiak a hold\u00faj\u00e9v bek\u00f6sz\u00f6ntekor otthon \u00e9s k\u00fclf\u00f6ld\u00f6n egyar\u00e1nt izgatottan v\u00e1rt\u00e1k a g\u00e1lam\u0171sort, amely id\u00e9n is dalokat, t\u00e1ncokat, humoros sz\u00ednj\u00e1t\u00e9kokat, k\u00ednai oper\u00e1kat \u00e9s n\u00e9pm\u0171v\u00e9szeti elemeket tartalmaz. A m\u0171sort vil\u00e1gszerte k\u00f6zvet\u00edtik a k\u00fclf\u00f6ld\u00f6n tart\u00f3zkod\u00f3 k\u00ednaiak \u00e9s a t\u00f6bbi \u00e9rdekl\u0151d\u0151 sz\u00e1m\u00e1ra.<\/p>\n\n\n\n<p>2024. febru\u00e1r 9-\u00e9n, este 8 \u00f3rakor \u00d6nt is v\u00e1rja a CMG tavasz\u00fcnnepi g\u00e1lam\u0171sora!<\/p>\n\n\n\n<figure class=\"wp-block-embed is-type-video is-provider-youtube wp-block-embed-youtube wp-embed-aspect-16-9 wp-has-aspect-ratio\"><div class=\"wp-block-embed__wrapper\">\n<iframe loading=\"lazy\" title=\"A loong \u00e9v bek\u00f6sz\u00f6ntekor \u00d6nt is v\u00e1rja a vil\u00e1g legn\u00e9zettebb tv-m\u0171sora!\" width=\"1320\" height=\"743\" src=\"https:\/\/www.youtube.com\/embed\/lXeONWaZaZ4?feature=oembed\" frameborder=\"0\" allow=\"accelerometer; autoplay; clipboard-write; encrypted-media; gyroscope; picture-in-picture; web-share\" allowfullscreen><\/iframe>\n<\/div><\/figure>\n\n\n\n<p><strong><em>(Wang Yuzhe \u2013 China Media Group)<\/em><\/strong><\/p>\n\n\n\n<p><strong>2024. janu\u00e1r 25.<\/strong><\/p>\n\n\n\n<p><strong><em>(x)<\/em><\/strong><\/p>\n","protected":false},"excerpt":{"rendered":"<p>Pekingi id\u0151 szerint 2024. febru\u00e1r 9-\u00e9n, este 8 \u00f3rakor kezd\u0151dik a tavasz\u00fcnnepi g\u00e1lam\u0171sor, a Guinness-rekordot tart\u00f3 legn\u00e9zettebb tv-m\u0171sor a vil\u00e1gon. A hamarosan kezd\u0151d\u0151 loong \u00e9v a k\u00ednai hagyom\u00e1nyok szerint boldogs\u00e1got, b\u00f6lcsess\u00e9get \u00e9s er\u0151t hoz. A loong lesz az idei g\u00e1la t\u00e9m\u00e1ja. A g\u00e1lam\u0171sort \u00e9vente egyszer rendezi meg a CMG. Az elm\u00falt t\u00f6bb mint 40 \u00e9vben [&hellip;]<\/p>\n","protected":false},"author":2,"featured_media":20900,"comment_status":"closed","ping_status":"closed","sticky":false,"template":"","format":"standard","meta":{"footnotes":""},"categories":[45],"tags":[3462,512,591,3696,3492,426,3754,3755],"class_list":["post-20897","post","type-post","status-publish","format-standard","has-post-thumbnail","hentry","category-hirek","tag-2024-es-tavaszunnepi-galamusor","tag-china-media-group","tag-galamusor","tag-kina","tag-kinai-holdujev","tag-kozvetites","tag-loong-ev","tag-tv-musor"],"yoast_head":"<!-- This site is optimized with the Yoast SEO plugin v23.7 - https:\/\/yoast.com\/wordpress\/plugins\/seo\/ -->\n<title>A loong \u00e9v bek\u00f6sz\u00f6ntekor \u00d6nt is v\u00e1rja a vil\u00e1g legn\u00e9zettebb tv-m\u0171sora! - kinaikaleidoszkop.hu<\/title>\n<meta name=\"robots\" content=\"index, follow, max-snippet:-1, max-image-preview:large, max-video-preview:-1\" \/>\n<link rel=\"canonical\" href=\"https:\/\/kinaikaleidoszkop.hu\/index.php\/2024\/01\/25\/a-loong-ev-bekoszontekor-ont-is-varja-a-vilag-legnezettebb-tv-musora\/\" \/>\n<meta property=\"og:locale\" content=\"hu_HU\" \/>\n<meta property=\"og:type\" content=\"article\" \/>\n<meta property=\"og:title\" content=\"A loong \u00e9v bek\u00f6sz\u00f6ntekor \u00d6nt is v\u00e1rja a vil\u00e1g legn\u00e9zettebb tv-m\u0171sora! - kinaikaleidoszkop.hu\" \/>\n<meta property=\"og:description\" content=\"Pekingi id\u0151 szerint 2024. febru\u00e1r 9-\u00e9n, este 8 \u00f3rakor kezd\u0151dik a tavasz\u00fcnnepi g\u00e1lam\u0171sor, a Guinness-rekordot tart\u00f3 legn\u00e9zettebb tv-m\u0171sor a vil\u00e1gon. A hamarosan kezd\u0151d\u0151 loong \u00e9v a k\u00ednai hagyom\u00e1nyok szerint boldogs\u00e1got, b\u00f6lcsess\u00e9get \u00e9s er\u0151t hoz. A loong lesz az idei g\u00e1la t\u00e9m\u00e1ja. A g\u00e1lam\u0171sort \u00e9vente egyszer rendezi meg a CMG. Az elm\u00falt t\u00f6bb mint 40 \u00e9vben [&hellip;]\" \/>\n<meta property=\"og:url\" content=\"https:\/\/kinaikaleidoszkop.hu\/index.php\/2024\/01\/25\/a-loong-ev-bekoszontekor-ont-is-varja-a-vilag-legnezettebb-tv-musora\/\" \/>\n<meta property=\"og:site_name\" content=\"kinaikaleidoszkop.hu\" \/>\n<meta property=\"article:published_time\" content=\"2024-01-25T11:33:24+00:00\" \/>\n<meta property=\"article:modified_time\" content=\"2024-01-25T11:33:56+00:00\" \/>\n<meta property=\"og:image\" content=\"https:\/\/kinaikaleidoszkop.hu\/wp-content\/uploads\/2024\/01\/spring_festival.png\" \/>\n\t<meta property=\"og:image:width\" content=\"1262\" \/>\n\t<meta property=\"og:image:height\" content=\"697\" \/>\n\t<meta property=\"og:image:type\" content=\"image\/png\" \/>\n<meta name=\"author\" content=\"admin-szabolcs\" \/>\n<meta name=\"twitter:card\" content=\"summary_large_image\" \/>\n<meta name=\"twitter:label1\" content=\"Szerz\u0151:\" \/>\n\t<meta name=\"twitter:data1\" content=\"admin-szabolcs\" \/>\n\t<meta name=\"twitter:label2\" content=\"Becs\u00fclt olvas\u00e1si id\u0151\" \/>\n\t<meta name=\"twitter:data2\" content=\"1 perc\" \/>\n<script type=\"application\/ld+json\" class=\"yoast-schema-graph\">{\"@context\":\"https:\/\/schema.org\",\"@graph\":[{\"@type\":\"WebPage\",\"@id\":\"https:\/\/kinaikaleidoszkop.hu\/index.php\/2024\/01\/25\/a-loong-ev-bekoszontekor-ont-is-varja-a-vilag-legnezettebb-tv-musora\/\",\"url\":\"https:\/\/kinaikaleidoszkop.hu\/index.php\/2024\/01\/25\/a-loong-ev-bekoszontekor-ont-is-varja-a-vilag-legnezettebb-tv-musora\/\",\"name\":\"A loong \u00e9v bek\u00f6sz\u00f6ntekor \u00d6nt is v\u00e1rja a vil\u00e1g legn\u00e9zettebb tv-m\u0171sora! - kinaikaleidoszkop.hu\",\"isPartOf\":{\"@id\":\"https:\/\/kinaikaleidoszkop.hu\/#website\"},\"primaryImageOfPage\":{\"@id\":\"https:\/\/kinaikaleidoszkop.hu\/index.php\/2024\/01\/25\/a-loong-ev-bekoszontekor-ont-is-varja-a-vilag-legnezettebb-tv-musora\/#primaryimage\"},\"image\":{\"@id\":\"https:\/\/kinaikaleidoszkop.hu\/index.php\/2024\/01\/25\/a-loong-ev-bekoszontekor-ont-is-varja-a-vilag-legnezettebb-tv-musora\/#primaryimage\"},\"thumbnailUrl\":\"https:\/\/kinaikaleidoszkop.hu\/wp-content\/uploads\/2024\/01\/spring_festival.png\",\"datePublished\":\"2024-01-25T11:33:24+00:00\",\"dateModified\":\"2024-01-25T11:33:56+00:00\",\"author\":{\"@id\":\"https:\/\/kinaikaleidoszkop.hu\/#\/schema\/person\/b9e2febe742edd540c1197716ec02bf7\"},\"breadcrumb\":{\"@id\":\"https:\/\/kinaikaleidoszkop.hu\/index.php\/2024\/01\/25\/a-loong-ev-bekoszontekor-ont-is-varja-a-vilag-legnezettebb-tv-musora\/#breadcrumb\"},\"inLanguage\":\"hu\",\"potentialAction\":[{\"@type\":\"ReadAction\",\"target\":[\"https:\/\/kinaikaleidoszkop.hu\/index.php\/2024\/01\/25\/a-loong-ev-bekoszontekor-ont-is-varja-a-vilag-legnezettebb-tv-musora\/\"]}]},{\"@type\":\"ImageObject\",\"inLanguage\":\"hu\",\"@id\":\"https:\/\/kinaikaleidoszkop.hu\/index.php\/2024\/01\/25\/a-loong-ev-bekoszontekor-ont-is-varja-a-vilag-legnezettebb-tv-musora\/#primaryimage\",\"url\":\"https:\/\/kinaikaleidoszkop.hu\/wp-content\/uploads\/2024\/01\/spring_festival.png\",\"contentUrl\":\"https:\/\/kinaikaleidoszkop.hu\/wp-content\/uploads\/2024\/01\/spring_festival.png\",\"width\":1262,\"height\":697},{\"@type\":\"BreadcrumbList\",\"@id\":\"https:\/\/kinaikaleidoszkop.hu\/index.php\/2024\/01\/25\/a-loong-ev-bekoszontekor-ont-is-varja-a-vilag-legnezettebb-tv-musora\/#breadcrumb\",\"itemListElement\":[{\"@type\":\"ListItem\",\"position\":1,\"name\":\"Kezd\u0151lap\",\"item\":\"https:\/\/kinaikaleidoszkop.hu\/\"},{\"@type\":\"ListItem\",\"position\":2,\"name\":\"A loong \u00e9v bek\u00f6sz\u00f6ntekor \u00d6nt is v\u00e1rja a vil\u00e1g legn\u00e9zettebb tv-m\u0171sora!\"}]},{\"@type\":\"WebSite\",\"@id\":\"https:\/\/kinaikaleidoszkop.hu\/#website\",\"url\":\"https:\/\/kinaikaleidoszkop.hu\/\",\"name\":\"kinaikaleidoszkop.hu\",\"description\":\"\",\"potentialAction\":[{\"@type\":\"SearchAction\",\"target\":{\"@type\":\"EntryPoint\",\"urlTemplate\":\"https:\/\/kinaikaleidoszkop.hu\/?s={search_term_string}\"},\"query-input\":{\"@type\":\"PropertyValueSpecification\",\"valueRequired\":true,\"valueName\":\"search_term_string\"}}],\"inLanguage\":\"hu\"},{\"@type\":\"Person\",\"@id\":\"https:\/\/kinaikaleidoszkop.hu\/#\/schema\/person\/b9e2febe742edd540c1197716ec02bf7\",\"name\":\"admin-szabolcs\",\"image\":{\"@type\":\"ImageObject\",\"inLanguage\":\"hu\",\"@id\":\"https:\/\/kinaikaleidoszkop.hu\/#\/schema\/person\/image\/\",\"url\":\"https:\/\/secure.gravatar.com\/avatar\/154f262492794df2a6cb5d5349227b18ef8f85ab462fbb32625fc42406483d21?s=96&d=mm&r=g\",\"contentUrl\":\"https:\/\/secure.gravatar.com\/avatar\/154f262492794df2a6cb5d5349227b18ef8f85ab462fbb32625fc42406483d21?s=96&d=mm&r=g\",\"caption\":\"admin-szabolcs\"},\"url\":\"https:\/\/kinaikaleidoszkop.hu\/index.php\/author\/admin-szabolcs\/\"}]}<\/script>\n<!-- \/ Yoast SEO plugin. -->","yoast_head_json":{"title":"A loong \u00e9v bek\u00f6sz\u00f6ntekor \u00d6nt is v\u00e1rja a vil\u00e1g legn\u00e9zettebb tv-m\u0171sora! - kinaikaleidoszkop.hu","robots":{"index":"index","follow":"follow","max-snippet":"max-snippet:-1","max-image-preview":"max-image-preview:large","max-video-preview":"max-video-preview:-1"},"canonical":"https:\/\/kinaikaleidoszkop.hu\/index.php\/2024\/01\/25\/a-loong-ev-bekoszontekor-ont-is-varja-a-vilag-legnezettebb-tv-musora\/","og_locale":"hu_HU","og_type":"article","og_title":"A loong \u00e9v bek\u00f6sz\u00f6ntekor \u00d6nt is v\u00e1rja a vil\u00e1g legn\u00e9zettebb tv-m\u0171sora! - kinaikaleidoszkop.hu","og_description":"Pekingi id\u0151 szerint 2024. febru\u00e1r 9-\u00e9n, este 8 \u00f3rakor kezd\u0151dik a tavasz\u00fcnnepi g\u00e1lam\u0171sor, a Guinness-rekordot tart\u00f3 legn\u00e9zettebb tv-m\u0171sor a vil\u00e1gon. A hamarosan kezd\u0151d\u0151 loong \u00e9v a k\u00ednai hagyom\u00e1nyok szerint boldogs\u00e1got, b\u00f6lcsess\u00e9get \u00e9s er\u0151t hoz. A loong lesz az idei g\u00e1la t\u00e9m\u00e1ja. A g\u00e1lam\u0171sort \u00e9vente egyszer rendezi meg a CMG. Az elm\u00falt t\u00f6bb mint 40 \u00e9vben [&hellip;]","og_url":"https:\/\/kinaikaleidoszkop.hu\/index.php\/2024\/01\/25\/a-loong-ev-bekoszontekor-ont-is-varja-a-vilag-legnezettebb-tv-musora\/","og_site_name":"kinaikaleidoszkop.hu","article_published_time":"2024-01-25T11:33:24+00:00","article_modified_time":"2024-01-25T11:33:56+00:00","og_image":[{"width":1262,"height":697,"url":"https:\/\/kinaikaleidoszkop.hu\/wp-content\/uploads\/2024\/01\/spring_festival.png","type":"image\/png"}],"author":"admin-szabolcs","twitter_card":"summary_large_image","twitter_misc":{"Szerz\u0151:":"admin-szabolcs","Becs\u00fclt olvas\u00e1si id\u0151":"1 perc"},"schema":{"@context":"https:\/\/schema.org","@graph":[{"@type":"WebPage","@id":"https:\/\/kinaikaleidoszkop.hu\/index.php\/2024\/01\/25\/a-loong-ev-bekoszontekor-ont-is-varja-a-vilag-legnezettebb-tv-musora\/","url":"https:\/\/kinaikaleidoszkop.hu\/index.php\/2024\/01\/25\/a-loong-ev-bekoszontekor-ont-is-varja-a-vilag-legnezettebb-tv-musora\/","name":"A loong \u00e9v bek\u00f6sz\u00f6ntekor \u00d6nt is v\u00e1rja a vil\u00e1g legn\u00e9zettebb tv-m\u0171sora! - kinaikaleidoszkop.hu","isPartOf":{"@id":"https:\/\/kinaikaleidoszkop.hu\/#website"},"primaryImageOfPage":{"@id":"https:\/\/kinaikaleidoszkop.hu\/index.php\/2024\/01\/25\/a-loong-ev-bekoszontekor-ont-is-varja-a-vilag-legnezettebb-tv-musora\/#primaryimage"},"image":{"@id":"https:\/\/kinaikaleidoszkop.hu\/index.php\/2024\/01\/25\/a-loong-ev-bekoszontekor-ont-is-varja-a-vilag-legnezettebb-tv-musora\/#primaryimage"},"thumbnailUrl":"https:\/\/kinaikaleidoszkop.hu\/wp-content\/uploads\/2024\/01\/spring_festival.png","datePublished":"2024-01-25T11:33:24+00:00","dateModified":"2024-01-25T11:33:56+00:00","author":{"@id":"https:\/\/kinaikaleidoszkop.hu\/#\/schema\/person\/b9e2febe742edd540c1197716ec02bf7"},"breadcrumb":{"@id":"https:\/\/kinaikaleidoszkop.hu\/index.php\/2024\/01\/25\/a-loong-ev-bekoszontekor-ont-is-varja-a-vilag-legnezettebb-tv-musora\/#breadcrumb"},"inLanguage":"hu","potentialAction":[{"@type":"ReadAction","target":["https:\/\/kinaikaleidoszkop.hu\/index.php\/2024\/01\/25\/a-loong-ev-bekoszontekor-ont-is-varja-a-vilag-legnezettebb-tv-musora\/"]}]},{"@type":"ImageObject","inLanguage":"hu","@id":"https:\/\/kinaikaleidoszkop.hu\/index.php\/2024\/01\/25\/a-loong-ev-bekoszontekor-ont-is-varja-a-vilag-legnezettebb-tv-musora\/#primaryimage","url":"https:\/\/kinaikaleidoszkop.hu\/wp-content\/uploads\/2024\/01\/spring_festival.png","contentUrl":"https:\/\/kinaikaleidoszkop.hu\/wp-content\/uploads\/2024\/01\/spring_festival.png","width":1262,"height":697},{"@type":"BreadcrumbList","@id":"https:\/\/kinaikaleidoszkop.hu\/index.php\/2024\/01\/25\/a-loong-ev-bekoszontekor-ont-is-varja-a-vilag-legnezettebb-tv-musora\/#breadcrumb","itemListElement":[{"@type":"ListItem","position":1,"name":"Kezd\u0151lap","item":"https:\/\/kinaikaleidoszkop.hu\/"},{"@type":"ListItem","position":2,"name":"A loong \u00e9v bek\u00f6sz\u00f6ntekor \u00d6nt is v\u00e1rja a vil\u00e1g legn\u00e9zettebb tv-m\u0171sora!"}]},{"@type":"WebSite","@id":"https:\/\/kinaikaleidoszkop.hu\/#website","url":"https:\/\/kinaikaleidoszkop.hu\/","name":"kinaikaleidoszkop.hu","description":"","potentialAction":[{"@type":"SearchAction","target":{"@type":"EntryPoint","urlTemplate":"https:\/\/kinaikaleidoszkop.hu\/?s={search_term_string}"},"query-input":{"@type":"PropertyValueSpecification","valueRequired":true,"valueName":"search_term_string"}}],"inLanguage":"hu"},{"@type":"Person","@id":"https:\/\/kinaikaleidoszkop.hu\/#\/schema\/person\/b9e2febe742edd540c1197716ec02bf7","name":"admin-szabolcs","image":{"@type":"ImageObject","inLanguage":"hu","@id":"https:\/\/kinaikaleidoszkop.hu\/#\/schema\/person\/image\/","url":"https:\/\/secure.gravatar.com\/avatar\/154f262492794df2a6cb5d5349227b18ef8f85ab462fbb32625fc42406483d21?s=96&d=mm&r=g","contentUrl":"https:\/\/secure.gravatar.com\/avatar\/154f262492794df2a6cb5d5349227b18ef8f85ab462fbb32625fc42406483d21?s=96&d=mm&r=g","caption":"admin-szabolcs"},"url":"https:\/\/kinaikaleidoszkop.hu\/index.php\/author\/admin-szabolcs\/"}]}},"views":335,"distributor_meta":false,"distributor_terms":false,"distributor_media":false,"distributor_original_site_name":"kinaikaleidoszkop.hu","distributor_original_site_url":"https:\/\/kinaikaleidoszkop.hu","push-errors":false,"_links":{"self":[{"href":"https:\/\/kinaikaleidoszkop.hu\/index.php\/wp-json\/wp\/v2\/posts\/20897","targetHints":{"allow":["GET"]}}],"collection":[{"href":"https:\/\/kinaikaleidoszkop.hu\/index.php\/wp-json\/wp\/v2\/posts"}],"about":[{"href":"https:\/\/kinaikaleidoszkop.hu\/index.php\/wp-json\/wp\/v2\/types\/post"}],"author":[{"embeddable":true,"href":"https:\/\/kinaikaleidoszkop.hu\/index.php\/wp-json\/wp\/v2\/users\/2"}],"replies":[{"embeddable":true,"href":"https:\/\/kinaikaleidoszkop.hu\/index.php\/wp-json\/wp\/v2\/comments?post=20897"}],"version-history":[{"count":1,"href":"https:\/\/kinaikaleidoszkop.hu\/index.php\/wp-json\/wp\/v2\/posts\/20897\/revisions"}],"predecessor-version":[{"id":20901,"href":"https:\/\/kinaikaleidoszkop.hu\/index.php\/wp-json\/wp\/v2\/posts\/20897\/revisions\/20901"}],"wp:featuredmedia":[{"embeddable":true,"href":"https:\/\/kinaikaleidoszkop.hu\/index.php\/wp-json\/wp\/v2\/media\/20900"}],"wp:attachment":[{"href":"https:\/\/kinaikaleidoszkop.hu\/index.php\/wp-json\/wp\/v2\/media?parent=20897"}],"wp:term":[{"taxonomy":"category","embeddable":true,"href":"https:\/\/kinaikaleidoszkop.hu\/index.php\/wp-json\/wp\/v2\/categories?post=20897"},{"taxonomy":"post_tag","embeddable":true,"href":"https:\/\/kinaikaleidoszkop.hu\/index.php\/wp-json\/wp\/v2\/tags?post=20897"}],"curies":[{"name":"wp","href":"https:\/\/api.w.org\/{rel}","templated":true}]}}