{"id":20902,"date":"2024-01-26T13:08:29","date_gmt":"2024-01-26T12:08:29","guid":{"rendered":"https:\/\/kinaikaleidoszkop.hu\/?p=20902"},"modified":"2024-01-26T13:08:31","modified_gmt":"2024-01-26T12:08:31","slug":"peking-a-befektetesek-szigorubb-europai-ellenorzeserol-nyilatkozott","status":"publish","type":"post","link":"https:\/\/kinaikaleidoszkop.hu\/index.php\/2024\/01\/26\/peking-a-befektetesek-szigorubb-europai-ellenorzeserol-nyilatkozott\/","title":{"rendered":"Peking a befektet\u00e9sek szigor\u00fabb eur\u00f3pai ellen\u0151rz\u00e9s\u00e9r\u0151l nyilatkozott"},"content":{"rendered":"\n<p><strong>Szerd\u00e1n az Eur\u00f3pai Bizotts\u00e1g bejelentette az EU gazdas\u00e1gi biztons\u00e1g\u00e1nak meger\u0151s\u00edt\u00e9s\u00e9t c\u00e9lz\u00f3 terv\u00e9t a k\u00fclf\u00f6ldi befektet\u00e9sek szigor\u00fabb ellen\u0151rz\u00e9s\u00e9r\u0151l, az export \u00e9s a technol\u00f3giai kivitel f\u00f6l\u00f6tti koordin\u00e1ltabb ir\u00e1ny\u00edt\u00e1sr\u00f3l a versenyt\u00e1rsai, p\u00e9ld\u00e1ul K\u00edna ellen. <\/strong><\/p>\n\n\n\n<p>Wang Wenbin k\u00ednai k\u00fcl\u00fcgyi sz\u00f3viv\u0151 cs\u00fct\u00f6rt\u00f6k\u00f6n, szok\u00e1sos k\u00fcl\u00fcgyi sajt\u00f3t\u00e1j\u00e9koztat\u00f3j\u00e1n a h\u00edr kapcs\u00e1n azt nyilatkozta, hogy az elm\u00falt \u00e9vekben a nemzetk\u00f6zi k\u00f6z\u00f6ss\u00e9g aggodalm\u00e1t fejezte ki az EU protekcionista \u00e9s egyoldal\u00fa gazdas\u00e1gi \u00e9s kereskedelmi l\u00e9p\u00e9seivel kapcsolatban, a leg\u00fajabb terv pedig feler\u0151s\u00edti ezt az aggodalmat.<\/p>\n\n\n<div class=\"wp-block-image\">\n<figure class=\"aligncenter size-full\"><img decoding=\"async\" src=\"https:\/\/hirpest.hu\/wp-content\/uploads\/2024\/01\/0126Lea1.jpg\" alt=\"\" class=\"wp-image-20730\"\/><\/figure>\n<\/div>\n\n\n<p>Wang rem\u00e9ny\u00e9t fejezte ki, hogy az EU betartja a piacgazdas\u00e1g alapelveit &#8211; a szabadkereskedelmet, a tisztess\u00e9ges versenyt \u00e9s a ny\u00edlt egy\u00fcttm\u0171k\u00f6d\u00e9st -, betartja a Kereskedelmi Vil\u00e1gszervezet (WTO) szab\u00e1lyait, elker\u00fcli a globaliz\u00e1ci\u00f3 visszaszor\u00edt\u00e1s\u00e1t \u00e9s a biztons\u00e1g fogalm\u00e1nak elt\u00falz\u00e1s\u00e1ra ir\u00e1nyul\u00f3 politik\u00e1kat \u00e9s int\u00e9zked\u00e9seket, hiszen ez \u00f6sszef\u00fcgg az EU nemzetk\u00f6zi gazdas\u00e1gi \u00e9s kereskedelmi t\u00e9ren kialakult im\u00e1zs\u00e1val, illetve K\u00edna \u00e9s m\u00e1s orsz\u00e1gok eur\u00f3pai \u00fczleti k\u00f6rnyezetbe vetett bizalm\u00e1val.<\/p>\n\n\n\n<p><strong><em>(Ma Xiaolu \u2013 China Media Group)<\/em><\/strong><\/p>\n\n\n\n<p><strong>2024. janu\u00e1r 26.<\/strong><\/p>\n\n\n\n<p><strong><em>(x)<\/em><\/strong><\/p>\n","protected":false},"excerpt":{"rendered":"<p>Szerd\u00e1n az Eur\u00f3pai Bizotts\u00e1g bejelentette az EU gazdas\u00e1gi biztons\u00e1g\u00e1nak meger\u0151s\u00edt\u00e9s\u00e9t c\u00e9lz\u00f3 terv\u00e9t a k\u00fclf\u00f6ldi befektet\u00e9sek szigor\u00fabb ellen\u0151rz\u00e9s\u00e9r\u0151l, az export \u00e9s a technol\u00f3giai kivitel f\u00f6l\u00f6tti koordin\u00e1ltabb ir\u00e1ny\u00edt\u00e1sr\u00f3l a versenyt\u00e1rsai, p\u00e9ld\u00e1ul K\u00edna ellen. Wang Wenbin k\u00ednai k\u00fcl\u00fcgyi sz\u00f3viv\u0151 cs\u00fct\u00f6rt\u00f6k\u00f6n, szok\u00e1sos k\u00fcl\u00fcgyi sajt\u00f3t\u00e1j\u00e9koztat\u00f3j\u00e1n a h\u00edr kapcs\u00e1n azt nyilatkozta, hogy az elm\u00falt \u00e9vekben a nemzetk\u00f6zi k\u00f6z\u00f6ss\u00e9g aggodalm\u00e1t fejezte ki [&hellip;]<\/p>\n","protected":false},"author":2,"featured_media":20908,"comment_status":"closed","ping_status":"closed","sticky":false,"template":"","format":"standard","meta":{"footnotes":""},"categories":[45],"tags":[1394,72,964,226,3696,460,141,691,728],"class_list":["post-20902","post","type-post","status-publish","format-standard","has-post-thumbnail","hentry","category-hirek","tag-befektetes","tag-ellenorzes","tag-europai-bizottsag","tag-export","tag-kina","tag-kinai-kulugyi-szovivo","tag-peking","tag-sajtotajekoztato","tag-wang-wenbin"],"yoast_head":"<!-- This site is optimized with the Yoast SEO plugin v23.7 - https:\/\/yoast.com\/wordpress\/plugins\/seo\/ -->\n<title>Peking a befektet\u00e9sek szigor\u00fabb eur\u00f3pai ellen\u0151rz\u00e9s\u00e9r\u0151l nyilatkozott - kinaikaleidoszkop.hu<\/title>\n<meta name=\"robots\" content=\"index, follow, max-snippet:-1, max-image-preview:large, max-video-preview:-1\" \/>\n<link rel=\"canonical\" href=\"https:\/\/kinaikaleidoszkop.hu\/index.php\/2024\/01\/26\/peking-a-befektetesek-szigorubb-europai-ellenorzeserol-nyilatkozott\/\" \/>\n<meta property=\"og:locale\" content=\"hu_HU\" \/>\n<meta property=\"og:type\" content=\"article\" \/>\n<meta property=\"og:title\" content=\"Peking a befektet\u00e9sek szigor\u00fabb eur\u00f3pai ellen\u0151rz\u00e9s\u00e9r\u0151l nyilatkozott - kinaikaleidoszkop.hu\" \/>\n<meta property=\"og:description\" content=\"Szerd\u00e1n az Eur\u00f3pai Bizotts\u00e1g bejelentette az EU gazdas\u00e1gi biztons\u00e1g\u00e1nak meger\u0151s\u00edt\u00e9s\u00e9t c\u00e9lz\u00f3 terv\u00e9t a k\u00fclf\u00f6ldi befektet\u00e9sek szigor\u00fabb ellen\u0151rz\u00e9s\u00e9r\u0151l, az export \u00e9s a technol\u00f3giai kivitel f\u00f6l\u00f6tti koordin\u00e1ltabb ir\u00e1ny\u00edt\u00e1sr\u00f3l a versenyt\u00e1rsai, p\u00e9ld\u00e1ul K\u00edna ellen. Wang Wenbin k\u00ednai k\u00fcl\u00fcgyi sz\u00f3viv\u0151 cs\u00fct\u00f6rt\u00f6k\u00f6n, szok\u00e1sos k\u00fcl\u00fcgyi sajt\u00f3t\u00e1j\u00e9koztat\u00f3j\u00e1n a h\u00edr kapcs\u00e1n azt nyilatkozta, hogy az elm\u00falt \u00e9vekben a nemzetk\u00f6zi k\u00f6z\u00f6ss\u00e9g aggodalm\u00e1t fejezte ki [&hellip;]\" \/>\n<meta property=\"og:url\" content=\"https:\/\/kinaikaleidoszkop.hu\/index.php\/2024\/01\/26\/peking-a-befektetesek-szigorubb-europai-ellenorzeserol-nyilatkozott\/\" \/>\n<meta property=\"og:site_name\" content=\"kinaikaleidoszkop.hu\" \/>\n<meta property=\"article:published_time\" content=\"2024-01-26T12:08:29+00:00\" \/>\n<meta property=\"article:modified_time\" content=\"2024-01-26T12:08:31+00:00\" \/>\n<meta property=\"og:image\" content=\"https:\/\/kinaikaleidoszkop.hu\/wp-content\/uploads\/2024\/01\/0126Lea1.jpg\" \/>\n\t<meta property=\"og:image:width\" content=\"600\" \/>\n\t<meta property=\"og:image:height\" content=\"359\" \/>\n\t<meta property=\"og:image:type\" content=\"image\/jpeg\" \/>\n<meta name=\"author\" content=\"admin-szabolcs\" \/>\n<meta name=\"twitter:card\" content=\"summary_large_image\" \/>\n<meta name=\"twitter:label1\" content=\"Szerz\u0151:\" \/>\n\t<meta name=\"twitter:data1\" content=\"admin-szabolcs\" \/>\n\t<meta name=\"twitter:label2\" content=\"Becs\u00fclt olvas\u00e1si id\u0151\" \/>\n\t<meta name=\"twitter:data2\" content=\"1 perc\" \/>\n<script type=\"application\/ld+json\" class=\"yoast-schema-graph\">{\"@context\":\"https:\/\/schema.org\",\"@graph\":[{\"@type\":\"WebPage\",\"@id\":\"https:\/\/kinaikaleidoszkop.hu\/index.php\/2024\/01\/26\/peking-a-befektetesek-szigorubb-europai-ellenorzeserol-nyilatkozott\/\",\"url\":\"https:\/\/kinaikaleidoszkop.hu\/index.php\/2024\/01\/26\/peking-a-befektetesek-szigorubb-europai-ellenorzeserol-nyilatkozott\/\",\"name\":\"Peking a befektet\u00e9sek szigor\u00fabb eur\u00f3pai ellen\u0151rz\u00e9s\u00e9r\u0151l nyilatkozott - kinaikaleidoszkop.hu\",\"isPartOf\":{\"@id\":\"https:\/\/kinaikaleidoszkop.hu\/#website\"},\"primaryImageOfPage\":{\"@id\":\"https:\/\/kinaikaleidoszkop.hu\/index.php\/2024\/01\/26\/peking-a-befektetesek-szigorubb-europai-ellenorzeserol-nyilatkozott\/#primaryimage\"},\"image\":{\"@id\":\"https:\/\/kinaikaleidoszkop.hu\/index.php\/2024\/01\/26\/peking-a-befektetesek-szigorubb-europai-ellenorzeserol-nyilatkozott\/#primaryimage\"},\"thumbnailUrl\":\"https:\/\/kinaikaleidoszkop.hu\/wp-content\/uploads\/2024\/01\/0126Lea1.jpg\",\"datePublished\":\"2024-01-26T12:08:29+00:00\",\"dateModified\":\"2024-01-26T12:08:31+00:00\",\"author\":{\"@id\":\"https:\/\/kinaikaleidoszkop.hu\/#\/schema\/person\/b9e2febe742edd540c1197716ec02bf7\"},\"breadcrumb\":{\"@id\":\"https:\/\/kinaikaleidoszkop.hu\/index.php\/2024\/01\/26\/peking-a-befektetesek-szigorubb-europai-ellenorzeserol-nyilatkozott\/#breadcrumb\"},\"inLanguage\":\"hu\",\"potentialAction\":[{\"@type\":\"ReadAction\",\"target\":[\"https:\/\/kinaikaleidoszkop.hu\/index.php\/2024\/01\/26\/peking-a-befektetesek-szigorubb-europai-ellenorzeserol-nyilatkozott\/\"]}]},{\"@type\":\"ImageObject\",\"inLanguage\":\"hu\",\"@id\":\"https:\/\/kinaikaleidoszkop.hu\/index.php\/2024\/01\/26\/peking-a-befektetesek-szigorubb-europai-ellenorzeserol-nyilatkozott\/#primaryimage\",\"url\":\"https:\/\/kinaikaleidoszkop.hu\/wp-content\/uploads\/2024\/01\/0126Lea1.jpg\",\"contentUrl\":\"https:\/\/kinaikaleidoszkop.hu\/wp-content\/uploads\/2024\/01\/0126Lea1.jpg\",\"width\":600,\"height\":359},{\"@type\":\"BreadcrumbList\",\"@id\":\"https:\/\/kinaikaleidoszkop.hu\/index.php\/2024\/01\/26\/peking-a-befektetesek-szigorubb-europai-ellenorzeserol-nyilatkozott\/#breadcrumb\",\"itemListElement\":[{\"@type\":\"ListItem\",\"position\":1,\"name\":\"Kezd\u0151lap\",\"item\":\"https:\/\/kinaikaleidoszkop.hu\/\"},{\"@type\":\"ListItem\",\"position\":2,\"name\":\"Peking a befektet\u00e9sek szigor\u00fabb eur\u00f3pai ellen\u0151rz\u00e9s\u00e9r\u0151l nyilatkozott\"}]},{\"@type\":\"WebSite\",\"@id\":\"https:\/\/kinaikaleidoszkop.hu\/#website\",\"url\":\"https:\/\/kinaikaleidoszkop.hu\/\",\"name\":\"kinaikaleidoszkop.hu\",\"description\":\"\",\"potentialAction\":[{\"@type\":\"SearchAction\",\"target\":{\"@type\":\"EntryPoint\",\"urlTemplate\":\"https:\/\/kinaikaleidoszkop.hu\/?s={search_term_string}\"},\"query-input\":{\"@type\":\"PropertyValueSpecification\",\"valueRequired\":true,\"valueName\":\"search_term_string\"}}],\"inLanguage\":\"hu\"},{\"@type\":\"Person\",\"@id\":\"https:\/\/kinaikaleidoszkop.hu\/#\/schema\/person\/b9e2febe742edd540c1197716ec02bf7\",\"name\":\"admin-szabolcs\",\"image\":{\"@type\":\"ImageObject\",\"inLanguage\":\"hu\",\"@id\":\"https:\/\/kinaikaleidoszkop.hu\/#\/schema\/person\/image\/\",\"url\":\"https:\/\/secure.gravatar.com\/avatar\/154f262492794df2a6cb5d5349227b18ef8f85ab462fbb32625fc42406483d21?s=96&d=mm&r=g\",\"contentUrl\":\"https:\/\/secure.gravatar.com\/avatar\/154f262492794df2a6cb5d5349227b18ef8f85ab462fbb32625fc42406483d21?s=96&d=mm&r=g\",\"caption\":\"admin-szabolcs\"},\"url\":\"https:\/\/kinaikaleidoszkop.hu\/index.php\/author\/admin-szabolcs\/\"}]}<\/script>\n<!-- \/ Yoast SEO plugin. -->","yoast_head_json":{"title":"Peking a befektet\u00e9sek szigor\u00fabb eur\u00f3pai ellen\u0151rz\u00e9s\u00e9r\u0151l nyilatkozott - kinaikaleidoszkop.hu","robots":{"index":"index","follow":"follow","max-snippet":"max-snippet:-1","max-image-preview":"max-image-preview:large","max-video-preview":"max-video-preview:-1"},"canonical":"https:\/\/kinaikaleidoszkop.hu\/index.php\/2024\/01\/26\/peking-a-befektetesek-szigorubb-europai-ellenorzeserol-nyilatkozott\/","og_locale":"hu_HU","og_type":"article","og_title":"Peking a befektet\u00e9sek szigor\u00fabb eur\u00f3pai ellen\u0151rz\u00e9s\u00e9r\u0151l nyilatkozott - kinaikaleidoszkop.hu","og_description":"Szerd\u00e1n az Eur\u00f3pai Bizotts\u00e1g bejelentette az EU gazdas\u00e1gi biztons\u00e1g\u00e1nak meger\u0151s\u00edt\u00e9s\u00e9t c\u00e9lz\u00f3 terv\u00e9t a k\u00fclf\u00f6ldi befektet\u00e9sek szigor\u00fabb ellen\u0151rz\u00e9s\u00e9r\u0151l, az export \u00e9s a technol\u00f3giai kivitel f\u00f6l\u00f6tti koordin\u00e1ltabb ir\u00e1ny\u00edt\u00e1sr\u00f3l a versenyt\u00e1rsai, p\u00e9ld\u00e1ul K\u00edna ellen. Wang Wenbin k\u00ednai k\u00fcl\u00fcgyi sz\u00f3viv\u0151 cs\u00fct\u00f6rt\u00f6k\u00f6n, szok\u00e1sos k\u00fcl\u00fcgyi sajt\u00f3t\u00e1j\u00e9koztat\u00f3j\u00e1n a h\u00edr kapcs\u00e1n azt nyilatkozta, hogy az elm\u00falt \u00e9vekben a nemzetk\u00f6zi k\u00f6z\u00f6ss\u00e9g aggodalm\u00e1t fejezte ki [&hellip;]","og_url":"https:\/\/kinaikaleidoszkop.hu\/index.php\/2024\/01\/26\/peking-a-befektetesek-szigorubb-europai-ellenorzeserol-nyilatkozott\/","og_site_name":"kinaikaleidoszkop.hu","article_published_time":"2024-01-26T12:08:29+00:00","article_modified_time":"2024-01-26T12:08:31+00:00","og_image":[{"width":600,"height":359,"url":"https:\/\/kinaikaleidoszkop.hu\/wp-content\/uploads\/2024\/01\/0126Lea1.jpg","type":"image\/jpeg"}],"author":"admin-szabolcs","twitter_card":"summary_large_image","twitter_misc":{"Szerz\u0151:":"admin-szabolcs","Becs\u00fclt olvas\u00e1si id\u0151":"1 perc"},"schema":{"@context":"https:\/\/schema.org","@graph":[{"@type":"WebPage","@id":"https:\/\/kinaikaleidoszkop.hu\/index.php\/2024\/01\/26\/peking-a-befektetesek-szigorubb-europai-ellenorzeserol-nyilatkozott\/","url":"https:\/\/kinaikaleidoszkop.hu\/index.php\/2024\/01\/26\/peking-a-befektetesek-szigorubb-europai-ellenorzeserol-nyilatkozott\/","name":"Peking a befektet\u00e9sek szigor\u00fabb eur\u00f3pai ellen\u0151rz\u00e9s\u00e9r\u0151l nyilatkozott - kinaikaleidoszkop.hu","isPartOf":{"@id":"https:\/\/kinaikaleidoszkop.hu\/#website"},"primaryImageOfPage":{"@id":"https:\/\/kinaikaleidoszkop.hu\/index.php\/2024\/01\/26\/peking-a-befektetesek-szigorubb-europai-ellenorzeserol-nyilatkozott\/#primaryimage"},"image":{"@id":"https:\/\/kinaikaleidoszkop.hu\/index.php\/2024\/01\/26\/peking-a-befektetesek-szigorubb-europai-ellenorzeserol-nyilatkozott\/#primaryimage"},"thumbnailUrl":"https:\/\/kinaikaleidoszkop.hu\/wp-content\/uploads\/2024\/01\/0126Lea1.jpg","datePublished":"2024-01-26T12:08:29+00:00","dateModified":"2024-01-26T12:08:31+00:00","author":{"@id":"https:\/\/kinaikaleidoszkop.hu\/#\/schema\/person\/b9e2febe742edd540c1197716ec02bf7"},"breadcrumb":{"@id":"https:\/\/kinaikaleidoszkop.hu\/index.php\/2024\/01\/26\/peking-a-befektetesek-szigorubb-europai-ellenorzeserol-nyilatkozott\/#breadcrumb"},"inLanguage":"hu","potentialAction":[{"@type":"ReadAction","target":["https:\/\/kinaikaleidoszkop.hu\/index.php\/2024\/01\/26\/peking-a-befektetesek-szigorubb-europai-ellenorzeserol-nyilatkozott\/"]}]},{"@type":"ImageObject","inLanguage":"hu","@id":"https:\/\/kinaikaleidoszkop.hu\/index.php\/2024\/01\/26\/peking-a-befektetesek-szigorubb-europai-ellenorzeserol-nyilatkozott\/#primaryimage","url":"https:\/\/kinaikaleidoszkop.hu\/wp-content\/uploads\/2024\/01\/0126Lea1.jpg","contentUrl":"https:\/\/kinaikaleidoszkop.hu\/wp-content\/uploads\/2024\/01\/0126Lea1.jpg","width":600,"height":359},{"@type":"BreadcrumbList","@id":"https:\/\/kinaikaleidoszkop.hu\/index.php\/2024\/01\/26\/peking-a-befektetesek-szigorubb-europai-ellenorzeserol-nyilatkozott\/#breadcrumb","itemListElement":[{"@type":"ListItem","position":1,"name":"Kezd\u0151lap","item":"https:\/\/kinaikaleidoszkop.hu\/"},{"@type":"ListItem","position":2,"name":"Peking a befektet\u00e9sek szigor\u00fabb eur\u00f3pai ellen\u0151rz\u00e9s\u00e9r\u0151l nyilatkozott"}]},{"@type":"WebSite","@id":"https:\/\/kinaikaleidoszkop.hu\/#website","url":"https:\/\/kinaikaleidoszkop.hu\/","name":"kinaikaleidoszkop.hu","description":"","potentialAction":[{"@type":"SearchAction","target":{"@type":"EntryPoint","urlTemplate":"https:\/\/kinaikaleidoszkop.hu\/?s={search_term_string}"},"query-input":{"@type":"PropertyValueSpecification","valueRequired":true,"valueName":"search_term_string"}}],"inLanguage":"hu"},{"@type":"Person","@id":"https:\/\/kinaikaleidoszkop.hu\/#\/schema\/person\/b9e2febe742edd540c1197716ec02bf7","name":"admin-szabolcs","image":{"@type":"ImageObject","inLanguage":"hu","@id":"https:\/\/kinaikaleidoszkop.hu\/#\/schema\/person\/image\/","url":"https:\/\/secure.gravatar.com\/avatar\/154f262492794df2a6cb5d5349227b18ef8f85ab462fbb32625fc42406483d21?s=96&d=mm&r=g","contentUrl":"https:\/\/secure.gravatar.com\/avatar\/154f262492794df2a6cb5d5349227b18ef8f85ab462fbb32625fc42406483d21?s=96&d=mm&r=g","caption":"admin-szabolcs"},"url":"https:\/\/kinaikaleidoszkop.hu\/index.php\/author\/admin-szabolcs\/"}]}},"views":294,"distributor_meta":false,"distributor_terms":false,"distributor_media":false,"distributor_original_site_name":"kinaikaleidoszkop.hu","distributor_original_site_url":"https:\/\/kinaikaleidoszkop.hu","push-errors":false,"_links":{"self":[{"href":"https:\/\/kinaikaleidoszkop.hu\/index.php\/wp-json\/wp\/v2\/posts\/20902","targetHints":{"allow":["GET"]}}],"collection":[{"href":"https:\/\/kinaikaleidoszkop.hu\/index.php\/wp-json\/wp\/v2\/posts"}],"about":[{"href":"https:\/\/kinaikaleidoszkop.hu\/index.php\/wp-json\/wp\/v2\/types\/post"}],"author":[{"embeddable":true,"href":"https:\/\/kinaikaleidoszkop.hu\/index.php\/wp-json\/wp\/v2\/users\/2"}],"replies":[{"embeddable":true,"href":"https:\/\/kinaikaleidoszkop.hu\/index.php\/wp-json\/wp\/v2\/comments?post=20902"}],"version-history":[{"count":1,"href":"https:\/\/kinaikaleidoszkop.hu\/index.php\/wp-json\/wp\/v2\/posts\/20902\/revisions"}],"predecessor-version":[{"id":20910,"href":"https:\/\/kinaikaleidoszkop.hu\/index.php\/wp-json\/wp\/v2\/posts\/20902\/revisions\/20910"}],"wp:featuredmedia":[{"embeddable":true,"href":"https:\/\/kinaikaleidoszkop.hu\/index.php\/wp-json\/wp\/v2\/media\/20908"}],"wp:attachment":[{"href":"https:\/\/kinaikaleidoszkop.hu\/index.php\/wp-json\/wp\/v2\/media?parent=20902"}],"wp:term":[{"taxonomy":"category","embeddable":true,"href":"https:\/\/kinaikaleidoszkop.hu\/index.php\/wp-json\/wp\/v2\/categories?post=20902"},{"taxonomy":"post_tag","embeddable":true,"href":"https:\/\/kinaikaleidoszkop.hu\/index.php\/wp-json\/wp\/v2\/tags?post=20902"}],"curies":[{"name":"wp","href":"https:\/\/api.w.org\/{rel}","templated":true}]}}