{"id":20905,"date":"2024-01-26T13:21:32","date_gmt":"2024-01-26T12:21:32","guid":{"rendered":"https:\/\/kinaikaleidoszkop.hu\/?p=20905"},"modified":"2024-01-26T13:21:33","modified_gmt":"2024-01-26T12:21:33","slug":"hszi-csin-ping-es-emmanuel-macron-udvozlo-beszedet-mondott-a-kinai-francia-diplomaciai-kapcsolatok-letrehozasanak-60-evforduloja-alkalmabol","status":"publish","type":"post","link":"https:\/\/kinaikaleidoszkop.hu\/index.php\/2024\/01\/26\/hszi-csin-ping-es-emmanuel-macron-udvozlo-beszedet-mondott-a-kinai-francia-diplomaciai-kapcsolatok-letrehozasanak-60-evforduloja-alkalmabol\/","title":{"rendered":"Hszi Csin-ping \u00e9s Emmanuel Macron \u00fcdv\u00f6zl\u0151 besz\u00e9det mondott a k\u00ednai-francia diplom\u00e1ciai kapcsolatok l\u00e9trehoz\u00e1s\u00e1nak 60. \u00e9vfordul\u00f3ja alkalm\u00e1b\u00f3l"},"content":{"rendered":"\n<p><strong>Janu\u00e1r 25-\u00e9n Pekingben fogad\u00e1st tartottak a k\u00ednai-francia diplom\u00e1ciai kapcsolatok l\u00e9trehoz\u00e1snak 60. \u00e9vfordul\u00f3ja alkalm\u00e1b\u00f3l. <\/strong><\/p>\n\n\n\n<p>Ez alkalomb\u00f3l Hszi Csin-ping k\u00ednai \u00e1llameln\u00f6k vide\u00f3kapcsolaton kereszt\u00fcli \u00fcdv\u00f6zl\u0151 besz\u00e9d\u00e9ben r\u00e1mutatott, hogy a k\u00ednai-francia kapcsolatok a nyugati orsz\u00e1gokkal l\u00e9trehozott \u201eviszonyok&#8221; sor\u00e1ban az \u00e9len helyezkedik el, s hozz\u00e1j\u00e1rul a vil\u00e1g b\u00e9k\u00e9j\u00e9hez \u00e9s stabil fejl\u0151d\u00e9s\u00e9hez. A kapcsolatok k\u00fcl\u00f6nleges t\u00f6rt\u00e9nelme sor\u00e1n kialakult egyfajta \u201ek\u00ednai-francia szellem\u201d, f\u00fcggetlens\u00e9g, k\u00f6lcs\u00f6n\u00f6s meg\u00e9rt\u00e9s, hossz\u00fat\u00e1vra tervez\u00e9s \u00e9s k\u00f6lcs\u00f6n\u00f6s el\u0151ny is &#8211; jelentette ki az eln\u00f6k.<\/p>\n\n\n\n<p>A k\u00ednai-francia kult\u00fara \u00e9ve, illetve a p\u00e1rizsi olimpiai j\u00e1t\u00e9kok alkalm\u00e1b\u00f3l el\u0151 fogj\u00e1k mozd\u00edtani a kultur\u00e1lis cser\u00e9t, tov\u00e1bb\u00e1 b\u0151v\u00edtik az egy\u00fcttm\u0171k\u00f6d\u00e9si potenci\u00e1lt a tiszta energia ter\u00fclet\u00e9n, valamint egy\u00fctt ki\u00e1llnak az egyenl\u0151s\u00e9g \u00e9s multipolarit\u00e1s mellett &#8211; hangoztatta Hszi.<\/p>\n\n\n<div class=\"wp-block-image\">\n<figure class=\"aligncenter size-full\"><img decoding=\"async\" src=\"https:\/\/hirpest.hu\/wp-content\/uploads\/2024\/01\/0126CMGHszi-Csin-ping-es-Emmanuel-Macron-udvozlo-beszedet-mondott-a-kinai-francia-diplomaciai-kapcsolatok-letrehozasanak-60.-evforduloja-alkalmabol.png\" alt=\"\" class=\"wp-image-20731\"\/><\/figure>\n<\/div>\n\n\n<p>Emmanuel Macron francia eln\u00f6k ugyancsak vide\u00f3kapcsolaton kereszt\u00fcl arr\u00f3l besz\u00e9lt, hogy Franciaorsz\u00e1g k\u00e9sz olyan partners\u00e9get \u00e9p\u00edteni K\u00edn\u00e1val, amely nemcsak a k\u00e9t orsz\u00e1g n\u00e9p\u00e9nek \u00e9rdekeit tartja szem el\u0151tt, de el\u0151ny\u00f6s a vil\u00e1g b\u00e9k\u00e9je \u00e9s stabilit\u00e1sa szempontj\u00e1b\u00f3l is. Franciaorsz\u00e1g k\u00e9sz er\u0151fesz\u00edt\u00e9seket tenni K\u00edn\u00e1val egy\u00fctt a glob\u00e1lis kih\u00edv\u00e1sok \u00e9s a nemzetk\u00f6zi v\u00e1lts\u00e1g megold\u00e1s\u00e1ra &#8211; jegyezte meg Macron.<\/p>\n\n\n\n<p><strong><em>(Wang Yuzhe &#8211; China Media Group)<\/em><\/strong><\/p>\n\n\n\n<p><strong>2024. janu\u00e1r 26.<\/strong><\/p>\n\n\n\n<p><strong><em>(x)<\/em><\/strong><\/p>\n","protected":false},"excerpt":{"rendered":"<p>Janu\u00e1r 25-\u00e9n Pekingben fogad\u00e1st tartottak a k\u00ednai-francia diplom\u00e1ciai kapcsolatok l\u00e9trehoz\u00e1snak 60. \u00e9vfordul\u00f3ja alkalm\u00e1b\u00f3l. Ez alkalomb\u00f3l Hszi Csin-ping k\u00ednai \u00e1llameln\u00f6k vide\u00f3kapcsolaton kereszt\u00fcli \u00fcdv\u00f6zl\u0151 besz\u00e9d\u00e9ben r\u00e1mutatott, hogy a k\u00ednai-francia kapcsolatok a nyugati orsz\u00e1gokkal l\u00e9trehozott \u201eviszonyok&#8221; sor\u00e1ban az \u00e9len helyezkedik el, s hozz\u00e1j\u00e1rul a vil\u00e1g b\u00e9k\u00e9j\u00e9hez \u00e9s stabil fejl\u0151d\u00e9s\u00e9hez. A kapcsolatok k\u00fcl\u00f6nleges t\u00f6rt\u00e9nelme sor\u00e1n kialakult egyfajta \u201ek\u00ednai-francia szellem\u201d, [&hellip;]<\/p>\n","protected":false},"author":2,"featured_media":20909,"comment_status":"closed","ping_status":"closed","sticky":false,"template":"","format":"standard","meta":{"footnotes":""},"categories":[45],"tags":[273,679,292,1170,1714,1134,305,3696,326,3756,3757,141,3758],"class_list":["post-20905","post","type-post","status-publish","format-standard","has-post-thumbnail","hentry","category-hirek","tag-egyuttmukodes","tag-emmanuel-macron","tag-evfordulo","tag-fogadas","tag-francia-elnok","tag-franciaorszag","tag-hszi-csin-ping","tag-kina","tag-kinai-allamelnok","tag-kinai-francia-diplomaciai-kapcsolatok-2","tag-parizsi-olimpiai-jatekok","tag-peking","tag-udvozlo-beszed"],"yoast_head":"<!-- This site is optimized with the Yoast SEO plugin v23.7 - https:\/\/yoast.com\/wordpress\/plugins\/seo\/ -->\n<title>Hszi Csin-ping \u00e9s Emmanuel Macron \u00fcdv\u00f6zl\u0151 besz\u00e9det mondott a k\u00ednai-francia diplom\u00e1ciai kapcsolatok l\u00e9trehoz\u00e1s\u00e1nak 60. \u00e9vfordul\u00f3ja alkalm\u00e1b\u00f3l - kinaikaleidoszkop.hu<\/title>\n<meta name=\"robots\" content=\"index, follow, max-snippet:-1, max-image-preview:large, max-video-preview:-1\" \/>\n<link rel=\"canonical\" href=\"https:\/\/kinaikaleidoszkop.hu\/index.php\/2024\/01\/26\/hszi-csin-ping-es-emmanuel-macron-udvozlo-beszedet-mondott-a-kinai-francia-diplomaciai-kapcsolatok-letrehozasanak-60-evforduloja-alkalmabol\/\" \/>\n<meta property=\"og:locale\" content=\"hu_HU\" \/>\n<meta property=\"og:type\" content=\"article\" \/>\n<meta property=\"og:title\" content=\"Hszi Csin-ping \u00e9s Emmanuel Macron \u00fcdv\u00f6zl\u0151 besz\u00e9det mondott a k\u00ednai-francia diplom\u00e1ciai kapcsolatok l\u00e9trehoz\u00e1s\u00e1nak 60. \u00e9vfordul\u00f3ja alkalm\u00e1b\u00f3l - kinaikaleidoszkop.hu\" \/>\n<meta property=\"og:description\" content=\"Janu\u00e1r 25-\u00e9n Pekingben fogad\u00e1st tartottak a k\u00ednai-francia diplom\u00e1ciai kapcsolatok l\u00e9trehoz\u00e1snak 60. \u00e9vfordul\u00f3ja alkalm\u00e1b\u00f3l. Ez alkalomb\u00f3l Hszi Csin-ping k\u00ednai \u00e1llameln\u00f6k vide\u00f3kapcsolaton kereszt\u00fcli \u00fcdv\u00f6zl\u0151 besz\u00e9d\u00e9ben r\u00e1mutatott, hogy a k\u00ednai-francia kapcsolatok a nyugati orsz\u00e1gokkal l\u00e9trehozott \u201eviszonyok&#8221; sor\u00e1ban az \u00e9len helyezkedik el, s hozz\u00e1j\u00e1rul a vil\u00e1g b\u00e9k\u00e9j\u00e9hez \u00e9s stabil fejl\u0151d\u00e9s\u00e9hez. A kapcsolatok k\u00fcl\u00f6nleges t\u00f6rt\u00e9nelme sor\u00e1n kialakult egyfajta \u201ek\u00ednai-francia szellem\u201d, [&hellip;]\" \/>\n<meta property=\"og:url\" content=\"https:\/\/kinaikaleidoszkop.hu\/index.php\/2024\/01\/26\/hszi-csin-ping-es-emmanuel-macron-udvozlo-beszedet-mondott-a-kinai-francia-diplomaciai-kapcsolatok-letrehozasanak-60-evforduloja-alkalmabol\/\" \/>\n<meta property=\"og:site_name\" content=\"kinaikaleidoszkop.hu\" \/>\n<meta property=\"article:published_time\" content=\"2024-01-26T12:21:32+00:00\" \/>\n<meta property=\"article:modified_time\" content=\"2024-01-26T12:21:33+00:00\" \/>\n<meta property=\"og:image\" content=\"https:\/\/kinaikaleidoszkop.hu\/wp-content\/uploads\/2024\/01\/0126CMGHszi-Csin-ping-es-Emmanuel-Macron-udvozlo-beszedet-mondott-a-kinai-francia-diplomaciai-kapcsolatok-letrehozasanak-60.-evforduloja-alkalmabol.png\" \/>\n\t<meta property=\"og:image:width\" content=\"900\" \/>\n\t<meta property=\"og:image:height\" content=\"564\" \/>\n\t<meta property=\"og:image:type\" content=\"image\/png\" \/>\n<meta name=\"author\" content=\"admin-szabolcs\" \/>\n<meta name=\"twitter:card\" content=\"summary_large_image\" \/>\n<meta name=\"twitter:label1\" content=\"Szerz\u0151:\" \/>\n\t<meta name=\"twitter:data1\" content=\"admin-szabolcs\" \/>\n\t<meta name=\"twitter:label2\" content=\"Becs\u00fclt olvas\u00e1si id\u0151\" \/>\n\t<meta name=\"twitter:data2\" content=\"2 perc\" \/>\n<script type=\"application\/ld+json\" class=\"yoast-schema-graph\">{\"@context\":\"https:\/\/schema.org\",\"@graph\":[{\"@type\":\"WebPage\",\"@id\":\"https:\/\/kinaikaleidoszkop.hu\/index.php\/2024\/01\/26\/hszi-csin-ping-es-emmanuel-macron-udvozlo-beszedet-mondott-a-kinai-francia-diplomaciai-kapcsolatok-letrehozasanak-60-evforduloja-alkalmabol\/\",\"url\":\"https:\/\/kinaikaleidoszkop.hu\/index.php\/2024\/01\/26\/hszi-csin-ping-es-emmanuel-macron-udvozlo-beszedet-mondott-a-kinai-francia-diplomaciai-kapcsolatok-letrehozasanak-60-evforduloja-alkalmabol\/\",\"name\":\"Hszi Csin-ping \u00e9s Emmanuel Macron \u00fcdv\u00f6zl\u0151 besz\u00e9det mondott a k\u00ednai-francia diplom\u00e1ciai kapcsolatok l\u00e9trehoz\u00e1s\u00e1nak 60. \u00e9vfordul\u00f3ja alkalm\u00e1b\u00f3l - kinaikaleidoszkop.hu\",\"isPartOf\":{\"@id\":\"https:\/\/kinaikaleidoszkop.hu\/#website\"},\"primaryImageOfPage\":{\"@id\":\"https:\/\/kinaikaleidoszkop.hu\/index.php\/2024\/01\/26\/hszi-csin-ping-es-emmanuel-macron-udvozlo-beszedet-mondott-a-kinai-francia-diplomaciai-kapcsolatok-letrehozasanak-60-evforduloja-alkalmabol\/#primaryimage\"},\"image\":{\"@id\":\"https:\/\/kinaikaleidoszkop.hu\/index.php\/2024\/01\/26\/hszi-csin-ping-es-emmanuel-macron-udvozlo-beszedet-mondott-a-kinai-francia-diplomaciai-kapcsolatok-letrehozasanak-60-evforduloja-alkalmabol\/#primaryimage\"},\"thumbnailUrl\":\"https:\/\/kinaikaleidoszkop.hu\/wp-content\/uploads\/2024\/01\/0126CMGHszi-Csin-ping-es-Emmanuel-Macron-udvozlo-beszedet-mondott-a-kinai-francia-diplomaciai-kapcsolatok-letrehozasanak-60.-evforduloja-alkalmabol.png\",\"datePublished\":\"2024-01-26T12:21:32+00:00\",\"dateModified\":\"2024-01-26T12:21:33+00:00\",\"author\":{\"@id\":\"https:\/\/kinaikaleidoszkop.hu\/#\/schema\/person\/b9e2febe742edd540c1197716ec02bf7\"},\"breadcrumb\":{\"@id\":\"https:\/\/kinaikaleidoszkop.hu\/index.php\/2024\/01\/26\/hszi-csin-ping-es-emmanuel-macron-udvozlo-beszedet-mondott-a-kinai-francia-diplomaciai-kapcsolatok-letrehozasanak-60-evforduloja-alkalmabol\/#breadcrumb\"},\"inLanguage\":\"hu\",\"potentialAction\":[{\"@type\":\"ReadAction\",\"target\":[\"https:\/\/kinaikaleidoszkop.hu\/index.php\/2024\/01\/26\/hszi-csin-ping-es-emmanuel-macron-udvozlo-beszedet-mondott-a-kinai-francia-diplomaciai-kapcsolatok-letrehozasanak-60-evforduloja-alkalmabol\/\"]}]},{\"@type\":\"ImageObject\",\"inLanguage\":\"hu\",\"@id\":\"https:\/\/kinaikaleidoszkop.hu\/index.php\/2024\/01\/26\/hszi-csin-ping-es-emmanuel-macron-udvozlo-beszedet-mondott-a-kinai-francia-diplomaciai-kapcsolatok-letrehozasanak-60-evforduloja-alkalmabol\/#primaryimage\",\"url\":\"https:\/\/kinaikaleidoszkop.hu\/wp-content\/uploads\/2024\/01\/0126CMGHszi-Csin-ping-es-Emmanuel-Macron-udvozlo-beszedet-mondott-a-kinai-francia-diplomaciai-kapcsolatok-letrehozasanak-60.-evforduloja-alkalmabol.png\",\"contentUrl\":\"https:\/\/kinaikaleidoszkop.hu\/wp-content\/uploads\/2024\/01\/0126CMGHszi-Csin-ping-es-Emmanuel-Macron-udvozlo-beszedet-mondott-a-kinai-francia-diplomaciai-kapcsolatok-letrehozasanak-60.-evforduloja-alkalmabol.png\",\"width\":900,\"height\":564},{\"@type\":\"BreadcrumbList\",\"@id\":\"https:\/\/kinaikaleidoszkop.hu\/index.php\/2024\/01\/26\/hszi-csin-ping-es-emmanuel-macron-udvozlo-beszedet-mondott-a-kinai-francia-diplomaciai-kapcsolatok-letrehozasanak-60-evforduloja-alkalmabol\/#breadcrumb\",\"itemListElement\":[{\"@type\":\"ListItem\",\"position\":1,\"name\":\"Kezd\u0151lap\",\"item\":\"https:\/\/kinaikaleidoszkop.hu\/\"},{\"@type\":\"ListItem\",\"position\":2,\"name\":\"Hszi Csin-ping \u00e9s Emmanuel Macron \u00fcdv\u00f6zl\u0151 besz\u00e9det mondott a k\u00ednai-francia diplom\u00e1ciai kapcsolatok l\u00e9trehoz\u00e1s\u00e1nak 60. \u00e9vfordul\u00f3ja alkalm\u00e1b\u00f3l\"}]},{\"@type\":\"WebSite\",\"@id\":\"https:\/\/kinaikaleidoszkop.hu\/#website\",\"url\":\"https:\/\/kinaikaleidoszkop.hu\/\",\"name\":\"kinaikaleidoszkop.hu\",\"description\":\"\",\"potentialAction\":[{\"@type\":\"SearchAction\",\"target\":{\"@type\":\"EntryPoint\",\"urlTemplate\":\"https:\/\/kinaikaleidoszkop.hu\/?s={search_term_string}\"},\"query-input\":{\"@type\":\"PropertyValueSpecification\",\"valueRequired\":true,\"valueName\":\"search_term_string\"}}],\"inLanguage\":\"hu\"},{\"@type\":\"Person\",\"@id\":\"https:\/\/kinaikaleidoszkop.hu\/#\/schema\/person\/b9e2febe742edd540c1197716ec02bf7\",\"name\":\"admin-szabolcs\",\"image\":{\"@type\":\"ImageObject\",\"inLanguage\":\"hu\",\"@id\":\"https:\/\/kinaikaleidoszkop.hu\/#\/schema\/person\/image\/\",\"url\":\"https:\/\/secure.gravatar.com\/avatar\/154f262492794df2a6cb5d5349227b18ef8f85ab462fbb32625fc42406483d21?s=96&d=mm&r=g\",\"contentUrl\":\"https:\/\/secure.gravatar.com\/avatar\/154f262492794df2a6cb5d5349227b18ef8f85ab462fbb32625fc42406483d21?s=96&d=mm&r=g\",\"caption\":\"admin-szabolcs\"},\"url\":\"https:\/\/kinaikaleidoszkop.hu\/index.php\/author\/admin-szabolcs\/\"}]}<\/script>\n<!-- \/ Yoast SEO plugin. -->","yoast_head_json":{"title":"Hszi Csin-ping \u00e9s Emmanuel Macron \u00fcdv\u00f6zl\u0151 besz\u00e9det mondott a k\u00ednai-francia diplom\u00e1ciai kapcsolatok l\u00e9trehoz\u00e1s\u00e1nak 60. \u00e9vfordul\u00f3ja alkalm\u00e1b\u00f3l - kinaikaleidoszkop.hu","robots":{"index":"index","follow":"follow","max-snippet":"max-snippet:-1","max-image-preview":"max-image-preview:large","max-video-preview":"max-video-preview:-1"},"canonical":"https:\/\/kinaikaleidoszkop.hu\/index.php\/2024\/01\/26\/hszi-csin-ping-es-emmanuel-macron-udvozlo-beszedet-mondott-a-kinai-francia-diplomaciai-kapcsolatok-letrehozasanak-60-evforduloja-alkalmabol\/","og_locale":"hu_HU","og_type":"article","og_title":"Hszi Csin-ping \u00e9s Emmanuel Macron \u00fcdv\u00f6zl\u0151 besz\u00e9det mondott a k\u00ednai-francia diplom\u00e1ciai kapcsolatok l\u00e9trehoz\u00e1s\u00e1nak 60. \u00e9vfordul\u00f3ja alkalm\u00e1b\u00f3l - kinaikaleidoszkop.hu","og_description":"Janu\u00e1r 25-\u00e9n Pekingben fogad\u00e1st tartottak a k\u00ednai-francia diplom\u00e1ciai kapcsolatok l\u00e9trehoz\u00e1snak 60. \u00e9vfordul\u00f3ja alkalm\u00e1b\u00f3l. Ez alkalomb\u00f3l Hszi Csin-ping k\u00ednai \u00e1llameln\u00f6k vide\u00f3kapcsolaton kereszt\u00fcli \u00fcdv\u00f6zl\u0151 besz\u00e9d\u00e9ben r\u00e1mutatott, hogy a k\u00ednai-francia kapcsolatok a nyugati orsz\u00e1gokkal l\u00e9trehozott \u201eviszonyok&#8221; sor\u00e1ban az \u00e9len helyezkedik el, s hozz\u00e1j\u00e1rul a vil\u00e1g b\u00e9k\u00e9j\u00e9hez \u00e9s stabil fejl\u0151d\u00e9s\u00e9hez. A kapcsolatok k\u00fcl\u00f6nleges t\u00f6rt\u00e9nelme sor\u00e1n kialakult egyfajta \u201ek\u00ednai-francia szellem\u201d, [&hellip;]","og_url":"https:\/\/kinaikaleidoszkop.hu\/index.php\/2024\/01\/26\/hszi-csin-ping-es-emmanuel-macron-udvozlo-beszedet-mondott-a-kinai-francia-diplomaciai-kapcsolatok-letrehozasanak-60-evforduloja-alkalmabol\/","og_site_name":"kinaikaleidoszkop.hu","article_published_time":"2024-01-26T12:21:32+00:00","article_modified_time":"2024-01-26T12:21:33+00:00","og_image":[{"width":900,"height":564,"url":"https:\/\/kinaikaleidoszkop.hu\/wp-content\/uploads\/2024\/01\/0126CMGHszi-Csin-ping-es-Emmanuel-Macron-udvozlo-beszedet-mondott-a-kinai-francia-diplomaciai-kapcsolatok-letrehozasanak-60.-evforduloja-alkalmabol.png","type":"image\/png"}],"author":"admin-szabolcs","twitter_card":"summary_large_image","twitter_misc":{"Szerz\u0151:":"admin-szabolcs","Becs\u00fclt olvas\u00e1si id\u0151":"2 perc"},"schema":{"@context":"https:\/\/schema.org","@graph":[{"@type":"WebPage","@id":"https:\/\/kinaikaleidoszkop.hu\/index.php\/2024\/01\/26\/hszi-csin-ping-es-emmanuel-macron-udvozlo-beszedet-mondott-a-kinai-francia-diplomaciai-kapcsolatok-letrehozasanak-60-evforduloja-alkalmabol\/","url":"https:\/\/kinaikaleidoszkop.hu\/index.php\/2024\/01\/26\/hszi-csin-ping-es-emmanuel-macron-udvozlo-beszedet-mondott-a-kinai-francia-diplomaciai-kapcsolatok-letrehozasanak-60-evforduloja-alkalmabol\/","name":"Hszi Csin-ping \u00e9s Emmanuel Macron \u00fcdv\u00f6zl\u0151 besz\u00e9det mondott a k\u00ednai-francia diplom\u00e1ciai kapcsolatok l\u00e9trehoz\u00e1s\u00e1nak 60. \u00e9vfordul\u00f3ja alkalm\u00e1b\u00f3l - kinaikaleidoszkop.hu","isPartOf":{"@id":"https:\/\/kinaikaleidoszkop.hu\/#website"},"primaryImageOfPage":{"@id":"https:\/\/kinaikaleidoszkop.hu\/index.php\/2024\/01\/26\/hszi-csin-ping-es-emmanuel-macron-udvozlo-beszedet-mondott-a-kinai-francia-diplomaciai-kapcsolatok-letrehozasanak-60-evforduloja-alkalmabol\/#primaryimage"},"image":{"@id":"https:\/\/kinaikaleidoszkop.hu\/index.php\/2024\/01\/26\/hszi-csin-ping-es-emmanuel-macron-udvozlo-beszedet-mondott-a-kinai-francia-diplomaciai-kapcsolatok-letrehozasanak-60-evforduloja-alkalmabol\/#primaryimage"},"thumbnailUrl":"https:\/\/kinaikaleidoszkop.hu\/wp-content\/uploads\/2024\/01\/0126CMGHszi-Csin-ping-es-Emmanuel-Macron-udvozlo-beszedet-mondott-a-kinai-francia-diplomaciai-kapcsolatok-letrehozasanak-60.-evforduloja-alkalmabol.png","datePublished":"2024-01-26T12:21:32+00:00","dateModified":"2024-01-26T12:21:33+00:00","author":{"@id":"https:\/\/kinaikaleidoszkop.hu\/#\/schema\/person\/b9e2febe742edd540c1197716ec02bf7"},"breadcrumb":{"@id":"https:\/\/kinaikaleidoszkop.hu\/index.php\/2024\/01\/26\/hszi-csin-ping-es-emmanuel-macron-udvozlo-beszedet-mondott-a-kinai-francia-diplomaciai-kapcsolatok-letrehozasanak-60-evforduloja-alkalmabol\/#breadcrumb"},"inLanguage":"hu","potentialAction":[{"@type":"ReadAction","target":["https:\/\/kinaikaleidoszkop.hu\/index.php\/2024\/01\/26\/hszi-csin-ping-es-emmanuel-macron-udvozlo-beszedet-mondott-a-kinai-francia-diplomaciai-kapcsolatok-letrehozasanak-60-evforduloja-alkalmabol\/"]}]},{"@type":"ImageObject","inLanguage":"hu","@id":"https:\/\/kinaikaleidoszkop.hu\/index.php\/2024\/01\/26\/hszi-csin-ping-es-emmanuel-macron-udvozlo-beszedet-mondott-a-kinai-francia-diplomaciai-kapcsolatok-letrehozasanak-60-evforduloja-alkalmabol\/#primaryimage","url":"https:\/\/kinaikaleidoszkop.hu\/wp-content\/uploads\/2024\/01\/0126CMGHszi-Csin-ping-es-Emmanuel-Macron-udvozlo-beszedet-mondott-a-kinai-francia-diplomaciai-kapcsolatok-letrehozasanak-60.-evforduloja-alkalmabol.png","contentUrl":"https:\/\/kinaikaleidoszkop.hu\/wp-content\/uploads\/2024\/01\/0126CMGHszi-Csin-ping-es-Emmanuel-Macron-udvozlo-beszedet-mondott-a-kinai-francia-diplomaciai-kapcsolatok-letrehozasanak-60.-evforduloja-alkalmabol.png","width":900,"height":564},{"@type":"BreadcrumbList","@id":"https:\/\/kinaikaleidoszkop.hu\/index.php\/2024\/01\/26\/hszi-csin-ping-es-emmanuel-macron-udvozlo-beszedet-mondott-a-kinai-francia-diplomaciai-kapcsolatok-letrehozasanak-60-evforduloja-alkalmabol\/#breadcrumb","itemListElement":[{"@type":"ListItem","position":1,"name":"Kezd\u0151lap","item":"https:\/\/kinaikaleidoszkop.hu\/"},{"@type":"ListItem","position":2,"name":"Hszi Csin-ping \u00e9s Emmanuel Macron \u00fcdv\u00f6zl\u0151 besz\u00e9det mondott a k\u00ednai-francia diplom\u00e1ciai kapcsolatok l\u00e9trehoz\u00e1s\u00e1nak 60. \u00e9vfordul\u00f3ja alkalm\u00e1b\u00f3l"}]},{"@type":"WebSite","@id":"https:\/\/kinaikaleidoszkop.hu\/#website","url":"https:\/\/kinaikaleidoszkop.hu\/","name":"kinaikaleidoszkop.hu","description":"","potentialAction":[{"@type":"SearchAction","target":{"@type":"EntryPoint","urlTemplate":"https:\/\/kinaikaleidoszkop.hu\/?s={search_term_string}"},"query-input":{"@type":"PropertyValueSpecification","valueRequired":true,"valueName":"search_term_string"}}],"inLanguage":"hu"},{"@type":"Person","@id":"https:\/\/kinaikaleidoszkop.hu\/#\/schema\/person\/b9e2febe742edd540c1197716ec02bf7","name":"admin-szabolcs","image":{"@type":"ImageObject","inLanguage":"hu","@id":"https:\/\/kinaikaleidoszkop.hu\/#\/schema\/person\/image\/","url":"https:\/\/secure.gravatar.com\/avatar\/154f262492794df2a6cb5d5349227b18ef8f85ab462fbb32625fc42406483d21?s=96&d=mm&r=g","contentUrl":"https:\/\/secure.gravatar.com\/avatar\/154f262492794df2a6cb5d5349227b18ef8f85ab462fbb32625fc42406483d21?s=96&d=mm&r=g","caption":"admin-szabolcs"},"url":"https:\/\/kinaikaleidoszkop.hu\/index.php\/author\/admin-szabolcs\/"}]}},"views":257,"distributor_meta":false,"distributor_terms":false,"distributor_media":false,"distributor_original_site_name":"kinaikaleidoszkop.hu","distributor_original_site_url":"https:\/\/kinaikaleidoszkop.hu","push-errors":false,"_links":{"self":[{"href":"https:\/\/kinaikaleidoszkop.hu\/index.php\/wp-json\/wp\/v2\/posts\/20905","targetHints":{"allow":["GET"]}}],"collection":[{"href":"https:\/\/kinaikaleidoszkop.hu\/index.php\/wp-json\/wp\/v2\/posts"}],"about":[{"href":"https:\/\/kinaikaleidoszkop.hu\/index.php\/wp-json\/wp\/v2\/types\/post"}],"author":[{"embeddable":true,"href":"https:\/\/kinaikaleidoszkop.hu\/index.php\/wp-json\/wp\/v2\/users\/2"}],"replies":[{"embeddable":true,"href":"https:\/\/kinaikaleidoszkop.hu\/index.php\/wp-json\/wp\/v2\/comments?post=20905"}],"version-history":[{"count":1,"href":"https:\/\/kinaikaleidoszkop.hu\/index.php\/wp-json\/wp\/v2\/posts\/20905\/revisions"}],"predecessor-version":[{"id":20911,"href":"https:\/\/kinaikaleidoszkop.hu\/index.php\/wp-json\/wp\/v2\/posts\/20905\/revisions\/20911"}],"wp:featuredmedia":[{"embeddable":true,"href":"https:\/\/kinaikaleidoszkop.hu\/index.php\/wp-json\/wp\/v2\/media\/20909"}],"wp:attachment":[{"href":"https:\/\/kinaikaleidoszkop.hu\/index.php\/wp-json\/wp\/v2\/media?parent=20905"}],"wp:term":[{"taxonomy":"category","embeddable":true,"href":"https:\/\/kinaikaleidoszkop.hu\/index.php\/wp-json\/wp\/v2\/categories?post=20905"},{"taxonomy":"post_tag","embeddable":true,"href":"https:\/\/kinaikaleidoszkop.hu\/index.php\/wp-json\/wp\/v2\/tags?post=20905"}],"curies":[{"name":"wp","href":"https:\/\/api.w.org\/{rel}","templated":true}]}}