{"id":20919,"date":"2024-01-26T16:13:35","date_gmt":"2024-01-26T15:13:35","guid":{"rendered":"https:\/\/kinaikaleidoszkop.hu\/?p=20919"},"modified":"2024-01-26T19:07:41","modified_gmt":"2024-01-26T18:07:41","slug":"boldog-tavaszunnep-unnepseg-a-sarkany-eve-alkalmabol","status":"publish","type":"post","link":"https:\/\/kinaikaleidoszkop.hu\/index.php\/2024\/01\/26\/boldog-tavaszunnep-unnepseg-a-sarkany-eve-alkalmabol\/","title":{"rendered":"\u201eBoldog tavasz\u00fcnnep&#8221; &#8211; \u00fcnneps\u00e9g a S\u00e1rk\u00e1ny \u00e9ve alkalm\u00e1b\u00f3l"},"content":{"rendered":"\n<p><strong>K\u00edn\u00e1n k\u00edv\u00fcl els\u0151k\u00e9nt Budapesten \u00fcnnepelt\u00e9k a febru\u00e1r 10-\u00e9n bek\u00f6sz\u00f6nt\u0151 S\u00e1rk\u00e1ny \u00e9v\u00e9t a F\u0151v\u00e1rosi \u00c1llat -\u00e9s N\u00f6v\u00e9nykerthez tartoz\u00f3 Biod\u00f3mban, amit 2018-ban Eur\u00f3pa legjobb szabadid\u0151s \u00e9p\u00fclet\u00e9nek v\u00e1lasztottak.<\/strong><\/p>\n\n\n\n<p><strong>A Budapesti K\u00ednai nagyk\u00f6vets\u00e9g, a Budapesti K\u00ednai Kultur\u00e1lis K\u00f6zpont, a K\u00ednai N\u00e9pk\u00f6zt\u00e1rsas\u00e1g Kultur\u00e1lis \u00e9s Turisztikai Miniszt\u00e9riuma Budapesti Turisztikai K\u00e9pviseleti Irod\u00e1j\u00e1val k\u00f6z\u00f6sen, a legnagyobb k\u00ednai \u00fcnnepet, a hold\u00faj\u00e9vet lampion fesztiv\u00e1llal k\u00f6sz\u00f6nt\u00f6tte. Az esem\u00e9nyt magyar oldalr\u00f3l a Kultur\u00e1lis \u00e9s Innov\u00e1ci\u00f3s Miniszt\u00e9rium, valamint a Magyar Turisztikai \u00dcgyn\u00f6ks\u00e9g t\u00e1mogatta.<\/strong><\/p>\n\n\n\n<figure class=\"wp-block-image size-large\"><img loading=\"lazy\" decoding=\"async\" width=\"1024\" height=\"683\" src=\"https:\/\/kinaikaleidoszkop.hu\/wp-content\/uploads\/2024\/01\/lampion1-1320x880-1-1024x683.jpg\" alt=\"\" class=\"wp-image-20922\" srcset=\"https:\/\/kinaikaleidoszkop.hu\/wp-content\/uploads\/2024\/01\/lampion1-1320x880-1-1024x683.jpg 1024w, https:\/\/kinaikaleidoszkop.hu\/wp-content\/uploads\/2024\/01\/lampion1-1320x880-1-300x200.jpg 300w, https:\/\/kinaikaleidoszkop.hu\/wp-content\/uploads\/2024\/01\/lampion1-1320x880-1-768x512.jpg 768w, https:\/\/kinaikaleidoszkop.hu\/wp-content\/uploads\/2024\/01\/lampion1-1320x880-1-414x276.jpg 414w, https:\/\/kinaikaleidoszkop.hu\/wp-content\/uploads\/2024\/01\/lampion1-1320x880-1-470x313.jpg 470w, https:\/\/kinaikaleidoszkop.hu\/wp-content\/uploads\/2024\/01\/lampion1-1320x880-1-640x426.jpg 640w, https:\/\/kinaikaleidoszkop.hu\/wp-content\/uploads\/2024\/01\/lampion1-1320x880-1-130x86.jpg 130w, https:\/\/kinaikaleidoszkop.hu\/wp-content\/uploads\/2024\/01\/lampion1-1320x880-1-187x124.jpg 187w, https:\/\/kinaikaleidoszkop.hu\/wp-content\/uploads\/2024\/01\/lampion1-1320x880-1-990x660.jpg 990w, https:\/\/kinaikaleidoszkop.hu\/wp-content\/uploads\/2024\/01\/lampion1-1320x880-1.jpg 1320w\" sizes=\"auto, (max-width: 1024px) 100vw, 1024px\" \/><figcaption class=\"wp-element-caption\"><strong><em>(Fot\u00f3: MTI\/Bruz\u00e1k No\u00e9mi)<\/em><\/strong><\/figcaption><\/figure>\n\n\n\n<p>A lampion fesztiv\u00e1l a \u201eBoldog tavasz\u00fcnnep&#8221; c\u00edm\u0171 rendezv\u00e9nysorozat els\u0151 felvon\u00e1sa, melyet Gong Tao, K\u00edna rendk\u00edv\u00fcli \u00e9s meghatalmazott nagyk\u00f6vete \u00e9s Cs\u00e1k J\u00e1nos kult\u00far\u00e1\u00e9rt \u00e9s innov\u00e1ci\u00f3\u00e9rt felel\u0151s miniszter nyitottak meg. Gong nagyk\u00f6vet besz\u00e9d\u00e9ben kiemelte, a k\u00e9toldal\u00fa kapcsolatok minden eddigin\u00e9l szorosabbak \u00e9s eredm\u00e9nyesebbek. Cs\u00e1k J\u00e1nos kultur\u00e1lis \u00e9s innov\u00e1ci\u00f3s miniszter hangs\u00falyozta, \u201emi vagyunk a legnyugatibb keleti n\u00e9p\u201d. A magyars\u00e1g keleti gy\u00f6kereit egy \u00faj tudom\u00e1ny\u00e1g, az archeo genetika is al\u00e1t\u00e1masztja, mely szerint is van k\u00f6z\u00f6s m\u00faltunk \u00e9s van mire \u00e9p\u00edteni. A kultur\u00e1lis miniszter besz\u00e9d\u00e9ben kiemelte, hogy a hagyom\u00e1nyok, az \u0151s\u00f6k, az id\u0151sek \u00e9s a csal\u00e1d ir\u00e1nti tisztelet is \u00f6sszek\u00f6t benn\u00fcnket magyarokat a k\u00ednaiakkal. Mindk\u00e9t n\u00e9p tiszteli, \u00e1polja \u00e9s tov\u00e1bbadja a hagyom\u00e1nyokat a fiatalabb gener\u00e1ci\u00f3nak.&nbsp; \u00d6sszek\u00f6tnek benn\u00fcnket a kult\u00fara, a zene, a filoz\u00f3fia \u00e9s a tudom\u00e1ny \u00e9rt\u00e9kei, valamint az egyens\u00falyra, harm\u00f3ni\u00e1ra \u00e9s b\u00e9k\u00e9re t\u00f6rekv\u00e9s is, mely hasonl\u00f3s\u00e1gok seg\u00edtik a k\u00e9t orsz\u00e1g k\u00f6z\u00f6tti egy\u00fcttm\u0171k\u00f6d\u00e9st. A k\u00ednai \u201eEgy \u00f6vezet, egy \u00fat egy\u00fcttm\u0171k\u00f6d\u00e9s\u201d \u00e9s Magyarorsz\u00e1g Keleti nyit\u00e1s politik\u00e1ja is ezt szimboliz\u00e1lja, s eredm\u00e9nyeit t\u00fckr\u00f6zik a gazdas\u00e1gi, az akad\u00e9miai \u00e9s a kultur\u00e1lis egy\u00fcttm\u0171k\u00f6d\u00e9sek is. Cs\u00e1k hangs\u00falyozta, hogy konfliktusokkal teli vil\u00e1gunkban megfontolts\u00e1gra van sz\u00fcks\u00e9g a b\u00e9k\u00e9hez, az egyens\u00faly megteremt\u00e9s\u00e9hez. A S\u00e1rk\u00e1ny \u00e9ve a rem\u00e9ny \u00e9s a lehet\u0151s\u00e9gek \u00e9ve, mely kiv\u00e1l\u00f3 alkalom az egy\u00fcttm\u0171k\u00f6d\u00e9sek er\u0151s\u00edt\u00e9s\u00e9re.<\/p>\n\n\n\n<figure class=\"wp-block-image size-large\"><img loading=\"lazy\" decoding=\"async\" width=\"1024\" height=\"767\" src=\"https:\/\/kinaikaleidoszkop.hu\/wp-content\/uploads\/2024\/01\/422396592_769471355207301_3002870133135926892_n-1024x767.jpg\" alt=\"\" class=\"wp-image-20924\" srcset=\"https:\/\/kinaikaleidoszkop.hu\/wp-content\/uploads\/2024\/01\/422396592_769471355207301_3002870133135926892_n-1024x767.jpg 1024w, https:\/\/kinaikaleidoszkop.hu\/wp-content\/uploads\/2024\/01\/422396592_769471355207301_3002870133135926892_n-300x225.jpg 300w, https:\/\/kinaikaleidoszkop.hu\/wp-content\/uploads\/2024\/01\/422396592_769471355207301_3002870133135926892_n-768x575.jpg 768w, https:\/\/kinaikaleidoszkop.hu\/wp-content\/uploads\/2024\/01\/422396592_769471355207301_3002870133135926892_n-74x55.jpg 74w, https:\/\/kinaikaleidoszkop.hu\/wp-content\/uploads\/2024\/01\/422396592_769471355207301_3002870133135926892_n-111x83.jpg 111w, https:\/\/kinaikaleidoszkop.hu\/wp-content\/uploads\/2024\/01\/422396592_769471355207301_3002870133135926892_n-215x161.jpg 215w, https:\/\/kinaikaleidoszkop.hu\/wp-content\/uploads\/2024\/01\/422396592_769471355207301_3002870133135926892_n-990x741.jpg 990w, https:\/\/kinaikaleidoszkop.hu\/wp-content\/uploads\/2024\/01\/422396592_769471355207301_3002870133135926892_n.jpg 1170w\" sizes=\"auto, (max-width: 1024px) 100vw, 1024px\" \/><figcaption class=\"wp-element-caption\"><strong><em>(Fot\u00f3: Magyar-K\u00ednai Bar\u00e1ti T\u00e1rsas\u00e1g &#8211; MKBT)<\/em><\/strong><\/figcaption><\/figure>\n\n\n\n<p>Az esem\u00e9ny f\u00e9ny\u00e9t emelte, hogy Sun Yeli, K\u00edna \u00fajonnan kinevezett kultur\u00e1lis \u00e9s turisztikai minisztere &#8211; akinek els\u0151 hivatalos k\u00fclf\u00f6ldi \u00fatja Budapestre vezetett &#8211; szint\u00e9n megnyit\u00f3 besz\u00e9det tartott. Hangs\u00falyozta, a hold\u00faj\u00e9vet &#8211; azaz m\u00e1s n\u00e9ven a tavasz\u00fcnnepet &#8211; 2023 december\u00e9ben az ENSZ vil\u00e1g\u00f6r\u00f6ks\u00e9gi hagyom\u00e1nynak nyilv\u00e1n\u00edtotta. A k\u00e9toldal\u00fa kultur\u00e1lis \u00e9s turisztikai kapcsolatok er\u0151teljes fejl\u0151d\u00e9st mutatnak, erre j\u00f3 p\u00e9lda, hogy a Fesztiv\u00e1lzenekar ism\u00e9t K\u00edn\u00e1ban turn\u00e9zott novemberben. A k\u00e9t kultur\u00e1lis t\u00e1rca akt\u00edv egy\u00fcttm\u0171k\u00f6d\u00e9s\u00e9t id\u00e9n, a diplom\u00e1ciai kapcsolatok 75. \u00e9vfordul\u00f3j\u00e1n m\u00e9g szorosabbra k\u00edv\u00e1nj\u00e1k f\u0171zni.&nbsp;<\/p>\n\n\n\n<figure class=\"wp-block-image size-large\"><img loading=\"lazy\" decoding=\"async\" width=\"1024\" height=\"621\" src=\"https:\/\/kinaikaleidoszkop.hu\/wp-content\/uploads\/2024\/01\/lampion3-1320x801-1-1024x621.jpg\" alt=\"\" class=\"wp-image-20925\" srcset=\"https:\/\/kinaikaleidoszkop.hu\/wp-content\/uploads\/2024\/01\/lampion3-1320x801-1-1024x621.jpg 1024w, https:\/\/kinaikaleidoszkop.hu\/wp-content\/uploads\/2024\/01\/lampion3-1320x801-1-300x182.jpg 300w, https:\/\/kinaikaleidoszkop.hu\/wp-content\/uploads\/2024\/01\/lampion3-1320x801-1-768x466.jpg 768w, https:\/\/kinaikaleidoszkop.hu\/wp-content\/uploads\/2024\/01\/lampion3-1320x801-1-990x601.jpg 990w, https:\/\/kinaikaleidoszkop.hu\/wp-content\/uploads\/2024\/01\/lampion3-1320x801-1.jpg 1320w\" sizes=\"auto, (max-width: 1024px) 100vw, 1024px\" \/><figcaption class=\"wp-element-caption\"><strong><em>Sun Yeli k\u00ednai kultur\u00e1lis \u00e9s turisztikai miniszter. (Fot\u00f3: MTI\/Bruz\u00e1k No\u00e9mi)<\/em><\/strong><\/figcaption><\/figure>\n\n\n\n<p>A \u201eBoldog tavasz\u00fcnnep&#8221; c\u00edm\u0171 rendezv\u00e9nysorozattal imm\u00e1r 10 \u00e9ve \u00fcnneplik Magyarorsz\u00e1gon is a hold\u00faj\u00e9vet. A k\u00e9zzel festett lampionok mellett, a megnyit\u00f3t a Magyar Nemzeti N\u00e9pt\u00e1ncegy\u00fcttes \u00e9s a K\u00ednai Opera- \u00e9s T\u00e1ncsz\u00ednh\u00e1z el\u0151ad\u00e1sai, valamint kultur\u00e1lis programok \u00e9s k\u00ednai fametszet-ki\u00e1ll\u00edt\u00e1s gazdag\u00edtott\u00e1k.<\/p>\n\n\n\n<figure class=\"wp-block-image size-large\"><img loading=\"lazy\" decoding=\"async\" width=\"1024\" height=\"648\" src=\"https:\/\/kinaikaleidoszkop.hu\/wp-content\/uploads\/2024\/01\/lampion2-1320x835-1-1024x648.jpg\" alt=\"\" class=\"wp-image-20923\" srcset=\"https:\/\/kinaikaleidoszkop.hu\/wp-content\/uploads\/2024\/01\/lampion2-1320x835-1-1024x648.jpg 1024w, https:\/\/kinaikaleidoszkop.hu\/wp-content\/uploads\/2024\/01\/lampion2-1320x835-1-300x190.jpg 300w, https:\/\/kinaikaleidoszkop.hu\/wp-content\/uploads\/2024\/01\/lampion2-1320x835-1-768x486.jpg 768w, https:\/\/kinaikaleidoszkop.hu\/wp-content\/uploads\/2024\/01\/lampion2-1320x835-1-990x626.jpg 990w, https:\/\/kinaikaleidoszkop.hu\/wp-content\/uploads\/2024\/01\/lampion2-1320x835-1.jpg 1320w\" sizes=\"auto, (max-width: 1024px) 100vw, 1024px\" \/><figcaption class=\"wp-element-caption\"><strong><em>A K\u00ednai Nemzeti Opera- \u00e9s T\u00e1ncsz\u00ednh\u00e1z m\u0171v\u00e9szeinek el\u0151ad\u00e1sa. (Fot\u00f3: MTI\/Bruz\u00e1k No\u00e9mi)<\/em><\/strong><\/figcaption><\/figure>\n\n\n\n<p>A&nbsp;S\u00e1rk\u00e1ny \u00c9ve Lampion Fesztiv\u00e1l&nbsp;a Biod\u00f3mban nemcsak a k\u00ednai kult\u00fara ir\u00e1nt \u00e9rdekl\u0151d\u0151ket sz\u00f3l\u00edtja meg: a f\u00e9ny \u00e9s \u00e1rny\u00e9k j\u00e1t\u00e9kok mindenkinek, csal\u00e1dosoknak \u00e9s gyerekeknek egyar\u00e1nt \u00e9lm\u00e9nyt ny\u00fajtanak. A k\u00e9zzel festett Zigong lampionok&nbsp;az\u00e9rt is \u00e9rdekesek, mert a k\u00ednai szellemi kultur\u00e1lis \u00f6r\u00f6ks\u00e9g r\u00e9sz\u00e9t k\u00e9pezik. A sokm\u00e9teres install\u00e1ci\u00f3k k\u00f6z\u00f6tt a k\u00ednai kult\u00fara jelk\u00e9pei mellett karibi flaming\u00f3kkal, sarkvid\u00e9ki jegesmedv\u00e9kkel, j\u00e1t\u00e9kos csimp\u00e1nzokkal, egzotikus \u00e1llatokkal is tal\u00e1lkozhatunk. A gy\u00f6ny\u00f6r\u0171, sz\u00ednes lampionok az \u00c1llatkerthez tartoz\u00f3 Biod\u00f3mban l\u00e1that\u00f3k 2024. febru\u00e1r 24-ig, minden nap 17-21 \u00f3ra k\u00f6z\u00f6tt.<\/p>\n\n\n\n<p><strong>2024. janu\u00e1r 26.<\/strong><\/p>\n","protected":false},"excerpt":{"rendered":"<p>K\u00edn\u00e1n k\u00edv\u00fcl els\u0151k\u00e9nt Budapesten \u00fcnnepelt\u00e9k a febru\u00e1r 10-\u00e9n bek\u00f6sz\u00f6nt\u0151 S\u00e1rk\u00e1ny \u00e9v\u00e9t a F\u0151v\u00e1rosi \u00c1llat -\u00e9s N\u00f6v\u00e9nykerthez tartoz\u00f3 Biod\u00f3mban, amit 2018-ban Eur\u00f3pa legjobb szabadid\u0151s \u00e9p\u00fclet\u00e9nek v\u00e1lasztottak. A Budapesti K\u00ednai nagyk\u00f6vets\u00e9g, a Budapesti K\u00ednai Kultur\u00e1lis K\u00f6zpont, a K\u00ednai N\u00e9pk\u00f6zt\u00e1rsas\u00e1g Kultur\u00e1lis \u00e9s Turisztikai Miniszt\u00e9riuma Budapesti Turisztikai K\u00e9pviseleti Irod\u00e1j\u00e1val k\u00f6z\u00f6sen, a legnagyobb k\u00ednai \u00fcnnepet, a hold\u00faj\u00e9vet lampion fesztiv\u00e1llal k\u00f6sz\u00f6nt\u00f6tte. [&hellip;]<\/p>\n","protected":false},"author":2,"featured_media":20924,"comment_status":"closed","ping_status":"closed","sticky":false,"template":"","format":"standard","meta":{"footnotes":""},"categories":[45,63,7],"tags":[3761,124,292,1430,3759,3696,592,3760,3497],"class_list":["post-20919","post","type-post","status-publish","format-standard","has-post-thumbnail","hentry","category-hirek","category-kultura","category-mind","tag-boldog-tavaszunnep","tag-budapest","tag-evfordulo","tag-fesztival","tag-fovarosi-allat-es-novenykert","tag-kina","tag-kinai-ujev","tag-lampion","tag-sarkany-eve"],"yoast_head":"<!-- This site is optimized with the Yoast SEO plugin v23.7 - https:\/\/yoast.com\/wordpress\/plugins\/seo\/ -->\n<title>\u201eBoldog tavasz\u00fcnnep&quot; - \u00fcnneps\u00e9g a S\u00e1rk\u00e1ny \u00e9ve alkalm\u00e1b\u00f3l - kinaikaleidoszkop.hu<\/title>\n<meta name=\"robots\" content=\"index, follow, max-snippet:-1, max-image-preview:large, max-video-preview:-1\" \/>\n<link rel=\"canonical\" href=\"https:\/\/kinaikaleidoszkop.hu\/index.php\/2024\/01\/26\/boldog-tavaszunnep-unnepseg-a-sarkany-eve-alkalmabol\/\" \/>\n<meta property=\"og:locale\" content=\"hu_HU\" \/>\n<meta property=\"og:type\" content=\"article\" \/>\n<meta property=\"og:title\" content=\"\u201eBoldog tavasz\u00fcnnep&quot; - \u00fcnneps\u00e9g a S\u00e1rk\u00e1ny \u00e9ve alkalm\u00e1b\u00f3l - kinaikaleidoszkop.hu\" \/>\n<meta property=\"og:description\" content=\"K\u00edn\u00e1n k\u00edv\u00fcl els\u0151k\u00e9nt Budapesten \u00fcnnepelt\u00e9k a febru\u00e1r 10-\u00e9n bek\u00f6sz\u00f6nt\u0151 S\u00e1rk\u00e1ny \u00e9v\u00e9t a F\u0151v\u00e1rosi \u00c1llat -\u00e9s N\u00f6v\u00e9nykerthez tartoz\u00f3 Biod\u00f3mban, amit 2018-ban Eur\u00f3pa legjobb szabadid\u0151s \u00e9p\u00fclet\u00e9nek v\u00e1lasztottak. A Budapesti K\u00ednai nagyk\u00f6vets\u00e9g, a Budapesti K\u00ednai Kultur\u00e1lis K\u00f6zpont, a K\u00ednai N\u00e9pk\u00f6zt\u00e1rsas\u00e1g Kultur\u00e1lis \u00e9s Turisztikai Miniszt\u00e9riuma Budapesti Turisztikai K\u00e9pviseleti Irod\u00e1j\u00e1val k\u00f6z\u00f6sen, a legnagyobb k\u00ednai \u00fcnnepet, a hold\u00faj\u00e9vet lampion fesztiv\u00e1llal k\u00f6sz\u00f6nt\u00f6tte. [&hellip;]\" \/>\n<meta property=\"og:url\" content=\"https:\/\/kinaikaleidoszkop.hu\/index.php\/2024\/01\/26\/boldog-tavaszunnep-unnepseg-a-sarkany-eve-alkalmabol\/\" \/>\n<meta property=\"og:site_name\" content=\"kinaikaleidoszkop.hu\" \/>\n<meta property=\"article:published_time\" content=\"2024-01-26T15:13:35+00:00\" \/>\n<meta property=\"article:modified_time\" content=\"2024-01-26T18:07:41+00:00\" \/>\n<meta property=\"og:image\" content=\"https:\/\/kinaikaleidoszkop.hu\/wp-content\/uploads\/2024\/01\/422396592_769471355207301_3002870133135926892_n.jpg\" \/>\n\t<meta property=\"og:image:width\" content=\"1170\" \/>\n\t<meta property=\"og:image:height\" content=\"876\" \/>\n\t<meta property=\"og:image:type\" content=\"image\/jpeg\" \/>\n<meta name=\"author\" content=\"admin-szabolcs\" \/>\n<meta name=\"twitter:card\" content=\"summary_large_image\" \/>\n<meta name=\"twitter:label1\" content=\"Szerz\u0151:\" \/>\n\t<meta name=\"twitter:data1\" content=\"admin-szabolcs\" \/>\n\t<meta name=\"twitter:label2\" content=\"Becs\u00fclt olvas\u00e1si id\u0151\" \/>\n\t<meta name=\"twitter:data2\" content=\"4 perc\" \/>\n<script type=\"application\/ld+json\" class=\"yoast-schema-graph\">{\"@context\":\"https:\/\/schema.org\",\"@graph\":[{\"@type\":\"WebPage\",\"@id\":\"https:\/\/kinaikaleidoszkop.hu\/index.php\/2024\/01\/26\/boldog-tavaszunnep-unnepseg-a-sarkany-eve-alkalmabol\/\",\"url\":\"https:\/\/kinaikaleidoszkop.hu\/index.php\/2024\/01\/26\/boldog-tavaszunnep-unnepseg-a-sarkany-eve-alkalmabol\/\",\"name\":\"\u201eBoldog tavasz\u00fcnnep\\\" - \u00fcnneps\u00e9g a S\u00e1rk\u00e1ny \u00e9ve alkalm\u00e1b\u00f3l - kinaikaleidoszkop.hu\",\"isPartOf\":{\"@id\":\"https:\/\/kinaikaleidoszkop.hu\/#website\"},\"primaryImageOfPage\":{\"@id\":\"https:\/\/kinaikaleidoszkop.hu\/index.php\/2024\/01\/26\/boldog-tavaszunnep-unnepseg-a-sarkany-eve-alkalmabol\/#primaryimage\"},\"image\":{\"@id\":\"https:\/\/kinaikaleidoszkop.hu\/index.php\/2024\/01\/26\/boldog-tavaszunnep-unnepseg-a-sarkany-eve-alkalmabol\/#primaryimage\"},\"thumbnailUrl\":\"https:\/\/kinaikaleidoszkop.hu\/wp-content\/uploads\/2024\/01\/422396592_769471355207301_3002870133135926892_n.jpg\",\"datePublished\":\"2024-01-26T15:13:35+00:00\",\"dateModified\":\"2024-01-26T18:07:41+00:00\",\"author\":{\"@id\":\"https:\/\/kinaikaleidoszkop.hu\/#\/schema\/person\/b9e2febe742edd540c1197716ec02bf7\"},\"breadcrumb\":{\"@id\":\"https:\/\/kinaikaleidoszkop.hu\/index.php\/2024\/01\/26\/boldog-tavaszunnep-unnepseg-a-sarkany-eve-alkalmabol\/#breadcrumb\"},\"inLanguage\":\"hu\",\"potentialAction\":[{\"@type\":\"ReadAction\",\"target\":[\"https:\/\/kinaikaleidoszkop.hu\/index.php\/2024\/01\/26\/boldog-tavaszunnep-unnepseg-a-sarkany-eve-alkalmabol\/\"]}]},{\"@type\":\"ImageObject\",\"inLanguage\":\"hu\",\"@id\":\"https:\/\/kinaikaleidoszkop.hu\/index.php\/2024\/01\/26\/boldog-tavaszunnep-unnepseg-a-sarkany-eve-alkalmabol\/#primaryimage\",\"url\":\"https:\/\/kinaikaleidoszkop.hu\/wp-content\/uploads\/2024\/01\/422396592_769471355207301_3002870133135926892_n.jpg\",\"contentUrl\":\"https:\/\/kinaikaleidoszkop.hu\/wp-content\/uploads\/2024\/01\/422396592_769471355207301_3002870133135926892_n.jpg\",\"width\":1170,\"height\":876},{\"@type\":\"BreadcrumbList\",\"@id\":\"https:\/\/kinaikaleidoszkop.hu\/index.php\/2024\/01\/26\/boldog-tavaszunnep-unnepseg-a-sarkany-eve-alkalmabol\/#breadcrumb\",\"itemListElement\":[{\"@type\":\"ListItem\",\"position\":1,\"name\":\"Kezd\u0151lap\",\"item\":\"https:\/\/kinaikaleidoszkop.hu\/\"},{\"@type\":\"ListItem\",\"position\":2,\"name\":\"\u201eBoldog tavasz\u00fcnnep&#8221; &#8211; \u00fcnneps\u00e9g a S\u00e1rk\u00e1ny \u00e9ve alkalm\u00e1b\u00f3l\"}]},{\"@type\":\"WebSite\",\"@id\":\"https:\/\/kinaikaleidoszkop.hu\/#website\",\"url\":\"https:\/\/kinaikaleidoszkop.hu\/\",\"name\":\"kinaikaleidoszkop.hu\",\"description\":\"\",\"potentialAction\":[{\"@type\":\"SearchAction\",\"target\":{\"@type\":\"EntryPoint\",\"urlTemplate\":\"https:\/\/kinaikaleidoszkop.hu\/?s={search_term_string}\"},\"query-input\":{\"@type\":\"PropertyValueSpecification\",\"valueRequired\":true,\"valueName\":\"search_term_string\"}}],\"inLanguage\":\"hu\"},{\"@type\":\"Person\",\"@id\":\"https:\/\/kinaikaleidoszkop.hu\/#\/schema\/person\/b9e2febe742edd540c1197716ec02bf7\",\"name\":\"admin-szabolcs\",\"image\":{\"@type\":\"ImageObject\",\"inLanguage\":\"hu\",\"@id\":\"https:\/\/kinaikaleidoszkop.hu\/#\/schema\/person\/image\/\",\"url\":\"https:\/\/secure.gravatar.com\/avatar\/154f262492794df2a6cb5d5349227b18ef8f85ab462fbb32625fc42406483d21?s=96&d=mm&r=g\",\"contentUrl\":\"https:\/\/secure.gravatar.com\/avatar\/154f262492794df2a6cb5d5349227b18ef8f85ab462fbb32625fc42406483d21?s=96&d=mm&r=g\",\"caption\":\"admin-szabolcs\"},\"url\":\"https:\/\/kinaikaleidoszkop.hu\/index.php\/author\/admin-szabolcs\/\"}]}<\/script>\n<!-- \/ Yoast SEO plugin. -->","yoast_head_json":{"title":"\u201eBoldog tavasz\u00fcnnep\" - \u00fcnneps\u00e9g a S\u00e1rk\u00e1ny \u00e9ve alkalm\u00e1b\u00f3l - kinaikaleidoszkop.hu","robots":{"index":"index","follow":"follow","max-snippet":"max-snippet:-1","max-image-preview":"max-image-preview:large","max-video-preview":"max-video-preview:-1"},"canonical":"https:\/\/kinaikaleidoszkop.hu\/index.php\/2024\/01\/26\/boldog-tavaszunnep-unnepseg-a-sarkany-eve-alkalmabol\/","og_locale":"hu_HU","og_type":"article","og_title":"\u201eBoldog tavasz\u00fcnnep\" - \u00fcnneps\u00e9g a S\u00e1rk\u00e1ny \u00e9ve alkalm\u00e1b\u00f3l - kinaikaleidoszkop.hu","og_description":"K\u00edn\u00e1n k\u00edv\u00fcl els\u0151k\u00e9nt Budapesten \u00fcnnepelt\u00e9k a febru\u00e1r 10-\u00e9n bek\u00f6sz\u00f6nt\u0151 S\u00e1rk\u00e1ny \u00e9v\u00e9t a F\u0151v\u00e1rosi \u00c1llat -\u00e9s N\u00f6v\u00e9nykerthez tartoz\u00f3 Biod\u00f3mban, amit 2018-ban Eur\u00f3pa legjobb szabadid\u0151s \u00e9p\u00fclet\u00e9nek v\u00e1lasztottak. A Budapesti K\u00ednai nagyk\u00f6vets\u00e9g, a Budapesti K\u00ednai Kultur\u00e1lis K\u00f6zpont, a K\u00ednai N\u00e9pk\u00f6zt\u00e1rsas\u00e1g Kultur\u00e1lis \u00e9s Turisztikai Miniszt\u00e9riuma Budapesti Turisztikai K\u00e9pviseleti Irod\u00e1j\u00e1val k\u00f6z\u00f6sen, a legnagyobb k\u00ednai \u00fcnnepet, a hold\u00faj\u00e9vet lampion fesztiv\u00e1llal k\u00f6sz\u00f6nt\u00f6tte. [&hellip;]","og_url":"https:\/\/kinaikaleidoszkop.hu\/index.php\/2024\/01\/26\/boldog-tavaszunnep-unnepseg-a-sarkany-eve-alkalmabol\/","og_site_name":"kinaikaleidoszkop.hu","article_published_time":"2024-01-26T15:13:35+00:00","article_modified_time":"2024-01-26T18:07:41+00:00","og_image":[{"width":1170,"height":876,"url":"https:\/\/kinaikaleidoszkop.hu\/wp-content\/uploads\/2024\/01\/422396592_769471355207301_3002870133135926892_n.jpg","type":"image\/jpeg"}],"author":"admin-szabolcs","twitter_card":"summary_large_image","twitter_misc":{"Szerz\u0151:":"admin-szabolcs","Becs\u00fclt olvas\u00e1si id\u0151":"4 perc"},"schema":{"@context":"https:\/\/schema.org","@graph":[{"@type":"WebPage","@id":"https:\/\/kinaikaleidoszkop.hu\/index.php\/2024\/01\/26\/boldog-tavaszunnep-unnepseg-a-sarkany-eve-alkalmabol\/","url":"https:\/\/kinaikaleidoszkop.hu\/index.php\/2024\/01\/26\/boldog-tavaszunnep-unnepseg-a-sarkany-eve-alkalmabol\/","name":"\u201eBoldog tavasz\u00fcnnep\" - \u00fcnneps\u00e9g a S\u00e1rk\u00e1ny \u00e9ve alkalm\u00e1b\u00f3l - kinaikaleidoszkop.hu","isPartOf":{"@id":"https:\/\/kinaikaleidoszkop.hu\/#website"},"primaryImageOfPage":{"@id":"https:\/\/kinaikaleidoszkop.hu\/index.php\/2024\/01\/26\/boldog-tavaszunnep-unnepseg-a-sarkany-eve-alkalmabol\/#primaryimage"},"image":{"@id":"https:\/\/kinaikaleidoszkop.hu\/index.php\/2024\/01\/26\/boldog-tavaszunnep-unnepseg-a-sarkany-eve-alkalmabol\/#primaryimage"},"thumbnailUrl":"https:\/\/kinaikaleidoszkop.hu\/wp-content\/uploads\/2024\/01\/422396592_769471355207301_3002870133135926892_n.jpg","datePublished":"2024-01-26T15:13:35+00:00","dateModified":"2024-01-26T18:07:41+00:00","author":{"@id":"https:\/\/kinaikaleidoszkop.hu\/#\/schema\/person\/b9e2febe742edd540c1197716ec02bf7"},"breadcrumb":{"@id":"https:\/\/kinaikaleidoszkop.hu\/index.php\/2024\/01\/26\/boldog-tavaszunnep-unnepseg-a-sarkany-eve-alkalmabol\/#breadcrumb"},"inLanguage":"hu","potentialAction":[{"@type":"ReadAction","target":["https:\/\/kinaikaleidoszkop.hu\/index.php\/2024\/01\/26\/boldog-tavaszunnep-unnepseg-a-sarkany-eve-alkalmabol\/"]}]},{"@type":"ImageObject","inLanguage":"hu","@id":"https:\/\/kinaikaleidoszkop.hu\/index.php\/2024\/01\/26\/boldog-tavaszunnep-unnepseg-a-sarkany-eve-alkalmabol\/#primaryimage","url":"https:\/\/kinaikaleidoszkop.hu\/wp-content\/uploads\/2024\/01\/422396592_769471355207301_3002870133135926892_n.jpg","contentUrl":"https:\/\/kinaikaleidoszkop.hu\/wp-content\/uploads\/2024\/01\/422396592_769471355207301_3002870133135926892_n.jpg","width":1170,"height":876},{"@type":"BreadcrumbList","@id":"https:\/\/kinaikaleidoszkop.hu\/index.php\/2024\/01\/26\/boldog-tavaszunnep-unnepseg-a-sarkany-eve-alkalmabol\/#breadcrumb","itemListElement":[{"@type":"ListItem","position":1,"name":"Kezd\u0151lap","item":"https:\/\/kinaikaleidoszkop.hu\/"},{"@type":"ListItem","position":2,"name":"\u201eBoldog tavasz\u00fcnnep&#8221; &#8211; \u00fcnneps\u00e9g a S\u00e1rk\u00e1ny \u00e9ve alkalm\u00e1b\u00f3l"}]},{"@type":"WebSite","@id":"https:\/\/kinaikaleidoszkop.hu\/#website","url":"https:\/\/kinaikaleidoszkop.hu\/","name":"kinaikaleidoszkop.hu","description":"","potentialAction":[{"@type":"SearchAction","target":{"@type":"EntryPoint","urlTemplate":"https:\/\/kinaikaleidoszkop.hu\/?s={search_term_string}"},"query-input":{"@type":"PropertyValueSpecification","valueRequired":true,"valueName":"search_term_string"}}],"inLanguage":"hu"},{"@type":"Person","@id":"https:\/\/kinaikaleidoszkop.hu\/#\/schema\/person\/b9e2febe742edd540c1197716ec02bf7","name":"admin-szabolcs","image":{"@type":"ImageObject","inLanguage":"hu","@id":"https:\/\/kinaikaleidoszkop.hu\/#\/schema\/person\/image\/","url":"https:\/\/secure.gravatar.com\/avatar\/154f262492794df2a6cb5d5349227b18ef8f85ab462fbb32625fc42406483d21?s=96&d=mm&r=g","contentUrl":"https:\/\/secure.gravatar.com\/avatar\/154f262492794df2a6cb5d5349227b18ef8f85ab462fbb32625fc42406483d21?s=96&d=mm&r=g","caption":"admin-szabolcs"},"url":"https:\/\/kinaikaleidoszkop.hu\/index.php\/author\/admin-szabolcs\/"}]}},"views":491,"distributor_meta":false,"distributor_terms":false,"distributor_media":false,"distributor_original_site_name":"kinaikaleidoszkop.hu","distributor_original_site_url":"https:\/\/kinaikaleidoszkop.hu","push-errors":false,"_links":{"self":[{"href":"https:\/\/kinaikaleidoszkop.hu\/index.php\/wp-json\/wp\/v2\/posts\/20919","targetHints":{"allow":["GET"]}}],"collection":[{"href":"https:\/\/kinaikaleidoszkop.hu\/index.php\/wp-json\/wp\/v2\/posts"}],"about":[{"href":"https:\/\/kinaikaleidoszkop.hu\/index.php\/wp-json\/wp\/v2\/types\/post"}],"author":[{"embeddable":true,"href":"https:\/\/kinaikaleidoszkop.hu\/index.php\/wp-json\/wp\/v2\/users\/2"}],"replies":[{"embeddable":true,"href":"https:\/\/kinaikaleidoszkop.hu\/index.php\/wp-json\/wp\/v2\/comments?post=20919"}],"version-history":[{"count":2,"href":"https:\/\/kinaikaleidoszkop.hu\/index.php\/wp-json\/wp\/v2\/posts\/20919\/revisions"}],"predecessor-version":[{"id":20928,"href":"https:\/\/kinaikaleidoszkop.hu\/index.php\/wp-json\/wp\/v2\/posts\/20919\/revisions\/20928"}],"wp:featuredmedia":[{"embeddable":true,"href":"https:\/\/kinaikaleidoszkop.hu\/index.php\/wp-json\/wp\/v2\/media\/20924"}],"wp:attachment":[{"href":"https:\/\/kinaikaleidoszkop.hu\/index.php\/wp-json\/wp\/v2\/media?parent=20919"}],"wp:term":[{"taxonomy":"category","embeddable":true,"href":"https:\/\/kinaikaleidoszkop.hu\/index.php\/wp-json\/wp\/v2\/categories?post=20919"},{"taxonomy":"post_tag","embeddable":true,"href":"https:\/\/kinaikaleidoszkop.hu\/index.php\/wp-json\/wp\/v2\/tags?post=20919"}],"curies":[{"name":"wp","href":"https:\/\/api.w.org\/{rel}","templated":true}]}}