{"id":20985,"date":"2024-02-02T10:07:20","date_gmt":"2024-02-02T09:07:20","guid":{"rendered":"https:\/\/kinaikaleidoszkop.hu\/?p=20985"},"modified":"2024-02-02T10:07:21","modified_gmt":"2024-02-02T09:07:21","slug":"wang-yi-az-emberi-sorskozosseg-felepiteset-helyezi-eloterbe-iden-kina","status":"publish","type":"post","link":"https:\/\/kinaikaleidoszkop.hu\/index.php\/2024\/02\/02\/wang-yi-az-emberi-sorskozosseg-felepiteset-helyezi-eloterbe-iden-kina\/","title":{"rendered":"Wang Yi: az emberi sorsk\u00f6z\u00f6ss\u00e9g fel\u00e9p\u00edt\u00e9s\u00e9t helyezi el\u0151t\u00e9rbe id\u00e9n K\u00edna"},"content":{"rendered":"\n<p><strong>Janu\u00e1r 31-\u00e9n a K\u00ednai K\u00fcl\u00fcgyminiszt\u00e9rium 2024-es tavasz\u00fcnnepi fogad\u00e1st rendezett a Nemzeti El\u0151ad\u00f3-m\u0171v\u00e9szeti K\u00f6zpontban. K\u00edn\u00e1ban dolgoz\u00f3 k\u00fclf\u00f6ldi nagyk\u00f6vetek \u00e9s k\u00ednai k\u00e9pvisel\u0151k \u00f6sszesen t\u00f6bb mint 400-an vettek r\u00e9szt az esem\u00e9nyen.<\/strong><\/p>\n\n\n<div class=\"wp-block-image\">\n<figure class=\"alignright size-full is-resized\"><img decoding=\"async\" src=\"https:\/\/hirpest.hu\/wp-content\/uploads\/2024\/02\/0201Lea1.jpg\" alt=\"\" class=\"wp-image-20815\" style=\"width:453px;height:auto\"\/><\/figure>\n<\/div>\n\n\n<p>Besz\u00e9d\u00e9ben Wang Yi k\u00ednai k\u00fcl\u00fcgyminiszter elmondta, hogy egyre t\u00f6bb orsz\u00e1g \u00e9s n\u00e9p veszi \u00e9szre, hogy az emberis\u00e9g \u00e9s a vil\u00e1g egy nagy sorsk\u00f6z\u00f6ss\u00e9g, a glob\u00e1lis falu j\u00f6v\u0151je a saj\u00e1t kez\u00fcnkben van. Az elm\u00falt \u00e9vekben K\u00edna ragaszkodott a p\u00e1rbesz\u00e9dhez \u00e9s az egy\u00fcttm\u0171k\u00f6d\u00e9shez a nagyhatalmak k\u00f6z\u00f6tti pozit\u00edv k\u00f6lcs\u00f6nhat\u00e1sban, megb\u00edzhat\u00f3 partnere volt a t\u00f6bbi orsz\u00e1gnak \u00c1zsia k\u00f6z\u00f6s \u00e9p\u00edt\u00e9s\u00e9ben, a vil\u00e1g fejl\u0151d\u0151 orsz\u00e1gainak hat\u00e1rozott tagja volt a D\u00e9l\u2013D\u00e9l egy\u00fcttm\u0171k\u00f6d\u00e9sben, megingathatatlan er\u0151 volt a vil\u00e1gb\u00e9ke v\u00e9delmez\u00e9s\u00e9ben, valamint tov\u00e1bbi nyitotts\u00e1got \u00e9s fejl\u0151d\u00e9st seg\u00edtett el\u0151, \u00e9s hajt\u00f3er\u0151k\u00e9nt mozd\u00edtotta el\u0151 a glob\u00e1lis gazdas\u00e1gi fellend\u00fcl\u00e9st &#8211; fogalmazott Wang Yi.<\/p>\n\n\n\n<p>Id\u00e9n van a K\u00ednai N\u00e9pk\u00f6zt\u00e1rsas\u00e1g l\u00e9trehoz\u00e1s\u00e1nak 75. \u00e9vfordul\u00f3ja. A k\u00ednai diplom\u00e1cia vezet\u0151je \u00fagy v\u00e9lekedett, hogy K\u00edna az emberis\u00e9g sorsk\u00f6z\u00f6ss\u00e9g\u00e9nek ki\u00e9p\u00edt\u00e9s\u00e9t tartja a k\u00ednai diplom\u00e1ciai munk\u00e1k legfontosabb c\u00e9lj\u00e1nak, \u00e9s k\u00e9sz valamennyi orsz\u00e1ggal egy\u00fctt ki\u00e9p\u00edteni a b\u00e9ke \u00e9s biztons\u00e1g alapjait, k\u00e9sz er\u0151t gy\u0171jteni a bar\u00e1ti egy\u00fcttm\u0171k\u00f6d\u00e9sekhez, valamint k\u00e9sz k\u00f6z\u00f6sen \u00e9p\u00edteni a vir\u00e1gz\u00f3 j\u00f6v\u0151t a multilateralizmus \u00fatj\u00e1n.<\/p>\n\n\n\n<p><strong><em>(Ma Xiaolu \u2013 China Media Group)<\/em><\/strong><\/p>\n\n\n\n<p><strong>2024. febru\u00e1r 2.<\/strong><\/p>\n\n\n\n<p><strong><em>(x)<\/em><\/strong><\/p>\n","protected":false},"excerpt":{"rendered":"<p>Janu\u00e1r 31-\u00e9n a K\u00ednai K\u00fcl\u00fcgyminiszt\u00e9rium 2024-es tavasz\u00fcnnepi fogad\u00e1st rendezett a Nemzeti El\u0151ad\u00f3-m\u0171v\u00e9szeti K\u00f6zpontban. K\u00edn\u00e1ban dolgoz\u00f3 k\u00fclf\u00f6ldi nagyk\u00f6vetek \u00e9s k\u00ednai k\u00e9pvisel\u0151k \u00f6sszesen t\u00f6bb mint 400-an vettek r\u00e9szt az esem\u00e9nyen. Besz\u00e9d\u00e9ben Wang Yi k\u00ednai k\u00fcl\u00fcgyminiszter elmondta, hogy egyre t\u00f6bb orsz\u00e1g \u00e9s n\u00e9p veszi \u00e9szre, hogy az emberis\u00e9g \u00e9s a vil\u00e1g egy nagy sorsk\u00f6z\u00f6ss\u00e9g, a glob\u00e1lis falu j\u00f6v\u0151je [&hellip;]<\/p>\n","protected":false},"author":2,"featured_media":20997,"comment_status":"closed","ping_status":"closed","sticky":false,"template":"","format":"standard","meta":{"footnotes":""},"categories":[45],"tags":[1204,637,273,292,3696,589,752,436,3775,434],"class_list":["post-20985","post","type-post","status-publish","format-standard","has-post-thumbnail","hentry","category-hirek","tag-beke","tag-diplomacia","tag-egyuttmukodes","tag-evfordulo","tag-kina","tag-kinai-kulugyminiszter","tag-kinai-kulugyminiszterium","tag-sorskozosseg","tag-tavaszunnepi-fogadas","tag-wang-yi"],"yoast_head":"<!-- This site is optimized with the Yoast SEO plugin v23.7 - https:\/\/yoast.com\/wordpress\/plugins\/seo\/ -->\n<title>Wang Yi: az emberi sorsk\u00f6z\u00f6ss\u00e9g fel\u00e9p\u00edt\u00e9s\u00e9t helyezi el\u0151t\u00e9rbe id\u00e9n K\u00edna - kinaikaleidoszkop.hu<\/title>\n<meta name=\"robots\" content=\"index, follow, max-snippet:-1, max-image-preview:large, max-video-preview:-1\" \/>\n<link rel=\"canonical\" href=\"https:\/\/kinaikaleidoszkop.hu\/index.php\/2024\/02\/02\/wang-yi-az-emberi-sorskozosseg-felepiteset-helyezi-eloterbe-iden-kina\/\" \/>\n<meta property=\"og:locale\" content=\"hu_HU\" \/>\n<meta property=\"og:type\" content=\"article\" \/>\n<meta property=\"og:title\" content=\"Wang Yi: az emberi sorsk\u00f6z\u00f6ss\u00e9g fel\u00e9p\u00edt\u00e9s\u00e9t helyezi el\u0151t\u00e9rbe id\u00e9n K\u00edna - kinaikaleidoszkop.hu\" \/>\n<meta property=\"og:description\" content=\"Janu\u00e1r 31-\u00e9n a K\u00ednai K\u00fcl\u00fcgyminiszt\u00e9rium 2024-es tavasz\u00fcnnepi fogad\u00e1st rendezett a Nemzeti El\u0151ad\u00f3-m\u0171v\u00e9szeti K\u00f6zpontban. K\u00edn\u00e1ban dolgoz\u00f3 k\u00fclf\u00f6ldi nagyk\u00f6vetek \u00e9s k\u00ednai k\u00e9pvisel\u0151k \u00f6sszesen t\u00f6bb mint 400-an vettek r\u00e9szt az esem\u00e9nyen. Besz\u00e9d\u00e9ben Wang Yi k\u00ednai k\u00fcl\u00fcgyminiszter elmondta, hogy egyre t\u00f6bb orsz\u00e1g \u00e9s n\u00e9p veszi \u00e9szre, hogy az emberis\u00e9g \u00e9s a vil\u00e1g egy nagy sorsk\u00f6z\u00f6ss\u00e9g, a glob\u00e1lis falu j\u00f6v\u0151je [&hellip;]\" \/>\n<meta property=\"og:url\" content=\"https:\/\/kinaikaleidoszkop.hu\/index.php\/2024\/02\/02\/wang-yi-az-emberi-sorskozosseg-felepiteset-helyezi-eloterbe-iden-kina\/\" \/>\n<meta property=\"og:site_name\" content=\"kinaikaleidoszkop.hu\" \/>\n<meta property=\"article:published_time\" content=\"2024-02-02T09:07:20+00:00\" \/>\n<meta property=\"article:modified_time\" content=\"2024-02-02T09:07:21+00:00\" \/>\n<meta property=\"og:image\" content=\"https:\/\/kinaikaleidoszkop.hu\/wp-content\/uploads\/2024\/02\/0201Lea1.jpg\" \/>\n\t<meta property=\"og:image:width\" content=\"600\" \/>\n\t<meta property=\"og:image:height\" content=\"483\" \/>\n\t<meta property=\"og:image:type\" content=\"image\/jpeg\" \/>\n<meta name=\"author\" content=\"admin-szabolcs\" \/>\n<meta name=\"twitter:card\" content=\"summary_large_image\" \/>\n<meta name=\"twitter:label1\" content=\"Szerz\u0151:\" \/>\n\t<meta name=\"twitter:data1\" content=\"admin-szabolcs\" \/>\n\t<meta name=\"twitter:label2\" content=\"Becs\u00fclt olvas\u00e1si id\u0151\" \/>\n\t<meta name=\"twitter:data2\" content=\"2 perc\" \/>\n<script type=\"application\/ld+json\" class=\"yoast-schema-graph\">{\"@context\":\"https:\/\/schema.org\",\"@graph\":[{\"@type\":\"WebPage\",\"@id\":\"https:\/\/kinaikaleidoszkop.hu\/index.php\/2024\/02\/02\/wang-yi-az-emberi-sorskozosseg-felepiteset-helyezi-eloterbe-iden-kina\/\",\"url\":\"https:\/\/kinaikaleidoszkop.hu\/index.php\/2024\/02\/02\/wang-yi-az-emberi-sorskozosseg-felepiteset-helyezi-eloterbe-iden-kina\/\",\"name\":\"Wang Yi: az emberi sorsk\u00f6z\u00f6ss\u00e9g fel\u00e9p\u00edt\u00e9s\u00e9t helyezi el\u0151t\u00e9rbe id\u00e9n K\u00edna - kinaikaleidoszkop.hu\",\"isPartOf\":{\"@id\":\"https:\/\/kinaikaleidoszkop.hu\/#website\"},\"primaryImageOfPage\":{\"@id\":\"https:\/\/kinaikaleidoszkop.hu\/index.php\/2024\/02\/02\/wang-yi-az-emberi-sorskozosseg-felepiteset-helyezi-eloterbe-iden-kina\/#primaryimage\"},\"image\":{\"@id\":\"https:\/\/kinaikaleidoszkop.hu\/index.php\/2024\/02\/02\/wang-yi-az-emberi-sorskozosseg-felepiteset-helyezi-eloterbe-iden-kina\/#primaryimage\"},\"thumbnailUrl\":\"https:\/\/kinaikaleidoszkop.hu\/wp-content\/uploads\/2024\/02\/0201Lea1.jpg\",\"datePublished\":\"2024-02-02T09:07:20+00:00\",\"dateModified\":\"2024-02-02T09:07:21+00:00\",\"author\":{\"@id\":\"https:\/\/kinaikaleidoszkop.hu\/#\/schema\/person\/b9e2febe742edd540c1197716ec02bf7\"},\"breadcrumb\":{\"@id\":\"https:\/\/kinaikaleidoszkop.hu\/index.php\/2024\/02\/02\/wang-yi-az-emberi-sorskozosseg-felepiteset-helyezi-eloterbe-iden-kina\/#breadcrumb\"},\"inLanguage\":\"hu\",\"potentialAction\":[{\"@type\":\"ReadAction\",\"target\":[\"https:\/\/kinaikaleidoszkop.hu\/index.php\/2024\/02\/02\/wang-yi-az-emberi-sorskozosseg-felepiteset-helyezi-eloterbe-iden-kina\/\"]}]},{\"@type\":\"ImageObject\",\"inLanguage\":\"hu\",\"@id\":\"https:\/\/kinaikaleidoszkop.hu\/index.php\/2024\/02\/02\/wang-yi-az-emberi-sorskozosseg-felepiteset-helyezi-eloterbe-iden-kina\/#primaryimage\",\"url\":\"https:\/\/kinaikaleidoszkop.hu\/wp-content\/uploads\/2024\/02\/0201Lea1.jpg\",\"contentUrl\":\"https:\/\/kinaikaleidoszkop.hu\/wp-content\/uploads\/2024\/02\/0201Lea1.jpg\",\"width\":600,\"height\":483},{\"@type\":\"BreadcrumbList\",\"@id\":\"https:\/\/kinaikaleidoszkop.hu\/index.php\/2024\/02\/02\/wang-yi-az-emberi-sorskozosseg-felepiteset-helyezi-eloterbe-iden-kina\/#breadcrumb\",\"itemListElement\":[{\"@type\":\"ListItem\",\"position\":1,\"name\":\"Kezd\u0151lap\",\"item\":\"https:\/\/kinaikaleidoszkop.hu\/\"},{\"@type\":\"ListItem\",\"position\":2,\"name\":\"Wang Yi: az emberi sorsk\u00f6z\u00f6ss\u00e9g fel\u00e9p\u00edt\u00e9s\u00e9t helyezi el\u0151t\u00e9rbe id\u00e9n K\u00edna\"}]},{\"@type\":\"WebSite\",\"@id\":\"https:\/\/kinaikaleidoszkop.hu\/#website\",\"url\":\"https:\/\/kinaikaleidoszkop.hu\/\",\"name\":\"kinaikaleidoszkop.hu\",\"description\":\"\",\"potentialAction\":[{\"@type\":\"SearchAction\",\"target\":{\"@type\":\"EntryPoint\",\"urlTemplate\":\"https:\/\/kinaikaleidoszkop.hu\/?s={search_term_string}\"},\"query-input\":{\"@type\":\"PropertyValueSpecification\",\"valueRequired\":true,\"valueName\":\"search_term_string\"}}],\"inLanguage\":\"hu\"},{\"@type\":\"Person\",\"@id\":\"https:\/\/kinaikaleidoszkop.hu\/#\/schema\/person\/b9e2febe742edd540c1197716ec02bf7\",\"name\":\"admin-szabolcs\",\"image\":{\"@type\":\"ImageObject\",\"inLanguage\":\"hu\",\"@id\":\"https:\/\/kinaikaleidoszkop.hu\/#\/schema\/person\/image\/\",\"url\":\"https:\/\/secure.gravatar.com\/avatar\/154f262492794df2a6cb5d5349227b18ef8f85ab462fbb32625fc42406483d21?s=96&d=mm&r=g\",\"contentUrl\":\"https:\/\/secure.gravatar.com\/avatar\/154f262492794df2a6cb5d5349227b18ef8f85ab462fbb32625fc42406483d21?s=96&d=mm&r=g\",\"caption\":\"admin-szabolcs\"},\"url\":\"https:\/\/kinaikaleidoszkop.hu\/index.php\/author\/admin-szabolcs\/\"}]}<\/script>\n<!-- \/ Yoast SEO plugin. -->","yoast_head_json":{"title":"Wang Yi: az emberi sorsk\u00f6z\u00f6ss\u00e9g fel\u00e9p\u00edt\u00e9s\u00e9t helyezi el\u0151t\u00e9rbe id\u00e9n K\u00edna - kinaikaleidoszkop.hu","robots":{"index":"index","follow":"follow","max-snippet":"max-snippet:-1","max-image-preview":"max-image-preview:large","max-video-preview":"max-video-preview:-1"},"canonical":"https:\/\/kinaikaleidoszkop.hu\/index.php\/2024\/02\/02\/wang-yi-az-emberi-sorskozosseg-felepiteset-helyezi-eloterbe-iden-kina\/","og_locale":"hu_HU","og_type":"article","og_title":"Wang Yi: az emberi sorsk\u00f6z\u00f6ss\u00e9g fel\u00e9p\u00edt\u00e9s\u00e9t helyezi el\u0151t\u00e9rbe id\u00e9n K\u00edna - kinaikaleidoszkop.hu","og_description":"Janu\u00e1r 31-\u00e9n a K\u00ednai K\u00fcl\u00fcgyminiszt\u00e9rium 2024-es tavasz\u00fcnnepi fogad\u00e1st rendezett a Nemzeti El\u0151ad\u00f3-m\u0171v\u00e9szeti K\u00f6zpontban. K\u00edn\u00e1ban dolgoz\u00f3 k\u00fclf\u00f6ldi nagyk\u00f6vetek \u00e9s k\u00ednai k\u00e9pvisel\u0151k \u00f6sszesen t\u00f6bb mint 400-an vettek r\u00e9szt az esem\u00e9nyen. Besz\u00e9d\u00e9ben Wang Yi k\u00ednai k\u00fcl\u00fcgyminiszter elmondta, hogy egyre t\u00f6bb orsz\u00e1g \u00e9s n\u00e9p veszi \u00e9szre, hogy az emberis\u00e9g \u00e9s a vil\u00e1g egy nagy sorsk\u00f6z\u00f6ss\u00e9g, a glob\u00e1lis falu j\u00f6v\u0151je [&hellip;]","og_url":"https:\/\/kinaikaleidoszkop.hu\/index.php\/2024\/02\/02\/wang-yi-az-emberi-sorskozosseg-felepiteset-helyezi-eloterbe-iden-kina\/","og_site_name":"kinaikaleidoszkop.hu","article_published_time":"2024-02-02T09:07:20+00:00","article_modified_time":"2024-02-02T09:07:21+00:00","og_image":[{"width":600,"height":483,"url":"https:\/\/kinaikaleidoszkop.hu\/wp-content\/uploads\/2024\/02\/0201Lea1.jpg","type":"image\/jpeg"}],"author":"admin-szabolcs","twitter_card":"summary_large_image","twitter_misc":{"Szerz\u0151:":"admin-szabolcs","Becs\u00fclt olvas\u00e1si id\u0151":"2 perc"},"schema":{"@context":"https:\/\/schema.org","@graph":[{"@type":"WebPage","@id":"https:\/\/kinaikaleidoszkop.hu\/index.php\/2024\/02\/02\/wang-yi-az-emberi-sorskozosseg-felepiteset-helyezi-eloterbe-iden-kina\/","url":"https:\/\/kinaikaleidoszkop.hu\/index.php\/2024\/02\/02\/wang-yi-az-emberi-sorskozosseg-felepiteset-helyezi-eloterbe-iden-kina\/","name":"Wang Yi: az emberi sorsk\u00f6z\u00f6ss\u00e9g fel\u00e9p\u00edt\u00e9s\u00e9t helyezi el\u0151t\u00e9rbe id\u00e9n K\u00edna - kinaikaleidoszkop.hu","isPartOf":{"@id":"https:\/\/kinaikaleidoszkop.hu\/#website"},"primaryImageOfPage":{"@id":"https:\/\/kinaikaleidoszkop.hu\/index.php\/2024\/02\/02\/wang-yi-az-emberi-sorskozosseg-felepiteset-helyezi-eloterbe-iden-kina\/#primaryimage"},"image":{"@id":"https:\/\/kinaikaleidoszkop.hu\/index.php\/2024\/02\/02\/wang-yi-az-emberi-sorskozosseg-felepiteset-helyezi-eloterbe-iden-kina\/#primaryimage"},"thumbnailUrl":"https:\/\/kinaikaleidoszkop.hu\/wp-content\/uploads\/2024\/02\/0201Lea1.jpg","datePublished":"2024-02-02T09:07:20+00:00","dateModified":"2024-02-02T09:07:21+00:00","author":{"@id":"https:\/\/kinaikaleidoszkop.hu\/#\/schema\/person\/b9e2febe742edd540c1197716ec02bf7"},"breadcrumb":{"@id":"https:\/\/kinaikaleidoszkop.hu\/index.php\/2024\/02\/02\/wang-yi-az-emberi-sorskozosseg-felepiteset-helyezi-eloterbe-iden-kina\/#breadcrumb"},"inLanguage":"hu","potentialAction":[{"@type":"ReadAction","target":["https:\/\/kinaikaleidoszkop.hu\/index.php\/2024\/02\/02\/wang-yi-az-emberi-sorskozosseg-felepiteset-helyezi-eloterbe-iden-kina\/"]}]},{"@type":"ImageObject","inLanguage":"hu","@id":"https:\/\/kinaikaleidoszkop.hu\/index.php\/2024\/02\/02\/wang-yi-az-emberi-sorskozosseg-felepiteset-helyezi-eloterbe-iden-kina\/#primaryimage","url":"https:\/\/kinaikaleidoszkop.hu\/wp-content\/uploads\/2024\/02\/0201Lea1.jpg","contentUrl":"https:\/\/kinaikaleidoszkop.hu\/wp-content\/uploads\/2024\/02\/0201Lea1.jpg","width":600,"height":483},{"@type":"BreadcrumbList","@id":"https:\/\/kinaikaleidoszkop.hu\/index.php\/2024\/02\/02\/wang-yi-az-emberi-sorskozosseg-felepiteset-helyezi-eloterbe-iden-kina\/#breadcrumb","itemListElement":[{"@type":"ListItem","position":1,"name":"Kezd\u0151lap","item":"https:\/\/kinaikaleidoszkop.hu\/"},{"@type":"ListItem","position":2,"name":"Wang Yi: az emberi sorsk\u00f6z\u00f6ss\u00e9g fel\u00e9p\u00edt\u00e9s\u00e9t helyezi el\u0151t\u00e9rbe id\u00e9n K\u00edna"}]},{"@type":"WebSite","@id":"https:\/\/kinaikaleidoszkop.hu\/#website","url":"https:\/\/kinaikaleidoszkop.hu\/","name":"kinaikaleidoszkop.hu","description":"","potentialAction":[{"@type":"SearchAction","target":{"@type":"EntryPoint","urlTemplate":"https:\/\/kinaikaleidoszkop.hu\/?s={search_term_string}"},"query-input":{"@type":"PropertyValueSpecification","valueRequired":true,"valueName":"search_term_string"}}],"inLanguage":"hu"},{"@type":"Person","@id":"https:\/\/kinaikaleidoszkop.hu\/#\/schema\/person\/b9e2febe742edd540c1197716ec02bf7","name":"admin-szabolcs","image":{"@type":"ImageObject","inLanguage":"hu","@id":"https:\/\/kinaikaleidoszkop.hu\/#\/schema\/person\/image\/","url":"https:\/\/secure.gravatar.com\/avatar\/154f262492794df2a6cb5d5349227b18ef8f85ab462fbb32625fc42406483d21?s=96&d=mm&r=g","contentUrl":"https:\/\/secure.gravatar.com\/avatar\/154f262492794df2a6cb5d5349227b18ef8f85ab462fbb32625fc42406483d21?s=96&d=mm&r=g","caption":"admin-szabolcs"},"url":"https:\/\/kinaikaleidoszkop.hu\/index.php\/author\/admin-szabolcs\/"}]}},"views":365,"distributor_meta":false,"distributor_terms":false,"distributor_media":false,"distributor_original_site_name":"kinaikaleidoszkop.hu","distributor_original_site_url":"https:\/\/kinaikaleidoszkop.hu","push-errors":false,"_links":{"self":[{"href":"https:\/\/kinaikaleidoszkop.hu\/index.php\/wp-json\/wp\/v2\/posts\/20985","targetHints":{"allow":["GET"]}}],"collection":[{"href":"https:\/\/kinaikaleidoszkop.hu\/index.php\/wp-json\/wp\/v2\/posts"}],"about":[{"href":"https:\/\/kinaikaleidoszkop.hu\/index.php\/wp-json\/wp\/v2\/types\/post"}],"author":[{"embeddable":true,"href":"https:\/\/kinaikaleidoszkop.hu\/index.php\/wp-json\/wp\/v2\/users\/2"}],"replies":[{"embeddable":true,"href":"https:\/\/kinaikaleidoszkop.hu\/index.php\/wp-json\/wp\/v2\/comments?post=20985"}],"version-history":[{"count":1,"href":"https:\/\/kinaikaleidoszkop.hu\/index.php\/wp-json\/wp\/v2\/posts\/20985\/revisions"}],"predecessor-version":[{"id":21001,"href":"https:\/\/kinaikaleidoszkop.hu\/index.php\/wp-json\/wp\/v2\/posts\/20985\/revisions\/21001"}],"wp:featuredmedia":[{"embeddable":true,"href":"https:\/\/kinaikaleidoszkop.hu\/index.php\/wp-json\/wp\/v2\/media\/20997"}],"wp:attachment":[{"href":"https:\/\/kinaikaleidoszkop.hu\/index.php\/wp-json\/wp\/v2\/media?parent=20985"}],"wp:term":[{"taxonomy":"category","embeddable":true,"href":"https:\/\/kinaikaleidoszkop.hu\/index.php\/wp-json\/wp\/v2\/categories?post=20985"},{"taxonomy":"post_tag","embeddable":true,"href":"https:\/\/kinaikaleidoszkop.hu\/index.php\/wp-json\/wp\/v2\/tags?post=20985"}],"curies":[{"name":"wp","href":"https:\/\/api.w.org\/{rel}","templated":true}]}}