{"id":21040,"date":"2024-02-04T11:36:59","date_gmt":"2024-02-04T10:36:59","guid":{"rendered":"https:\/\/kinaikaleidoszkop.hu\/?p=21040"},"modified":"2024-02-04T22:15:41","modified_gmt":"2024-02-04T21:15:41","slug":"kina-kiadta-a-2024-es-1-szamu-kozponti-dokumentumot-amely-felvazolja-a-videki-revitalizacio-utemtervet","status":"publish","type":"post","link":"https:\/\/kinaikaleidoszkop.hu\/index.php\/2024\/02\/04\/kina-kiadta-a-2024-es-1-szamu-kozponti-dokumentumot-amely-felvazolja-a-videki-revitalizacio-utemtervet\/","title":{"rendered":"K\u00edna kiadta a 2024-es \u201e1. sz\u00e1m\u00fa k\u00f6zponti dokumentumot\u201d, amely felv\u00e1zolja a vid\u00e9ki revitaliz\u00e1ci\u00f3 \u00fctemterv\u00e9t"},"content":{"rendered":"\n<p><strong>K\u00edna szombaton kiadta 2024-re vonatkoz\u00f3 \u201e1. sz\u00e1m\u00fa k\u00f6zponti dokumentumot\u201d, amely felv\u00e1zolja a vid\u00e9ki revitaliz\u00e1ci\u00f3 el\u0151mozd\u00edt\u00e1s\u00e1nak idei priorit\u00e1sait.<\/strong><\/p>\n\n\n<div class=\"wp-block-image\">\n<figure class=\"aligncenter size-full\"><img loading=\"lazy\" decoding=\"async\" width=\"600\" height=\"400\" src=\"https:\/\/kinaikaleidoszkop.hu\/wp-content\/uploads\/2024\/02\/\u4e61\u6751\u632f\u5174.jpg\" alt=\"\" class=\"wp-image-21042\" srcset=\"https:\/\/kinaikaleidoszkop.hu\/wp-content\/uploads\/2024\/02\/\u4e61\u6751\u632f\u5174.jpg 600w, https:\/\/kinaikaleidoszkop.hu\/wp-content\/uploads\/2024\/02\/\u4e61\u6751\u632f\u5174-300x200.jpg 300w, https:\/\/kinaikaleidoszkop.hu\/wp-content\/uploads\/2024\/02\/\u4e61\u6751\u632f\u5174-414x276.jpg 414w, https:\/\/kinaikaleidoszkop.hu\/wp-content\/uploads\/2024\/02\/\u4e61\u6751\u632f\u5174-470x313.jpg 470w, https:\/\/kinaikaleidoszkop.hu\/wp-content\/uploads\/2024\/02\/\u4e61\u6751\u632f\u5174-130x86.jpg 130w, https:\/\/kinaikaleidoszkop.hu\/wp-content\/uploads\/2024\/02\/\u4e61\u6751\u632f\u5174-187x124.jpg 187w\" sizes=\"auto, (max-width: 600px) 100vw, 600px\" \/><\/figure>\n<\/div>\n\n\n<p>A dokumentum hat r\u00e9szb\u0151l \u00e1ll, ezek: az \u00e9lelmez\u00e9sbiztons\u00e1g garant\u00e1l\u00e1sa, a szeg\u00e9nys\u00e9gbe val\u00f3 nagyar\u00e1ny\u00fa visszaes\u00e9s megel\u0151z\u00e9se, a vid\u00e9ki ipar\u00e1gak fejleszt\u00e9se, a vid\u00e9ki \u00e9p\u00edtkez\u00e9sek jav\u00edt\u00e1sa, a vid\u00e9ki korm\u00e1nyz\u00e1s jav\u00edt\u00e1sa \u00e9s a K\u00ednai Kommunista P\u00e1rt vezet\u00e9s\u00e9nek meger\u0151s\u00edt\u00e9se a mez\u0151gazdas\u00e1ggal, a vid\u00e9ki ter\u00fcletekkel \u00e9s a gazd\u00e1lkod\u00f3kkal kapcsolatos munk\u00e1kban.<\/p>\n\n\n\n<p>A k\u00ednai k\u00f6zponti korm\u00e1ny \u00e1ltal minden \u00e9vben kiadott els\u0151 politikai nyilatkozatk\u00e9nt a dokumentumot a mez\u0151gazdas\u00e1gi politik\u00e1k ir\u00e1nyelv\u00e9nek tekintik.<\/p>\n\n\n\n<p>A dokumentum felsz\u00f3l\u00edt az \u201eEzer demonstr\u00e1ci\u00f3s falu \u00e9s t\u00edzezer fel\u00faj\u00edtott falu\u201d nev\u0171 projektben szerepl\u0151 koncepci\u00f3k \u00e9s munkam\u00f3dszerek alkalmaz\u00e1s\u00e1ra.<\/p>\n\n\n\n<p>N\u00f6velni kell a gazd\u00e1lkod\u00f3k j\u00f6vedelm\u00e9t, fokozni kell a tudom\u00e1ny \u00e9s technol\u00f3gia, valamint a reform k\u00f6z\u00f6s v\u00e9grehajt\u00e1s\u00e1t, olyan gy\u00f6ny\u00f6r\u0171 vid\u00e9ket kell \u00e9p\u00edteni, amely egyar\u00e1nt alkalmas az \u00e9letre \u00e9s a munk\u00e1ra \u2013 \u00e1ll a dokumentumban.<\/p>\n\n\n\n<p><strong><em>2024. 02. 04.<\/em><\/strong><\/p>\n\n\n\n<p><strong>(Zhou Huiwen &#8211; China Media Group)<\/strong><\/p>\n\n\n\n<p><strong><em>(x)<\/em><\/strong><\/p>\n","protected":false},"excerpt":{"rendered":"<p>K\u00edna szombaton kiadta 2024-re vonatkoz\u00f3 \u201e1. sz\u00e1m\u00fa k\u00f6zponti dokumentumot\u201d, amely felv\u00e1zolja a vid\u00e9ki revitaliz\u00e1ci\u00f3 el\u0151mozd\u00edt\u00e1s\u00e1nak idei priorit\u00e1sait. A dokumentum hat r\u00e9szb\u0151l \u00e1ll, ezek: az \u00e9lelmez\u00e9sbiztons\u00e1g garant\u00e1l\u00e1sa, a szeg\u00e9nys\u00e9gbe val\u00f3 nagyar\u00e1ny\u00fa visszaes\u00e9s megel\u0151z\u00e9se, a vid\u00e9ki ipar\u00e1gak fejleszt\u00e9se, a vid\u00e9ki \u00e9p\u00edtkez\u00e9sek jav\u00edt\u00e1sa, a vid\u00e9ki korm\u00e1nyz\u00e1s jav\u00edt\u00e1sa \u00e9s a K\u00ednai Kommunista P\u00e1rt vezet\u00e9s\u00e9nek meger\u0151s\u00edt\u00e9se a mez\u0151gazdas\u00e1ggal, a vid\u00e9ki [&hellip;]<\/p>\n","protected":false},"author":6,"featured_media":21042,"comment_status":"closed","ping_status":"closed","sticky":false,"template":"","format":"standard","meta":{"footnotes":""},"categories":[45],"tags":[3696,3792,159,3070],"class_list":["post-21040","post","type-post","status-publish","format-standard","has-post-thumbnail","hentry","category-hirek","tag-kina","tag-utemterv","tag-videk","tag-videki-revitalizacio"],"yoast_head":"<!-- This site is optimized with the Yoast SEO plugin v23.7 - https:\/\/yoast.com\/wordpress\/plugins\/seo\/ -->\n<title>K\u00edna kiadta a 2024-es \u201e1. sz\u00e1m\u00fa k\u00f6zponti dokumentumot\u201d, amely felv\u00e1zolja a vid\u00e9ki revitaliz\u00e1ci\u00f3 \u00fctemterv\u00e9t - kinaikaleidoszkop.hu<\/title>\n<meta name=\"robots\" content=\"index, follow, max-snippet:-1, max-image-preview:large, max-video-preview:-1\" \/>\n<link rel=\"canonical\" href=\"https:\/\/kinaikaleidoszkop.hu\/index.php\/2024\/02\/04\/kina-kiadta-a-2024-es-1-szamu-kozponti-dokumentumot-amely-felvazolja-a-videki-revitalizacio-utemtervet\/\" \/>\n<meta property=\"og:locale\" content=\"hu_HU\" \/>\n<meta property=\"og:type\" content=\"article\" \/>\n<meta property=\"og:title\" content=\"K\u00edna kiadta a 2024-es \u201e1. sz\u00e1m\u00fa k\u00f6zponti dokumentumot\u201d, amely felv\u00e1zolja a vid\u00e9ki revitaliz\u00e1ci\u00f3 \u00fctemterv\u00e9t - kinaikaleidoszkop.hu\" \/>\n<meta property=\"og:description\" content=\"K\u00edna szombaton kiadta 2024-re vonatkoz\u00f3 \u201e1. sz\u00e1m\u00fa k\u00f6zponti dokumentumot\u201d, amely felv\u00e1zolja a vid\u00e9ki revitaliz\u00e1ci\u00f3 el\u0151mozd\u00edt\u00e1s\u00e1nak idei priorit\u00e1sait. A dokumentum hat r\u00e9szb\u0151l \u00e1ll, ezek: az \u00e9lelmez\u00e9sbiztons\u00e1g garant\u00e1l\u00e1sa, a szeg\u00e9nys\u00e9gbe val\u00f3 nagyar\u00e1ny\u00fa visszaes\u00e9s megel\u0151z\u00e9se, a vid\u00e9ki ipar\u00e1gak fejleszt\u00e9se, a vid\u00e9ki \u00e9p\u00edtkez\u00e9sek jav\u00edt\u00e1sa, a vid\u00e9ki korm\u00e1nyz\u00e1s jav\u00edt\u00e1sa \u00e9s a K\u00ednai Kommunista P\u00e1rt vezet\u00e9s\u00e9nek meger\u0151s\u00edt\u00e9se a mez\u0151gazdas\u00e1ggal, a vid\u00e9ki [&hellip;]\" \/>\n<meta property=\"og:url\" content=\"https:\/\/kinaikaleidoszkop.hu\/index.php\/2024\/02\/04\/kina-kiadta-a-2024-es-1-szamu-kozponti-dokumentumot-amely-felvazolja-a-videki-revitalizacio-utemtervet\/\" \/>\n<meta property=\"og:site_name\" content=\"kinaikaleidoszkop.hu\" \/>\n<meta property=\"article:published_time\" content=\"2024-02-04T10:36:59+00:00\" \/>\n<meta property=\"article:modified_time\" content=\"2024-02-04T21:15:41+00:00\" \/>\n<meta property=\"og:image\" content=\"https:\/\/kinaikaleidoszkop.hu\/wp-content\/uploads\/2024\/02\/\u4e61\u6751\u632f\u5174.jpg\" \/>\n\t<meta property=\"og:image:width\" content=\"600\" \/>\n\t<meta property=\"og:image:height\" content=\"400\" \/>\n\t<meta property=\"og:image:type\" content=\"image\/jpeg\" \/>\n<meta name=\"author\" content=\"admin-sebi\" \/>\n<meta name=\"twitter:card\" content=\"summary_large_image\" \/>\n<meta name=\"twitter:label1\" content=\"Szerz\u0151:\" \/>\n\t<meta name=\"twitter:data1\" content=\"admin-sebi\" \/>\n\t<meta name=\"twitter:label2\" content=\"Becs\u00fclt olvas\u00e1si id\u0151\" \/>\n\t<meta name=\"twitter:data2\" content=\"1 perc\" \/>\n<script type=\"application\/ld+json\" class=\"yoast-schema-graph\">{\"@context\":\"https:\/\/schema.org\",\"@graph\":[{\"@type\":\"WebPage\",\"@id\":\"https:\/\/kinaikaleidoszkop.hu\/index.php\/2024\/02\/04\/kina-kiadta-a-2024-es-1-szamu-kozponti-dokumentumot-amely-felvazolja-a-videki-revitalizacio-utemtervet\/\",\"url\":\"https:\/\/kinaikaleidoszkop.hu\/index.php\/2024\/02\/04\/kina-kiadta-a-2024-es-1-szamu-kozponti-dokumentumot-amely-felvazolja-a-videki-revitalizacio-utemtervet\/\",\"name\":\"K\u00edna kiadta a 2024-es \u201e1. sz\u00e1m\u00fa k\u00f6zponti dokumentumot\u201d, amely felv\u00e1zolja a vid\u00e9ki revitaliz\u00e1ci\u00f3 \u00fctemterv\u00e9t - kinaikaleidoszkop.hu\",\"isPartOf\":{\"@id\":\"https:\/\/kinaikaleidoszkop.hu\/#website\"},\"primaryImageOfPage\":{\"@id\":\"https:\/\/kinaikaleidoszkop.hu\/index.php\/2024\/02\/04\/kina-kiadta-a-2024-es-1-szamu-kozponti-dokumentumot-amely-felvazolja-a-videki-revitalizacio-utemtervet\/#primaryimage\"},\"image\":{\"@id\":\"https:\/\/kinaikaleidoszkop.hu\/index.php\/2024\/02\/04\/kina-kiadta-a-2024-es-1-szamu-kozponti-dokumentumot-amely-felvazolja-a-videki-revitalizacio-utemtervet\/#primaryimage\"},\"thumbnailUrl\":\"https:\/\/kinaikaleidoszkop.hu\/wp-content\/uploads\/2024\/02\/\u4e61\u6751\u632f\u5174.jpg\",\"datePublished\":\"2024-02-04T10:36:59+00:00\",\"dateModified\":\"2024-02-04T21:15:41+00:00\",\"author\":{\"@id\":\"https:\/\/kinaikaleidoszkop.hu\/#\/schema\/person\/fd215d3a8bab54daeb796ae166f99ea5\"},\"breadcrumb\":{\"@id\":\"https:\/\/kinaikaleidoszkop.hu\/index.php\/2024\/02\/04\/kina-kiadta-a-2024-es-1-szamu-kozponti-dokumentumot-amely-felvazolja-a-videki-revitalizacio-utemtervet\/#breadcrumb\"},\"inLanguage\":\"hu\",\"potentialAction\":[{\"@type\":\"ReadAction\",\"target\":[\"https:\/\/kinaikaleidoszkop.hu\/index.php\/2024\/02\/04\/kina-kiadta-a-2024-es-1-szamu-kozponti-dokumentumot-amely-felvazolja-a-videki-revitalizacio-utemtervet\/\"]}]},{\"@type\":\"ImageObject\",\"inLanguage\":\"hu\",\"@id\":\"https:\/\/kinaikaleidoszkop.hu\/index.php\/2024\/02\/04\/kina-kiadta-a-2024-es-1-szamu-kozponti-dokumentumot-amely-felvazolja-a-videki-revitalizacio-utemtervet\/#primaryimage\",\"url\":\"https:\/\/kinaikaleidoszkop.hu\/wp-content\/uploads\/2024\/02\/\u4e61\u6751\u632f\u5174.jpg\",\"contentUrl\":\"https:\/\/kinaikaleidoszkop.hu\/wp-content\/uploads\/2024\/02\/\u4e61\u6751\u632f\u5174.jpg\",\"width\":600,\"height\":400},{\"@type\":\"BreadcrumbList\",\"@id\":\"https:\/\/kinaikaleidoszkop.hu\/index.php\/2024\/02\/04\/kina-kiadta-a-2024-es-1-szamu-kozponti-dokumentumot-amely-felvazolja-a-videki-revitalizacio-utemtervet\/#breadcrumb\",\"itemListElement\":[{\"@type\":\"ListItem\",\"position\":1,\"name\":\"Kezd\u0151lap\",\"item\":\"https:\/\/kinaikaleidoszkop.hu\/\"},{\"@type\":\"ListItem\",\"position\":2,\"name\":\"K\u00edna kiadta a 2024-es \u201e1. sz\u00e1m\u00fa k\u00f6zponti dokumentumot\u201d, amely felv\u00e1zolja a vid\u00e9ki revitaliz\u00e1ci\u00f3 \u00fctemterv\u00e9t\"}]},{\"@type\":\"WebSite\",\"@id\":\"https:\/\/kinaikaleidoszkop.hu\/#website\",\"url\":\"https:\/\/kinaikaleidoszkop.hu\/\",\"name\":\"kinaikaleidoszkop.hu\",\"description\":\"\",\"potentialAction\":[{\"@type\":\"SearchAction\",\"target\":{\"@type\":\"EntryPoint\",\"urlTemplate\":\"https:\/\/kinaikaleidoszkop.hu\/?s={search_term_string}\"},\"query-input\":{\"@type\":\"PropertyValueSpecification\",\"valueRequired\":true,\"valueName\":\"search_term_string\"}}],\"inLanguage\":\"hu\"},{\"@type\":\"Person\",\"@id\":\"https:\/\/kinaikaleidoszkop.hu\/#\/schema\/person\/fd215d3a8bab54daeb796ae166f99ea5\",\"name\":\"admin-sebi\",\"image\":{\"@type\":\"ImageObject\",\"inLanguage\":\"hu\",\"@id\":\"https:\/\/kinaikaleidoszkop.hu\/#\/schema\/person\/image\/\",\"url\":\"https:\/\/secure.gravatar.com\/avatar\/b1498042bc4969020b4951f204f963e97c3d7d199f3790c1071adf67c61d0aa5?s=96&d=mm&r=g\",\"contentUrl\":\"https:\/\/secure.gravatar.com\/avatar\/b1498042bc4969020b4951f204f963e97c3d7d199f3790c1071adf67c61d0aa5?s=96&d=mm&r=g\",\"caption\":\"admin-sebi\"},\"url\":\"https:\/\/kinaikaleidoszkop.hu\/index.php\/author\/admin-sebi\/\"}]}<\/script>\n<!-- \/ Yoast SEO plugin. -->","yoast_head_json":{"title":"K\u00edna kiadta a 2024-es \u201e1. sz\u00e1m\u00fa k\u00f6zponti dokumentumot\u201d, amely felv\u00e1zolja a vid\u00e9ki revitaliz\u00e1ci\u00f3 \u00fctemterv\u00e9t - kinaikaleidoszkop.hu","robots":{"index":"index","follow":"follow","max-snippet":"max-snippet:-1","max-image-preview":"max-image-preview:large","max-video-preview":"max-video-preview:-1"},"canonical":"https:\/\/kinaikaleidoszkop.hu\/index.php\/2024\/02\/04\/kina-kiadta-a-2024-es-1-szamu-kozponti-dokumentumot-amely-felvazolja-a-videki-revitalizacio-utemtervet\/","og_locale":"hu_HU","og_type":"article","og_title":"K\u00edna kiadta a 2024-es \u201e1. sz\u00e1m\u00fa k\u00f6zponti dokumentumot\u201d, amely felv\u00e1zolja a vid\u00e9ki revitaliz\u00e1ci\u00f3 \u00fctemterv\u00e9t - kinaikaleidoszkop.hu","og_description":"K\u00edna szombaton kiadta 2024-re vonatkoz\u00f3 \u201e1. sz\u00e1m\u00fa k\u00f6zponti dokumentumot\u201d, amely felv\u00e1zolja a vid\u00e9ki revitaliz\u00e1ci\u00f3 el\u0151mozd\u00edt\u00e1s\u00e1nak idei priorit\u00e1sait. A dokumentum hat r\u00e9szb\u0151l \u00e1ll, ezek: az \u00e9lelmez\u00e9sbiztons\u00e1g garant\u00e1l\u00e1sa, a szeg\u00e9nys\u00e9gbe val\u00f3 nagyar\u00e1ny\u00fa visszaes\u00e9s megel\u0151z\u00e9se, a vid\u00e9ki ipar\u00e1gak fejleszt\u00e9se, a vid\u00e9ki \u00e9p\u00edtkez\u00e9sek jav\u00edt\u00e1sa, a vid\u00e9ki korm\u00e1nyz\u00e1s jav\u00edt\u00e1sa \u00e9s a K\u00ednai Kommunista P\u00e1rt vezet\u00e9s\u00e9nek meger\u0151s\u00edt\u00e9se a mez\u0151gazdas\u00e1ggal, a vid\u00e9ki [&hellip;]","og_url":"https:\/\/kinaikaleidoszkop.hu\/index.php\/2024\/02\/04\/kina-kiadta-a-2024-es-1-szamu-kozponti-dokumentumot-amely-felvazolja-a-videki-revitalizacio-utemtervet\/","og_site_name":"kinaikaleidoszkop.hu","article_published_time":"2024-02-04T10:36:59+00:00","article_modified_time":"2024-02-04T21:15:41+00:00","og_image":[{"width":600,"height":400,"url":"https:\/\/kinaikaleidoszkop.hu\/wp-content\/uploads\/2024\/02\/\u4e61\u6751\u632f\u5174.jpg","type":"image\/jpeg"}],"author":"admin-sebi","twitter_card":"summary_large_image","twitter_misc":{"Szerz\u0151:":"admin-sebi","Becs\u00fclt olvas\u00e1si id\u0151":"1 perc"},"schema":{"@context":"https:\/\/schema.org","@graph":[{"@type":"WebPage","@id":"https:\/\/kinaikaleidoszkop.hu\/index.php\/2024\/02\/04\/kina-kiadta-a-2024-es-1-szamu-kozponti-dokumentumot-amely-felvazolja-a-videki-revitalizacio-utemtervet\/","url":"https:\/\/kinaikaleidoszkop.hu\/index.php\/2024\/02\/04\/kina-kiadta-a-2024-es-1-szamu-kozponti-dokumentumot-amely-felvazolja-a-videki-revitalizacio-utemtervet\/","name":"K\u00edna kiadta a 2024-es \u201e1. sz\u00e1m\u00fa k\u00f6zponti dokumentumot\u201d, amely felv\u00e1zolja a vid\u00e9ki revitaliz\u00e1ci\u00f3 \u00fctemterv\u00e9t - kinaikaleidoszkop.hu","isPartOf":{"@id":"https:\/\/kinaikaleidoszkop.hu\/#website"},"primaryImageOfPage":{"@id":"https:\/\/kinaikaleidoszkop.hu\/index.php\/2024\/02\/04\/kina-kiadta-a-2024-es-1-szamu-kozponti-dokumentumot-amely-felvazolja-a-videki-revitalizacio-utemtervet\/#primaryimage"},"image":{"@id":"https:\/\/kinaikaleidoszkop.hu\/index.php\/2024\/02\/04\/kina-kiadta-a-2024-es-1-szamu-kozponti-dokumentumot-amely-felvazolja-a-videki-revitalizacio-utemtervet\/#primaryimage"},"thumbnailUrl":"https:\/\/kinaikaleidoszkop.hu\/wp-content\/uploads\/2024\/02\/\u4e61\u6751\u632f\u5174.jpg","datePublished":"2024-02-04T10:36:59+00:00","dateModified":"2024-02-04T21:15:41+00:00","author":{"@id":"https:\/\/kinaikaleidoszkop.hu\/#\/schema\/person\/fd215d3a8bab54daeb796ae166f99ea5"},"breadcrumb":{"@id":"https:\/\/kinaikaleidoszkop.hu\/index.php\/2024\/02\/04\/kina-kiadta-a-2024-es-1-szamu-kozponti-dokumentumot-amely-felvazolja-a-videki-revitalizacio-utemtervet\/#breadcrumb"},"inLanguage":"hu","potentialAction":[{"@type":"ReadAction","target":["https:\/\/kinaikaleidoszkop.hu\/index.php\/2024\/02\/04\/kina-kiadta-a-2024-es-1-szamu-kozponti-dokumentumot-amely-felvazolja-a-videki-revitalizacio-utemtervet\/"]}]},{"@type":"ImageObject","inLanguage":"hu","@id":"https:\/\/kinaikaleidoszkop.hu\/index.php\/2024\/02\/04\/kina-kiadta-a-2024-es-1-szamu-kozponti-dokumentumot-amely-felvazolja-a-videki-revitalizacio-utemtervet\/#primaryimage","url":"https:\/\/kinaikaleidoszkop.hu\/wp-content\/uploads\/2024\/02\/\u4e61\u6751\u632f\u5174.jpg","contentUrl":"https:\/\/kinaikaleidoszkop.hu\/wp-content\/uploads\/2024\/02\/\u4e61\u6751\u632f\u5174.jpg","width":600,"height":400},{"@type":"BreadcrumbList","@id":"https:\/\/kinaikaleidoszkop.hu\/index.php\/2024\/02\/04\/kina-kiadta-a-2024-es-1-szamu-kozponti-dokumentumot-amely-felvazolja-a-videki-revitalizacio-utemtervet\/#breadcrumb","itemListElement":[{"@type":"ListItem","position":1,"name":"Kezd\u0151lap","item":"https:\/\/kinaikaleidoszkop.hu\/"},{"@type":"ListItem","position":2,"name":"K\u00edna kiadta a 2024-es \u201e1. sz\u00e1m\u00fa k\u00f6zponti dokumentumot\u201d, amely felv\u00e1zolja a vid\u00e9ki revitaliz\u00e1ci\u00f3 \u00fctemterv\u00e9t"}]},{"@type":"WebSite","@id":"https:\/\/kinaikaleidoszkop.hu\/#website","url":"https:\/\/kinaikaleidoszkop.hu\/","name":"kinaikaleidoszkop.hu","description":"","potentialAction":[{"@type":"SearchAction","target":{"@type":"EntryPoint","urlTemplate":"https:\/\/kinaikaleidoszkop.hu\/?s={search_term_string}"},"query-input":{"@type":"PropertyValueSpecification","valueRequired":true,"valueName":"search_term_string"}}],"inLanguage":"hu"},{"@type":"Person","@id":"https:\/\/kinaikaleidoszkop.hu\/#\/schema\/person\/fd215d3a8bab54daeb796ae166f99ea5","name":"admin-sebi","image":{"@type":"ImageObject","inLanguage":"hu","@id":"https:\/\/kinaikaleidoszkop.hu\/#\/schema\/person\/image\/","url":"https:\/\/secure.gravatar.com\/avatar\/b1498042bc4969020b4951f204f963e97c3d7d199f3790c1071adf67c61d0aa5?s=96&d=mm&r=g","contentUrl":"https:\/\/secure.gravatar.com\/avatar\/b1498042bc4969020b4951f204f963e97c3d7d199f3790c1071adf67c61d0aa5?s=96&d=mm&r=g","caption":"admin-sebi"},"url":"https:\/\/kinaikaleidoszkop.hu\/index.php\/author\/admin-sebi\/"}]}},"views":343,"distributor_meta":false,"distributor_terms":false,"distributor_media":false,"distributor_original_site_name":"kinaikaleidoszkop.hu","distributor_original_site_url":"https:\/\/kinaikaleidoszkop.hu","push-errors":false,"_links":{"self":[{"href":"https:\/\/kinaikaleidoszkop.hu\/index.php\/wp-json\/wp\/v2\/posts\/21040","targetHints":{"allow":["GET"]}}],"collection":[{"href":"https:\/\/kinaikaleidoszkop.hu\/index.php\/wp-json\/wp\/v2\/posts"}],"about":[{"href":"https:\/\/kinaikaleidoszkop.hu\/index.php\/wp-json\/wp\/v2\/types\/post"}],"author":[{"embeddable":true,"href":"https:\/\/kinaikaleidoszkop.hu\/index.php\/wp-json\/wp\/v2\/users\/6"}],"replies":[{"embeddable":true,"href":"https:\/\/kinaikaleidoszkop.hu\/index.php\/wp-json\/wp\/v2\/comments?post=21040"}],"version-history":[{"count":2,"href":"https:\/\/kinaikaleidoszkop.hu\/index.php\/wp-json\/wp\/v2\/posts\/21040\/revisions"}],"predecessor-version":[{"id":21047,"href":"https:\/\/kinaikaleidoszkop.hu\/index.php\/wp-json\/wp\/v2\/posts\/21040\/revisions\/21047"}],"wp:featuredmedia":[{"embeddable":true,"href":"https:\/\/kinaikaleidoszkop.hu\/index.php\/wp-json\/wp\/v2\/media\/21042"}],"wp:attachment":[{"href":"https:\/\/kinaikaleidoszkop.hu\/index.php\/wp-json\/wp\/v2\/media?parent=21040"}],"wp:term":[{"taxonomy":"category","embeddable":true,"href":"https:\/\/kinaikaleidoszkop.hu\/index.php\/wp-json\/wp\/v2\/categories?post=21040"},{"taxonomy":"post_tag","embeddable":true,"href":"https:\/\/kinaikaleidoszkop.hu\/index.php\/wp-json\/wp\/v2\/tags?post=21040"}],"curies":[{"name":"wp","href":"https:\/\/api.w.org\/{rel}","templated":true}]}}