{"id":21048,"date":"2024-02-05T07:55:32","date_gmt":"2024-02-05T06:55:32","guid":{"rendered":"https:\/\/kinaikaleidoszkop.hu\/?p=21048"},"modified":"2024-02-05T07:56:01","modified_gmt":"2024-02-05T06:56:01","slug":"a-cmg-megtartotta-a-2024-es-tavaszunnepi-galamusor-negyedik-probajat","status":"publish","type":"post","link":"https:\/\/kinaikaleidoszkop.hu\/index.php\/2024\/02\/05\/a-cmg-megtartotta-a-2024-es-tavaszunnepi-galamusor-negyedik-probajat\/","title":{"rendered":"A CMG megtartotta a 2024-es Tavasz\u00fcnnepi G\u00e1lam\u0171sor negyedik pr\u00f3b\u00e1j\u00e1t"},"content":{"rendered":"\n<p><strong>A tavasz kezdete (Lichun) \u00e9vszakjelz\u0151vel egy napon, febru\u00e1r 4-\u00e9n a CMG sikeresen befejezte a 2024-es Tavasz\u00fcnnepi G\u00e1lam\u0171sor negyedik pr\u00f3b\u00e1j\u00e1t.<\/strong><\/p>\n\n\n\n<p>Ezen a pr\u00f3b\u00e1n a m\u0171v\u00e9szet \u00e9s a technol\u00f3gia f\u00fazi\u00f3ja m\u00e9lyebb volt, \u00e9s az el\u0151ad\u00f3k teljesebb teljes\u00edtm\u00e9nyt ny\u00fajtottak. A programot t\u00f6bbsz\u00f6r csiszolt\u00e1k \u00e9s \u00e9rlelt\u00e9k, \u00e9s az egyes l\u00e1ncszemek kapcsolata sima \u00e9s term\u00e9szetes volt, az eg\u00e9sz g\u00e1lam\u0171sor a tavasz hangulat\u00e1val \u00e9s \u00e9leter\u0151vel teli.<\/p>\n\n\n\n<figure class=\"wp-block-image size-large\"><img decoding=\"async\" src=\"https:\/\/hirpest.hu\/wp-content\/uploads\/2024\/02\/A-CMG-2024-es-Tavaszunnepi-Galamusoranak-hivatalos-plakatja.-1024x576.jpeg\" alt=\"\" class=\"wp-image-20860\"\/><\/figure>\n\n\n\n<p>Az idei Tavasz\u00fcnnepi G\u00e1lam\u0171sor programcsapata mindent megtesz, hogy egy \u00fcnnepi \u00e9s gy\u00f6ny\u00f6r\u0171 Tavasz\u00fcnnepi G\u00e1lam\u0171sort hozzon l\u00e9tre, hogy egy \u201ekultur\u00e1lis \u00fcnnepet\u201d osszon meg a k\u00ednai emberekkel szerte a vil\u00e1gon!&nbsp;<\/p>\n\n\n\n<p><strong><em>2024. 02. 05.<\/em><\/strong><\/p>\n\n\n\n<p><strong>(Liu Cong \u2013 China Media Group)<\/strong><\/p>\n\n\n\n<p><strong><em>(x)<\/em><\/strong><\/p>\n","protected":false},"excerpt":{"rendered":"<p>A tavasz kezdete (Lichun) \u00e9vszakjelz\u0151vel egy napon, febru\u00e1r 4-\u00e9n a CMG sikeresen befejezte a 2024-es Tavasz\u00fcnnepi G\u00e1lam\u0171sor negyedik pr\u00f3b\u00e1j\u00e1t. Ezen a pr\u00f3b\u00e1n a m\u0171v\u00e9szet \u00e9s a technol\u00f3gia f\u00fazi\u00f3ja m\u00e9lyebb volt, \u00e9s az el\u0151ad\u00f3k teljesebb teljes\u00edtm\u00e9nyt ny\u00fajtottak. A programot t\u00f6bbsz\u00f6r csiszolt\u00e1k \u00e9s \u00e9rlelt\u00e9k, \u00e9s az egyes l\u00e1ncszemek kapcsolata sima \u00e9s term\u00e9szetes volt, az eg\u00e9sz g\u00e1lam\u0171sor a [&hellip;]<\/p>\n","protected":false},"author":6,"featured_media":21050,"comment_status":"closed","ping_status":"closed","sticky":false,"template":"","format":"standard","meta":{"footnotes":""},"categories":[45],"tags":[3462,363,3696,259,3763],"class_list":["post-21048","post","type-post","status-publish","format-standard","has-post-thumbnail","hentry","category-hirek","tag-2024-es-tavaszunnepi-galamusor","tag-cmg","tag-kina","tag-tavaszunnep","tag-tavaszunnepi-galamusor"],"yoast_head":"<!-- This site is optimized with the Yoast SEO plugin v23.7 - https:\/\/yoast.com\/wordpress\/plugins\/seo\/ -->\n<title>A CMG megtartotta a 2024-es Tavasz\u00fcnnepi G\u00e1lam\u0171sor negyedik pr\u00f3b\u00e1j\u00e1t - kinaikaleidoszkop.hu<\/title>\n<meta name=\"robots\" content=\"index, follow, max-snippet:-1, max-image-preview:large, max-video-preview:-1\" \/>\n<link rel=\"canonical\" href=\"https:\/\/kinaikaleidoszkop.hu\/index.php\/2024\/02\/05\/a-cmg-megtartotta-a-2024-es-tavaszunnepi-galamusor-negyedik-probajat\/\" \/>\n<meta property=\"og:locale\" content=\"hu_HU\" \/>\n<meta property=\"og:type\" content=\"article\" \/>\n<meta property=\"og:title\" content=\"A CMG megtartotta a 2024-es Tavasz\u00fcnnepi G\u00e1lam\u0171sor negyedik pr\u00f3b\u00e1j\u00e1t - kinaikaleidoszkop.hu\" \/>\n<meta property=\"og:description\" content=\"A tavasz kezdete (Lichun) \u00e9vszakjelz\u0151vel egy napon, febru\u00e1r 4-\u00e9n a CMG sikeresen befejezte a 2024-es Tavasz\u00fcnnepi G\u00e1lam\u0171sor negyedik pr\u00f3b\u00e1j\u00e1t. Ezen a pr\u00f3b\u00e1n a m\u0171v\u00e9szet \u00e9s a technol\u00f3gia f\u00fazi\u00f3ja m\u00e9lyebb volt, \u00e9s az el\u0151ad\u00f3k teljesebb teljes\u00edtm\u00e9nyt ny\u00fajtottak. A programot t\u00f6bbsz\u00f6r csiszolt\u00e1k \u00e9s \u00e9rlelt\u00e9k, \u00e9s az egyes l\u00e1ncszemek kapcsolata sima \u00e9s term\u00e9szetes volt, az eg\u00e9sz g\u00e1lam\u0171sor a [&hellip;]\" \/>\n<meta property=\"og:url\" content=\"https:\/\/kinaikaleidoszkop.hu\/index.php\/2024\/02\/05\/a-cmg-megtartotta-a-2024-es-tavaszunnepi-galamusor-negyedik-probajat\/\" \/>\n<meta property=\"og:site_name\" content=\"kinaikaleidoszkop.hu\" \/>\n<meta property=\"article:published_time\" content=\"2024-02-05T06:55:32+00:00\" \/>\n<meta property=\"article:modified_time\" content=\"2024-02-05T06:56:01+00:00\" \/>\n<meta property=\"og:image\" content=\"https:\/\/kinaikaleidoszkop.hu\/wp-content\/uploads\/2024\/02\/A-CMG-2024-es-Tavaszunnepi-Galamusoranak-hivatalos-plakatja.jpeg\" \/>\n\t<meta property=\"og:image:width\" content=\"1140\" \/>\n\t<meta property=\"og:image:height\" content=\"641\" \/>\n\t<meta property=\"og:image:type\" content=\"image\/jpeg\" \/>\n<meta name=\"author\" content=\"admin-sebi\" \/>\n<meta name=\"twitter:card\" content=\"summary_large_image\" \/>\n<meta name=\"twitter:label1\" content=\"Szerz\u0151:\" \/>\n\t<meta name=\"twitter:data1\" content=\"admin-sebi\" \/>\n\t<meta name=\"twitter:label2\" content=\"Becs\u00fclt olvas\u00e1si id\u0151\" \/>\n\t<meta name=\"twitter:data2\" content=\"1 perc\" \/>\n<script type=\"application\/ld+json\" class=\"yoast-schema-graph\">{\"@context\":\"https:\/\/schema.org\",\"@graph\":[{\"@type\":\"WebPage\",\"@id\":\"https:\/\/kinaikaleidoszkop.hu\/index.php\/2024\/02\/05\/a-cmg-megtartotta-a-2024-es-tavaszunnepi-galamusor-negyedik-probajat\/\",\"url\":\"https:\/\/kinaikaleidoszkop.hu\/index.php\/2024\/02\/05\/a-cmg-megtartotta-a-2024-es-tavaszunnepi-galamusor-negyedik-probajat\/\",\"name\":\"A CMG megtartotta a 2024-es Tavasz\u00fcnnepi G\u00e1lam\u0171sor negyedik pr\u00f3b\u00e1j\u00e1t - kinaikaleidoszkop.hu\",\"isPartOf\":{\"@id\":\"https:\/\/kinaikaleidoszkop.hu\/#website\"},\"primaryImageOfPage\":{\"@id\":\"https:\/\/kinaikaleidoszkop.hu\/index.php\/2024\/02\/05\/a-cmg-megtartotta-a-2024-es-tavaszunnepi-galamusor-negyedik-probajat\/#primaryimage\"},\"image\":{\"@id\":\"https:\/\/kinaikaleidoszkop.hu\/index.php\/2024\/02\/05\/a-cmg-megtartotta-a-2024-es-tavaszunnepi-galamusor-negyedik-probajat\/#primaryimage\"},\"thumbnailUrl\":\"https:\/\/kinaikaleidoszkop.hu\/wp-content\/uploads\/2024\/02\/A-CMG-2024-es-Tavaszunnepi-Galamusoranak-hivatalos-plakatja.jpeg\",\"datePublished\":\"2024-02-05T06:55:32+00:00\",\"dateModified\":\"2024-02-05T06:56:01+00:00\",\"author\":{\"@id\":\"https:\/\/kinaikaleidoszkop.hu\/#\/schema\/person\/fd215d3a8bab54daeb796ae166f99ea5\"},\"breadcrumb\":{\"@id\":\"https:\/\/kinaikaleidoszkop.hu\/index.php\/2024\/02\/05\/a-cmg-megtartotta-a-2024-es-tavaszunnepi-galamusor-negyedik-probajat\/#breadcrumb\"},\"inLanguage\":\"hu\",\"potentialAction\":[{\"@type\":\"ReadAction\",\"target\":[\"https:\/\/kinaikaleidoszkop.hu\/index.php\/2024\/02\/05\/a-cmg-megtartotta-a-2024-es-tavaszunnepi-galamusor-negyedik-probajat\/\"]}]},{\"@type\":\"ImageObject\",\"inLanguage\":\"hu\",\"@id\":\"https:\/\/kinaikaleidoszkop.hu\/index.php\/2024\/02\/05\/a-cmg-megtartotta-a-2024-es-tavaszunnepi-galamusor-negyedik-probajat\/#primaryimage\",\"url\":\"https:\/\/kinaikaleidoszkop.hu\/wp-content\/uploads\/2024\/02\/A-CMG-2024-es-Tavaszunnepi-Galamusoranak-hivatalos-plakatja.jpeg\",\"contentUrl\":\"https:\/\/kinaikaleidoszkop.hu\/wp-content\/uploads\/2024\/02\/A-CMG-2024-es-Tavaszunnepi-Galamusoranak-hivatalos-plakatja.jpeg\",\"width\":1140,\"height\":641},{\"@type\":\"BreadcrumbList\",\"@id\":\"https:\/\/kinaikaleidoszkop.hu\/index.php\/2024\/02\/05\/a-cmg-megtartotta-a-2024-es-tavaszunnepi-galamusor-negyedik-probajat\/#breadcrumb\",\"itemListElement\":[{\"@type\":\"ListItem\",\"position\":1,\"name\":\"Kezd\u0151lap\",\"item\":\"https:\/\/kinaikaleidoszkop.hu\/\"},{\"@type\":\"ListItem\",\"position\":2,\"name\":\"A CMG megtartotta a 2024-es Tavasz\u00fcnnepi G\u00e1lam\u0171sor negyedik pr\u00f3b\u00e1j\u00e1t\"}]},{\"@type\":\"WebSite\",\"@id\":\"https:\/\/kinaikaleidoszkop.hu\/#website\",\"url\":\"https:\/\/kinaikaleidoszkop.hu\/\",\"name\":\"kinaikaleidoszkop.hu\",\"description\":\"\",\"potentialAction\":[{\"@type\":\"SearchAction\",\"target\":{\"@type\":\"EntryPoint\",\"urlTemplate\":\"https:\/\/kinaikaleidoszkop.hu\/?s={search_term_string}\"},\"query-input\":{\"@type\":\"PropertyValueSpecification\",\"valueRequired\":true,\"valueName\":\"search_term_string\"}}],\"inLanguage\":\"hu\"},{\"@type\":\"Person\",\"@id\":\"https:\/\/kinaikaleidoszkop.hu\/#\/schema\/person\/fd215d3a8bab54daeb796ae166f99ea5\",\"name\":\"admin-sebi\",\"image\":{\"@type\":\"ImageObject\",\"inLanguage\":\"hu\",\"@id\":\"https:\/\/kinaikaleidoszkop.hu\/#\/schema\/person\/image\/\",\"url\":\"https:\/\/secure.gravatar.com\/avatar\/b1498042bc4969020b4951f204f963e97c3d7d199f3790c1071adf67c61d0aa5?s=96&d=mm&r=g\",\"contentUrl\":\"https:\/\/secure.gravatar.com\/avatar\/b1498042bc4969020b4951f204f963e97c3d7d199f3790c1071adf67c61d0aa5?s=96&d=mm&r=g\",\"caption\":\"admin-sebi\"},\"url\":\"https:\/\/kinaikaleidoszkop.hu\/index.php\/author\/admin-sebi\/\"}]}<\/script>\n<!-- \/ Yoast SEO plugin. -->","yoast_head_json":{"title":"A CMG megtartotta a 2024-es Tavasz\u00fcnnepi G\u00e1lam\u0171sor negyedik pr\u00f3b\u00e1j\u00e1t - kinaikaleidoszkop.hu","robots":{"index":"index","follow":"follow","max-snippet":"max-snippet:-1","max-image-preview":"max-image-preview:large","max-video-preview":"max-video-preview:-1"},"canonical":"https:\/\/kinaikaleidoszkop.hu\/index.php\/2024\/02\/05\/a-cmg-megtartotta-a-2024-es-tavaszunnepi-galamusor-negyedik-probajat\/","og_locale":"hu_HU","og_type":"article","og_title":"A CMG megtartotta a 2024-es Tavasz\u00fcnnepi G\u00e1lam\u0171sor negyedik pr\u00f3b\u00e1j\u00e1t - kinaikaleidoszkop.hu","og_description":"A tavasz kezdete (Lichun) \u00e9vszakjelz\u0151vel egy napon, febru\u00e1r 4-\u00e9n a CMG sikeresen befejezte a 2024-es Tavasz\u00fcnnepi G\u00e1lam\u0171sor negyedik pr\u00f3b\u00e1j\u00e1t. Ezen a pr\u00f3b\u00e1n a m\u0171v\u00e9szet \u00e9s a technol\u00f3gia f\u00fazi\u00f3ja m\u00e9lyebb volt, \u00e9s az el\u0151ad\u00f3k teljesebb teljes\u00edtm\u00e9nyt ny\u00fajtottak. A programot t\u00f6bbsz\u00f6r csiszolt\u00e1k \u00e9s \u00e9rlelt\u00e9k, \u00e9s az egyes l\u00e1ncszemek kapcsolata sima \u00e9s term\u00e9szetes volt, az eg\u00e9sz g\u00e1lam\u0171sor a [&hellip;]","og_url":"https:\/\/kinaikaleidoszkop.hu\/index.php\/2024\/02\/05\/a-cmg-megtartotta-a-2024-es-tavaszunnepi-galamusor-negyedik-probajat\/","og_site_name":"kinaikaleidoszkop.hu","article_published_time":"2024-02-05T06:55:32+00:00","article_modified_time":"2024-02-05T06:56:01+00:00","og_image":[{"width":1140,"height":641,"url":"https:\/\/kinaikaleidoszkop.hu\/wp-content\/uploads\/2024\/02\/A-CMG-2024-es-Tavaszunnepi-Galamusoranak-hivatalos-plakatja.jpeg","type":"image\/jpeg"}],"author":"admin-sebi","twitter_card":"summary_large_image","twitter_misc":{"Szerz\u0151:":"admin-sebi","Becs\u00fclt olvas\u00e1si id\u0151":"1 perc"},"schema":{"@context":"https:\/\/schema.org","@graph":[{"@type":"WebPage","@id":"https:\/\/kinaikaleidoszkop.hu\/index.php\/2024\/02\/05\/a-cmg-megtartotta-a-2024-es-tavaszunnepi-galamusor-negyedik-probajat\/","url":"https:\/\/kinaikaleidoszkop.hu\/index.php\/2024\/02\/05\/a-cmg-megtartotta-a-2024-es-tavaszunnepi-galamusor-negyedik-probajat\/","name":"A CMG megtartotta a 2024-es Tavasz\u00fcnnepi G\u00e1lam\u0171sor negyedik pr\u00f3b\u00e1j\u00e1t - kinaikaleidoszkop.hu","isPartOf":{"@id":"https:\/\/kinaikaleidoszkop.hu\/#website"},"primaryImageOfPage":{"@id":"https:\/\/kinaikaleidoszkop.hu\/index.php\/2024\/02\/05\/a-cmg-megtartotta-a-2024-es-tavaszunnepi-galamusor-negyedik-probajat\/#primaryimage"},"image":{"@id":"https:\/\/kinaikaleidoszkop.hu\/index.php\/2024\/02\/05\/a-cmg-megtartotta-a-2024-es-tavaszunnepi-galamusor-negyedik-probajat\/#primaryimage"},"thumbnailUrl":"https:\/\/kinaikaleidoszkop.hu\/wp-content\/uploads\/2024\/02\/A-CMG-2024-es-Tavaszunnepi-Galamusoranak-hivatalos-plakatja.jpeg","datePublished":"2024-02-05T06:55:32+00:00","dateModified":"2024-02-05T06:56:01+00:00","author":{"@id":"https:\/\/kinaikaleidoszkop.hu\/#\/schema\/person\/fd215d3a8bab54daeb796ae166f99ea5"},"breadcrumb":{"@id":"https:\/\/kinaikaleidoszkop.hu\/index.php\/2024\/02\/05\/a-cmg-megtartotta-a-2024-es-tavaszunnepi-galamusor-negyedik-probajat\/#breadcrumb"},"inLanguage":"hu","potentialAction":[{"@type":"ReadAction","target":["https:\/\/kinaikaleidoszkop.hu\/index.php\/2024\/02\/05\/a-cmg-megtartotta-a-2024-es-tavaszunnepi-galamusor-negyedik-probajat\/"]}]},{"@type":"ImageObject","inLanguage":"hu","@id":"https:\/\/kinaikaleidoszkop.hu\/index.php\/2024\/02\/05\/a-cmg-megtartotta-a-2024-es-tavaszunnepi-galamusor-negyedik-probajat\/#primaryimage","url":"https:\/\/kinaikaleidoszkop.hu\/wp-content\/uploads\/2024\/02\/A-CMG-2024-es-Tavaszunnepi-Galamusoranak-hivatalos-plakatja.jpeg","contentUrl":"https:\/\/kinaikaleidoszkop.hu\/wp-content\/uploads\/2024\/02\/A-CMG-2024-es-Tavaszunnepi-Galamusoranak-hivatalos-plakatja.jpeg","width":1140,"height":641},{"@type":"BreadcrumbList","@id":"https:\/\/kinaikaleidoszkop.hu\/index.php\/2024\/02\/05\/a-cmg-megtartotta-a-2024-es-tavaszunnepi-galamusor-negyedik-probajat\/#breadcrumb","itemListElement":[{"@type":"ListItem","position":1,"name":"Kezd\u0151lap","item":"https:\/\/kinaikaleidoszkop.hu\/"},{"@type":"ListItem","position":2,"name":"A CMG megtartotta a 2024-es Tavasz\u00fcnnepi G\u00e1lam\u0171sor negyedik pr\u00f3b\u00e1j\u00e1t"}]},{"@type":"WebSite","@id":"https:\/\/kinaikaleidoszkop.hu\/#website","url":"https:\/\/kinaikaleidoszkop.hu\/","name":"kinaikaleidoszkop.hu","description":"","potentialAction":[{"@type":"SearchAction","target":{"@type":"EntryPoint","urlTemplate":"https:\/\/kinaikaleidoszkop.hu\/?s={search_term_string}"},"query-input":{"@type":"PropertyValueSpecification","valueRequired":true,"valueName":"search_term_string"}}],"inLanguage":"hu"},{"@type":"Person","@id":"https:\/\/kinaikaleidoszkop.hu\/#\/schema\/person\/fd215d3a8bab54daeb796ae166f99ea5","name":"admin-sebi","image":{"@type":"ImageObject","inLanguage":"hu","@id":"https:\/\/kinaikaleidoszkop.hu\/#\/schema\/person\/image\/","url":"https:\/\/secure.gravatar.com\/avatar\/b1498042bc4969020b4951f204f963e97c3d7d199f3790c1071adf67c61d0aa5?s=96&d=mm&r=g","contentUrl":"https:\/\/secure.gravatar.com\/avatar\/b1498042bc4969020b4951f204f963e97c3d7d199f3790c1071adf67c61d0aa5?s=96&d=mm&r=g","caption":"admin-sebi"},"url":"https:\/\/kinaikaleidoszkop.hu\/index.php\/author\/admin-sebi\/"}]}},"views":297,"distributor_meta":false,"distributor_terms":false,"distributor_media":false,"distributor_original_site_name":"kinaikaleidoszkop.hu","distributor_original_site_url":"https:\/\/kinaikaleidoszkop.hu","push-errors":false,"_links":{"self":[{"href":"https:\/\/kinaikaleidoszkop.hu\/index.php\/wp-json\/wp\/v2\/posts\/21048","targetHints":{"allow":["GET"]}}],"collection":[{"href":"https:\/\/kinaikaleidoszkop.hu\/index.php\/wp-json\/wp\/v2\/posts"}],"about":[{"href":"https:\/\/kinaikaleidoszkop.hu\/index.php\/wp-json\/wp\/v2\/types\/post"}],"author":[{"embeddable":true,"href":"https:\/\/kinaikaleidoszkop.hu\/index.php\/wp-json\/wp\/v2\/users\/6"}],"replies":[{"embeddable":true,"href":"https:\/\/kinaikaleidoszkop.hu\/index.php\/wp-json\/wp\/v2\/comments?post=21048"}],"version-history":[{"count":1,"href":"https:\/\/kinaikaleidoszkop.hu\/index.php\/wp-json\/wp\/v2\/posts\/21048\/revisions"}],"predecessor-version":[{"id":21051,"href":"https:\/\/kinaikaleidoszkop.hu\/index.php\/wp-json\/wp\/v2\/posts\/21048\/revisions\/21051"}],"wp:featuredmedia":[{"embeddable":true,"href":"https:\/\/kinaikaleidoszkop.hu\/index.php\/wp-json\/wp\/v2\/media\/21050"}],"wp:attachment":[{"href":"https:\/\/kinaikaleidoszkop.hu\/index.php\/wp-json\/wp\/v2\/media?parent=21048"}],"wp:term":[{"taxonomy":"category","embeddable":true,"href":"https:\/\/kinaikaleidoszkop.hu\/index.php\/wp-json\/wp\/v2\/categories?post=21048"},{"taxonomy":"post_tag","embeddable":true,"href":"https:\/\/kinaikaleidoszkop.hu\/index.php\/wp-json\/wp\/v2\/tags?post=21048"}],"curies":[{"name":"wp","href":"https:\/\/api.w.org\/{rel}","templated":true}]}}