{"id":21068,"date":"2024-02-08T10:58:13","date_gmt":"2024-02-08T09:58:13","guid":{"rendered":"https:\/\/kinaikaleidoszkop.hu\/?p=21068"},"modified":"2024-02-08T11:01:55","modified_gmt":"2024-02-08T10:01:55","slug":"a-kkp-vezetosegi-tagjai-meglatogattak-elodjeiket-a-holdujev-idejen","status":"publish","type":"post","link":"https:\/\/kinaikaleidoszkop.hu\/index.php\/2024\/02\/08\/a-kkp-vezetosegi-tagjai-meglatogattak-elodjeiket-a-holdujev-idejen\/","title":{"rendered":"A KKP vezet\u0151s\u00e9gi tagjai megl\u00e1togatt\u00e1k el\u0151djeiket a hold\u00faj\u00e9v idej\u00e9n"},"content":{"rendered":"\n<p><strong>A tavasz\u00fcnnep el\u0151est\u00e9j\u00e9n Hszi Csin-ping k\u00ednai \u00e1llameln\u00f6k &#8211; aki egyben a K\u00ednai Kommunista P\u00e1rt K\u00f6zponti Bizotts\u00e1g\u00e1nak f\u0151titk\u00e1ra \u00e9s a K\u00f6zponti Katonai Bizotts\u00e1g eln\u00f6ke is -, valamint a KKP \u00e9s az \u00e1llam m\u00e1s vezet\u0151i megl\u00e1togatt\u00e1k Hu Jinta\u00f3t \u00e9s tov\u00e1bbi id\u0151s elvt\u00e1rsakat, illetve megb\u00edztak felel\u0151s elvt\u00e1rsakat, hogy l\u00e1togassanak meg id\u0151s p\u00e1rttagokat, \u0151szinte \u00fcnnepi \u00fcdv\u00f6zletet k\u00fcldve, \u00e9s boldog hold\u00faj\u00e9vet k\u00edv\u00e1nva nekik.<\/strong><\/p>\n\n\n<div id='gallery-1' class='gallery galleryid-21068 gallery-columns-3 gallery-size-herald-lay-c1'><figure class='gallery-item'>\n\t\t\t<div class='gallery-icon landscape'>\n\t\t\t\t<a class=\"herald-popup\" href='https:\/\/kinaikaleidoszkop.hu\/wp-content\/uploads\/2024\/02\/240208_1.jpg'><img loading=\"lazy\" decoding=\"async\" width=\"470\" height=\"313\" src=\"https:\/\/kinaikaleidoszkop.hu\/wp-content\/uploads\/2024\/02\/240208_1-470x313.jpg\" class=\"attachment-herald-lay-c1 size-herald-lay-c1\" alt=\"\" srcset=\"https:\/\/kinaikaleidoszkop.hu\/wp-content\/uploads\/2024\/02\/240208_1-470x313.jpg 470w, https:\/\/kinaikaleidoszkop.hu\/wp-content\/uploads\/2024\/02\/240208_1-300x200.jpg 300w, https:\/\/kinaikaleidoszkop.hu\/wp-content\/uploads\/2024\/02\/240208_1-414x276.jpg 414w, https:\/\/kinaikaleidoszkop.hu\/wp-content\/uploads\/2024\/02\/240208_1-640x426.jpg 640w, https:\/\/kinaikaleidoszkop.hu\/wp-content\/uploads\/2024\/02\/240208_1-130x86.jpg 130w, https:\/\/kinaikaleidoszkop.hu\/wp-content\/uploads\/2024\/02\/240208_1-187x124.jpg 187w\" sizes=\"auto, (max-width: 470px) 100vw, 470px\" \/><\/a>\n\t\t\t<\/div><\/figure><figure class='gallery-item'>\n\t\t\t<div class='gallery-icon landscape'>\n\t\t\t\t<a class=\"herald-popup\" href='https:\/\/kinaikaleidoszkop.hu\/wp-content\/uploads\/2024\/02\/240208_2-1.jpg'><img loading=\"lazy\" decoding=\"async\" width=\"470\" height=\"313\" src=\"https:\/\/kinaikaleidoszkop.hu\/wp-content\/uploads\/2024\/02\/240208_2-1-470x313.jpg\" class=\"attachment-herald-lay-c1 size-herald-lay-c1\" alt=\"\" srcset=\"https:\/\/kinaikaleidoszkop.hu\/wp-content\/uploads\/2024\/02\/240208_2-1-470x313.jpg 470w, https:\/\/kinaikaleidoszkop.hu\/wp-content\/uploads\/2024\/02\/240208_2-1-300x200.jpg 300w, https:\/\/kinaikaleidoszkop.hu\/wp-content\/uploads\/2024\/02\/240208_2-1-414x276.jpg 414w, https:\/\/kinaikaleidoszkop.hu\/wp-content\/uploads\/2024\/02\/240208_2-1-640x426.jpg 640w, https:\/\/kinaikaleidoszkop.hu\/wp-content\/uploads\/2024\/02\/240208_2-1-130x86.jpg 130w, https:\/\/kinaikaleidoszkop.hu\/wp-content\/uploads\/2024\/02\/240208_2-1-187x124.jpg 187w\" sizes=\"auto, (max-width: 470px) 100vw, 470px\" \/><\/a>\n\t\t\t<\/div><\/figure>\n\t\t<\/div>\n\n\n\n<p><strong><em>(Liu Cong \u2013 China Media Group)<\/em><\/strong><\/p>\n\n\n\n<p><strong>2024. febru\u00e1r 8.<\/strong><\/p>\n\n\n\n<p><strong><em>(x)<\/em><\/strong><\/p>\n","protected":false},"excerpt":{"rendered":"<p>A tavasz\u00fcnnep el\u0151est\u00e9j\u00e9n Hszi Csin-ping k\u00ednai \u00e1llameln\u00f6k &#8211; aki egyben a K\u00ednai Kommunista P\u00e1rt K\u00f6zponti Bizotts\u00e1g\u00e1nak f\u0151titk\u00e1ra \u00e9s a K\u00f6zponti Katonai Bizotts\u00e1g eln\u00f6ke is -, valamint a KKP \u00e9s az \u00e1llam m\u00e1s vezet\u0151i megl\u00e1togatt\u00e1k Hu Jinta\u00f3t \u00e9s tov\u00e1bbi id\u0151s elvt\u00e1rsakat, illetve megb\u00edztak felel\u0151s elvt\u00e1rsakat, hogy l\u00e1togassanak meg id\u0151s p\u00e1rttagokat, \u0151szinte \u00fcnnepi \u00fcdv\u00f6zletet k\u00fcldve, \u00e9s boldog [&hellip;]<\/p>\n","protected":false},"author":2,"featured_media":21077,"comment_status":"closed","ping_status":"closed","sticky":false,"template":"","format":"standard","meta":{"footnotes":""},"categories":[45],"tags":[3802,305,3696,326,3492,270,544,259,3803],"class_list":["post-21068","post","type-post","status-publish","format-standard","has-post-thumbnail","hentry","category-hirek","tag-elvtars","tag-hszi-csin-ping","tag-kina","tag-kinai-allamelnok","tag-kinai-holdujev","tag-kinai-kommunista-part","tag-latogatas","tag-tavaszunnep","tag-vezetosegi-tagok"],"yoast_head":"<!-- This site is optimized with the Yoast SEO plugin v23.7 - https:\/\/yoast.com\/wordpress\/plugins\/seo\/ -->\n<title>A KKP vezet\u0151s\u00e9gi tagjai megl\u00e1togatt\u00e1k el\u0151djeiket a hold\u00faj\u00e9v idej\u00e9n - kinaikaleidoszkop.hu<\/title>\n<meta name=\"robots\" content=\"index, follow, max-snippet:-1, max-image-preview:large, max-video-preview:-1\" \/>\n<link rel=\"canonical\" href=\"https:\/\/kinaikaleidoszkop.hu\/index.php\/2024\/02\/08\/a-kkp-vezetosegi-tagjai-meglatogattak-elodjeiket-a-holdujev-idejen\/\" \/>\n<meta property=\"og:locale\" content=\"hu_HU\" \/>\n<meta property=\"og:type\" content=\"article\" \/>\n<meta property=\"og:title\" content=\"A KKP vezet\u0151s\u00e9gi tagjai megl\u00e1togatt\u00e1k el\u0151djeiket a hold\u00faj\u00e9v idej\u00e9n - kinaikaleidoszkop.hu\" \/>\n<meta property=\"og:description\" content=\"A tavasz\u00fcnnep el\u0151est\u00e9j\u00e9n Hszi Csin-ping k\u00ednai \u00e1llameln\u00f6k &#8211; aki egyben a K\u00ednai Kommunista P\u00e1rt K\u00f6zponti Bizotts\u00e1g\u00e1nak f\u0151titk\u00e1ra \u00e9s a K\u00f6zponti Katonai Bizotts\u00e1g eln\u00f6ke is -, valamint a KKP \u00e9s az \u00e1llam m\u00e1s vezet\u0151i megl\u00e1togatt\u00e1k Hu Jinta\u00f3t \u00e9s tov\u00e1bbi id\u0151s elvt\u00e1rsakat, illetve megb\u00edztak felel\u0151s elvt\u00e1rsakat, hogy l\u00e1togassanak meg id\u0151s p\u00e1rttagokat, \u0151szinte \u00fcnnepi \u00fcdv\u00f6zletet k\u00fcldve, \u00e9s boldog [&hellip;]\" \/>\n<meta property=\"og:url\" content=\"https:\/\/kinaikaleidoszkop.hu\/index.php\/2024\/02\/08\/a-kkp-vezetosegi-tagjai-meglatogattak-elodjeiket-a-holdujev-idejen\/\" \/>\n<meta property=\"og:site_name\" content=\"kinaikaleidoszkop.hu\" \/>\n<meta property=\"article:published_time\" content=\"2024-02-08T09:58:13+00:00\" \/>\n<meta property=\"article:modified_time\" content=\"2024-02-08T10:01:55+00:00\" \/>\n<meta property=\"og:image\" content=\"https:\/\/kinaikaleidoszkop.hu\/wp-content\/uploads\/2024\/02\/240208_2.jpg\" \/>\n\t<meta property=\"og:image:width\" content=\"1024\" \/>\n\t<meta property=\"og:image:height\" content=\"587\" \/>\n\t<meta property=\"og:image:type\" content=\"image\/jpeg\" \/>\n<meta name=\"author\" content=\"admin-szabolcs\" \/>\n<meta name=\"twitter:card\" content=\"summary_large_image\" \/>\n<meta name=\"twitter:label1\" content=\"Szerz\u0151:\" \/>\n\t<meta name=\"twitter:data1\" content=\"admin-szabolcs\" \/>\n\t<meta name=\"twitter:label2\" content=\"Becs\u00fclt olvas\u00e1si id\u0151\" \/>\n\t<meta name=\"twitter:data2\" content=\"1 perc\" \/>\n<script type=\"application\/ld+json\" class=\"yoast-schema-graph\">{\"@context\":\"https:\/\/schema.org\",\"@graph\":[{\"@type\":\"WebPage\",\"@id\":\"https:\/\/kinaikaleidoszkop.hu\/index.php\/2024\/02\/08\/a-kkp-vezetosegi-tagjai-meglatogattak-elodjeiket-a-holdujev-idejen\/\",\"url\":\"https:\/\/kinaikaleidoszkop.hu\/index.php\/2024\/02\/08\/a-kkp-vezetosegi-tagjai-meglatogattak-elodjeiket-a-holdujev-idejen\/\",\"name\":\"A KKP vezet\u0151s\u00e9gi tagjai megl\u00e1togatt\u00e1k el\u0151djeiket a hold\u00faj\u00e9v idej\u00e9n - kinaikaleidoszkop.hu\",\"isPartOf\":{\"@id\":\"https:\/\/kinaikaleidoszkop.hu\/#website\"},\"primaryImageOfPage\":{\"@id\":\"https:\/\/kinaikaleidoszkop.hu\/index.php\/2024\/02\/08\/a-kkp-vezetosegi-tagjai-meglatogattak-elodjeiket-a-holdujev-idejen\/#primaryimage\"},\"image\":{\"@id\":\"https:\/\/kinaikaleidoszkop.hu\/index.php\/2024\/02\/08\/a-kkp-vezetosegi-tagjai-meglatogattak-elodjeiket-a-holdujev-idejen\/#primaryimage\"},\"thumbnailUrl\":\"https:\/\/kinaikaleidoszkop.hu\/wp-content\/uploads\/2024\/02\/240208_2.jpg\",\"datePublished\":\"2024-02-08T09:58:13+00:00\",\"dateModified\":\"2024-02-08T10:01:55+00:00\",\"author\":{\"@id\":\"https:\/\/kinaikaleidoszkop.hu\/#\/schema\/person\/b9e2febe742edd540c1197716ec02bf7\"},\"breadcrumb\":{\"@id\":\"https:\/\/kinaikaleidoszkop.hu\/index.php\/2024\/02\/08\/a-kkp-vezetosegi-tagjai-meglatogattak-elodjeiket-a-holdujev-idejen\/#breadcrumb\"},\"inLanguage\":\"hu\",\"potentialAction\":[{\"@type\":\"ReadAction\",\"target\":[\"https:\/\/kinaikaleidoszkop.hu\/index.php\/2024\/02\/08\/a-kkp-vezetosegi-tagjai-meglatogattak-elodjeiket-a-holdujev-idejen\/\"]}]},{\"@type\":\"ImageObject\",\"inLanguage\":\"hu\",\"@id\":\"https:\/\/kinaikaleidoszkop.hu\/index.php\/2024\/02\/08\/a-kkp-vezetosegi-tagjai-meglatogattak-elodjeiket-a-holdujev-idejen\/#primaryimage\",\"url\":\"https:\/\/kinaikaleidoszkop.hu\/wp-content\/uploads\/2024\/02\/240208_2.jpg\",\"contentUrl\":\"https:\/\/kinaikaleidoszkop.hu\/wp-content\/uploads\/2024\/02\/240208_2.jpg\",\"width\":1024,\"height\":587},{\"@type\":\"BreadcrumbList\",\"@id\":\"https:\/\/kinaikaleidoszkop.hu\/index.php\/2024\/02\/08\/a-kkp-vezetosegi-tagjai-meglatogattak-elodjeiket-a-holdujev-idejen\/#breadcrumb\",\"itemListElement\":[{\"@type\":\"ListItem\",\"position\":1,\"name\":\"Kezd\u0151lap\",\"item\":\"https:\/\/kinaikaleidoszkop.hu\/\"},{\"@type\":\"ListItem\",\"position\":2,\"name\":\"A KKP vezet\u0151s\u00e9gi tagjai megl\u00e1togatt\u00e1k el\u0151djeiket a hold\u00faj\u00e9v idej\u00e9n\"}]},{\"@type\":\"WebSite\",\"@id\":\"https:\/\/kinaikaleidoszkop.hu\/#website\",\"url\":\"https:\/\/kinaikaleidoszkop.hu\/\",\"name\":\"kinaikaleidoszkop.hu\",\"description\":\"\",\"potentialAction\":[{\"@type\":\"SearchAction\",\"target\":{\"@type\":\"EntryPoint\",\"urlTemplate\":\"https:\/\/kinaikaleidoszkop.hu\/?s={search_term_string}\"},\"query-input\":{\"@type\":\"PropertyValueSpecification\",\"valueRequired\":true,\"valueName\":\"search_term_string\"}}],\"inLanguage\":\"hu\"},{\"@type\":\"Person\",\"@id\":\"https:\/\/kinaikaleidoszkop.hu\/#\/schema\/person\/b9e2febe742edd540c1197716ec02bf7\",\"name\":\"admin-szabolcs\",\"image\":{\"@type\":\"ImageObject\",\"inLanguage\":\"hu\",\"@id\":\"https:\/\/kinaikaleidoszkop.hu\/#\/schema\/person\/image\/\",\"url\":\"https:\/\/secure.gravatar.com\/avatar\/154f262492794df2a6cb5d5349227b18ef8f85ab462fbb32625fc42406483d21?s=96&d=mm&r=g\",\"contentUrl\":\"https:\/\/secure.gravatar.com\/avatar\/154f262492794df2a6cb5d5349227b18ef8f85ab462fbb32625fc42406483d21?s=96&d=mm&r=g\",\"caption\":\"admin-szabolcs\"},\"url\":\"https:\/\/kinaikaleidoszkop.hu\/index.php\/author\/admin-szabolcs\/\"}]}<\/script>\n<!-- \/ Yoast SEO plugin. -->","yoast_head_json":{"title":"A KKP vezet\u0151s\u00e9gi tagjai megl\u00e1togatt\u00e1k el\u0151djeiket a hold\u00faj\u00e9v idej\u00e9n - kinaikaleidoszkop.hu","robots":{"index":"index","follow":"follow","max-snippet":"max-snippet:-1","max-image-preview":"max-image-preview:large","max-video-preview":"max-video-preview:-1"},"canonical":"https:\/\/kinaikaleidoszkop.hu\/index.php\/2024\/02\/08\/a-kkp-vezetosegi-tagjai-meglatogattak-elodjeiket-a-holdujev-idejen\/","og_locale":"hu_HU","og_type":"article","og_title":"A KKP vezet\u0151s\u00e9gi tagjai megl\u00e1togatt\u00e1k el\u0151djeiket a hold\u00faj\u00e9v idej\u00e9n - kinaikaleidoszkop.hu","og_description":"A tavasz\u00fcnnep el\u0151est\u00e9j\u00e9n Hszi Csin-ping k\u00ednai \u00e1llameln\u00f6k &#8211; aki egyben a K\u00ednai Kommunista P\u00e1rt K\u00f6zponti Bizotts\u00e1g\u00e1nak f\u0151titk\u00e1ra \u00e9s a K\u00f6zponti Katonai Bizotts\u00e1g eln\u00f6ke is -, valamint a KKP \u00e9s az \u00e1llam m\u00e1s vezet\u0151i megl\u00e1togatt\u00e1k Hu Jinta\u00f3t \u00e9s tov\u00e1bbi id\u0151s elvt\u00e1rsakat, illetve megb\u00edztak felel\u0151s elvt\u00e1rsakat, hogy l\u00e1togassanak meg id\u0151s p\u00e1rttagokat, \u0151szinte \u00fcnnepi \u00fcdv\u00f6zletet k\u00fcldve, \u00e9s boldog [&hellip;]","og_url":"https:\/\/kinaikaleidoszkop.hu\/index.php\/2024\/02\/08\/a-kkp-vezetosegi-tagjai-meglatogattak-elodjeiket-a-holdujev-idejen\/","og_site_name":"kinaikaleidoszkop.hu","article_published_time":"2024-02-08T09:58:13+00:00","article_modified_time":"2024-02-08T10:01:55+00:00","og_image":[{"width":1024,"height":587,"url":"https:\/\/kinaikaleidoszkop.hu\/wp-content\/uploads\/2024\/02\/240208_2.jpg","type":"image\/jpeg"}],"author":"admin-szabolcs","twitter_card":"summary_large_image","twitter_misc":{"Szerz\u0151:":"admin-szabolcs","Becs\u00fclt olvas\u00e1si id\u0151":"1 perc"},"schema":{"@context":"https:\/\/schema.org","@graph":[{"@type":"WebPage","@id":"https:\/\/kinaikaleidoszkop.hu\/index.php\/2024\/02\/08\/a-kkp-vezetosegi-tagjai-meglatogattak-elodjeiket-a-holdujev-idejen\/","url":"https:\/\/kinaikaleidoszkop.hu\/index.php\/2024\/02\/08\/a-kkp-vezetosegi-tagjai-meglatogattak-elodjeiket-a-holdujev-idejen\/","name":"A KKP vezet\u0151s\u00e9gi tagjai megl\u00e1togatt\u00e1k el\u0151djeiket a hold\u00faj\u00e9v idej\u00e9n - kinaikaleidoszkop.hu","isPartOf":{"@id":"https:\/\/kinaikaleidoszkop.hu\/#website"},"primaryImageOfPage":{"@id":"https:\/\/kinaikaleidoszkop.hu\/index.php\/2024\/02\/08\/a-kkp-vezetosegi-tagjai-meglatogattak-elodjeiket-a-holdujev-idejen\/#primaryimage"},"image":{"@id":"https:\/\/kinaikaleidoszkop.hu\/index.php\/2024\/02\/08\/a-kkp-vezetosegi-tagjai-meglatogattak-elodjeiket-a-holdujev-idejen\/#primaryimage"},"thumbnailUrl":"https:\/\/kinaikaleidoszkop.hu\/wp-content\/uploads\/2024\/02\/240208_2.jpg","datePublished":"2024-02-08T09:58:13+00:00","dateModified":"2024-02-08T10:01:55+00:00","author":{"@id":"https:\/\/kinaikaleidoszkop.hu\/#\/schema\/person\/b9e2febe742edd540c1197716ec02bf7"},"breadcrumb":{"@id":"https:\/\/kinaikaleidoszkop.hu\/index.php\/2024\/02\/08\/a-kkp-vezetosegi-tagjai-meglatogattak-elodjeiket-a-holdujev-idejen\/#breadcrumb"},"inLanguage":"hu","potentialAction":[{"@type":"ReadAction","target":["https:\/\/kinaikaleidoszkop.hu\/index.php\/2024\/02\/08\/a-kkp-vezetosegi-tagjai-meglatogattak-elodjeiket-a-holdujev-idejen\/"]}]},{"@type":"ImageObject","inLanguage":"hu","@id":"https:\/\/kinaikaleidoszkop.hu\/index.php\/2024\/02\/08\/a-kkp-vezetosegi-tagjai-meglatogattak-elodjeiket-a-holdujev-idejen\/#primaryimage","url":"https:\/\/kinaikaleidoszkop.hu\/wp-content\/uploads\/2024\/02\/240208_2.jpg","contentUrl":"https:\/\/kinaikaleidoszkop.hu\/wp-content\/uploads\/2024\/02\/240208_2.jpg","width":1024,"height":587},{"@type":"BreadcrumbList","@id":"https:\/\/kinaikaleidoszkop.hu\/index.php\/2024\/02\/08\/a-kkp-vezetosegi-tagjai-meglatogattak-elodjeiket-a-holdujev-idejen\/#breadcrumb","itemListElement":[{"@type":"ListItem","position":1,"name":"Kezd\u0151lap","item":"https:\/\/kinaikaleidoszkop.hu\/"},{"@type":"ListItem","position":2,"name":"A KKP vezet\u0151s\u00e9gi tagjai megl\u00e1togatt\u00e1k el\u0151djeiket a hold\u00faj\u00e9v idej\u00e9n"}]},{"@type":"WebSite","@id":"https:\/\/kinaikaleidoszkop.hu\/#website","url":"https:\/\/kinaikaleidoszkop.hu\/","name":"kinaikaleidoszkop.hu","description":"","potentialAction":[{"@type":"SearchAction","target":{"@type":"EntryPoint","urlTemplate":"https:\/\/kinaikaleidoszkop.hu\/?s={search_term_string}"},"query-input":{"@type":"PropertyValueSpecification","valueRequired":true,"valueName":"search_term_string"}}],"inLanguage":"hu"},{"@type":"Person","@id":"https:\/\/kinaikaleidoszkop.hu\/#\/schema\/person\/b9e2febe742edd540c1197716ec02bf7","name":"admin-szabolcs","image":{"@type":"ImageObject","inLanguage":"hu","@id":"https:\/\/kinaikaleidoszkop.hu\/#\/schema\/person\/image\/","url":"https:\/\/secure.gravatar.com\/avatar\/154f262492794df2a6cb5d5349227b18ef8f85ab462fbb32625fc42406483d21?s=96&d=mm&r=g","contentUrl":"https:\/\/secure.gravatar.com\/avatar\/154f262492794df2a6cb5d5349227b18ef8f85ab462fbb32625fc42406483d21?s=96&d=mm&r=g","caption":"admin-szabolcs"},"url":"https:\/\/kinaikaleidoszkop.hu\/index.php\/author\/admin-szabolcs\/"}]}},"views":283,"distributor_meta":false,"distributor_terms":false,"distributor_media":false,"distributor_original_site_name":"kinaikaleidoszkop.hu","distributor_original_site_url":"https:\/\/kinaikaleidoszkop.hu","push-errors":false,"_links":{"self":[{"href":"https:\/\/kinaikaleidoszkop.hu\/index.php\/wp-json\/wp\/v2\/posts\/21068","targetHints":{"allow":["GET"]}}],"collection":[{"href":"https:\/\/kinaikaleidoszkop.hu\/index.php\/wp-json\/wp\/v2\/posts"}],"about":[{"href":"https:\/\/kinaikaleidoszkop.hu\/index.php\/wp-json\/wp\/v2\/types\/post"}],"author":[{"embeddable":true,"href":"https:\/\/kinaikaleidoszkop.hu\/index.php\/wp-json\/wp\/v2\/users\/2"}],"replies":[{"embeddable":true,"href":"https:\/\/kinaikaleidoszkop.hu\/index.php\/wp-json\/wp\/v2\/comments?post=21068"}],"version-history":[{"count":5,"href":"https:\/\/kinaikaleidoszkop.hu\/index.php\/wp-json\/wp\/v2\/posts\/21068\/revisions"}],"predecessor-version":[{"id":21086,"href":"https:\/\/kinaikaleidoszkop.hu\/index.php\/wp-json\/wp\/v2\/posts\/21068\/revisions\/21086"}],"wp:featuredmedia":[{"embeddable":true,"href":"https:\/\/kinaikaleidoszkop.hu\/index.php\/wp-json\/wp\/v2\/media\/21077"}],"wp:attachment":[{"href":"https:\/\/kinaikaleidoszkop.hu\/index.php\/wp-json\/wp\/v2\/media?parent=21068"}],"wp:term":[{"taxonomy":"category","embeddable":true,"href":"https:\/\/kinaikaleidoszkop.hu\/index.php\/wp-json\/wp\/v2\/categories?post=21068"},{"taxonomy":"post_tag","embeddable":true,"href":"https:\/\/kinaikaleidoszkop.hu\/index.php\/wp-json\/wp\/v2\/tags?post=21068"}],"curies":[{"name":"wp","href":"https:\/\/api.w.org\/{rel}","templated":true}]}}