{"id":21298,"date":"2024-03-02T13:56:06","date_gmt":"2024-03-02T12:56:06","guid":{"rendered":"https:\/\/kinaikaleidoszkop.hu\/?p=21298"},"modified":"2024-03-04T11:25:28","modified_gmt":"2024-03-04T10:25:28","slug":"ulest-tartott-a-kkp-kb-politikai-bizottsaga-a-kormany-munkajelentesenek-felulvizsgalatarol","status":"publish","type":"post","link":"https:\/\/kinaikaleidoszkop.hu\/index.php\/2024\/03\/02\/ulest-tartott-a-kkp-kb-politikai-bizottsaga-a-kormany-munkajelentesenek-felulvizsgalatarol\/","title":{"rendered":"\u00dcl\u00e9st tartott a KKP KB Politikai Bizotts\u00e1ga a korm\u00e1ny munkajelent\u00e9s\u00e9nek fel\u00fclvizsg\u00e1lat\u00e1r\u00f3l"},"content":{"rendered":"\n<p><strong>Febru\u00e1r 29-\u00e9n a K\u00ednai Kommunista P\u00e1rt K\u00f6zponti Bizotts\u00e1g\u00e1nak Politikai Bizotts\u00e1ga \u00fcl\u00e9st tartott a korm\u00e1ny munkajelent\u00e9s\u00e9nek fel\u00fclvizsg\u00e1lat\u00e1r\u00f3l. Hszi Csin-ping k\u00ednai \u00e1llameln\u00f6k eln\u00f6k\u00f6lte az \u00fcl\u00e9st.<\/strong><\/p>\n\n\n\n<p>Az \u00fcl\u00e9sen elhangzott, hogy a bonyolult nemzetk\u00f6zi k\u00f6rnyezet, illetve a reform \u00e9s fejleszt\u00e9s neh\u00e9z feladatai ellen\u00e9re K\u00edna stabilan ker\u00fclt ki a j\u00e1rv\u00e1nyellen\u0151rz\u00e9sb\u0151l, folyamatosan javul a gazdas\u00e1g, j\u00f3l megv\u00e9dt\u00e9k a n\u00e9p meg\u00e9lhet\u00e9s\u00e9t, megval\u00f3s\u00edtott\u00e1k a legf\u0151bb gazdas\u00e1gi \u00e9s fejleszt\u00e9si c\u00e9lokat, stabilan el\u0151mozd\u00edtott\u00e1k a magas min\u0151s\u00e9g\u0171 fejleszt\u00e9st \u00e9s a szocialista korszer\u0171s\u00edt\u00e9s folyamat\u00e1t.&nbsp;<\/p>\n\n\n\n<p>Az \u00fcl\u00e9s\u00e9n hangs\u00falyozt\u00e1k, hogy id\u00e9n van a K\u00ednai N\u00e9pk\u00f6zt\u00e1rsas\u00e1g l\u00e9trehoz\u00e1s\u00e1nak 75. \u00e9vfordul\u00f3ja, illetve a 14. \u00f6t\u00e9ves terv fontos \u00e9ve is. K\u00edna a stabilit\u00e1st fenntartva keresi a halad\u00e1st, er\u0151fesz\u00edt\u00e9seket tesz a reform \u00e9s nyit\u00e1s elm\u00e9ly\u00edt\u00e9s\u00e9re, a cs\u00facstechnol\u00f3gi\u00e1k \u00f6n\u00e1ll\u00f3 fejleszt\u00e9s\u00e9re, a hazai kereslet b\u0151v\u00edt\u00e9s\u00e9re, \u00e9s a v\u00e1ls\u00e1gok ellen\u0151rz\u00e9s\u00e9re. Koordin\u00e1lj\u00e1k az \u00faj urbaniz\u00e1ci\u00f3t a falvak revitaliz\u00e1ci\u00f3j\u00e1val, meger\u0151s\u00edtik a gazdas\u00e1gi aktivit\u00e1st, jav\u00edtj\u00e1k a k\u00f6z\u00f6ss\u00e9gi elv\u00e1r\u00e1sokat, tov\u00e1bb\u00e1 min\u0151s\u00e9gben \u00e9s m\u00e9retben is konszolid\u00e1lj\u00e1k a gazdas\u00e1g n\u00f6veked\u00e9s\u00e9t.<\/p>\n\n\n\n<p>Az \u00fcl\u00e9sen r\u00e1mutatt\u00e1k, hogy akt\u00edv \u00e9s pontos p\u00e9nz\u00fcgypolitik\u00e1kat hajtanak v\u00e9gre, kijav\u00edtj\u00e1k a formalizmust, \u00e1tl\u00e1tsz\u00f3 \u00e9s kisz\u00e1m\u00edthat\u00f3 politikai k\u00f6rnyezetet hoznak l\u00e9tre, \u00e9s gyakorlati tettekkel val\u00f3s\u00edtj\u00e1k meg az \u00e9ves gazdas\u00e1gi \u00e9s fejleszt\u00e9si c\u00e9lokat.&nbsp;<\/p>\n\n\n\n<p><strong>2024. m\u00e1rcius 2.<\/strong><\/p>\n\n\n\n<p><strong><em>(Wang Yuzhe \u2013 China Media Group)<\/em><\/strong><\/p>\n\n\n\n<p><strong>(x)<\/strong><\/p>\n","protected":false},"excerpt":{"rendered":"<p>Febru\u00e1r 29-\u00e9n a K\u00ednai Kommunista P\u00e1rt K\u00f6zponti Bizotts\u00e1g\u00e1nak Politikai Bizotts\u00e1ga \u00fcl\u00e9st tartott a korm\u00e1ny munkajelent\u00e9s\u00e9nek fel\u00fclvizsg\u00e1lat\u00e1r\u00f3l. Hszi Csin-ping k\u00ednai \u00e1llameln\u00f6k eln\u00f6k\u00f6lte az \u00fcl\u00e9st. Az \u00fcl\u00e9sen elhangzott, hogy a bonyolult nemzetk\u00f6zi k\u00f6rnyezet, illetve a reform \u00e9s fejleszt\u00e9s neh\u00e9z feladatai ellen\u00e9re K\u00edna stabilan ker\u00fclt ki a j\u00e1rv\u00e1nyellen\u0151rz\u00e9sb\u0151l, folyamatosan javul a gazdas\u00e1g, j\u00f3l megv\u00e9dt\u00e9k a n\u00e9p meg\u00e9lhet\u00e9s\u00e9t, megval\u00f3s\u00edtott\u00e1k [&hellip;]<\/p>\n","protected":false},"author":7,"featured_media":21305,"comment_status":"closed","ping_status":"closed","sticky":false,"template":"","format":"standard","meta":{"footnotes":""},"categories":[45],"tags":[3865,305,505,3696,2068,1981,492,705],"class_list":["post-21298","post","type-post","status-publish","format-standard","has-post-thumbnail","hentry","category-hirek","tag-felulvizsgalat","tag-hszi-csin-ping","tag-jelentes","tag-kina","tag-kkp","tag-nyitas","tag-reform","tag-ules"],"yoast_head":"<!-- This site is optimized with the Yoast SEO plugin v23.7 - https:\/\/yoast.com\/wordpress\/plugins\/seo\/ -->\n<title>\u00dcl\u00e9st tartott a KKP KB Politikai Bizotts\u00e1ga a korm\u00e1ny munkajelent\u00e9s\u00e9nek fel\u00fclvizsg\u00e1lat\u00e1r\u00f3l - kinaikaleidoszkop.hu<\/title>\n<meta name=\"robots\" content=\"index, follow, max-snippet:-1, max-image-preview:large, max-video-preview:-1\" \/>\n<link rel=\"canonical\" href=\"https:\/\/kinaikaleidoszkop.hu\/index.php\/2024\/03\/02\/ulest-tartott-a-kkp-kb-politikai-bizottsaga-a-kormany-munkajelentesenek-felulvizsgalatarol\/\" \/>\n<meta property=\"og:locale\" content=\"hu_HU\" \/>\n<meta property=\"og:type\" content=\"article\" \/>\n<meta property=\"og:title\" content=\"\u00dcl\u00e9st tartott a KKP KB Politikai Bizotts\u00e1ga a korm\u00e1ny munkajelent\u00e9s\u00e9nek fel\u00fclvizsg\u00e1lat\u00e1r\u00f3l - kinaikaleidoszkop.hu\" \/>\n<meta property=\"og:description\" content=\"Febru\u00e1r 29-\u00e9n a K\u00ednai Kommunista P\u00e1rt K\u00f6zponti Bizotts\u00e1g\u00e1nak Politikai Bizotts\u00e1ga \u00fcl\u00e9st tartott a korm\u00e1ny munkajelent\u00e9s\u00e9nek fel\u00fclvizsg\u00e1lat\u00e1r\u00f3l. Hszi Csin-ping k\u00ednai \u00e1llameln\u00f6k eln\u00f6k\u00f6lte az \u00fcl\u00e9st. Az \u00fcl\u00e9sen elhangzott, hogy a bonyolult nemzetk\u00f6zi k\u00f6rnyezet, illetve a reform \u00e9s fejleszt\u00e9s neh\u00e9z feladatai ellen\u00e9re K\u00edna stabilan ker\u00fclt ki a j\u00e1rv\u00e1nyellen\u0151rz\u00e9sb\u0151l, folyamatosan javul a gazdas\u00e1g, j\u00f3l megv\u00e9dt\u00e9k a n\u00e9p meg\u00e9lhet\u00e9s\u00e9t, megval\u00f3s\u00edtott\u00e1k [&hellip;]\" \/>\n<meta property=\"og:url\" content=\"https:\/\/kinaikaleidoszkop.hu\/index.php\/2024\/03\/02\/ulest-tartott-a-kkp-kb-politikai-bizottsaga-a-kormany-munkajelentesenek-felulvizsgalatarol\/\" \/>\n<meta property=\"og:site_name\" content=\"kinaikaleidoszkop.hu\" \/>\n<meta property=\"article:published_time\" content=\"2024-03-02T12:56:06+00:00\" \/>\n<meta property=\"article:modified_time\" content=\"2024-03-04T10:25:28+00:00\" \/>\n<meta property=\"og:image\" content=\"https:\/\/kinaikaleidoszkop.hu\/wp-content\/uploads\/2024\/03\/chinese-flag-540874_640.jpg\" \/>\n\t<meta property=\"og:image:width\" content=\"640\" \/>\n\t<meta property=\"og:image:height\" content=\"402\" \/>\n\t<meta property=\"og:image:type\" content=\"image\/jpeg\" \/>\n<meta name=\"author\" content=\"Szerk_Erik\" \/>\n<meta name=\"twitter:card\" content=\"summary_large_image\" \/>\n<meta name=\"twitter:label1\" content=\"Szerz\u0151:\" \/>\n\t<meta name=\"twitter:data1\" content=\"Szerk_Erik\" \/>\n\t<meta name=\"twitter:label2\" content=\"Becs\u00fclt olvas\u00e1si id\u0151\" \/>\n\t<meta name=\"twitter:data2\" content=\"1 perc\" \/>\n<script type=\"application\/ld+json\" class=\"yoast-schema-graph\">{\"@context\":\"https:\/\/schema.org\",\"@graph\":[{\"@type\":\"WebPage\",\"@id\":\"https:\/\/kinaikaleidoszkop.hu\/index.php\/2024\/03\/02\/ulest-tartott-a-kkp-kb-politikai-bizottsaga-a-kormany-munkajelentesenek-felulvizsgalatarol\/\",\"url\":\"https:\/\/kinaikaleidoszkop.hu\/index.php\/2024\/03\/02\/ulest-tartott-a-kkp-kb-politikai-bizottsaga-a-kormany-munkajelentesenek-felulvizsgalatarol\/\",\"name\":\"\u00dcl\u00e9st tartott a KKP KB Politikai Bizotts\u00e1ga a korm\u00e1ny munkajelent\u00e9s\u00e9nek fel\u00fclvizsg\u00e1lat\u00e1r\u00f3l - kinaikaleidoszkop.hu\",\"isPartOf\":{\"@id\":\"https:\/\/kinaikaleidoszkop.hu\/#website\"},\"primaryImageOfPage\":{\"@id\":\"https:\/\/kinaikaleidoszkop.hu\/index.php\/2024\/03\/02\/ulest-tartott-a-kkp-kb-politikai-bizottsaga-a-kormany-munkajelentesenek-felulvizsgalatarol\/#primaryimage\"},\"image\":{\"@id\":\"https:\/\/kinaikaleidoszkop.hu\/index.php\/2024\/03\/02\/ulest-tartott-a-kkp-kb-politikai-bizottsaga-a-kormany-munkajelentesenek-felulvizsgalatarol\/#primaryimage\"},\"thumbnailUrl\":\"https:\/\/kinaikaleidoszkop.hu\/wp-content\/uploads\/2024\/03\/chinese-flag-540874_640.jpg\",\"datePublished\":\"2024-03-02T12:56:06+00:00\",\"dateModified\":\"2024-03-04T10:25:28+00:00\",\"author\":{\"@id\":\"https:\/\/kinaikaleidoszkop.hu\/#\/schema\/person\/4d69b71e7e70322713b9d9287b610556\"},\"breadcrumb\":{\"@id\":\"https:\/\/kinaikaleidoszkop.hu\/index.php\/2024\/03\/02\/ulest-tartott-a-kkp-kb-politikai-bizottsaga-a-kormany-munkajelentesenek-felulvizsgalatarol\/#breadcrumb\"},\"inLanguage\":\"hu\",\"potentialAction\":[{\"@type\":\"ReadAction\",\"target\":[\"https:\/\/kinaikaleidoszkop.hu\/index.php\/2024\/03\/02\/ulest-tartott-a-kkp-kb-politikai-bizottsaga-a-kormany-munkajelentesenek-felulvizsgalatarol\/\"]}]},{\"@type\":\"ImageObject\",\"inLanguage\":\"hu\",\"@id\":\"https:\/\/kinaikaleidoszkop.hu\/index.php\/2024\/03\/02\/ulest-tartott-a-kkp-kb-politikai-bizottsaga-a-kormany-munkajelentesenek-felulvizsgalatarol\/#primaryimage\",\"url\":\"https:\/\/kinaikaleidoszkop.hu\/wp-content\/uploads\/2024\/03\/chinese-flag-540874_640.jpg\",\"contentUrl\":\"https:\/\/kinaikaleidoszkop.hu\/wp-content\/uploads\/2024\/03\/chinese-flag-540874_640.jpg\",\"width\":640,\"height\":402},{\"@type\":\"BreadcrumbList\",\"@id\":\"https:\/\/kinaikaleidoszkop.hu\/index.php\/2024\/03\/02\/ulest-tartott-a-kkp-kb-politikai-bizottsaga-a-kormany-munkajelentesenek-felulvizsgalatarol\/#breadcrumb\",\"itemListElement\":[{\"@type\":\"ListItem\",\"position\":1,\"name\":\"Kezd\u0151lap\",\"item\":\"https:\/\/kinaikaleidoszkop.hu\/\"},{\"@type\":\"ListItem\",\"position\":2,\"name\":\"\u00dcl\u00e9st tartott a KKP KB Politikai Bizotts\u00e1ga a korm\u00e1ny munkajelent\u00e9s\u00e9nek fel\u00fclvizsg\u00e1lat\u00e1r\u00f3l\"}]},{\"@type\":\"WebSite\",\"@id\":\"https:\/\/kinaikaleidoszkop.hu\/#website\",\"url\":\"https:\/\/kinaikaleidoszkop.hu\/\",\"name\":\"kinaikaleidoszkop.hu\",\"description\":\"\",\"potentialAction\":[{\"@type\":\"SearchAction\",\"target\":{\"@type\":\"EntryPoint\",\"urlTemplate\":\"https:\/\/kinaikaleidoszkop.hu\/?s={search_term_string}\"},\"query-input\":{\"@type\":\"PropertyValueSpecification\",\"valueRequired\":true,\"valueName\":\"search_term_string\"}}],\"inLanguage\":\"hu\"},{\"@type\":\"Person\",\"@id\":\"https:\/\/kinaikaleidoszkop.hu\/#\/schema\/person\/4d69b71e7e70322713b9d9287b610556\",\"name\":\"Szerk_Erik\",\"image\":{\"@type\":\"ImageObject\",\"inLanguage\":\"hu\",\"@id\":\"https:\/\/kinaikaleidoszkop.hu\/#\/schema\/person\/image\/\",\"url\":\"https:\/\/secure.gravatar.com\/avatar\/3c1e909a14c0c91d2eaef877aaacb584c667f8e7137de69653aa9561fd0e8062?s=96&d=mm&r=g\",\"contentUrl\":\"https:\/\/secure.gravatar.com\/avatar\/3c1e909a14c0c91d2eaef877aaacb584c667f8e7137de69653aa9561fd0e8062?s=96&d=mm&r=g\",\"caption\":\"Szerk_Erik\"},\"url\":\"https:\/\/kinaikaleidoszkop.hu\/index.php\/author\/szerk_erik\/\"}]}<\/script>\n<!-- \/ Yoast SEO plugin. -->","yoast_head_json":{"title":"\u00dcl\u00e9st tartott a KKP KB Politikai Bizotts\u00e1ga a korm\u00e1ny munkajelent\u00e9s\u00e9nek fel\u00fclvizsg\u00e1lat\u00e1r\u00f3l - kinaikaleidoszkop.hu","robots":{"index":"index","follow":"follow","max-snippet":"max-snippet:-1","max-image-preview":"max-image-preview:large","max-video-preview":"max-video-preview:-1"},"canonical":"https:\/\/kinaikaleidoszkop.hu\/index.php\/2024\/03\/02\/ulest-tartott-a-kkp-kb-politikai-bizottsaga-a-kormany-munkajelentesenek-felulvizsgalatarol\/","og_locale":"hu_HU","og_type":"article","og_title":"\u00dcl\u00e9st tartott a KKP KB Politikai Bizotts\u00e1ga a korm\u00e1ny munkajelent\u00e9s\u00e9nek fel\u00fclvizsg\u00e1lat\u00e1r\u00f3l - kinaikaleidoszkop.hu","og_description":"Febru\u00e1r 29-\u00e9n a K\u00ednai Kommunista P\u00e1rt K\u00f6zponti Bizotts\u00e1g\u00e1nak Politikai Bizotts\u00e1ga \u00fcl\u00e9st tartott a korm\u00e1ny munkajelent\u00e9s\u00e9nek fel\u00fclvizsg\u00e1lat\u00e1r\u00f3l. Hszi Csin-ping k\u00ednai \u00e1llameln\u00f6k eln\u00f6k\u00f6lte az \u00fcl\u00e9st. Az \u00fcl\u00e9sen elhangzott, hogy a bonyolult nemzetk\u00f6zi k\u00f6rnyezet, illetve a reform \u00e9s fejleszt\u00e9s neh\u00e9z feladatai ellen\u00e9re K\u00edna stabilan ker\u00fclt ki a j\u00e1rv\u00e1nyellen\u0151rz\u00e9sb\u0151l, folyamatosan javul a gazdas\u00e1g, j\u00f3l megv\u00e9dt\u00e9k a n\u00e9p meg\u00e9lhet\u00e9s\u00e9t, megval\u00f3s\u00edtott\u00e1k [&hellip;]","og_url":"https:\/\/kinaikaleidoszkop.hu\/index.php\/2024\/03\/02\/ulest-tartott-a-kkp-kb-politikai-bizottsaga-a-kormany-munkajelentesenek-felulvizsgalatarol\/","og_site_name":"kinaikaleidoszkop.hu","article_published_time":"2024-03-02T12:56:06+00:00","article_modified_time":"2024-03-04T10:25:28+00:00","og_image":[{"width":640,"height":402,"url":"https:\/\/kinaikaleidoszkop.hu\/wp-content\/uploads\/2024\/03\/chinese-flag-540874_640.jpg","type":"image\/jpeg"}],"author":"Szerk_Erik","twitter_card":"summary_large_image","twitter_misc":{"Szerz\u0151:":"Szerk_Erik","Becs\u00fclt olvas\u00e1si id\u0151":"1 perc"},"schema":{"@context":"https:\/\/schema.org","@graph":[{"@type":"WebPage","@id":"https:\/\/kinaikaleidoszkop.hu\/index.php\/2024\/03\/02\/ulest-tartott-a-kkp-kb-politikai-bizottsaga-a-kormany-munkajelentesenek-felulvizsgalatarol\/","url":"https:\/\/kinaikaleidoszkop.hu\/index.php\/2024\/03\/02\/ulest-tartott-a-kkp-kb-politikai-bizottsaga-a-kormany-munkajelentesenek-felulvizsgalatarol\/","name":"\u00dcl\u00e9st tartott a KKP KB Politikai Bizotts\u00e1ga a korm\u00e1ny munkajelent\u00e9s\u00e9nek fel\u00fclvizsg\u00e1lat\u00e1r\u00f3l - kinaikaleidoszkop.hu","isPartOf":{"@id":"https:\/\/kinaikaleidoszkop.hu\/#website"},"primaryImageOfPage":{"@id":"https:\/\/kinaikaleidoszkop.hu\/index.php\/2024\/03\/02\/ulest-tartott-a-kkp-kb-politikai-bizottsaga-a-kormany-munkajelentesenek-felulvizsgalatarol\/#primaryimage"},"image":{"@id":"https:\/\/kinaikaleidoszkop.hu\/index.php\/2024\/03\/02\/ulest-tartott-a-kkp-kb-politikai-bizottsaga-a-kormany-munkajelentesenek-felulvizsgalatarol\/#primaryimage"},"thumbnailUrl":"https:\/\/kinaikaleidoszkop.hu\/wp-content\/uploads\/2024\/03\/chinese-flag-540874_640.jpg","datePublished":"2024-03-02T12:56:06+00:00","dateModified":"2024-03-04T10:25:28+00:00","author":{"@id":"https:\/\/kinaikaleidoszkop.hu\/#\/schema\/person\/4d69b71e7e70322713b9d9287b610556"},"breadcrumb":{"@id":"https:\/\/kinaikaleidoszkop.hu\/index.php\/2024\/03\/02\/ulest-tartott-a-kkp-kb-politikai-bizottsaga-a-kormany-munkajelentesenek-felulvizsgalatarol\/#breadcrumb"},"inLanguage":"hu","potentialAction":[{"@type":"ReadAction","target":["https:\/\/kinaikaleidoszkop.hu\/index.php\/2024\/03\/02\/ulest-tartott-a-kkp-kb-politikai-bizottsaga-a-kormany-munkajelentesenek-felulvizsgalatarol\/"]}]},{"@type":"ImageObject","inLanguage":"hu","@id":"https:\/\/kinaikaleidoszkop.hu\/index.php\/2024\/03\/02\/ulest-tartott-a-kkp-kb-politikai-bizottsaga-a-kormany-munkajelentesenek-felulvizsgalatarol\/#primaryimage","url":"https:\/\/kinaikaleidoszkop.hu\/wp-content\/uploads\/2024\/03\/chinese-flag-540874_640.jpg","contentUrl":"https:\/\/kinaikaleidoszkop.hu\/wp-content\/uploads\/2024\/03\/chinese-flag-540874_640.jpg","width":640,"height":402},{"@type":"BreadcrumbList","@id":"https:\/\/kinaikaleidoszkop.hu\/index.php\/2024\/03\/02\/ulest-tartott-a-kkp-kb-politikai-bizottsaga-a-kormany-munkajelentesenek-felulvizsgalatarol\/#breadcrumb","itemListElement":[{"@type":"ListItem","position":1,"name":"Kezd\u0151lap","item":"https:\/\/kinaikaleidoszkop.hu\/"},{"@type":"ListItem","position":2,"name":"\u00dcl\u00e9st tartott a KKP KB Politikai Bizotts\u00e1ga a korm\u00e1ny munkajelent\u00e9s\u00e9nek fel\u00fclvizsg\u00e1lat\u00e1r\u00f3l"}]},{"@type":"WebSite","@id":"https:\/\/kinaikaleidoszkop.hu\/#website","url":"https:\/\/kinaikaleidoszkop.hu\/","name":"kinaikaleidoszkop.hu","description":"","potentialAction":[{"@type":"SearchAction","target":{"@type":"EntryPoint","urlTemplate":"https:\/\/kinaikaleidoszkop.hu\/?s={search_term_string}"},"query-input":{"@type":"PropertyValueSpecification","valueRequired":true,"valueName":"search_term_string"}}],"inLanguage":"hu"},{"@type":"Person","@id":"https:\/\/kinaikaleidoszkop.hu\/#\/schema\/person\/4d69b71e7e70322713b9d9287b610556","name":"Szerk_Erik","image":{"@type":"ImageObject","inLanguage":"hu","@id":"https:\/\/kinaikaleidoszkop.hu\/#\/schema\/person\/image\/","url":"https:\/\/secure.gravatar.com\/avatar\/3c1e909a14c0c91d2eaef877aaacb584c667f8e7137de69653aa9561fd0e8062?s=96&d=mm&r=g","contentUrl":"https:\/\/secure.gravatar.com\/avatar\/3c1e909a14c0c91d2eaef877aaacb584c667f8e7137de69653aa9561fd0e8062?s=96&d=mm&r=g","caption":"Szerk_Erik"},"url":"https:\/\/kinaikaleidoszkop.hu\/index.php\/author\/szerk_erik\/"}]}},"views":241,"distributor_meta":false,"distributor_terms":false,"distributor_media":false,"distributor_original_site_name":"kinaikaleidoszkop.hu","distributor_original_site_url":"https:\/\/kinaikaleidoszkop.hu","push-errors":false,"_links":{"self":[{"href":"https:\/\/kinaikaleidoszkop.hu\/index.php\/wp-json\/wp\/v2\/posts\/21298","targetHints":{"allow":["GET"]}}],"collection":[{"href":"https:\/\/kinaikaleidoszkop.hu\/index.php\/wp-json\/wp\/v2\/posts"}],"about":[{"href":"https:\/\/kinaikaleidoszkop.hu\/index.php\/wp-json\/wp\/v2\/types\/post"}],"author":[{"embeddable":true,"href":"https:\/\/kinaikaleidoszkop.hu\/index.php\/wp-json\/wp\/v2\/users\/7"}],"replies":[{"embeddable":true,"href":"https:\/\/kinaikaleidoszkop.hu\/index.php\/wp-json\/wp\/v2\/comments?post=21298"}],"version-history":[{"count":2,"href":"https:\/\/kinaikaleidoszkop.hu\/index.php\/wp-json\/wp\/v2\/posts\/21298\/revisions"}],"predecessor-version":[{"id":21307,"href":"https:\/\/kinaikaleidoszkop.hu\/index.php\/wp-json\/wp\/v2\/posts\/21298\/revisions\/21307"}],"wp:featuredmedia":[{"embeddable":true,"href":"https:\/\/kinaikaleidoszkop.hu\/index.php\/wp-json\/wp\/v2\/media\/21305"}],"wp:attachment":[{"href":"https:\/\/kinaikaleidoszkop.hu\/index.php\/wp-json\/wp\/v2\/media?parent=21298"}],"wp:term":[{"taxonomy":"category","embeddable":true,"href":"https:\/\/kinaikaleidoszkop.hu\/index.php\/wp-json\/wp\/v2\/categories?post=21298"},{"taxonomy":"post_tag","embeddable":true,"href":"https:\/\/kinaikaleidoszkop.hu\/index.php\/wp-json\/wp\/v2\/tags?post=21298"}],"curies":[{"name":"wp","href":"https:\/\/api.w.org\/{rel}","templated":true}]}}