{"id":23089,"date":"2024-08-16T12:13:08","date_gmt":"2024-08-16T10:13:08","guid":{"rendered":"https:\/\/kinaikaleidoszkop.hu\/?p=23089"},"modified":"2024-08-16T12:13:08","modified_gmt":"2024-08-16T10:13:08","slug":"kina-tuzszunetre-szolit-fel-a-gazai-ovezetben-a-regionalis-helyzet-enyhitese-erdekeben","status":"publish","type":"post","link":"https:\/\/kinaikaleidoszkop.hu\/index.php\/2024\/08\/16\/kina-tuzszunetre-szolit-fel-a-gazai-ovezetben-a-regionalis-helyzet-enyhitese-erdekeben\/","title":{"rendered":"K\u00edna t\u0171zsz\u00fcnetre sz\u00f3l\u00edt fel a G\u00e1zai \u00f6vezetben a region\u00e1lis helyzet enyh\u00edt\u00e9se \u00e9rdek\u00e9ben"},"content":{"rendered":"\n<p class=\"wp-block-paragraph\"><strong>Helyi id\u0151 szerint augusztus 15-\u00e9n az ENSZ Biztons\u00e1gi Tan\u00e1csa \u00fcl\u00e9st tartott a jemeni helyzetr\u0151l. Az \u00fcl\u00e9sen K\u00edna k\u00e9pvisel\u0151je kijelentette, hogy azonnali tart\u00f3s t\u0171zsz\u00fcnetet kell el\u00e9rni a G\u00e1zai \u00f6vezetben, \u00e9s el\u0151 kell mozd\u00edtani a fesz\u00fclts\u00e9gek miel\u0151bbi enyh\u00fcl\u00e9s\u00e9t a t\u00e9rs\u00e9gben, bele\u00e9rtve Jement \u00e9s a V\u00f6r\u00f6s-tengert is.<\/strong><\/p>\n\n\n\n<p class=\"wp-block-paragraph\">Geng Shuang, K\u00edna \u00e1lland\u00f3 ENSZ-k\u00e9pvisel\u0151j\u00e9nek helyettese elmondta, hogy K\u00edna \u00fcdv\u00f6zli a jemeni korm\u00e1ny \u00e9s a h\u00faszik k\u00f6z\u00f6tt a k\u00f6zelm\u00faltban l\u00e9trej\u00f6tt meg\u00e1llapod\u00e1st a p\u00e9nz\u00fcgyi \u00e9s l\u00e9gik\u00f6zleked\u00e9si k\u00e9rd\u00e9sekr\u0151l. K\u00edna rem\u00e9li, hogy az \u00e9rintett felek p\u00e9ld\u00e1t vesznek err\u0151l, \u00e9s a jemeni n\u00e9p, a jemeni emberek j\u00f3l\u00e9te \u00e9rdek\u00e9ben p\u00e1rbesz\u00e9d \u00e9s t\u00e1rgyal\u00e1s \u00fatj\u00e1n oldj\u00e1k meg konfliktusaikat.<\/p>\n\n\n\n<p class=\"wp-block-paragraph\">Geng Shuang jelezte, hogy a V\u00f6r\u00f6s-tengeren tapasztalhat\u00f3 folyamatos fesz\u00fclts\u00e9g aggodalomra ad okot, \u00e9s K\u00edna ism\u00e9telten felsz\u00f3l\u00edtotta a h\u00faszikat, hogy a nemzetk\u00f6zi joggal \u00f6sszhangban tarts\u00e1k tiszteletben valamennyi orsz\u00e1g kereskedelmi haj\u00f3inak a V\u00f6r\u00f6s-tenger vizein val\u00f3 k\u00f6zleked\u00e9sre vonatkoz\u00f3 jog\u00e1t, \u00e9s hagyjanak fel a zaklat\u00e1ssal.<\/p>\n\n\n\n<p class=\"wp-block-paragraph\">Geng Shuang r\u00e1mutatott, hogy a jemeni \u00e9s a v\u00f6r\u00f6s-tengeri helyzet szorosan kapcsol\u00f3dik a g\u00e1zai konfliktushoz, \u00e9s a g\u00e1zai t\u0171zsz\u00fcnet k\u00e9sedelmes megval\u00f3s\u00edt\u00e1sa negat\u00edv tovagy\u0171r\u0171z\u0151 hat\u00e1sokat eredm\u00e9nyezett, amelyek t\u00e1pl\u00e1lt\u00e1k a region\u00e1lis instabilit\u00e1st. K\u00edna s\u00fcrgeti, hogy a Biztons\u00e1gi Tan\u00e1cs 2712, 2720, 2728 \u00e9s 2735. sz\u00e1m\u00fa hat\u00e1rozat\u00e1t a lehet\u0151 leghamarabb hajts\u00e1k v\u00e9gre, hogy a g\u00e1zai tart\u00f3s t\u0171zsz\u00fcnet azonnal \u00e9letbe l\u00e9pjen.<\/p>\n\n\n\n<p class=\"wp-block-paragraph\"><strong>2024. augusztus 16.<\/strong><\/p>\n\n\n\n<p class=\"wp-block-paragraph\"><strong><em>(China Media Group)<\/em><\/strong><\/p>\n\n\n\n<p class=\"wp-block-paragraph\"><strong>(x)<\/strong><\/p>\n","protected":false},"excerpt":{"rendered":"<p>Helyi id\u0151 szerint augusztus 15-\u00e9n az ENSZ Biztons\u00e1gi Tan\u00e1csa \u00fcl\u00e9st tartott a jemeni helyzetr\u0151l. Az \u00fcl\u00e9sen K\u00edna k\u00e9pvisel\u0151je kijelentette, hogy azonnali tart\u00f3s t\u0171zsz\u00fcnetet kell el\u00e9rni a G\u00e1zai \u00f6vezetben, \u00e9s el\u0151 kell mozd\u00edtani a fesz\u00fclts\u00e9gek miel\u0151bbi enyh\u00fcl\u00e9s\u00e9t a t\u00e9rs\u00e9gben, bele\u00e9rtve Jement \u00e9s a V\u00f6r\u00f6s-tengert is. Geng Shuang, K\u00edna \u00e1lland\u00f3 ENSZ-k\u00e9pvisel\u0151j\u00e9nek helyettese elmondta, hogy K\u00edna \u00fcdv\u00f6zli a [&hellip;]<\/p>\n","protected":false},"author":2,"featured_media":21232,"comment_status":"open","ping_status":"open","sticky":false,"template":"","format":"standard","meta":{"footnotes":""},"categories":[45],"tags":[3706,3389,4213,394,4353,3696,756,3710],"class_list":["post-23089","post","type-post","status-publish","format-standard","has-post-thumbnail","hentry","category-hirek","tag-feszultseg","tag-gazai-ovezet","tag-geng-shuang","tag-hatarozat","tag-jemen","tag-kina","tag-tuzszunet","tag-voros-tenger"],"yoast_head":"<!-- This site is optimized with the Yoast SEO plugin v23.7 - https:\/\/yoast.com\/wordpress\/plugins\/seo\/ -->\n<title>K\u00edna t\u0171zsz\u00fcnetre sz\u00f3l\u00edt fel a G\u00e1zai \u00f6vezetben a region\u00e1lis helyzet enyh\u00edt\u00e9se \u00e9rdek\u00e9ben - kinaikaleidoszkop.hu<\/title>\n<meta name=\"robots\" content=\"index, follow, max-snippet:-1, max-image-preview:large, max-video-preview:-1\" \/>\n<link rel=\"canonical\" href=\"https:\/\/kinaikaleidoszkop.hu\/index.php\/2024\/08\/16\/kina-tuzszunetre-szolit-fel-a-gazai-ovezetben-a-regionalis-helyzet-enyhitese-erdekeben\/\" \/>\n<meta property=\"og:locale\" content=\"hu_HU\" \/>\n<meta property=\"og:type\" content=\"article\" \/>\n<meta property=\"og:title\" content=\"K\u00edna t\u0171zsz\u00fcnetre sz\u00f3l\u00edt fel a G\u00e1zai \u00f6vezetben a region\u00e1lis helyzet enyh\u00edt\u00e9se \u00e9rdek\u00e9ben - kinaikaleidoszkop.hu\" \/>\n<meta property=\"og:description\" content=\"Helyi id\u0151 szerint augusztus 15-\u00e9n az ENSZ Biztons\u00e1gi Tan\u00e1csa \u00fcl\u00e9st tartott a jemeni helyzetr\u0151l. Az \u00fcl\u00e9sen K\u00edna k\u00e9pvisel\u0151je kijelentette, hogy azonnali tart\u00f3s t\u0171zsz\u00fcnetet kell el\u00e9rni a G\u00e1zai \u00f6vezetben, \u00e9s el\u0151 kell mozd\u00edtani a fesz\u00fclts\u00e9gek miel\u0151bbi enyh\u00fcl\u00e9s\u00e9t a t\u00e9rs\u00e9gben, bele\u00e9rtve Jement \u00e9s a V\u00f6r\u00f6s-tengert is. Geng Shuang, K\u00edna \u00e1lland\u00f3 ENSZ-k\u00e9pvisel\u0151j\u00e9nek helyettese elmondta, hogy K\u00edna \u00fcdv\u00f6zli a [&hellip;]\" \/>\n<meta property=\"og:url\" content=\"https:\/\/kinaikaleidoszkop.hu\/index.php\/2024\/08\/16\/kina-tuzszunetre-szolit-fel-a-gazai-ovezetben-a-regionalis-helyzet-enyhitese-erdekeben\/\" \/>\n<meta property=\"og:site_name\" content=\"kinaikaleidoszkop.hu\" \/>\n<meta property=\"article:published_time\" content=\"2024-08-16T10:13:08+00:00\" \/>\n<meta property=\"og:image\" content=\"https:\/\/kinaikaleidoszkop.hu\/wp-content\/uploads\/2024\/02\/chinese-flag-1724256_1280.png\" \/>\n\t<meta property=\"og:image:width\" content=\"1280\" \/>\n\t<meta property=\"og:image:height\" content=\"853\" \/>\n\t<meta property=\"og:image:type\" content=\"image\/png\" \/>\n<meta name=\"author\" content=\"admin-szabolcs\" \/>\n<meta name=\"twitter:card\" content=\"summary_large_image\" \/>\n<meta name=\"twitter:label1\" content=\"Szerz\u0151:\" \/>\n\t<meta name=\"twitter:data1\" content=\"admin-szabolcs\" \/>\n\t<meta name=\"twitter:label2\" content=\"Becs\u00fclt olvas\u00e1si id\u0151\" \/>\n\t<meta name=\"twitter:data2\" content=\"2 perc\" \/>\n<script type=\"application\/ld+json\" class=\"yoast-schema-graph\">{\"@context\":\"https:\/\/schema.org\",\"@graph\":[{\"@type\":\"WebPage\",\"@id\":\"https:\/\/kinaikaleidoszkop.hu\/index.php\/2024\/08\/16\/kina-tuzszunetre-szolit-fel-a-gazai-ovezetben-a-regionalis-helyzet-enyhitese-erdekeben\/\",\"url\":\"https:\/\/kinaikaleidoszkop.hu\/index.php\/2024\/08\/16\/kina-tuzszunetre-szolit-fel-a-gazai-ovezetben-a-regionalis-helyzet-enyhitese-erdekeben\/\",\"name\":\"K\u00edna t\u0171zsz\u00fcnetre sz\u00f3l\u00edt fel a G\u00e1zai \u00f6vezetben a region\u00e1lis helyzet enyh\u00edt\u00e9se \u00e9rdek\u00e9ben - kinaikaleidoszkop.hu\",\"isPartOf\":{\"@id\":\"https:\/\/kinaikaleidoszkop.hu\/#website\"},\"primaryImageOfPage\":{\"@id\":\"https:\/\/kinaikaleidoszkop.hu\/index.php\/2024\/08\/16\/kina-tuzszunetre-szolit-fel-a-gazai-ovezetben-a-regionalis-helyzet-enyhitese-erdekeben\/#primaryimage\"},\"image\":{\"@id\":\"https:\/\/kinaikaleidoszkop.hu\/index.php\/2024\/08\/16\/kina-tuzszunetre-szolit-fel-a-gazai-ovezetben-a-regionalis-helyzet-enyhitese-erdekeben\/#primaryimage\"},\"thumbnailUrl\":\"https:\/\/kinaikaleidoszkop.hu\/wp-content\/uploads\/2024\/02\/chinese-flag-1724256_1280.png\",\"datePublished\":\"2024-08-16T10:13:08+00:00\",\"dateModified\":\"2024-08-16T10:13:08+00:00\",\"author\":{\"@id\":\"https:\/\/kinaikaleidoszkop.hu\/#\/schema\/person\/b9e2febe742edd540c1197716ec02bf7\"},\"breadcrumb\":{\"@id\":\"https:\/\/kinaikaleidoszkop.hu\/index.php\/2024\/08\/16\/kina-tuzszunetre-szolit-fel-a-gazai-ovezetben-a-regionalis-helyzet-enyhitese-erdekeben\/#breadcrumb\"},\"inLanguage\":\"hu\",\"potentialAction\":[{\"@type\":\"ReadAction\",\"target\":[\"https:\/\/kinaikaleidoszkop.hu\/index.php\/2024\/08\/16\/kina-tuzszunetre-szolit-fel-a-gazai-ovezetben-a-regionalis-helyzet-enyhitese-erdekeben\/\"]}]},{\"@type\":\"ImageObject\",\"inLanguage\":\"hu\",\"@id\":\"https:\/\/kinaikaleidoszkop.hu\/index.php\/2024\/08\/16\/kina-tuzszunetre-szolit-fel-a-gazai-ovezetben-a-regionalis-helyzet-enyhitese-erdekeben\/#primaryimage\",\"url\":\"https:\/\/kinaikaleidoszkop.hu\/wp-content\/uploads\/2024\/02\/chinese-flag-1724256_1280.png\",\"contentUrl\":\"https:\/\/kinaikaleidoszkop.hu\/wp-content\/uploads\/2024\/02\/chinese-flag-1724256_1280.png\",\"width\":1280,\"height\":853},{\"@type\":\"BreadcrumbList\",\"@id\":\"https:\/\/kinaikaleidoszkop.hu\/index.php\/2024\/08\/16\/kina-tuzszunetre-szolit-fel-a-gazai-ovezetben-a-regionalis-helyzet-enyhitese-erdekeben\/#breadcrumb\",\"itemListElement\":[{\"@type\":\"ListItem\",\"position\":1,\"name\":\"Kezd\u0151lap\",\"item\":\"https:\/\/kinaikaleidoszkop.hu\/\"},{\"@type\":\"ListItem\",\"position\":2,\"name\":\"K\u00edna t\u0171zsz\u00fcnetre sz\u00f3l\u00edt fel a G\u00e1zai \u00f6vezetben a region\u00e1lis helyzet enyh\u00edt\u00e9se \u00e9rdek\u00e9ben\"}]},{\"@type\":\"WebSite\",\"@id\":\"https:\/\/kinaikaleidoszkop.hu\/#website\",\"url\":\"https:\/\/kinaikaleidoszkop.hu\/\",\"name\":\"kinaikaleidoszkop.hu\",\"description\":\"\",\"potentialAction\":[{\"@type\":\"SearchAction\",\"target\":{\"@type\":\"EntryPoint\",\"urlTemplate\":\"https:\/\/kinaikaleidoszkop.hu\/?s={search_term_string}\"},\"query-input\":{\"@type\":\"PropertyValueSpecification\",\"valueRequired\":true,\"valueName\":\"search_term_string\"}}],\"inLanguage\":\"hu\"},{\"@type\":\"Person\",\"@id\":\"https:\/\/kinaikaleidoszkop.hu\/#\/schema\/person\/b9e2febe742edd540c1197716ec02bf7\",\"name\":\"admin-szabolcs\",\"image\":{\"@type\":\"ImageObject\",\"inLanguage\":\"hu\",\"@id\":\"https:\/\/kinaikaleidoszkop.hu\/#\/schema\/person\/image\/\",\"url\":\"https:\/\/secure.gravatar.com\/avatar\/154f262492794df2a6cb5d5349227b18ef8f85ab462fbb32625fc42406483d21?s=96&d=mm&r=g\",\"contentUrl\":\"https:\/\/secure.gravatar.com\/avatar\/154f262492794df2a6cb5d5349227b18ef8f85ab462fbb32625fc42406483d21?s=96&d=mm&r=g\",\"caption\":\"admin-szabolcs\"},\"url\":\"https:\/\/kinaikaleidoszkop.hu\/index.php\/author\/admin-szabolcs\/\"}]}<\/script>\n<!-- \/ Yoast SEO plugin. -->","yoast_head_json":{"title":"K\u00edna t\u0171zsz\u00fcnetre sz\u00f3l\u00edt fel a G\u00e1zai \u00f6vezetben a region\u00e1lis helyzet enyh\u00edt\u00e9se \u00e9rdek\u00e9ben - kinaikaleidoszkop.hu","robots":{"index":"index","follow":"follow","max-snippet":"max-snippet:-1","max-image-preview":"max-image-preview:large","max-video-preview":"max-video-preview:-1"},"canonical":"https:\/\/kinaikaleidoszkop.hu\/index.php\/2024\/08\/16\/kina-tuzszunetre-szolit-fel-a-gazai-ovezetben-a-regionalis-helyzet-enyhitese-erdekeben\/","og_locale":"hu_HU","og_type":"article","og_title":"K\u00edna t\u0171zsz\u00fcnetre sz\u00f3l\u00edt fel a G\u00e1zai \u00f6vezetben a region\u00e1lis helyzet enyh\u00edt\u00e9se \u00e9rdek\u00e9ben - kinaikaleidoszkop.hu","og_description":"Helyi id\u0151 szerint augusztus 15-\u00e9n az ENSZ Biztons\u00e1gi Tan\u00e1csa \u00fcl\u00e9st tartott a jemeni helyzetr\u0151l. Az \u00fcl\u00e9sen K\u00edna k\u00e9pvisel\u0151je kijelentette, hogy azonnali tart\u00f3s t\u0171zsz\u00fcnetet kell el\u00e9rni a G\u00e1zai \u00f6vezetben, \u00e9s el\u0151 kell mozd\u00edtani a fesz\u00fclts\u00e9gek miel\u0151bbi enyh\u00fcl\u00e9s\u00e9t a t\u00e9rs\u00e9gben, bele\u00e9rtve Jement \u00e9s a V\u00f6r\u00f6s-tengert is. Geng Shuang, K\u00edna \u00e1lland\u00f3 ENSZ-k\u00e9pvisel\u0151j\u00e9nek helyettese elmondta, hogy K\u00edna \u00fcdv\u00f6zli a [&hellip;]","og_url":"https:\/\/kinaikaleidoszkop.hu\/index.php\/2024\/08\/16\/kina-tuzszunetre-szolit-fel-a-gazai-ovezetben-a-regionalis-helyzet-enyhitese-erdekeben\/","og_site_name":"kinaikaleidoszkop.hu","article_published_time":"2024-08-16T10:13:08+00:00","og_image":[{"width":1280,"height":853,"url":"https:\/\/kinaikaleidoszkop.hu\/wp-content\/uploads\/2024\/02\/chinese-flag-1724256_1280.png","type":"image\/png"}],"author":"admin-szabolcs","twitter_card":"summary_large_image","twitter_misc":{"Szerz\u0151:":"admin-szabolcs","Becs\u00fclt olvas\u00e1si id\u0151":"2 perc"},"schema":{"@context":"https:\/\/schema.org","@graph":[{"@type":"WebPage","@id":"https:\/\/kinaikaleidoszkop.hu\/index.php\/2024\/08\/16\/kina-tuzszunetre-szolit-fel-a-gazai-ovezetben-a-regionalis-helyzet-enyhitese-erdekeben\/","url":"https:\/\/kinaikaleidoszkop.hu\/index.php\/2024\/08\/16\/kina-tuzszunetre-szolit-fel-a-gazai-ovezetben-a-regionalis-helyzet-enyhitese-erdekeben\/","name":"K\u00edna t\u0171zsz\u00fcnetre sz\u00f3l\u00edt fel a G\u00e1zai \u00f6vezetben a region\u00e1lis helyzet enyh\u00edt\u00e9se \u00e9rdek\u00e9ben - kinaikaleidoszkop.hu","isPartOf":{"@id":"https:\/\/kinaikaleidoszkop.hu\/#website"},"primaryImageOfPage":{"@id":"https:\/\/kinaikaleidoszkop.hu\/index.php\/2024\/08\/16\/kina-tuzszunetre-szolit-fel-a-gazai-ovezetben-a-regionalis-helyzet-enyhitese-erdekeben\/#primaryimage"},"image":{"@id":"https:\/\/kinaikaleidoszkop.hu\/index.php\/2024\/08\/16\/kina-tuzszunetre-szolit-fel-a-gazai-ovezetben-a-regionalis-helyzet-enyhitese-erdekeben\/#primaryimage"},"thumbnailUrl":"https:\/\/kinaikaleidoszkop.hu\/wp-content\/uploads\/2024\/02\/chinese-flag-1724256_1280.png","datePublished":"2024-08-16T10:13:08+00:00","dateModified":"2024-08-16T10:13:08+00:00","author":{"@id":"https:\/\/kinaikaleidoszkop.hu\/#\/schema\/person\/b9e2febe742edd540c1197716ec02bf7"},"breadcrumb":{"@id":"https:\/\/kinaikaleidoszkop.hu\/index.php\/2024\/08\/16\/kina-tuzszunetre-szolit-fel-a-gazai-ovezetben-a-regionalis-helyzet-enyhitese-erdekeben\/#breadcrumb"},"inLanguage":"hu","potentialAction":[{"@type":"ReadAction","target":["https:\/\/kinaikaleidoszkop.hu\/index.php\/2024\/08\/16\/kina-tuzszunetre-szolit-fel-a-gazai-ovezetben-a-regionalis-helyzet-enyhitese-erdekeben\/"]}]},{"@type":"ImageObject","inLanguage":"hu","@id":"https:\/\/kinaikaleidoszkop.hu\/index.php\/2024\/08\/16\/kina-tuzszunetre-szolit-fel-a-gazai-ovezetben-a-regionalis-helyzet-enyhitese-erdekeben\/#primaryimage","url":"https:\/\/kinaikaleidoszkop.hu\/wp-content\/uploads\/2024\/02\/chinese-flag-1724256_1280.png","contentUrl":"https:\/\/kinaikaleidoszkop.hu\/wp-content\/uploads\/2024\/02\/chinese-flag-1724256_1280.png","width":1280,"height":853},{"@type":"BreadcrumbList","@id":"https:\/\/kinaikaleidoszkop.hu\/index.php\/2024\/08\/16\/kina-tuzszunetre-szolit-fel-a-gazai-ovezetben-a-regionalis-helyzet-enyhitese-erdekeben\/#breadcrumb","itemListElement":[{"@type":"ListItem","position":1,"name":"Kezd\u0151lap","item":"https:\/\/kinaikaleidoszkop.hu\/"},{"@type":"ListItem","position":2,"name":"K\u00edna t\u0171zsz\u00fcnetre sz\u00f3l\u00edt fel a G\u00e1zai \u00f6vezetben a region\u00e1lis helyzet enyh\u00edt\u00e9se \u00e9rdek\u00e9ben"}]},{"@type":"WebSite","@id":"https:\/\/kinaikaleidoszkop.hu\/#website","url":"https:\/\/kinaikaleidoszkop.hu\/","name":"kinaikaleidoszkop.hu","description":"","potentialAction":[{"@type":"SearchAction","target":{"@type":"EntryPoint","urlTemplate":"https:\/\/kinaikaleidoszkop.hu\/?s={search_term_string}"},"query-input":{"@type":"PropertyValueSpecification","valueRequired":true,"valueName":"search_term_string"}}],"inLanguage":"hu"},{"@type":"Person","@id":"https:\/\/kinaikaleidoszkop.hu\/#\/schema\/person\/b9e2febe742edd540c1197716ec02bf7","name":"admin-szabolcs","image":{"@type":"ImageObject","inLanguage":"hu","@id":"https:\/\/kinaikaleidoszkop.hu\/#\/schema\/person\/image\/","url":"https:\/\/secure.gravatar.com\/avatar\/154f262492794df2a6cb5d5349227b18ef8f85ab462fbb32625fc42406483d21?s=96&d=mm&r=g","contentUrl":"https:\/\/secure.gravatar.com\/avatar\/154f262492794df2a6cb5d5349227b18ef8f85ab462fbb32625fc42406483d21?s=96&d=mm&r=g","caption":"admin-szabolcs"},"url":"https:\/\/kinaikaleidoszkop.hu\/index.php\/author\/admin-szabolcs\/"}]}},"views":237,"distributor_meta":false,"distributor_terms":false,"distributor_media":false,"distributor_original_site_name":"kinaikaleidoszkop.hu","distributor_original_site_url":"https:\/\/kinaikaleidoszkop.hu","push-errors":false,"_links":{"self":[{"href":"https:\/\/kinaikaleidoszkop.hu\/index.php\/wp-json\/wp\/v2\/posts\/23089","targetHints":{"allow":["GET"]}}],"collection":[{"href":"https:\/\/kinaikaleidoszkop.hu\/index.php\/wp-json\/wp\/v2\/posts"}],"about":[{"href":"https:\/\/kinaikaleidoszkop.hu\/index.php\/wp-json\/wp\/v2\/types\/post"}],"author":[{"embeddable":true,"href":"https:\/\/kinaikaleidoszkop.hu\/index.php\/wp-json\/wp\/v2\/users\/2"}],"replies":[{"embeddable":true,"href":"https:\/\/kinaikaleidoszkop.hu\/index.php\/wp-json\/wp\/v2\/comments?post=23089"}],"version-history":[{"count":1,"href":"https:\/\/kinaikaleidoszkop.hu\/index.php\/wp-json\/wp\/v2\/posts\/23089\/revisions"}],"predecessor-version":[{"id":23091,"href":"https:\/\/kinaikaleidoszkop.hu\/index.php\/wp-json\/wp\/v2\/posts\/23089\/revisions\/23091"}],"wp:featuredmedia":[{"embeddable":true,"href":"https:\/\/kinaikaleidoszkop.hu\/index.php\/wp-json\/wp\/v2\/media\/21232"}],"wp:attachment":[{"href":"https:\/\/kinaikaleidoszkop.hu\/index.php\/wp-json\/wp\/v2\/media?parent=23089"}],"wp:term":[{"taxonomy":"category","embeddable":true,"href":"https:\/\/kinaikaleidoszkop.hu\/index.php\/wp-json\/wp\/v2\/categories?post=23089"},{"taxonomy":"post_tag","embeddable":true,"href":"https:\/\/kinaikaleidoszkop.hu\/index.php\/wp-json\/wp\/v2\/tags?post=23089"}],"curies":[{"name":"wp","href":"https:\/\/api.w.org\/{rel}","templated":true}]}}