{"id":23506,"date":"2024-09-26T11:23:35","date_gmt":"2024-09-26T09:23:35","guid":{"rendered":"https:\/\/kinaikaleidoszkop.hu\/?p=23506"},"modified":"2024-09-26T11:23:36","modified_gmt":"2024-09-26T09:23:36","slug":"kulturalis-esemenyek-ausztraliaban-a-kinai-nepkoztarsasag-megalapitasanak-75-evforduloja-alkalmabol","status":"publish","type":"post","link":"https:\/\/kinaikaleidoszkop.hu\/index.php\/2024\/09\/26\/kulturalis-esemenyek-ausztraliaban-a-kinai-nepkoztarsasag-megalapitasanak-75-evforduloja-alkalmabol\/","title":{"rendered":"Kultur\u00e1lis esem\u00e9nyek Ausztr\u00e1li\u00e1ban a K\u00ednai N\u00e9pk\u00f6zt\u00e1rsas\u00e1g megalap\u00edt\u00e1s\u00e1nak 75. \u00e9vfordul\u00f3ja alkalm\u00e1b\u00f3l"},"content":{"rendered":"\n<p><strong>K\u00fcl\u00f6nleges kultur\u00e1lis esem\u00e9nyeket tartottak a K\u00ednai N\u00e9pk\u00f6zt\u00e1rsas\u00e1g 1949. okt\u00f3ber 1-jei megalap\u00edt\u00e1s\u00e1nak k\u00f6zelg\u0151 75. \u00e9vfordul\u00f3ja alkalm\u00e1b\u00f3l a napokban az ausztr\u00e1l Canberr\u00e1ban.<\/strong><\/p>\n\n\n\n<p>\u201eAz \u00e9gboltra \u00edrva: Az \u00e9n k\u00ednai t\u00f6rt\u00e9netem\u201d c\u00edm\u0171 nemzetk\u00f6zi kultur\u00e1lis esem\u00e9nysorozatot a China Media Group ind\u00edtotta 2024 m\u00e1rcius\u00e1ban, hogy \u00f6sszegy\u0171jtse a K\u00edn\u00e1val kapcsolatos szem\u00e9lyes t\u00f6rt\u00e9neteket a vil\u00e1g minden t\u00e1j\u00e1r\u00f3l.<\/p>\n\n\n\n<p>Colin Mackerras, az ausztr\u00e1l Griffith Egyetem nyugalmazott professzora az esem\u00e9nyen megosztotta tapasztalatait arr\u00f3l, hogyan dolgozott \u00e9s \u00e9lt K\u00edn\u00e1ban 60 \u00e9ve.<\/p>\n\n\n<div class=\"wp-block-image\">\n<figure class=\"aligncenter size-full\"><img decoding=\"async\" src=\"https:\/\/hirpest.hu\/wp-content\/uploads\/2024\/09\/\u6fb3\u5927\u5229\u4e9a\u4e13\u573a.jpg\" alt=\"\" class=\"wp-image-24201\"\/><\/figure>\n<\/div>\n\n\n<p>K\u00edna nem fenyeget\u00e9st, hanem lehet\u0151s\u00e9get jelent Ausztr\u00e1lia sz\u00e1m\u00e1ra &#8211; mondta a t\u00f6bb mint 80 \u00e9ves professzor, \u00e9s rem\u00e9ny\u00e9t fejezte ki, hogy Ausztr\u00e1lia \u00e9s K\u00edna tov\u00e1bb m\u00e9ly\u00edti egy\u00fcttm\u0171k\u00f6d\u00e9seit gazdas\u00e1gi \u00e9s kereskedelmi t\u00e9ren, \u00e9s j\u00f3 bar\u00e1tok \u00e9s partnerek lesznek a j\u00f6v\u0151ben is.<\/p>\n\n\n\n<p><strong><em>(Zhou Huiwen \u2013 China Media Group)<\/em><\/strong><\/p>\n\n\n\n<p><strong>2024. szeptember 26.<\/strong><\/p>\n\n\n\n<p><strong><em>(x)<\/em><\/strong><\/p>\n","protected":false},"excerpt":{"rendered":"<p>K\u00fcl\u00f6nleges kultur\u00e1lis esem\u00e9nyeket tartottak a K\u00ednai N\u00e9pk\u00f6zt\u00e1rsas\u00e1g 1949. okt\u00f3ber 1-jei megalap\u00edt\u00e1s\u00e1nak k\u00f6zelg\u0151 75. \u00e9vfordul\u00f3ja alkalm\u00e1b\u00f3l a napokban az ausztr\u00e1l Canberr\u00e1ban. \u201eAz \u00e9gboltra \u00edrva: Az \u00e9n k\u00ednai t\u00f6rt\u00e9netem\u201d c\u00edm\u0171 nemzetk\u00f6zi kultur\u00e1lis esem\u00e9nysorozatot a China Media Group ind\u00edtotta 2024 m\u00e1rcius\u00e1ban, hogy \u00f6sszegy\u0171jtse a K\u00edn\u00e1val kapcsolatos szem\u00e9lyes t\u00f6rt\u00e9neteket a vil\u00e1g minden t\u00e1j\u00e1r\u00f3l. Colin Mackerras, az ausztr\u00e1l Griffith Egyetem [&hellip;]<\/p>\n","protected":false},"author":2,"featured_media":23508,"comment_status":"open","ping_status":"open","sticky":false,"template":"","format":"standard","meta":{"footnotes":""},"categories":[45],"tags":[921,4481,512,273,292,3696,361,4467,957,824],"class_list":["post-23506","post","type-post","status-publish","format-standard","has-post-thumbnail","hentry","category-hirek","tag-ausztralia","tag-canberra","tag-china-media-group","tag-egyuttmukodes","tag-evfordulo","tag-kina","tag-kinai-nepkoztarsasag","tag-kulturalis-esemenyek","tag-megalapitas","tag-professzor"],"yoast_head":"<!-- This site is optimized with the Yoast SEO plugin v23.7 - https:\/\/yoast.com\/wordpress\/plugins\/seo\/ -->\n<title>Kultur\u00e1lis esem\u00e9nyek Ausztr\u00e1li\u00e1ban a K\u00ednai N\u00e9pk\u00f6zt\u00e1rsas\u00e1g megalap\u00edt\u00e1s\u00e1nak 75. \u00e9vfordul\u00f3ja alkalm\u00e1b\u00f3l - kinaikaleidoszkop.hu<\/title>\n<meta name=\"robots\" content=\"index, follow, max-snippet:-1, max-image-preview:large, max-video-preview:-1\" \/>\n<link rel=\"canonical\" href=\"https:\/\/kinaikaleidoszkop.hu\/index.php\/2024\/09\/26\/kulturalis-esemenyek-ausztraliaban-a-kinai-nepkoztarsasag-megalapitasanak-75-evforduloja-alkalmabol\/\" \/>\n<meta property=\"og:locale\" content=\"hu_HU\" \/>\n<meta property=\"og:type\" content=\"article\" \/>\n<meta property=\"og:title\" content=\"Kultur\u00e1lis esem\u00e9nyek Ausztr\u00e1li\u00e1ban a K\u00ednai N\u00e9pk\u00f6zt\u00e1rsas\u00e1g megalap\u00edt\u00e1s\u00e1nak 75. \u00e9vfordul\u00f3ja alkalm\u00e1b\u00f3l - kinaikaleidoszkop.hu\" \/>\n<meta property=\"og:description\" content=\"K\u00fcl\u00f6nleges kultur\u00e1lis esem\u00e9nyeket tartottak a K\u00ednai N\u00e9pk\u00f6zt\u00e1rsas\u00e1g 1949. okt\u00f3ber 1-jei megalap\u00edt\u00e1s\u00e1nak k\u00f6zelg\u0151 75. \u00e9vfordul\u00f3ja alkalm\u00e1b\u00f3l a napokban az ausztr\u00e1l Canberr\u00e1ban. \u201eAz \u00e9gboltra \u00edrva: Az \u00e9n k\u00ednai t\u00f6rt\u00e9netem\u201d c\u00edm\u0171 nemzetk\u00f6zi kultur\u00e1lis esem\u00e9nysorozatot a China Media Group ind\u00edtotta 2024 m\u00e1rcius\u00e1ban, hogy \u00f6sszegy\u0171jtse a K\u00edn\u00e1val kapcsolatos szem\u00e9lyes t\u00f6rt\u00e9neteket a vil\u00e1g minden t\u00e1j\u00e1r\u00f3l. Colin Mackerras, az ausztr\u00e1l Griffith Egyetem [&hellip;]\" \/>\n<meta property=\"og:url\" content=\"https:\/\/kinaikaleidoszkop.hu\/index.php\/2024\/09\/26\/kulturalis-esemenyek-ausztraliaban-a-kinai-nepkoztarsasag-megalapitasanak-75-evforduloja-alkalmabol\/\" \/>\n<meta property=\"og:site_name\" content=\"kinaikaleidoszkop.hu\" \/>\n<meta property=\"article:published_time\" content=\"2024-09-26T09:23:35+00:00\" \/>\n<meta property=\"article:modified_time\" content=\"2024-09-26T09:23:36+00:00\" \/>\n<meta property=\"og:image\" content=\"https:\/\/kinaikaleidoszkop.hu\/wp-content\/uploads\/2024\/09\/\u6fb3\u5927\u5229\u4e9a\u4e13\u573a.jpg\" \/>\n\t<meta property=\"og:image:width\" content=\"1000\" \/>\n\t<meta property=\"og:image:height\" content=\"666\" \/>\n\t<meta property=\"og:image:type\" content=\"image\/jpeg\" \/>\n<meta name=\"author\" content=\"admin-szabolcs\" \/>\n<meta name=\"twitter:card\" content=\"summary_large_image\" \/>\n<meta name=\"twitter:label1\" content=\"Szerz\u0151:\" \/>\n\t<meta name=\"twitter:data1\" content=\"admin-szabolcs\" \/>\n\t<meta name=\"twitter:label2\" content=\"Becs\u00fclt olvas\u00e1si id\u0151\" \/>\n\t<meta name=\"twitter:data2\" content=\"2 perc\" \/>\n<script type=\"application\/ld+json\" class=\"yoast-schema-graph\">{\"@context\":\"https:\/\/schema.org\",\"@graph\":[{\"@type\":\"WebPage\",\"@id\":\"https:\/\/kinaikaleidoszkop.hu\/index.php\/2024\/09\/26\/kulturalis-esemenyek-ausztraliaban-a-kinai-nepkoztarsasag-megalapitasanak-75-evforduloja-alkalmabol\/\",\"url\":\"https:\/\/kinaikaleidoszkop.hu\/index.php\/2024\/09\/26\/kulturalis-esemenyek-ausztraliaban-a-kinai-nepkoztarsasag-megalapitasanak-75-evforduloja-alkalmabol\/\",\"name\":\"Kultur\u00e1lis esem\u00e9nyek Ausztr\u00e1li\u00e1ban a K\u00ednai N\u00e9pk\u00f6zt\u00e1rsas\u00e1g megalap\u00edt\u00e1s\u00e1nak 75. \u00e9vfordul\u00f3ja alkalm\u00e1b\u00f3l - kinaikaleidoszkop.hu\",\"isPartOf\":{\"@id\":\"https:\/\/kinaikaleidoszkop.hu\/#website\"},\"primaryImageOfPage\":{\"@id\":\"https:\/\/kinaikaleidoszkop.hu\/index.php\/2024\/09\/26\/kulturalis-esemenyek-ausztraliaban-a-kinai-nepkoztarsasag-megalapitasanak-75-evforduloja-alkalmabol\/#primaryimage\"},\"image\":{\"@id\":\"https:\/\/kinaikaleidoszkop.hu\/index.php\/2024\/09\/26\/kulturalis-esemenyek-ausztraliaban-a-kinai-nepkoztarsasag-megalapitasanak-75-evforduloja-alkalmabol\/#primaryimage\"},\"thumbnailUrl\":\"https:\/\/kinaikaleidoszkop.hu\/wp-content\/uploads\/2024\/09\/\u6fb3\u5927\u5229\u4e9a\u4e13\u573a.jpg\",\"datePublished\":\"2024-09-26T09:23:35+00:00\",\"dateModified\":\"2024-09-26T09:23:36+00:00\",\"author\":{\"@id\":\"https:\/\/kinaikaleidoszkop.hu\/#\/schema\/person\/b9e2febe742edd540c1197716ec02bf7\"},\"breadcrumb\":{\"@id\":\"https:\/\/kinaikaleidoszkop.hu\/index.php\/2024\/09\/26\/kulturalis-esemenyek-ausztraliaban-a-kinai-nepkoztarsasag-megalapitasanak-75-evforduloja-alkalmabol\/#breadcrumb\"},\"inLanguage\":\"hu\",\"potentialAction\":[{\"@type\":\"ReadAction\",\"target\":[\"https:\/\/kinaikaleidoszkop.hu\/index.php\/2024\/09\/26\/kulturalis-esemenyek-ausztraliaban-a-kinai-nepkoztarsasag-megalapitasanak-75-evforduloja-alkalmabol\/\"]}]},{\"@type\":\"ImageObject\",\"inLanguage\":\"hu\",\"@id\":\"https:\/\/kinaikaleidoszkop.hu\/index.php\/2024\/09\/26\/kulturalis-esemenyek-ausztraliaban-a-kinai-nepkoztarsasag-megalapitasanak-75-evforduloja-alkalmabol\/#primaryimage\",\"url\":\"https:\/\/kinaikaleidoszkop.hu\/wp-content\/uploads\/2024\/09\/\u6fb3\u5927\u5229\u4e9a\u4e13\u573a.jpg\",\"contentUrl\":\"https:\/\/kinaikaleidoszkop.hu\/wp-content\/uploads\/2024\/09\/\u6fb3\u5927\u5229\u4e9a\u4e13\u573a.jpg\",\"width\":1000,\"height\":666},{\"@type\":\"BreadcrumbList\",\"@id\":\"https:\/\/kinaikaleidoszkop.hu\/index.php\/2024\/09\/26\/kulturalis-esemenyek-ausztraliaban-a-kinai-nepkoztarsasag-megalapitasanak-75-evforduloja-alkalmabol\/#breadcrumb\",\"itemListElement\":[{\"@type\":\"ListItem\",\"position\":1,\"name\":\"Kezd\u0151lap\",\"item\":\"https:\/\/kinaikaleidoszkop.hu\/\"},{\"@type\":\"ListItem\",\"position\":2,\"name\":\"Kultur\u00e1lis esem\u00e9nyek Ausztr\u00e1li\u00e1ban a K\u00ednai N\u00e9pk\u00f6zt\u00e1rsas\u00e1g megalap\u00edt\u00e1s\u00e1nak 75. \u00e9vfordul\u00f3ja alkalm\u00e1b\u00f3l\"}]},{\"@type\":\"WebSite\",\"@id\":\"https:\/\/kinaikaleidoszkop.hu\/#website\",\"url\":\"https:\/\/kinaikaleidoszkop.hu\/\",\"name\":\"kinaikaleidoszkop.hu\",\"description\":\"\",\"potentialAction\":[{\"@type\":\"SearchAction\",\"target\":{\"@type\":\"EntryPoint\",\"urlTemplate\":\"https:\/\/kinaikaleidoszkop.hu\/?s={search_term_string}\"},\"query-input\":{\"@type\":\"PropertyValueSpecification\",\"valueRequired\":true,\"valueName\":\"search_term_string\"}}],\"inLanguage\":\"hu\"},{\"@type\":\"Person\",\"@id\":\"https:\/\/kinaikaleidoszkop.hu\/#\/schema\/person\/b9e2febe742edd540c1197716ec02bf7\",\"name\":\"admin-szabolcs\",\"image\":{\"@type\":\"ImageObject\",\"inLanguage\":\"hu\",\"@id\":\"https:\/\/kinaikaleidoszkop.hu\/#\/schema\/person\/image\/\",\"url\":\"https:\/\/secure.gravatar.com\/avatar\/154f262492794df2a6cb5d5349227b18ef8f85ab462fbb32625fc42406483d21?s=96&d=mm&r=g\",\"contentUrl\":\"https:\/\/secure.gravatar.com\/avatar\/154f262492794df2a6cb5d5349227b18ef8f85ab462fbb32625fc42406483d21?s=96&d=mm&r=g\",\"caption\":\"admin-szabolcs\"},\"url\":\"https:\/\/kinaikaleidoszkop.hu\/index.php\/author\/admin-szabolcs\/\"}]}<\/script>\n<!-- \/ Yoast SEO plugin. -->","yoast_head_json":{"title":"Kultur\u00e1lis esem\u00e9nyek Ausztr\u00e1li\u00e1ban a K\u00ednai N\u00e9pk\u00f6zt\u00e1rsas\u00e1g megalap\u00edt\u00e1s\u00e1nak 75. \u00e9vfordul\u00f3ja alkalm\u00e1b\u00f3l - kinaikaleidoszkop.hu","robots":{"index":"index","follow":"follow","max-snippet":"max-snippet:-1","max-image-preview":"max-image-preview:large","max-video-preview":"max-video-preview:-1"},"canonical":"https:\/\/kinaikaleidoszkop.hu\/index.php\/2024\/09\/26\/kulturalis-esemenyek-ausztraliaban-a-kinai-nepkoztarsasag-megalapitasanak-75-evforduloja-alkalmabol\/","og_locale":"hu_HU","og_type":"article","og_title":"Kultur\u00e1lis esem\u00e9nyek Ausztr\u00e1li\u00e1ban a K\u00ednai N\u00e9pk\u00f6zt\u00e1rsas\u00e1g megalap\u00edt\u00e1s\u00e1nak 75. \u00e9vfordul\u00f3ja alkalm\u00e1b\u00f3l - kinaikaleidoszkop.hu","og_description":"K\u00fcl\u00f6nleges kultur\u00e1lis esem\u00e9nyeket tartottak a K\u00ednai N\u00e9pk\u00f6zt\u00e1rsas\u00e1g 1949. okt\u00f3ber 1-jei megalap\u00edt\u00e1s\u00e1nak k\u00f6zelg\u0151 75. \u00e9vfordul\u00f3ja alkalm\u00e1b\u00f3l a napokban az ausztr\u00e1l Canberr\u00e1ban. \u201eAz \u00e9gboltra \u00edrva: Az \u00e9n k\u00ednai t\u00f6rt\u00e9netem\u201d c\u00edm\u0171 nemzetk\u00f6zi kultur\u00e1lis esem\u00e9nysorozatot a China Media Group ind\u00edtotta 2024 m\u00e1rcius\u00e1ban, hogy \u00f6sszegy\u0171jtse a K\u00edn\u00e1val kapcsolatos szem\u00e9lyes t\u00f6rt\u00e9neteket a vil\u00e1g minden t\u00e1j\u00e1r\u00f3l. Colin Mackerras, az ausztr\u00e1l Griffith Egyetem [&hellip;]","og_url":"https:\/\/kinaikaleidoszkop.hu\/index.php\/2024\/09\/26\/kulturalis-esemenyek-ausztraliaban-a-kinai-nepkoztarsasag-megalapitasanak-75-evforduloja-alkalmabol\/","og_site_name":"kinaikaleidoszkop.hu","article_published_time":"2024-09-26T09:23:35+00:00","article_modified_time":"2024-09-26T09:23:36+00:00","og_image":[{"width":1000,"height":666,"url":"https:\/\/kinaikaleidoszkop.hu\/wp-content\/uploads\/2024\/09\/\u6fb3\u5927\u5229\u4e9a\u4e13\u573a.jpg","type":"image\/jpeg"}],"author":"admin-szabolcs","twitter_card":"summary_large_image","twitter_misc":{"Szerz\u0151:":"admin-szabolcs","Becs\u00fclt olvas\u00e1si id\u0151":"2 perc"},"schema":{"@context":"https:\/\/schema.org","@graph":[{"@type":"WebPage","@id":"https:\/\/kinaikaleidoszkop.hu\/index.php\/2024\/09\/26\/kulturalis-esemenyek-ausztraliaban-a-kinai-nepkoztarsasag-megalapitasanak-75-evforduloja-alkalmabol\/","url":"https:\/\/kinaikaleidoszkop.hu\/index.php\/2024\/09\/26\/kulturalis-esemenyek-ausztraliaban-a-kinai-nepkoztarsasag-megalapitasanak-75-evforduloja-alkalmabol\/","name":"Kultur\u00e1lis esem\u00e9nyek Ausztr\u00e1li\u00e1ban a K\u00ednai N\u00e9pk\u00f6zt\u00e1rsas\u00e1g megalap\u00edt\u00e1s\u00e1nak 75. \u00e9vfordul\u00f3ja alkalm\u00e1b\u00f3l - kinaikaleidoszkop.hu","isPartOf":{"@id":"https:\/\/kinaikaleidoszkop.hu\/#website"},"primaryImageOfPage":{"@id":"https:\/\/kinaikaleidoszkop.hu\/index.php\/2024\/09\/26\/kulturalis-esemenyek-ausztraliaban-a-kinai-nepkoztarsasag-megalapitasanak-75-evforduloja-alkalmabol\/#primaryimage"},"image":{"@id":"https:\/\/kinaikaleidoszkop.hu\/index.php\/2024\/09\/26\/kulturalis-esemenyek-ausztraliaban-a-kinai-nepkoztarsasag-megalapitasanak-75-evforduloja-alkalmabol\/#primaryimage"},"thumbnailUrl":"https:\/\/kinaikaleidoszkop.hu\/wp-content\/uploads\/2024\/09\/\u6fb3\u5927\u5229\u4e9a\u4e13\u573a.jpg","datePublished":"2024-09-26T09:23:35+00:00","dateModified":"2024-09-26T09:23:36+00:00","author":{"@id":"https:\/\/kinaikaleidoszkop.hu\/#\/schema\/person\/b9e2febe742edd540c1197716ec02bf7"},"breadcrumb":{"@id":"https:\/\/kinaikaleidoszkop.hu\/index.php\/2024\/09\/26\/kulturalis-esemenyek-ausztraliaban-a-kinai-nepkoztarsasag-megalapitasanak-75-evforduloja-alkalmabol\/#breadcrumb"},"inLanguage":"hu","potentialAction":[{"@type":"ReadAction","target":["https:\/\/kinaikaleidoszkop.hu\/index.php\/2024\/09\/26\/kulturalis-esemenyek-ausztraliaban-a-kinai-nepkoztarsasag-megalapitasanak-75-evforduloja-alkalmabol\/"]}]},{"@type":"ImageObject","inLanguage":"hu","@id":"https:\/\/kinaikaleidoszkop.hu\/index.php\/2024\/09\/26\/kulturalis-esemenyek-ausztraliaban-a-kinai-nepkoztarsasag-megalapitasanak-75-evforduloja-alkalmabol\/#primaryimage","url":"https:\/\/kinaikaleidoszkop.hu\/wp-content\/uploads\/2024\/09\/\u6fb3\u5927\u5229\u4e9a\u4e13\u573a.jpg","contentUrl":"https:\/\/kinaikaleidoszkop.hu\/wp-content\/uploads\/2024\/09\/\u6fb3\u5927\u5229\u4e9a\u4e13\u573a.jpg","width":1000,"height":666},{"@type":"BreadcrumbList","@id":"https:\/\/kinaikaleidoszkop.hu\/index.php\/2024\/09\/26\/kulturalis-esemenyek-ausztraliaban-a-kinai-nepkoztarsasag-megalapitasanak-75-evforduloja-alkalmabol\/#breadcrumb","itemListElement":[{"@type":"ListItem","position":1,"name":"Kezd\u0151lap","item":"https:\/\/kinaikaleidoszkop.hu\/"},{"@type":"ListItem","position":2,"name":"Kultur\u00e1lis esem\u00e9nyek Ausztr\u00e1li\u00e1ban a K\u00ednai N\u00e9pk\u00f6zt\u00e1rsas\u00e1g megalap\u00edt\u00e1s\u00e1nak 75. \u00e9vfordul\u00f3ja alkalm\u00e1b\u00f3l"}]},{"@type":"WebSite","@id":"https:\/\/kinaikaleidoszkop.hu\/#website","url":"https:\/\/kinaikaleidoszkop.hu\/","name":"kinaikaleidoszkop.hu","description":"","potentialAction":[{"@type":"SearchAction","target":{"@type":"EntryPoint","urlTemplate":"https:\/\/kinaikaleidoszkop.hu\/?s={search_term_string}"},"query-input":{"@type":"PropertyValueSpecification","valueRequired":true,"valueName":"search_term_string"}}],"inLanguage":"hu"},{"@type":"Person","@id":"https:\/\/kinaikaleidoszkop.hu\/#\/schema\/person\/b9e2febe742edd540c1197716ec02bf7","name":"admin-szabolcs","image":{"@type":"ImageObject","inLanguage":"hu","@id":"https:\/\/kinaikaleidoszkop.hu\/#\/schema\/person\/image\/","url":"https:\/\/secure.gravatar.com\/avatar\/154f262492794df2a6cb5d5349227b18ef8f85ab462fbb32625fc42406483d21?s=96&d=mm&r=g","contentUrl":"https:\/\/secure.gravatar.com\/avatar\/154f262492794df2a6cb5d5349227b18ef8f85ab462fbb32625fc42406483d21?s=96&d=mm&r=g","caption":"admin-szabolcs"},"url":"https:\/\/kinaikaleidoszkop.hu\/index.php\/author\/admin-szabolcs\/"}]}},"views":206,"distributor_meta":false,"distributor_terms":false,"distributor_media":false,"distributor_original_site_name":"kinaikaleidoszkop.hu","distributor_original_site_url":"https:\/\/kinaikaleidoszkop.hu","push-errors":false,"_links":{"self":[{"href":"https:\/\/kinaikaleidoszkop.hu\/index.php\/wp-json\/wp\/v2\/posts\/23506","targetHints":{"allow":["GET"]}}],"collection":[{"href":"https:\/\/kinaikaleidoszkop.hu\/index.php\/wp-json\/wp\/v2\/posts"}],"about":[{"href":"https:\/\/kinaikaleidoszkop.hu\/index.php\/wp-json\/wp\/v2\/types\/post"}],"author":[{"embeddable":true,"href":"https:\/\/kinaikaleidoszkop.hu\/index.php\/wp-json\/wp\/v2\/users\/2"}],"replies":[{"embeddable":true,"href":"https:\/\/kinaikaleidoszkop.hu\/index.php\/wp-json\/wp\/v2\/comments?post=23506"}],"version-history":[{"count":1,"href":"https:\/\/kinaikaleidoszkop.hu\/index.php\/wp-json\/wp\/v2\/posts\/23506\/revisions"}],"predecessor-version":[{"id":23509,"href":"https:\/\/kinaikaleidoszkop.hu\/index.php\/wp-json\/wp\/v2\/posts\/23506\/revisions\/23509"}],"wp:featuredmedia":[{"embeddable":true,"href":"https:\/\/kinaikaleidoszkop.hu\/index.php\/wp-json\/wp\/v2\/media\/23508"}],"wp:attachment":[{"href":"https:\/\/kinaikaleidoszkop.hu\/index.php\/wp-json\/wp\/v2\/media?parent=23506"}],"wp:term":[{"taxonomy":"category","embeddable":true,"href":"https:\/\/kinaikaleidoszkop.hu\/index.php\/wp-json\/wp\/v2\/categories?post=23506"},{"taxonomy":"post_tag","embeddable":true,"href":"https:\/\/kinaikaleidoszkop.hu\/index.php\/wp-json\/wp\/v2\/tags?post=23506"}],"curies":[{"name":"wp","href":"https:\/\/api.w.org\/{rel}","templated":true}]}}