{"id":23510,"date":"2024-09-26T12:41:09","date_gmt":"2024-09-26T10:41:09","guid":{"rendered":"https:\/\/kinaikaleidoszkop.hu\/?p=23510"},"modified":"2024-09-26T12:41:10","modified_gmt":"2024-09-26T10:41:10","slug":"a-gazdasagi-helyzet-es-a-jovobeni-gazdasagi-munkak-kapcsan-ulesezett-a-kkp-vezetosege","status":"publish","type":"post","link":"https:\/\/kinaikaleidoszkop.hu\/index.php\/2024\/09\/26\/a-gazdasagi-helyzet-es-a-jovobeni-gazdasagi-munkak-kapcsan-ulesezett-a-kkp-vezetosege\/","title":{"rendered":"A gazdas\u00e1gi helyzet \u00e9s a j\u00f6v\u0151beni gazdas\u00e1gi munk\u00e1k kapcs\u00e1n \u00fcl\u00e9sezett a KKP vezet\u0151s\u00e9ge"},"content":{"rendered":"\n<p><strong>A K\u00ednai Kommunista P\u00e1rt (KKP) K\u00f6zponti Bizotts\u00e1g\u00e1nak Politikai Bizotts\u00e1ga szeptember 26-\u00e1n \u00fcl\u00e9st tartott, hogy elemezze \u00e9s tanulm\u00e1nyozza a jelenlegi gazdas\u00e1gi helyzetet, \u00e9s megszervezze a tov\u00e1bbi int\u00e9zked\u00e9seket a gazdas\u00e1gi munk\u00e1khoz.<\/strong><\/p>\n\n\n\n<p>Az \u00fcl\u00e9sen Hszi Csin-ping, a KKP K\u00f6zponti Bizotts\u00e1g\u00e1nak f\u0151titk\u00e1ra, k\u00ednai \u00e1llameln\u00f6k eln\u00f6k\u00f6lt.<\/p>\n\n\n\n<p>Hszi utalt r\u00e1, hogy az orsz\u00e1g hatalmas piaca, nagy potenci\u00e1lja \u00e9s egy\u00e9b kedvez\u0151 felt\u00e9telei nem v\u00e1ltoztak. Az ingatlanpiac kapcs\u00e1n megjegyezte, hogy meg kell \u00e1ll\u00edtani a zuhan\u00e1st \u00e9s stabiliz\u00e1lni kell a piacot, hozz\u00e1t\u00e9ve, hogy szigor\u00faan kell ellen\u0151rizni az \u00fajonnan \u00e9p\u00edtett lak\u00e1sok sz\u00e1m\u00e1t.<\/p>\n\n\n<div class=\"wp-block-image\">\n<figure class=\"aligncenter size-large\"><img decoding=\"async\" src=\"https:\/\/hirpest.hu\/wp-content\/uploads\/2024\/09\/\u9646\u5bb6\u5634tt-1.jpg\" alt=\"\" class=\"wp-image-24205\"\/><\/figure>\n<\/div>\n\n\n<p>Hszi r\u00e1mutatott, hogy er\u0151fesz\u00edt\u00e9seket kell tenni a t\u0151kepiac fellend\u00edt\u00e9s\u00e9re, a k\u00f6z\u00e9p- \u00e9s hossz\u00fa t\u00e1v\u00fa alapok t\u0151kepiaci bel\u00e9p\u00e9s\u00e9re, valamint a t\u00e1rsadalombiztos\u00edt\u00e1si \u00e9s vagyonkezel\u00e9si alapok t\u0151kepiacra l\u00e9p\u00e9s\u00e9nek megk\u00f6nny\u00edt\u00e9s\u00e9re.<\/p>\n\n\n\n<p>A foglalkoztat\u00e1ssal kapcsolatban az \u00e1llameln\u00f6k hangs\u00falyozta, hogy a frissdiplom\u00e1sok, a bev\u00e1ndorl\u00f3 munkav\u00e1llal\u00f3k, az id\u0151sek, a fogyat\u00e9kkal \u00e9l\u0151k, a hossz\u00fa ideje munkan\u00e9lk\u00fcliek \u00e9s a foglalkoztatott n\u00e9lk\u00fcli csal\u00e1dok foglalkoztat\u00e1si neh\u00e9zs\u00e9geinek megold\u00e1s\u00e1ra kell \u00f6sszpontos\u00edtani.<\/p>\n\n\n\n<p><strong><em>(Zhou Huiwen \u2013 China Media Group)<\/em><\/strong><\/p>\n\n\n\n<p><strong>2024. szeptember 26.<\/strong><\/p>\n\n\n\n<p><strong><em>(x)<\/em><\/strong><\/p>\n","protected":false},"excerpt":{"rendered":"<p>A K\u00ednai Kommunista P\u00e1rt (KKP) K\u00f6zponti Bizotts\u00e1g\u00e1nak Politikai Bizotts\u00e1ga szeptember 26-\u00e1n \u00fcl\u00e9st tartott, hogy elemezze \u00e9s tanulm\u00e1nyozza a jelenlegi gazdas\u00e1gi helyzetet, \u00e9s megszervezze a tov\u00e1bbi int\u00e9zked\u00e9seket a gazdas\u00e1gi munk\u00e1khoz. Az \u00fcl\u00e9sen Hszi Csin-ping, a KKP K\u00f6zponti Bizotts\u00e1g\u00e1nak f\u0151titk\u00e1ra, k\u00ednai \u00e1llameln\u00f6k eln\u00f6k\u00f6lt. Hszi utalt r\u00e1, hogy az orsz\u00e1g hatalmas piaca, nagy potenci\u00e1lja \u00e9s egy\u00e9b kedvez\u0151 felt\u00e9telei [&hellip;]<\/p>\n","protected":false},"author":2,"featured_media":23512,"comment_status":"open","ping_status":"open","sticky":false,"template":"","format":"standard","meta":{"footnotes":""},"categories":[45],"tags":[837,1163,305,1715,140,3696,326,3418,4482],"class_list":["post-23510","post","type-post","status-publish","format-standard","has-post-thumbnail","hentry","category-hirek","tag-gazdasagi-helyzet","tag-gazdasagi-munka","tag-hszi-csin-ping","tag-ingatlanpiac","tag-intezkedes","tag-kina","tag-kinai-allamelnok","tag-kinai-kommunista-part-kozponti-bizottsaganak-politikai-bizottsaga","tag-tokepiac"],"yoast_head":"<!-- This site is optimized with the Yoast SEO plugin v23.7 - https:\/\/yoast.com\/wordpress\/plugins\/seo\/ -->\n<title>A gazdas\u00e1gi helyzet \u00e9s a j\u00f6v\u0151beni gazdas\u00e1gi munk\u00e1k kapcs\u00e1n \u00fcl\u00e9sezett a KKP vezet\u0151s\u00e9ge - kinaikaleidoszkop.hu<\/title>\n<meta name=\"robots\" content=\"index, follow, max-snippet:-1, max-image-preview:large, max-video-preview:-1\" \/>\n<link rel=\"canonical\" href=\"https:\/\/kinaikaleidoszkop.hu\/index.php\/2024\/09\/26\/a-gazdasagi-helyzet-es-a-jovobeni-gazdasagi-munkak-kapcsan-ulesezett-a-kkp-vezetosege\/\" \/>\n<meta property=\"og:locale\" content=\"hu_HU\" \/>\n<meta property=\"og:type\" content=\"article\" \/>\n<meta property=\"og:title\" content=\"A gazdas\u00e1gi helyzet \u00e9s a j\u00f6v\u0151beni gazdas\u00e1gi munk\u00e1k kapcs\u00e1n \u00fcl\u00e9sezett a KKP vezet\u0151s\u00e9ge - kinaikaleidoszkop.hu\" \/>\n<meta property=\"og:description\" content=\"A K\u00ednai Kommunista P\u00e1rt (KKP) K\u00f6zponti Bizotts\u00e1g\u00e1nak Politikai Bizotts\u00e1ga szeptember 26-\u00e1n \u00fcl\u00e9st tartott, hogy elemezze \u00e9s tanulm\u00e1nyozza a jelenlegi gazdas\u00e1gi helyzetet, \u00e9s megszervezze a tov\u00e1bbi int\u00e9zked\u00e9seket a gazdas\u00e1gi munk\u00e1khoz. Az \u00fcl\u00e9sen Hszi Csin-ping, a KKP K\u00f6zponti Bizotts\u00e1g\u00e1nak f\u0151titk\u00e1ra, k\u00ednai \u00e1llameln\u00f6k eln\u00f6k\u00f6lt. Hszi utalt r\u00e1, hogy az orsz\u00e1g hatalmas piaca, nagy potenci\u00e1lja \u00e9s egy\u00e9b kedvez\u0151 felt\u00e9telei [&hellip;]\" \/>\n<meta property=\"og:url\" content=\"https:\/\/kinaikaleidoszkop.hu\/index.php\/2024\/09\/26\/a-gazdasagi-helyzet-es-a-jovobeni-gazdasagi-munkak-kapcsan-ulesezett-a-kkp-vezetosege\/\" \/>\n<meta property=\"og:site_name\" content=\"kinaikaleidoszkop.hu\" \/>\n<meta property=\"article:published_time\" content=\"2024-09-26T10:41:09+00:00\" \/>\n<meta property=\"article:modified_time\" content=\"2024-09-26T10:41:10+00:00\" \/>\n<meta property=\"og:image\" content=\"https:\/\/kinaikaleidoszkop.hu\/wp-content\/uploads\/2024\/09\/\u9646\u5bb6\u5634tt.jpg\" \/>\n\t<meta property=\"og:image:width\" content=\"600\" \/>\n\t<meta property=\"og:image:height\" content=\"400\" \/>\n\t<meta property=\"og:image:type\" content=\"image\/jpeg\" \/>\n<meta name=\"author\" content=\"admin-szabolcs\" \/>\n<meta name=\"twitter:card\" content=\"summary_large_image\" \/>\n<meta name=\"twitter:label1\" content=\"Szerz\u0151:\" \/>\n\t<meta name=\"twitter:data1\" content=\"admin-szabolcs\" \/>\n\t<meta name=\"twitter:label2\" content=\"Becs\u00fclt olvas\u00e1si id\u0151\" \/>\n\t<meta name=\"twitter:data2\" content=\"2 perc\" \/>\n<script type=\"application\/ld+json\" class=\"yoast-schema-graph\">{\"@context\":\"https:\/\/schema.org\",\"@graph\":[{\"@type\":\"WebPage\",\"@id\":\"https:\/\/kinaikaleidoszkop.hu\/index.php\/2024\/09\/26\/a-gazdasagi-helyzet-es-a-jovobeni-gazdasagi-munkak-kapcsan-ulesezett-a-kkp-vezetosege\/\",\"url\":\"https:\/\/kinaikaleidoszkop.hu\/index.php\/2024\/09\/26\/a-gazdasagi-helyzet-es-a-jovobeni-gazdasagi-munkak-kapcsan-ulesezett-a-kkp-vezetosege\/\",\"name\":\"A gazdas\u00e1gi helyzet \u00e9s a j\u00f6v\u0151beni gazdas\u00e1gi munk\u00e1k kapcs\u00e1n \u00fcl\u00e9sezett a KKP vezet\u0151s\u00e9ge - kinaikaleidoszkop.hu\",\"isPartOf\":{\"@id\":\"https:\/\/kinaikaleidoszkop.hu\/#website\"},\"primaryImageOfPage\":{\"@id\":\"https:\/\/kinaikaleidoszkop.hu\/index.php\/2024\/09\/26\/a-gazdasagi-helyzet-es-a-jovobeni-gazdasagi-munkak-kapcsan-ulesezett-a-kkp-vezetosege\/#primaryimage\"},\"image\":{\"@id\":\"https:\/\/kinaikaleidoszkop.hu\/index.php\/2024\/09\/26\/a-gazdasagi-helyzet-es-a-jovobeni-gazdasagi-munkak-kapcsan-ulesezett-a-kkp-vezetosege\/#primaryimage\"},\"thumbnailUrl\":\"https:\/\/kinaikaleidoszkop.hu\/wp-content\/uploads\/2024\/09\/\u9646\u5bb6\u5634tt.jpg\",\"datePublished\":\"2024-09-26T10:41:09+00:00\",\"dateModified\":\"2024-09-26T10:41:10+00:00\",\"author\":{\"@id\":\"https:\/\/kinaikaleidoszkop.hu\/#\/schema\/person\/b9e2febe742edd540c1197716ec02bf7\"},\"breadcrumb\":{\"@id\":\"https:\/\/kinaikaleidoszkop.hu\/index.php\/2024\/09\/26\/a-gazdasagi-helyzet-es-a-jovobeni-gazdasagi-munkak-kapcsan-ulesezett-a-kkp-vezetosege\/#breadcrumb\"},\"inLanguage\":\"hu\",\"potentialAction\":[{\"@type\":\"ReadAction\",\"target\":[\"https:\/\/kinaikaleidoszkop.hu\/index.php\/2024\/09\/26\/a-gazdasagi-helyzet-es-a-jovobeni-gazdasagi-munkak-kapcsan-ulesezett-a-kkp-vezetosege\/\"]}]},{\"@type\":\"ImageObject\",\"inLanguage\":\"hu\",\"@id\":\"https:\/\/kinaikaleidoszkop.hu\/index.php\/2024\/09\/26\/a-gazdasagi-helyzet-es-a-jovobeni-gazdasagi-munkak-kapcsan-ulesezett-a-kkp-vezetosege\/#primaryimage\",\"url\":\"https:\/\/kinaikaleidoszkop.hu\/wp-content\/uploads\/2024\/09\/\u9646\u5bb6\u5634tt.jpg\",\"contentUrl\":\"https:\/\/kinaikaleidoszkop.hu\/wp-content\/uploads\/2024\/09\/\u9646\u5bb6\u5634tt.jpg\",\"width\":600,\"height\":400},{\"@type\":\"BreadcrumbList\",\"@id\":\"https:\/\/kinaikaleidoszkop.hu\/index.php\/2024\/09\/26\/a-gazdasagi-helyzet-es-a-jovobeni-gazdasagi-munkak-kapcsan-ulesezett-a-kkp-vezetosege\/#breadcrumb\",\"itemListElement\":[{\"@type\":\"ListItem\",\"position\":1,\"name\":\"Kezd\u0151lap\",\"item\":\"https:\/\/kinaikaleidoszkop.hu\/\"},{\"@type\":\"ListItem\",\"position\":2,\"name\":\"A gazdas\u00e1gi helyzet \u00e9s a j\u00f6v\u0151beni gazdas\u00e1gi munk\u00e1k kapcs\u00e1n \u00fcl\u00e9sezett a KKP vezet\u0151s\u00e9ge\"}]},{\"@type\":\"WebSite\",\"@id\":\"https:\/\/kinaikaleidoszkop.hu\/#website\",\"url\":\"https:\/\/kinaikaleidoszkop.hu\/\",\"name\":\"kinaikaleidoszkop.hu\",\"description\":\"\",\"potentialAction\":[{\"@type\":\"SearchAction\",\"target\":{\"@type\":\"EntryPoint\",\"urlTemplate\":\"https:\/\/kinaikaleidoszkop.hu\/?s={search_term_string}\"},\"query-input\":{\"@type\":\"PropertyValueSpecification\",\"valueRequired\":true,\"valueName\":\"search_term_string\"}}],\"inLanguage\":\"hu\"},{\"@type\":\"Person\",\"@id\":\"https:\/\/kinaikaleidoszkop.hu\/#\/schema\/person\/b9e2febe742edd540c1197716ec02bf7\",\"name\":\"admin-szabolcs\",\"image\":{\"@type\":\"ImageObject\",\"inLanguage\":\"hu\",\"@id\":\"https:\/\/kinaikaleidoszkop.hu\/#\/schema\/person\/image\/\",\"url\":\"https:\/\/secure.gravatar.com\/avatar\/154f262492794df2a6cb5d5349227b18ef8f85ab462fbb32625fc42406483d21?s=96&d=mm&r=g\",\"contentUrl\":\"https:\/\/secure.gravatar.com\/avatar\/154f262492794df2a6cb5d5349227b18ef8f85ab462fbb32625fc42406483d21?s=96&d=mm&r=g\",\"caption\":\"admin-szabolcs\"},\"url\":\"https:\/\/kinaikaleidoszkop.hu\/index.php\/author\/admin-szabolcs\/\"}]}<\/script>\n<!-- \/ Yoast SEO plugin. -->","yoast_head_json":{"title":"A gazdas\u00e1gi helyzet \u00e9s a j\u00f6v\u0151beni gazdas\u00e1gi munk\u00e1k kapcs\u00e1n \u00fcl\u00e9sezett a KKP vezet\u0151s\u00e9ge - kinaikaleidoszkop.hu","robots":{"index":"index","follow":"follow","max-snippet":"max-snippet:-1","max-image-preview":"max-image-preview:large","max-video-preview":"max-video-preview:-1"},"canonical":"https:\/\/kinaikaleidoszkop.hu\/index.php\/2024\/09\/26\/a-gazdasagi-helyzet-es-a-jovobeni-gazdasagi-munkak-kapcsan-ulesezett-a-kkp-vezetosege\/","og_locale":"hu_HU","og_type":"article","og_title":"A gazdas\u00e1gi helyzet \u00e9s a j\u00f6v\u0151beni gazdas\u00e1gi munk\u00e1k kapcs\u00e1n \u00fcl\u00e9sezett a KKP vezet\u0151s\u00e9ge - kinaikaleidoszkop.hu","og_description":"A K\u00ednai Kommunista P\u00e1rt (KKP) K\u00f6zponti Bizotts\u00e1g\u00e1nak Politikai Bizotts\u00e1ga szeptember 26-\u00e1n \u00fcl\u00e9st tartott, hogy elemezze \u00e9s tanulm\u00e1nyozza a jelenlegi gazdas\u00e1gi helyzetet, \u00e9s megszervezze a tov\u00e1bbi int\u00e9zked\u00e9seket a gazdas\u00e1gi munk\u00e1khoz. Az \u00fcl\u00e9sen Hszi Csin-ping, a KKP K\u00f6zponti Bizotts\u00e1g\u00e1nak f\u0151titk\u00e1ra, k\u00ednai \u00e1llameln\u00f6k eln\u00f6k\u00f6lt. Hszi utalt r\u00e1, hogy az orsz\u00e1g hatalmas piaca, nagy potenci\u00e1lja \u00e9s egy\u00e9b kedvez\u0151 felt\u00e9telei [&hellip;]","og_url":"https:\/\/kinaikaleidoszkop.hu\/index.php\/2024\/09\/26\/a-gazdasagi-helyzet-es-a-jovobeni-gazdasagi-munkak-kapcsan-ulesezett-a-kkp-vezetosege\/","og_site_name":"kinaikaleidoszkop.hu","article_published_time":"2024-09-26T10:41:09+00:00","article_modified_time":"2024-09-26T10:41:10+00:00","og_image":[{"width":600,"height":400,"url":"https:\/\/kinaikaleidoszkop.hu\/wp-content\/uploads\/2024\/09\/\u9646\u5bb6\u5634tt.jpg","type":"image\/jpeg"}],"author":"admin-szabolcs","twitter_card":"summary_large_image","twitter_misc":{"Szerz\u0151:":"admin-szabolcs","Becs\u00fclt olvas\u00e1si id\u0151":"2 perc"},"schema":{"@context":"https:\/\/schema.org","@graph":[{"@type":"WebPage","@id":"https:\/\/kinaikaleidoszkop.hu\/index.php\/2024\/09\/26\/a-gazdasagi-helyzet-es-a-jovobeni-gazdasagi-munkak-kapcsan-ulesezett-a-kkp-vezetosege\/","url":"https:\/\/kinaikaleidoszkop.hu\/index.php\/2024\/09\/26\/a-gazdasagi-helyzet-es-a-jovobeni-gazdasagi-munkak-kapcsan-ulesezett-a-kkp-vezetosege\/","name":"A gazdas\u00e1gi helyzet \u00e9s a j\u00f6v\u0151beni gazdas\u00e1gi munk\u00e1k kapcs\u00e1n \u00fcl\u00e9sezett a KKP vezet\u0151s\u00e9ge - kinaikaleidoszkop.hu","isPartOf":{"@id":"https:\/\/kinaikaleidoszkop.hu\/#website"},"primaryImageOfPage":{"@id":"https:\/\/kinaikaleidoszkop.hu\/index.php\/2024\/09\/26\/a-gazdasagi-helyzet-es-a-jovobeni-gazdasagi-munkak-kapcsan-ulesezett-a-kkp-vezetosege\/#primaryimage"},"image":{"@id":"https:\/\/kinaikaleidoszkop.hu\/index.php\/2024\/09\/26\/a-gazdasagi-helyzet-es-a-jovobeni-gazdasagi-munkak-kapcsan-ulesezett-a-kkp-vezetosege\/#primaryimage"},"thumbnailUrl":"https:\/\/kinaikaleidoszkop.hu\/wp-content\/uploads\/2024\/09\/\u9646\u5bb6\u5634tt.jpg","datePublished":"2024-09-26T10:41:09+00:00","dateModified":"2024-09-26T10:41:10+00:00","author":{"@id":"https:\/\/kinaikaleidoszkop.hu\/#\/schema\/person\/b9e2febe742edd540c1197716ec02bf7"},"breadcrumb":{"@id":"https:\/\/kinaikaleidoszkop.hu\/index.php\/2024\/09\/26\/a-gazdasagi-helyzet-es-a-jovobeni-gazdasagi-munkak-kapcsan-ulesezett-a-kkp-vezetosege\/#breadcrumb"},"inLanguage":"hu","potentialAction":[{"@type":"ReadAction","target":["https:\/\/kinaikaleidoszkop.hu\/index.php\/2024\/09\/26\/a-gazdasagi-helyzet-es-a-jovobeni-gazdasagi-munkak-kapcsan-ulesezett-a-kkp-vezetosege\/"]}]},{"@type":"ImageObject","inLanguage":"hu","@id":"https:\/\/kinaikaleidoszkop.hu\/index.php\/2024\/09\/26\/a-gazdasagi-helyzet-es-a-jovobeni-gazdasagi-munkak-kapcsan-ulesezett-a-kkp-vezetosege\/#primaryimage","url":"https:\/\/kinaikaleidoszkop.hu\/wp-content\/uploads\/2024\/09\/\u9646\u5bb6\u5634tt.jpg","contentUrl":"https:\/\/kinaikaleidoszkop.hu\/wp-content\/uploads\/2024\/09\/\u9646\u5bb6\u5634tt.jpg","width":600,"height":400},{"@type":"BreadcrumbList","@id":"https:\/\/kinaikaleidoszkop.hu\/index.php\/2024\/09\/26\/a-gazdasagi-helyzet-es-a-jovobeni-gazdasagi-munkak-kapcsan-ulesezett-a-kkp-vezetosege\/#breadcrumb","itemListElement":[{"@type":"ListItem","position":1,"name":"Kezd\u0151lap","item":"https:\/\/kinaikaleidoszkop.hu\/"},{"@type":"ListItem","position":2,"name":"A gazdas\u00e1gi helyzet \u00e9s a j\u00f6v\u0151beni gazdas\u00e1gi munk\u00e1k kapcs\u00e1n \u00fcl\u00e9sezett a KKP vezet\u0151s\u00e9ge"}]},{"@type":"WebSite","@id":"https:\/\/kinaikaleidoszkop.hu\/#website","url":"https:\/\/kinaikaleidoszkop.hu\/","name":"kinaikaleidoszkop.hu","description":"","potentialAction":[{"@type":"SearchAction","target":{"@type":"EntryPoint","urlTemplate":"https:\/\/kinaikaleidoszkop.hu\/?s={search_term_string}"},"query-input":{"@type":"PropertyValueSpecification","valueRequired":true,"valueName":"search_term_string"}}],"inLanguage":"hu"},{"@type":"Person","@id":"https:\/\/kinaikaleidoszkop.hu\/#\/schema\/person\/b9e2febe742edd540c1197716ec02bf7","name":"admin-szabolcs","image":{"@type":"ImageObject","inLanguage":"hu","@id":"https:\/\/kinaikaleidoszkop.hu\/#\/schema\/person\/image\/","url":"https:\/\/secure.gravatar.com\/avatar\/154f262492794df2a6cb5d5349227b18ef8f85ab462fbb32625fc42406483d21?s=96&d=mm&r=g","contentUrl":"https:\/\/secure.gravatar.com\/avatar\/154f262492794df2a6cb5d5349227b18ef8f85ab462fbb32625fc42406483d21?s=96&d=mm&r=g","caption":"admin-szabolcs"},"url":"https:\/\/kinaikaleidoszkop.hu\/index.php\/author\/admin-szabolcs\/"}]}},"views":189,"distributor_meta":false,"distributor_terms":false,"distributor_media":false,"distributor_original_site_name":"kinaikaleidoszkop.hu","distributor_original_site_url":"https:\/\/kinaikaleidoszkop.hu","push-errors":false,"_links":{"self":[{"href":"https:\/\/kinaikaleidoszkop.hu\/index.php\/wp-json\/wp\/v2\/posts\/23510","targetHints":{"allow":["GET"]}}],"collection":[{"href":"https:\/\/kinaikaleidoszkop.hu\/index.php\/wp-json\/wp\/v2\/posts"}],"about":[{"href":"https:\/\/kinaikaleidoszkop.hu\/index.php\/wp-json\/wp\/v2\/types\/post"}],"author":[{"embeddable":true,"href":"https:\/\/kinaikaleidoszkop.hu\/index.php\/wp-json\/wp\/v2\/users\/2"}],"replies":[{"embeddable":true,"href":"https:\/\/kinaikaleidoszkop.hu\/index.php\/wp-json\/wp\/v2\/comments?post=23510"}],"version-history":[{"count":1,"href":"https:\/\/kinaikaleidoszkop.hu\/index.php\/wp-json\/wp\/v2\/posts\/23510\/revisions"}],"predecessor-version":[{"id":23513,"href":"https:\/\/kinaikaleidoszkop.hu\/index.php\/wp-json\/wp\/v2\/posts\/23510\/revisions\/23513"}],"wp:featuredmedia":[{"embeddable":true,"href":"https:\/\/kinaikaleidoszkop.hu\/index.php\/wp-json\/wp\/v2\/media\/23512"}],"wp:attachment":[{"href":"https:\/\/kinaikaleidoszkop.hu\/index.php\/wp-json\/wp\/v2\/media?parent=23510"}],"wp:term":[{"taxonomy":"category","embeddable":true,"href":"https:\/\/kinaikaleidoszkop.hu\/index.php\/wp-json\/wp\/v2\/categories?post=23510"},{"taxonomy":"post_tag","embeddable":true,"href":"https:\/\/kinaikaleidoszkop.hu\/index.php\/wp-json\/wp\/v2\/tags?post=23510"}],"curies":[{"name":"wp","href":"https:\/\/api.w.org\/{rel}","templated":true}]}}