{"id":23522,"date":"2024-09-27T15:02:18","date_gmt":"2024-09-27T13:02:18","guid":{"rendered":"https:\/\/kinaikaleidoszkop.hu\/?p=23522"},"modified":"2024-09-27T15:02:18","modified_gmt":"2024-09-27T13:02:18","slug":"hszi-csin-ping-a-kinai-nemzeti-szolidaritas-megszilarditasara-hivott-fel","status":"publish","type":"post","link":"https:\/\/kinaikaleidoszkop.hu\/index.php\/2024\/09\/27\/hszi-csin-ping-a-kinai-nemzeti-szolidaritas-megszilarditasara-hivott-fel\/","title":{"rendered":"Hszi Csin-ping a k\u00ednai nemzeti szolidarit\u00e1s megszil\u00e1rd\u00edt\u00e1s\u00e1ra h\u00edvott fel"},"content":{"rendered":"\n<p><strong>Hszi Csin-ping k\u00ednai \u00e1llameln\u00f6k szeptember 27-\u00e9n a k\u00ednai nemzeti szolidarit\u00e1s megszil\u00e1rd\u00edt\u00e1s\u00e1ra \u00e9s meger\u0151s\u00edt\u00e9s\u00e9re sz\u00f3l\u00edtott fel.<\/strong><\/p>\n\n\n\n<p>Hszi egy Pekingben tartott \u00fcl\u00e9sen arra h\u00edvott fel, hogy tisztelegjenek az etnikai szolidarit\u00e1s \u00e9s halad\u00e1s p\u00e9ldak\u00e9pei el\u0151tt. Egy\u00fattal er\u0151fesz\u00edt\u00e9seket s\u00fcrgetett az \u00f6sszetart\u00f3bb sorsk\u00f6z\u00f6ss\u00e9g \u00e9p\u00edt\u00e9s\u00e9nek el\u0151mozd\u00edt\u00e1s\u00e1ra a k\u00ednai nemzeten bel\u00fcl.<\/p>\n\n\n\n<p>\u201eEgyetlen etnikai csoport sem maradhat ki a moderniz\u00e1ci\u00f3 k\u00ednai modellj\u00e9nek el\u0151mozd\u00edt\u00e1s\u00e1b\u00f3l \u00e9s a k\u00f6z\u00f6s j\u00f3l\u00e9t el\u00e9r\u00e9s\u00e9b\u0151l\u201d &#8211; jegyezte meg Hszi, hozz\u00e1t\u00e9ve, hogy tov\u00e1bbra is emelni kell az emberek \u00e9letsz\u00ednvonal\u00e1n, \u00e9s folyamatosan t\u00e1mogatni kell valamennyi etnikai csoport jobb \u00e9letre ir\u00e1nyul\u00f3 t\u00f6rekv\u00e9seit.<\/p>\n\n\n<div class=\"wp-block-image\">\n<figure class=\"aligncenter size-full\"><img decoding=\"async\" src=\"https:\/\/hirpest.hu\/wp-content\/uploads\/2024\/09\/\u6c11\u65cf\u56e2\u7ed3.jpg\" alt=\"\" class=\"wp-image-24223\"\/><\/figure>\n<\/div>\n\n\n<p>Hszi hangs\u00falyozta azt is, hogy er\u0151s\u00edteni kell a k\u00f6zleked\u00e9si infrastrukt\u00fara ki\u00e9p\u00edt\u00e9s\u00e9t a hat\u00e1rmenti ter\u00fcleteken \u00e9s a kisebbs\u00e9gek lakta vid\u00e9keken.<\/p>\n\n\n\n<p><strong><em>(Zhou Huiwen \u2013 China Media Group)<\/em><\/strong><\/p>\n\n\n\n<p><strong>2024. szeptember 27.<\/strong><\/p>\n\n\n\n<p><strong><em>(x)<\/em><\/strong><\/p>\n","protected":false},"excerpt":{"rendered":"<p>Hszi Csin-ping k\u00ednai \u00e1llameln\u00f6k szeptember 27-\u00e9n a k\u00ednai nemzeti szolidarit\u00e1s megszil\u00e1rd\u00edt\u00e1s\u00e1ra \u00e9s meger\u0151s\u00edt\u00e9s\u00e9re sz\u00f3l\u00edtott fel. Hszi egy Pekingben tartott \u00fcl\u00e9sen arra h\u00edvott fel, hogy tisztelegjenek az etnikai szolidarit\u00e1s \u00e9s halad\u00e1s p\u00e9ldak\u00e9pei el\u0151tt. Egy\u00fattal er\u0151fesz\u00edt\u00e9seket s\u00fcrgetett az \u00f6sszetart\u00f3bb sorsk\u00f6z\u00f6ss\u00e9g \u00e9p\u00edt\u00e9s\u00e9nek el\u0151mozd\u00edt\u00e1s\u00e1ra a k\u00ednai nemzeten bel\u00fcl. \u201eEgyetlen etnikai csoport sem maradhat ki a moderniz\u00e1ci\u00f3 k\u00ednai modellj\u00e9nek el\u0151mozd\u00edt\u00e1s\u00e1b\u00f3l [&hellip;]<\/p>\n","protected":false},"author":2,"featured_media":23524,"comment_status":"open","ping_status":"open","sticky":false,"template":"","format":"standard","meta":{"footnotes":""},"categories":[45],"tags":[2821,305,3696,326,4490,1664,1640,141],"class_list":["post-23522","post","type-post","status-publish","format-standard","has-post-thumbnail","hentry","category-hirek","tag-eletszinvonal","tag-hszi-csin-ping","tag-kina","tag-kinai-allamelnok","tag-kinai-nemzeti-szolidaritas","tag-kozlekedesi-infrastruktura","tag-modernizacio","tag-peking"],"yoast_head":"<!-- This site is optimized with the Yoast SEO plugin v23.7 - https:\/\/yoast.com\/wordpress\/plugins\/seo\/ -->\n<title>Hszi Csin-ping a k\u00ednai nemzeti szolidarit\u00e1s megszil\u00e1rd\u00edt\u00e1s\u00e1ra h\u00edvott fel - kinaikaleidoszkop.hu<\/title>\n<meta name=\"robots\" content=\"index, follow, max-snippet:-1, max-image-preview:large, max-video-preview:-1\" \/>\n<link rel=\"canonical\" href=\"https:\/\/kinaikaleidoszkop.hu\/index.php\/2024\/09\/27\/hszi-csin-ping-a-kinai-nemzeti-szolidaritas-megszilarditasara-hivott-fel\/\" \/>\n<meta property=\"og:locale\" content=\"hu_HU\" \/>\n<meta property=\"og:type\" content=\"article\" \/>\n<meta property=\"og:title\" content=\"Hszi Csin-ping a k\u00ednai nemzeti szolidarit\u00e1s megszil\u00e1rd\u00edt\u00e1s\u00e1ra h\u00edvott fel - kinaikaleidoszkop.hu\" \/>\n<meta property=\"og:description\" content=\"Hszi Csin-ping k\u00ednai \u00e1llameln\u00f6k szeptember 27-\u00e9n a k\u00ednai nemzeti szolidarit\u00e1s megszil\u00e1rd\u00edt\u00e1s\u00e1ra \u00e9s meger\u0151s\u00edt\u00e9s\u00e9re sz\u00f3l\u00edtott fel. Hszi egy Pekingben tartott \u00fcl\u00e9sen arra h\u00edvott fel, hogy tisztelegjenek az etnikai szolidarit\u00e1s \u00e9s halad\u00e1s p\u00e9ldak\u00e9pei el\u0151tt. Egy\u00fattal er\u0151fesz\u00edt\u00e9seket s\u00fcrgetett az \u00f6sszetart\u00f3bb sorsk\u00f6z\u00f6ss\u00e9g \u00e9p\u00edt\u00e9s\u00e9nek el\u0151mozd\u00edt\u00e1s\u00e1ra a k\u00ednai nemzeten bel\u00fcl. \u201eEgyetlen etnikai csoport sem maradhat ki a moderniz\u00e1ci\u00f3 k\u00ednai modellj\u00e9nek el\u0151mozd\u00edt\u00e1s\u00e1b\u00f3l [&hellip;]\" \/>\n<meta property=\"og:url\" content=\"https:\/\/kinaikaleidoszkop.hu\/index.php\/2024\/09\/27\/hszi-csin-ping-a-kinai-nemzeti-szolidaritas-megszilarditasara-hivott-fel\/\" \/>\n<meta property=\"og:site_name\" content=\"kinaikaleidoszkop.hu\" \/>\n<meta property=\"article:published_time\" content=\"2024-09-27T13:02:18+00:00\" \/>\n<meta property=\"og:image\" content=\"https:\/\/kinaikaleidoszkop.hu\/wp-content\/uploads\/2024\/09\/\u6c11\u65cf\u56e2\u7ed3.jpg\" \/>\n\t<meta property=\"og:image:width\" content=\"600\" \/>\n\t<meta property=\"og:image:height\" content=\"344\" \/>\n\t<meta property=\"og:image:type\" content=\"image\/jpeg\" \/>\n<meta name=\"author\" content=\"admin-szabolcs\" \/>\n<meta name=\"twitter:card\" content=\"summary_large_image\" \/>\n<meta name=\"twitter:label1\" content=\"Szerz\u0151:\" \/>\n\t<meta name=\"twitter:data1\" content=\"admin-szabolcs\" \/>\n\t<meta name=\"twitter:label2\" content=\"Becs\u00fclt olvas\u00e1si id\u0151\" \/>\n\t<meta name=\"twitter:data2\" content=\"2 perc\" \/>\n<script type=\"application\/ld+json\" class=\"yoast-schema-graph\">{\"@context\":\"https:\/\/schema.org\",\"@graph\":[{\"@type\":\"WebPage\",\"@id\":\"https:\/\/kinaikaleidoszkop.hu\/index.php\/2024\/09\/27\/hszi-csin-ping-a-kinai-nemzeti-szolidaritas-megszilarditasara-hivott-fel\/\",\"url\":\"https:\/\/kinaikaleidoszkop.hu\/index.php\/2024\/09\/27\/hszi-csin-ping-a-kinai-nemzeti-szolidaritas-megszilarditasara-hivott-fel\/\",\"name\":\"Hszi Csin-ping a k\u00ednai nemzeti szolidarit\u00e1s megszil\u00e1rd\u00edt\u00e1s\u00e1ra h\u00edvott fel - kinaikaleidoszkop.hu\",\"isPartOf\":{\"@id\":\"https:\/\/kinaikaleidoszkop.hu\/#website\"},\"primaryImageOfPage\":{\"@id\":\"https:\/\/kinaikaleidoszkop.hu\/index.php\/2024\/09\/27\/hszi-csin-ping-a-kinai-nemzeti-szolidaritas-megszilarditasara-hivott-fel\/#primaryimage\"},\"image\":{\"@id\":\"https:\/\/kinaikaleidoszkop.hu\/index.php\/2024\/09\/27\/hszi-csin-ping-a-kinai-nemzeti-szolidaritas-megszilarditasara-hivott-fel\/#primaryimage\"},\"thumbnailUrl\":\"https:\/\/kinaikaleidoszkop.hu\/wp-content\/uploads\/2024\/09\/\u6c11\u65cf\u56e2\u7ed3.jpg\",\"datePublished\":\"2024-09-27T13:02:18+00:00\",\"dateModified\":\"2024-09-27T13:02:18+00:00\",\"author\":{\"@id\":\"https:\/\/kinaikaleidoszkop.hu\/#\/schema\/person\/b9e2febe742edd540c1197716ec02bf7\"},\"breadcrumb\":{\"@id\":\"https:\/\/kinaikaleidoszkop.hu\/index.php\/2024\/09\/27\/hszi-csin-ping-a-kinai-nemzeti-szolidaritas-megszilarditasara-hivott-fel\/#breadcrumb\"},\"inLanguage\":\"hu\",\"potentialAction\":[{\"@type\":\"ReadAction\",\"target\":[\"https:\/\/kinaikaleidoszkop.hu\/index.php\/2024\/09\/27\/hszi-csin-ping-a-kinai-nemzeti-szolidaritas-megszilarditasara-hivott-fel\/\"]}]},{\"@type\":\"ImageObject\",\"inLanguage\":\"hu\",\"@id\":\"https:\/\/kinaikaleidoszkop.hu\/index.php\/2024\/09\/27\/hszi-csin-ping-a-kinai-nemzeti-szolidaritas-megszilarditasara-hivott-fel\/#primaryimage\",\"url\":\"https:\/\/kinaikaleidoszkop.hu\/wp-content\/uploads\/2024\/09\/\u6c11\u65cf\u56e2\u7ed3.jpg\",\"contentUrl\":\"https:\/\/kinaikaleidoszkop.hu\/wp-content\/uploads\/2024\/09\/\u6c11\u65cf\u56e2\u7ed3.jpg\",\"width\":600,\"height\":344},{\"@type\":\"BreadcrumbList\",\"@id\":\"https:\/\/kinaikaleidoszkop.hu\/index.php\/2024\/09\/27\/hszi-csin-ping-a-kinai-nemzeti-szolidaritas-megszilarditasara-hivott-fel\/#breadcrumb\",\"itemListElement\":[{\"@type\":\"ListItem\",\"position\":1,\"name\":\"Kezd\u0151lap\",\"item\":\"https:\/\/kinaikaleidoszkop.hu\/\"},{\"@type\":\"ListItem\",\"position\":2,\"name\":\"Hszi Csin-ping a k\u00ednai nemzeti szolidarit\u00e1s megszil\u00e1rd\u00edt\u00e1s\u00e1ra h\u00edvott fel\"}]},{\"@type\":\"WebSite\",\"@id\":\"https:\/\/kinaikaleidoszkop.hu\/#website\",\"url\":\"https:\/\/kinaikaleidoszkop.hu\/\",\"name\":\"kinaikaleidoszkop.hu\",\"description\":\"\",\"potentialAction\":[{\"@type\":\"SearchAction\",\"target\":{\"@type\":\"EntryPoint\",\"urlTemplate\":\"https:\/\/kinaikaleidoszkop.hu\/?s={search_term_string}\"},\"query-input\":{\"@type\":\"PropertyValueSpecification\",\"valueRequired\":true,\"valueName\":\"search_term_string\"}}],\"inLanguage\":\"hu\"},{\"@type\":\"Person\",\"@id\":\"https:\/\/kinaikaleidoszkop.hu\/#\/schema\/person\/b9e2febe742edd540c1197716ec02bf7\",\"name\":\"admin-szabolcs\",\"image\":{\"@type\":\"ImageObject\",\"inLanguage\":\"hu\",\"@id\":\"https:\/\/kinaikaleidoszkop.hu\/#\/schema\/person\/image\/\",\"url\":\"https:\/\/secure.gravatar.com\/avatar\/154f262492794df2a6cb5d5349227b18ef8f85ab462fbb32625fc42406483d21?s=96&d=mm&r=g\",\"contentUrl\":\"https:\/\/secure.gravatar.com\/avatar\/154f262492794df2a6cb5d5349227b18ef8f85ab462fbb32625fc42406483d21?s=96&d=mm&r=g\",\"caption\":\"admin-szabolcs\"},\"url\":\"https:\/\/kinaikaleidoszkop.hu\/index.php\/author\/admin-szabolcs\/\"}]}<\/script>\n<!-- \/ Yoast SEO plugin. -->","yoast_head_json":{"title":"Hszi Csin-ping a k\u00ednai nemzeti szolidarit\u00e1s megszil\u00e1rd\u00edt\u00e1s\u00e1ra h\u00edvott fel - kinaikaleidoszkop.hu","robots":{"index":"index","follow":"follow","max-snippet":"max-snippet:-1","max-image-preview":"max-image-preview:large","max-video-preview":"max-video-preview:-1"},"canonical":"https:\/\/kinaikaleidoszkop.hu\/index.php\/2024\/09\/27\/hszi-csin-ping-a-kinai-nemzeti-szolidaritas-megszilarditasara-hivott-fel\/","og_locale":"hu_HU","og_type":"article","og_title":"Hszi Csin-ping a k\u00ednai nemzeti szolidarit\u00e1s megszil\u00e1rd\u00edt\u00e1s\u00e1ra h\u00edvott fel - kinaikaleidoszkop.hu","og_description":"Hszi Csin-ping k\u00ednai \u00e1llameln\u00f6k szeptember 27-\u00e9n a k\u00ednai nemzeti szolidarit\u00e1s megszil\u00e1rd\u00edt\u00e1s\u00e1ra \u00e9s meger\u0151s\u00edt\u00e9s\u00e9re sz\u00f3l\u00edtott fel. Hszi egy Pekingben tartott \u00fcl\u00e9sen arra h\u00edvott fel, hogy tisztelegjenek az etnikai szolidarit\u00e1s \u00e9s halad\u00e1s p\u00e9ldak\u00e9pei el\u0151tt. Egy\u00fattal er\u0151fesz\u00edt\u00e9seket s\u00fcrgetett az \u00f6sszetart\u00f3bb sorsk\u00f6z\u00f6ss\u00e9g \u00e9p\u00edt\u00e9s\u00e9nek el\u0151mozd\u00edt\u00e1s\u00e1ra a k\u00ednai nemzeten bel\u00fcl. \u201eEgyetlen etnikai csoport sem maradhat ki a moderniz\u00e1ci\u00f3 k\u00ednai modellj\u00e9nek el\u0151mozd\u00edt\u00e1s\u00e1b\u00f3l [&hellip;]","og_url":"https:\/\/kinaikaleidoszkop.hu\/index.php\/2024\/09\/27\/hszi-csin-ping-a-kinai-nemzeti-szolidaritas-megszilarditasara-hivott-fel\/","og_site_name":"kinaikaleidoszkop.hu","article_published_time":"2024-09-27T13:02:18+00:00","og_image":[{"width":600,"height":344,"url":"https:\/\/kinaikaleidoszkop.hu\/wp-content\/uploads\/2024\/09\/\u6c11\u65cf\u56e2\u7ed3.jpg","type":"image\/jpeg"}],"author":"admin-szabolcs","twitter_card":"summary_large_image","twitter_misc":{"Szerz\u0151:":"admin-szabolcs","Becs\u00fclt olvas\u00e1si id\u0151":"2 perc"},"schema":{"@context":"https:\/\/schema.org","@graph":[{"@type":"WebPage","@id":"https:\/\/kinaikaleidoszkop.hu\/index.php\/2024\/09\/27\/hszi-csin-ping-a-kinai-nemzeti-szolidaritas-megszilarditasara-hivott-fel\/","url":"https:\/\/kinaikaleidoszkop.hu\/index.php\/2024\/09\/27\/hszi-csin-ping-a-kinai-nemzeti-szolidaritas-megszilarditasara-hivott-fel\/","name":"Hszi Csin-ping a k\u00ednai nemzeti szolidarit\u00e1s megszil\u00e1rd\u00edt\u00e1s\u00e1ra h\u00edvott fel - kinaikaleidoszkop.hu","isPartOf":{"@id":"https:\/\/kinaikaleidoszkop.hu\/#website"},"primaryImageOfPage":{"@id":"https:\/\/kinaikaleidoszkop.hu\/index.php\/2024\/09\/27\/hszi-csin-ping-a-kinai-nemzeti-szolidaritas-megszilarditasara-hivott-fel\/#primaryimage"},"image":{"@id":"https:\/\/kinaikaleidoszkop.hu\/index.php\/2024\/09\/27\/hszi-csin-ping-a-kinai-nemzeti-szolidaritas-megszilarditasara-hivott-fel\/#primaryimage"},"thumbnailUrl":"https:\/\/kinaikaleidoszkop.hu\/wp-content\/uploads\/2024\/09\/\u6c11\u65cf\u56e2\u7ed3.jpg","datePublished":"2024-09-27T13:02:18+00:00","dateModified":"2024-09-27T13:02:18+00:00","author":{"@id":"https:\/\/kinaikaleidoszkop.hu\/#\/schema\/person\/b9e2febe742edd540c1197716ec02bf7"},"breadcrumb":{"@id":"https:\/\/kinaikaleidoszkop.hu\/index.php\/2024\/09\/27\/hszi-csin-ping-a-kinai-nemzeti-szolidaritas-megszilarditasara-hivott-fel\/#breadcrumb"},"inLanguage":"hu","potentialAction":[{"@type":"ReadAction","target":["https:\/\/kinaikaleidoszkop.hu\/index.php\/2024\/09\/27\/hszi-csin-ping-a-kinai-nemzeti-szolidaritas-megszilarditasara-hivott-fel\/"]}]},{"@type":"ImageObject","inLanguage":"hu","@id":"https:\/\/kinaikaleidoszkop.hu\/index.php\/2024\/09\/27\/hszi-csin-ping-a-kinai-nemzeti-szolidaritas-megszilarditasara-hivott-fel\/#primaryimage","url":"https:\/\/kinaikaleidoszkop.hu\/wp-content\/uploads\/2024\/09\/\u6c11\u65cf\u56e2\u7ed3.jpg","contentUrl":"https:\/\/kinaikaleidoszkop.hu\/wp-content\/uploads\/2024\/09\/\u6c11\u65cf\u56e2\u7ed3.jpg","width":600,"height":344},{"@type":"BreadcrumbList","@id":"https:\/\/kinaikaleidoszkop.hu\/index.php\/2024\/09\/27\/hszi-csin-ping-a-kinai-nemzeti-szolidaritas-megszilarditasara-hivott-fel\/#breadcrumb","itemListElement":[{"@type":"ListItem","position":1,"name":"Kezd\u0151lap","item":"https:\/\/kinaikaleidoszkop.hu\/"},{"@type":"ListItem","position":2,"name":"Hszi Csin-ping a k\u00ednai nemzeti szolidarit\u00e1s megszil\u00e1rd\u00edt\u00e1s\u00e1ra h\u00edvott fel"}]},{"@type":"WebSite","@id":"https:\/\/kinaikaleidoszkop.hu\/#website","url":"https:\/\/kinaikaleidoszkop.hu\/","name":"kinaikaleidoszkop.hu","description":"","potentialAction":[{"@type":"SearchAction","target":{"@type":"EntryPoint","urlTemplate":"https:\/\/kinaikaleidoszkop.hu\/?s={search_term_string}"},"query-input":{"@type":"PropertyValueSpecification","valueRequired":true,"valueName":"search_term_string"}}],"inLanguage":"hu"},{"@type":"Person","@id":"https:\/\/kinaikaleidoszkop.hu\/#\/schema\/person\/b9e2febe742edd540c1197716ec02bf7","name":"admin-szabolcs","image":{"@type":"ImageObject","inLanguage":"hu","@id":"https:\/\/kinaikaleidoszkop.hu\/#\/schema\/person\/image\/","url":"https:\/\/secure.gravatar.com\/avatar\/154f262492794df2a6cb5d5349227b18ef8f85ab462fbb32625fc42406483d21?s=96&d=mm&r=g","contentUrl":"https:\/\/secure.gravatar.com\/avatar\/154f262492794df2a6cb5d5349227b18ef8f85ab462fbb32625fc42406483d21?s=96&d=mm&r=g","caption":"admin-szabolcs"},"url":"https:\/\/kinaikaleidoszkop.hu\/index.php\/author\/admin-szabolcs\/"}]}},"views":210,"distributor_meta":false,"distributor_terms":false,"distributor_media":false,"distributor_original_site_name":"kinaikaleidoszkop.hu","distributor_original_site_url":"https:\/\/kinaikaleidoszkop.hu","push-errors":false,"_links":{"self":[{"href":"https:\/\/kinaikaleidoszkop.hu\/index.php\/wp-json\/wp\/v2\/posts\/23522","targetHints":{"allow":["GET"]}}],"collection":[{"href":"https:\/\/kinaikaleidoszkop.hu\/index.php\/wp-json\/wp\/v2\/posts"}],"about":[{"href":"https:\/\/kinaikaleidoszkop.hu\/index.php\/wp-json\/wp\/v2\/types\/post"}],"author":[{"embeddable":true,"href":"https:\/\/kinaikaleidoszkop.hu\/index.php\/wp-json\/wp\/v2\/users\/2"}],"replies":[{"embeddable":true,"href":"https:\/\/kinaikaleidoszkop.hu\/index.php\/wp-json\/wp\/v2\/comments?post=23522"}],"version-history":[{"count":1,"href":"https:\/\/kinaikaleidoszkop.hu\/index.php\/wp-json\/wp\/v2\/posts\/23522\/revisions"}],"predecessor-version":[{"id":23525,"href":"https:\/\/kinaikaleidoszkop.hu\/index.php\/wp-json\/wp\/v2\/posts\/23522\/revisions\/23525"}],"wp:featuredmedia":[{"embeddable":true,"href":"https:\/\/kinaikaleidoszkop.hu\/index.php\/wp-json\/wp\/v2\/media\/23524"}],"wp:attachment":[{"href":"https:\/\/kinaikaleidoszkop.hu\/index.php\/wp-json\/wp\/v2\/media?parent=23522"}],"wp:term":[{"taxonomy":"category","embeddable":true,"href":"https:\/\/kinaikaleidoszkop.hu\/index.php\/wp-json\/wp\/v2\/categories?post=23522"},{"taxonomy":"post_tag","embeddable":true,"href":"https:\/\/kinaikaleidoszkop.hu\/index.php\/wp-json\/wp\/v2\/tags?post=23522"}],"curies":[{"name":"wp","href":"https:\/\/api.w.org\/{rel}","templated":true}]}}