{"id":23535,"date":"2024-09-30T13:42:33","date_gmt":"2024-09-30T11:42:33","guid":{"rendered":"https:\/\/kinaikaleidoszkop.hu\/?p=23535"},"modified":"2024-09-30T13:42:34","modified_gmt":"2024-09-30T11:42:34","slug":"hszi-csin-ping-es-mas-part-es-allami-vezetok-a-martirok-napjan-pekingben-a-nepi-hosok-emlekmuvenel-koszoruztak","status":"publish","type":"post","link":"https:\/\/kinaikaleidoszkop.hu\/index.php\/2024\/09\/30\/hszi-csin-ping-es-mas-part-es-allami-vezetok-a-martirok-napjan-pekingben-a-nepi-hosok-emlekmuvenel-koszoruztak\/","title":{"rendered":"Hszi Csin-ping \u00e9s m\u00e1s p\u00e1rt- \u00e9s \u00e1llami vezet\u0151k a m\u00e1rt\u00edrok napj\u00e1n Pekingben, a N\u00e9pi H\u0151s\u00f6k Eml\u00e9km\u0171v\u00e9n\u00e9l koszor\u00faztak"},"content":{"rendered":"\n<p><strong>Szeptember 30-a a m\u00e1rt\u00edrok eml\u00e9knapja K\u00edn\u00e1ban, ezen a d\u00e9lel\u0151tt\u00f6n K\u00edna vezet\u0151i megkoszor\u00fazt\u00e1k az elesett nemzeti h\u0151s\u00f6k eml\u00e9km\u0171v\u00e9t Pekingben, a Tienanmen t\u00e9ren. Hszi Csin-ping \u00e9s m\u00e1s p\u00e1rt- \u00e9s \u00e1llami vezet\u0151k az \u00e9let k\u00fcl\u00f6nb\u00f6z\u0151 ter\u00fcleteir\u0151l \u00e9rkezett k\u00e9pvisel\u0151kkel egy\u00fctt tisztelegtek a h\u0151s\u00f6k eml\u00e9ke el\u0151tt.<\/strong><\/p>\n\n\n<div class=\"wp-block-image\">\n<figure class=\"aligncenter size-full\"><img decoding=\"async\" src=\"https:\/\/hirpest.hu\/wp-content\/uploads\/2024\/09\/Hszi-Csin-ping-es-mas-part-es-allami.jpg\" alt=\"\" class=\"wp-image-24255\"\/><\/figure>\n<\/div>\n\n\n<p>A K\u00ednai N\u00e9pk\u00f6zt\u00e1rsas\u00e1g megalap\u00edt\u00e1s\u00e1nak 75. \u00e9vfordul\u00f3ja alkalm\u00e1b\u00f3l rendezett koncertet szeptember 29-\u00e9n este tartott\u00e1k Pekingben. Hszi Csin-ping k\u00ednai \u00e1llameln\u00f6k, Li Qiang, Zhao Leji, Wang Huning, Cai Qi, Ding Xuexiang, Li Xi \u00e9s Han Zheng (a K\u00ednai Kommunista P\u00e1rt \u00e9s az orsz\u00e1g m\u00e1s vezet\u0151i), valamint a t\u00f6bb mint 3000 f\u0151s k\u00f6z\u00f6ns\u00e9g egy\u00fctt tekintette meg az el\u0151ad\u00e1st, k\u00f6z\u00f6sen \u00e9lt\u00e9k \u00fajra K\u00edna megalap\u00edt\u00e1s\u00e1nak dics\u0151s\u00e9ges t\u00f6rt\u00e9net\u00e9t az elm\u00falt 75 \u00e9vben, \u00e9s csoportosan k\u00edv\u00e1nt\u00e1k a nagy haza vir\u00e1gz\u00e1s\u00e1t.<\/p>\n\n\n\n<p><strong>2024. szeptember 30.<\/strong><\/p>\n\n\n\n<p><strong><em>(China Media Group)<\/em><\/strong><\/p>\n\n\n\n<p><strong>(x)<\/strong><\/p>\n","protected":false},"excerpt":{"rendered":"<p>Szeptember 30-a a m\u00e1rt\u00edrok eml\u00e9knapja K\u00edn\u00e1ban, ezen a d\u00e9lel\u0151tt\u00f6n K\u00edna vezet\u0151i megkoszor\u00fazt\u00e1k az elesett nemzeti h\u0151s\u00f6k eml\u00e9km\u0171v\u00e9t Pekingben, a Tienanmen t\u00e9ren. Hszi Csin-ping \u00e9s m\u00e1s p\u00e1rt- \u00e9s \u00e1llami vezet\u0151k az \u00e9let k\u00fcl\u00f6nb\u00f6z\u0151 ter\u00fcleteir\u0151l \u00e9rkezett k\u00e9pvisel\u0151kkel egy\u00fctt tisztelegtek a h\u0151s\u00f6k eml\u00e9ke el\u0151tt. A K\u00ednai N\u00e9pk\u00f6zt\u00e1rsas\u00e1g megalap\u00edt\u00e1s\u00e1nak 75. \u00e9vfordul\u00f3ja alkalm\u00e1b\u00f3l rendezett koncertet szeptember 29-\u00e9n este tartott\u00e1k Pekingben. [&hellip;]<\/p>\n","protected":false},"author":2,"featured_media":23537,"comment_status":"open","ping_status":"open","sticky":false,"template":"","format":"standard","meta":{"footnotes":""},"categories":[45],"tags":[1053,3063,292,305,3696,326,361,1565,4492,141],"class_list":["post-23535","post","type-post","status-publish","format-standard","has-post-thumbnail","hentry","category-hirek","tag-eloadas","tag-emleknap","tag-evfordulo","tag-hszi-csin-ping","tag-kina","tag-kinai-allamelnok","tag-kinai-nepkoztarsasag","tag-koszoruzas","tag-martirok","tag-peking"],"yoast_head":"<!-- This site is optimized with the Yoast SEO plugin v23.7 - https:\/\/yoast.com\/wordpress\/plugins\/seo\/ -->\n<title>Hszi Csin-ping \u00e9s m\u00e1s p\u00e1rt- \u00e9s \u00e1llami vezet\u0151k a m\u00e1rt\u00edrok napj\u00e1n Pekingben, a N\u00e9pi H\u0151s\u00f6k Eml\u00e9km\u0171v\u00e9n\u00e9l koszor\u00faztak - kinaikaleidoszkop.hu<\/title>\n<meta name=\"robots\" content=\"index, follow, max-snippet:-1, max-image-preview:large, max-video-preview:-1\" \/>\n<link rel=\"canonical\" href=\"https:\/\/kinaikaleidoszkop.hu\/index.php\/2024\/09\/30\/hszi-csin-ping-es-mas-part-es-allami-vezetok-a-martirok-napjan-pekingben-a-nepi-hosok-emlekmuvenel-koszoruztak\/\" \/>\n<meta property=\"og:locale\" content=\"hu_HU\" \/>\n<meta property=\"og:type\" content=\"article\" \/>\n<meta property=\"og:title\" content=\"Hszi Csin-ping \u00e9s m\u00e1s p\u00e1rt- \u00e9s \u00e1llami vezet\u0151k a m\u00e1rt\u00edrok napj\u00e1n Pekingben, a N\u00e9pi H\u0151s\u00f6k Eml\u00e9km\u0171v\u00e9n\u00e9l koszor\u00faztak - kinaikaleidoszkop.hu\" \/>\n<meta property=\"og:description\" content=\"Szeptember 30-a a m\u00e1rt\u00edrok eml\u00e9knapja K\u00edn\u00e1ban, ezen a d\u00e9lel\u0151tt\u00f6n K\u00edna vezet\u0151i megkoszor\u00fazt\u00e1k az elesett nemzeti h\u0151s\u00f6k eml\u00e9km\u0171v\u00e9t Pekingben, a Tienanmen t\u00e9ren. Hszi Csin-ping \u00e9s m\u00e1s p\u00e1rt- \u00e9s \u00e1llami vezet\u0151k az \u00e9let k\u00fcl\u00f6nb\u00f6z\u0151 ter\u00fcleteir\u0151l \u00e9rkezett k\u00e9pvisel\u0151kkel egy\u00fctt tisztelegtek a h\u0151s\u00f6k eml\u00e9ke el\u0151tt. A K\u00ednai N\u00e9pk\u00f6zt\u00e1rsas\u00e1g megalap\u00edt\u00e1s\u00e1nak 75. \u00e9vfordul\u00f3ja alkalm\u00e1b\u00f3l rendezett koncertet szeptember 29-\u00e9n este tartott\u00e1k Pekingben. [&hellip;]\" \/>\n<meta property=\"og:url\" content=\"https:\/\/kinaikaleidoszkop.hu\/index.php\/2024\/09\/30\/hszi-csin-ping-es-mas-part-es-allami-vezetok-a-martirok-napjan-pekingben-a-nepi-hosok-emlekmuvenel-koszoruztak\/\" \/>\n<meta property=\"og:site_name\" content=\"kinaikaleidoszkop.hu\" \/>\n<meta property=\"article:published_time\" content=\"2024-09-30T11:42:33+00:00\" \/>\n<meta property=\"article:modified_time\" content=\"2024-09-30T11:42:34+00:00\" \/>\n<meta property=\"og:image\" content=\"https:\/\/kinaikaleidoszkop.hu\/wp-content\/uploads\/2024\/09\/Hszi-Csin-ping-es-mas-part-es-allami.jpg\" \/>\n\t<meta property=\"og:image:width\" content=\"1920\" \/>\n\t<meta property=\"og:image:height\" content=\"1071\" \/>\n\t<meta property=\"og:image:type\" content=\"image\/jpeg\" \/>\n<meta name=\"author\" content=\"admin-szabolcs\" \/>\n<meta name=\"twitter:card\" content=\"summary_large_image\" \/>\n<meta name=\"twitter:label1\" content=\"Szerz\u0151:\" \/>\n\t<meta name=\"twitter:data1\" content=\"admin-szabolcs\" \/>\n\t<meta name=\"twitter:label2\" content=\"Becs\u00fclt olvas\u00e1si id\u0151\" \/>\n\t<meta name=\"twitter:data2\" content=\"2 perc\" \/>\n<script type=\"application\/ld+json\" class=\"yoast-schema-graph\">{\"@context\":\"https:\/\/schema.org\",\"@graph\":[{\"@type\":\"WebPage\",\"@id\":\"https:\/\/kinaikaleidoszkop.hu\/index.php\/2024\/09\/30\/hszi-csin-ping-es-mas-part-es-allami-vezetok-a-martirok-napjan-pekingben-a-nepi-hosok-emlekmuvenel-koszoruztak\/\",\"url\":\"https:\/\/kinaikaleidoszkop.hu\/index.php\/2024\/09\/30\/hszi-csin-ping-es-mas-part-es-allami-vezetok-a-martirok-napjan-pekingben-a-nepi-hosok-emlekmuvenel-koszoruztak\/\",\"name\":\"Hszi Csin-ping \u00e9s m\u00e1s p\u00e1rt- \u00e9s \u00e1llami vezet\u0151k a m\u00e1rt\u00edrok napj\u00e1n Pekingben, a N\u00e9pi H\u0151s\u00f6k Eml\u00e9km\u0171v\u00e9n\u00e9l koszor\u00faztak - kinaikaleidoszkop.hu\",\"isPartOf\":{\"@id\":\"https:\/\/kinaikaleidoszkop.hu\/#website\"},\"primaryImageOfPage\":{\"@id\":\"https:\/\/kinaikaleidoszkop.hu\/index.php\/2024\/09\/30\/hszi-csin-ping-es-mas-part-es-allami-vezetok-a-martirok-napjan-pekingben-a-nepi-hosok-emlekmuvenel-koszoruztak\/#primaryimage\"},\"image\":{\"@id\":\"https:\/\/kinaikaleidoszkop.hu\/index.php\/2024\/09\/30\/hszi-csin-ping-es-mas-part-es-allami-vezetok-a-martirok-napjan-pekingben-a-nepi-hosok-emlekmuvenel-koszoruztak\/#primaryimage\"},\"thumbnailUrl\":\"https:\/\/kinaikaleidoszkop.hu\/wp-content\/uploads\/2024\/09\/Hszi-Csin-ping-es-mas-part-es-allami.jpg\",\"datePublished\":\"2024-09-30T11:42:33+00:00\",\"dateModified\":\"2024-09-30T11:42:34+00:00\",\"author\":{\"@id\":\"https:\/\/kinaikaleidoszkop.hu\/#\/schema\/person\/b9e2febe742edd540c1197716ec02bf7\"},\"breadcrumb\":{\"@id\":\"https:\/\/kinaikaleidoszkop.hu\/index.php\/2024\/09\/30\/hszi-csin-ping-es-mas-part-es-allami-vezetok-a-martirok-napjan-pekingben-a-nepi-hosok-emlekmuvenel-koszoruztak\/#breadcrumb\"},\"inLanguage\":\"hu\",\"potentialAction\":[{\"@type\":\"ReadAction\",\"target\":[\"https:\/\/kinaikaleidoszkop.hu\/index.php\/2024\/09\/30\/hszi-csin-ping-es-mas-part-es-allami-vezetok-a-martirok-napjan-pekingben-a-nepi-hosok-emlekmuvenel-koszoruztak\/\"]}]},{\"@type\":\"ImageObject\",\"inLanguage\":\"hu\",\"@id\":\"https:\/\/kinaikaleidoszkop.hu\/index.php\/2024\/09\/30\/hszi-csin-ping-es-mas-part-es-allami-vezetok-a-martirok-napjan-pekingben-a-nepi-hosok-emlekmuvenel-koszoruztak\/#primaryimage\",\"url\":\"https:\/\/kinaikaleidoszkop.hu\/wp-content\/uploads\/2024\/09\/Hszi-Csin-ping-es-mas-part-es-allami.jpg\",\"contentUrl\":\"https:\/\/kinaikaleidoszkop.hu\/wp-content\/uploads\/2024\/09\/Hszi-Csin-ping-es-mas-part-es-allami.jpg\",\"width\":1920,\"height\":1071},{\"@type\":\"BreadcrumbList\",\"@id\":\"https:\/\/kinaikaleidoszkop.hu\/index.php\/2024\/09\/30\/hszi-csin-ping-es-mas-part-es-allami-vezetok-a-martirok-napjan-pekingben-a-nepi-hosok-emlekmuvenel-koszoruztak\/#breadcrumb\",\"itemListElement\":[{\"@type\":\"ListItem\",\"position\":1,\"name\":\"Kezd\u0151lap\",\"item\":\"https:\/\/kinaikaleidoszkop.hu\/\"},{\"@type\":\"ListItem\",\"position\":2,\"name\":\"Hszi Csin-ping \u00e9s m\u00e1s p\u00e1rt- \u00e9s \u00e1llami vezet\u0151k a m\u00e1rt\u00edrok napj\u00e1n Pekingben, a N\u00e9pi H\u0151s\u00f6k Eml\u00e9km\u0171v\u00e9n\u00e9l koszor\u00faztak\"}]},{\"@type\":\"WebSite\",\"@id\":\"https:\/\/kinaikaleidoszkop.hu\/#website\",\"url\":\"https:\/\/kinaikaleidoszkop.hu\/\",\"name\":\"kinaikaleidoszkop.hu\",\"description\":\"\",\"potentialAction\":[{\"@type\":\"SearchAction\",\"target\":{\"@type\":\"EntryPoint\",\"urlTemplate\":\"https:\/\/kinaikaleidoszkop.hu\/?s={search_term_string}\"},\"query-input\":{\"@type\":\"PropertyValueSpecification\",\"valueRequired\":true,\"valueName\":\"search_term_string\"}}],\"inLanguage\":\"hu\"},{\"@type\":\"Person\",\"@id\":\"https:\/\/kinaikaleidoszkop.hu\/#\/schema\/person\/b9e2febe742edd540c1197716ec02bf7\",\"name\":\"admin-szabolcs\",\"image\":{\"@type\":\"ImageObject\",\"inLanguage\":\"hu\",\"@id\":\"https:\/\/kinaikaleidoszkop.hu\/#\/schema\/person\/image\/\",\"url\":\"https:\/\/secure.gravatar.com\/avatar\/154f262492794df2a6cb5d5349227b18ef8f85ab462fbb32625fc42406483d21?s=96&d=mm&r=g\",\"contentUrl\":\"https:\/\/secure.gravatar.com\/avatar\/154f262492794df2a6cb5d5349227b18ef8f85ab462fbb32625fc42406483d21?s=96&d=mm&r=g\",\"caption\":\"admin-szabolcs\"},\"url\":\"https:\/\/kinaikaleidoszkop.hu\/index.php\/author\/admin-szabolcs\/\"}]}<\/script>\n<!-- \/ Yoast SEO plugin. -->","yoast_head_json":{"title":"Hszi Csin-ping \u00e9s m\u00e1s p\u00e1rt- \u00e9s \u00e1llami vezet\u0151k a m\u00e1rt\u00edrok napj\u00e1n Pekingben, a N\u00e9pi H\u0151s\u00f6k Eml\u00e9km\u0171v\u00e9n\u00e9l koszor\u00faztak - kinaikaleidoszkop.hu","robots":{"index":"index","follow":"follow","max-snippet":"max-snippet:-1","max-image-preview":"max-image-preview:large","max-video-preview":"max-video-preview:-1"},"canonical":"https:\/\/kinaikaleidoszkop.hu\/index.php\/2024\/09\/30\/hszi-csin-ping-es-mas-part-es-allami-vezetok-a-martirok-napjan-pekingben-a-nepi-hosok-emlekmuvenel-koszoruztak\/","og_locale":"hu_HU","og_type":"article","og_title":"Hszi Csin-ping \u00e9s m\u00e1s p\u00e1rt- \u00e9s \u00e1llami vezet\u0151k a m\u00e1rt\u00edrok napj\u00e1n Pekingben, a N\u00e9pi H\u0151s\u00f6k Eml\u00e9km\u0171v\u00e9n\u00e9l koszor\u00faztak - kinaikaleidoszkop.hu","og_description":"Szeptember 30-a a m\u00e1rt\u00edrok eml\u00e9knapja K\u00edn\u00e1ban, ezen a d\u00e9lel\u0151tt\u00f6n K\u00edna vezet\u0151i megkoszor\u00fazt\u00e1k az elesett nemzeti h\u0151s\u00f6k eml\u00e9km\u0171v\u00e9t Pekingben, a Tienanmen t\u00e9ren. Hszi Csin-ping \u00e9s m\u00e1s p\u00e1rt- \u00e9s \u00e1llami vezet\u0151k az \u00e9let k\u00fcl\u00f6nb\u00f6z\u0151 ter\u00fcleteir\u0151l \u00e9rkezett k\u00e9pvisel\u0151kkel egy\u00fctt tisztelegtek a h\u0151s\u00f6k eml\u00e9ke el\u0151tt. A K\u00ednai N\u00e9pk\u00f6zt\u00e1rsas\u00e1g megalap\u00edt\u00e1s\u00e1nak 75. \u00e9vfordul\u00f3ja alkalm\u00e1b\u00f3l rendezett koncertet szeptember 29-\u00e9n este tartott\u00e1k Pekingben. [&hellip;]","og_url":"https:\/\/kinaikaleidoszkop.hu\/index.php\/2024\/09\/30\/hszi-csin-ping-es-mas-part-es-allami-vezetok-a-martirok-napjan-pekingben-a-nepi-hosok-emlekmuvenel-koszoruztak\/","og_site_name":"kinaikaleidoszkop.hu","article_published_time":"2024-09-30T11:42:33+00:00","article_modified_time":"2024-09-30T11:42:34+00:00","og_image":[{"width":1920,"height":1071,"url":"https:\/\/kinaikaleidoszkop.hu\/wp-content\/uploads\/2024\/09\/Hszi-Csin-ping-es-mas-part-es-allami.jpg","type":"image\/jpeg"}],"author":"admin-szabolcs","twitter_card":"summary_large_image","twitter_misc":{"Szerz\u0151:":"admin-szabolcs","Becs\u00fclt olvas\u00e1si id\u0151":"2 perc"},"schema":{"@context":"https:\/\/schema.org","@graph":[{"@type":"WebPage","@id":"https:\/\/kinaikaleidoszkop.hu\/index.php\/2024\/09\/30\/hszi-csin-ping-es-mas-part-es-allami-vezetok-a-martirok-napjan-pekingben-a-nepi-hosok-emlekmuvenel-koszoruztak\/","url":"https:\/\/kinaikaleidoszkop.hu\/index.php\/2024\/09\/30\/hszi-csin-ping-es-mas-part-es-allami-vezetok-a-martirok-napjan-pekingben-a-nepi-hosok-emlekmuvenel-koszoruztak\/","name":"Hszi Csin-ping \u00e9s m\u00e1s p\u00e1rt- \u00e9s \u00e1llami vezet\u0151k a m\u00e1rt\u00edrok napj\u00e1n Pekingben, a N\u00e9pi H\u0151s\u00f6k Eml\u00e9km\u0171v\u00e9n\u00e9l koszor\u00faztak - kinaikaleidoszkop.hu","isPartOf":{"@id":"https:\/\/kinaikaleidoszkop.hu\/#website"},"primaryImageOfPage":{"@id":"https:\/\/kinaikaleidoszkop.hu\/index.php\/2024\/09\/30\/hszi-csin-ping-es-mas-part-es-allami-vezetok-a-martirok-napjan-pekingben-a-nepi-hosok-emlekmuvenel-koszoruztak\/#primaryimage"},"image":{"@id":"https:\/\/kinaikaleidoszkop.hu\/index.php\/2024\/09\/30\/hszi-csin-ping-es-mas-part-es-allami-vezetok-a-martirok-napjan-pekingben-a-nepi-hosok-emlekmuvenel-koszoruztak\/#primaryimage"},"thumbnailUrl":"https:\/\/kinaikaleidoszkop.hu\/wp-content\/uploads\/2024\/09\/Hszi-Csin-ping-es-mas-part-es-allami.jpg","datePublished":"2024-09-30T11:42:33+00:00","dateModified":"2024-09-30T11:42:34+00:00","author":{"@id":"https:\/\/kinaikaleidoszkop.hu\/#\/schema\/person\/b9e2febe742edd540c1197716ec02bf7"},"breadcrumb":{"@id":"https:\/\/kinaikaleidoszkop.hu\/index.php\/2024\/09\/30\/hszi-csin-ping-es-mas-part-es-allami-vezetok-a-martirok-napjan-pekingben-a-nepi-hosok-emlekmuvenel-koszoruztak\/#breadcrumb"},"inLanguage":"hu","potentialAction":[{"@type":"ReadAction","target":["https:\/\/kinaikaleidoszkop.hu\/index.php\/2024\/09\/30\/hszi-csin-ping-es-mas-part-es-allami-vezetok-a-martirok-napjan-pekingben-a-nepi-hosok-emlekmuvenel-koszoruztak\/"]}]},{"@type":"ImageObject","inLanguage":"hu","@id":"https:\/\/kinaikaleidoszkop.hu\/index.php\/2024\/09\/30\/hszi-csin-ping-es-mas-part-es-allami-vezetok-a-martirok-napjan-pekingben-a-nepi-hosok-emlekmuvenel-koszoruztak\/#primaryimage","url":"https:\/\/kinaikaleidoszkop.hu\/wp-content\/uploads\/2024\/09\/Hszi-Csin-ping-es-mas-part-es-allami.jpg","contentUrl":"https:\/\/kinaikaleidoszkop.hu\/wp-content\/uploads\/2024\/09\/Hszi-Csin-ping-es-mas-part-es-allami.jpg","width":1920,"height":1071},{"@type":"BreadcrumbList","@id":"https:\/\/kinaikaleidoszkop.hu\/index.php\/2024\/09\/30\/hszi-csin-ping-es-mas-part-es-allami-vezetok-a-martirok-napjan-pekingben-a-nepi-hosok-emlekmuvenel-koszoruztak\/#breadcrumb","itemListElement":[{"@type":"ListItem","position":1,"name":"Kezd\u0151lap","item":"https:\/\/kinaikaleidoszkop.hu\/"},{"@type":"ListItem","position":2,"name":"Hszi Csin-ping \u00e9s m\u00e1s p\u00e1rt- \u00e9s \u00e1llami vezet\u0151k a m\u00e1rt\u00edrok napj\u00e1n Pekingben, a N\u00e9pi H\u0151s\u00f6k Eml\u00e9km\u0171v\u00e9n\u00e9l koszor\u00faztak"}]},{"@type":"WebSite","@id":"https:\/\/kinaikaleidoszkop.hu\/#website","url":"https:\/\/kinaikaleidoszkop.hu\/","name":"kinaikaleidoszkop.hu","description":"","potentialAction":[{"@type":"SearchAction","target":{"@type":"EntryPoint","urlTemplate":"https:\/\/kinaikaleidoszkop.hu\/?s={search_term_string}"},"query-input":{"@type":"PropertyValueSpecification","valueRequired":true,"valueName":"search_term_string"}}],"inLanguage":"hu"},{"@type":"Person","@id":"https:\/\/kinaikaleidoszkop.hu\/#\/schema\/person\/b9e2febe742edd540c1197716ec02bf7","name":"admin-szabolcs","image":{"@type":"ImageObject","inLanguage":"hu","@id":"https:\/\/kinaikaleidoszkop.hu\/#\/schema\/person\/image\/","url":"https:\/\/secure.gravatar.com\/avatar\/154f262492794df2a6cb5d5349227b18ef8f85ab462fbb32625fc42406483d21?s=96&d=mm&r=g","contentUrl":"https:\/\/secure.gravatar.com\/avatar\/154f262492794df2a6cb5d5349227b18ef8f85ab462fbb32625fc42406483d21?s=96&d=mm&r=g","caption":"admin-szabolcs"},"url":"https:\/\/kinaikaleidoszkop.hu\/index.php\/author\/admin-szabolcs\/"}]}},"views":215,"distributor_meta":false,"distributor_terms":false,"distributor_media":false,"distributor_original_site_name":"kinaikaleidoszkop.hu","distributor_original_site_url":"https:\/\/kinaikaleidoszkop.hu","push-errors":false,"_links":{"self":[{"href":"https:\/\/kinaikaleidoszkop.hu\/index.php\/wp-json\/wp\/v2\/posts\/23535","targetHints":{"allow":["GET"]}}],"collection":[{"href":"https:\/\/kinaikaleidoszkop.hu\/index.php\/wp-json\/wp\/v2\/posts"}],"about":[{"href":"https:\/\/kinaikaleidoszkop.hu\/index.php\/wp-json\/wp\/v2\/types\/post"}],"author":[{"embeddable":true,"href":"https:\/\/kinaikaleidoszkop.hu\/index.php\/wp-json\/wp\/v2\/users\/2"}],"replies":[{"embeddable":true,"href":"https:\/\/kinaikaleidoszkop.hu\/index.php\/wp-json\/wp\/v2\/comments?post=23535"}],"version-history":[{"count":1,"href":"https:\/\/kinaikaleidoszkop.hu\/index.php\/wp-json\/wp\/v2\/posts\/23535\/revisions"}],"predecessor-version":[{"id":23538,"href":"https:\/\/kinaikaleidoszkop.hu\/index.php\/wp-json\/wp\/v2\/posts\/23535\/revisions\/23538"}],"wp:featuredmedia":[{"embeddable":true,"href":"https:\/\/kinaikaleidoszkop.hu\/index.php\/wp-json\/wp\/v2\/media\/23537"}],"wp:attachment":[{"href":"https:\/\/kinaikaleidoszkop.hu\/index.php\/wp-json\/wp\/v2\/media?parent=23535"}],"wp:term":[{"taxonomy":"category","embeddable":true,"href":"https:\/\/kinaikaleidoszkop.hu\/index.php\/wp-json\/wp\/v2\/categories?post=23535"},{"taxonomy":"post_tag","embeddable":true,"href":"https:\/\/kinaikaleidoszkop.hu\/index.php\/wp-json\/wp\/v2\/tags?post=23535"}],"curies":[{"name":"wp","href":"https:\/\/api.w.org\/{rel}","templated":true}]}}