{"id":23610,"date":"2024-10-11T15:14:34","date_gmt":"2024-10-11T13:14:34","guid":{"rendered":"https:\/\/kinaikaleidoszkop.hu\/?p=23610"},"modified":"2024-10-11T15:14:34","modified_gmt":"2024-10-11T13:14:34","slug":"hszi-csin-ping-kulfoldi-vendegekkel-talalkozott","status":"publish","type":"post","link":"https:\/\/kinaikaleidoszkop.hu\/index.php\/2024\/10\/11\/hszi-csin-ping-kulfoldi-vendegekkel-talalkozott\/","title":{"rendered":"Hszi Csin-ping k\u00fclf\u00f6ldi vend\u00e9gekkel tal\u00e1lkozott"},"content":{"rendered":"\n<p><strong>Okt\u00f3ber 11-\u00e9n d\u00e9lel\u0151tt Hszi Csin-ping k\u00ednai \u00e1llameln\u00f6k a K\u00ednai Nemzetk\u00f6zi Bar\u00e1ts\u00e1g Konferenci\u00e1n, vagyis a K\u00ednai N\u00e9pi Sz\u00f6vets\u00e9g a K\u00fclf\u00f6ldi Bar\u00e1ts\u00e1g\u00e9rt (CPAFFC) megalap\u00edt\u00e1s\u00e1nak 70. \u00e9vfordul\u00f3ja alkalm\u00e1b\u00f3l rendezett megeml\u00e9kez\u00e9sen r\u00e9szt vev\u0151 k\u00fclf\u00f6ldi vend\u00e9gekkel tal\u00e1lkozott Pekingben, a N\u00e9pi Gy\u0171l\u00e9s H\u00e1z\u00e1ban.<\/strong><\/p>\n\n\n\n<p>Hszi Csin-ping a tal\u00e1lkoz\u00f3n mindenek el\u0151tt nagyra \u00e9rt\u00e9kelte a nemzetk\u00f6zi bar\u00e1tok hossz\u00fa t\u00e1v\u00fa t\u00f6rekv\u00e9seit a K\u00edn\u00e1val val\u00f3 bar\u00e1ts\u00e1g viszonylat\u00e1ban.<\/p>\n\n\n<div class=\"wp-block-image\">\n<figure class=\"aligncenter size-full\"><img decoding=\"async\" src=\"https:\/\/hirpest.hu\/wp-content\/uploads\/2024\/10\/Hszi-Csin-ping-kulfoldi-vendegekkel-talalkozott-1.jpg\" alt=\"\" class=\"wp-image-24356\"\/><\/figure>\n<\/div>\n\n\n<p>Hszi r\u00e1mutatott, hogy a szem\u00e9lyk\u00f6zi bar\u00e1ts\u00e1g a stabil \u00e9s tart\u00f3s nemzetk\u00f6zi kapcsolatok alapja, valamint a vil\u00e1gb\u00e9ke \u00e9s a fejl\u0151d\u00e9s kimer\u00edthetetlen hajt\u00f3ereje.<\/p>\n\n\n\n<p>Hszi jelezte, hogy a K\u00ednai N\u00e9pk\u00f6zt\u00e1rsas\u00e1g megalap\u00edt\u00e1sa \u00f3ta eltelt 75 \u00e9v alatt a K\u00ednai Kommunista P\u00e1rt (KKP) egys\u00e9gbe t\u00f6m\u00f6r\u00edtette \u00e9s vezette a k\u00ednai n\u00e9pet, hogy a moderniz\u00e1ci\u00f3 \u00fatj\u00e1n haladjon, amely egyszerre fejlesztette \u00f6nmag\u00e1t \u00e9s a vil\u00e1g jav\u00e1t is szolg\u00e1lta.<\/p>\n\n\n\n<p>Hszi hangs\u00falyozta, hogy K\u00edna k\u00e9sz meger\u0151s\u00edteni a bar\u00e1ti cser\u00e9ket valamennyi orsz\u00e1ggal, k\u00e9sz egyed\u00fcl\u00e1ll\u00f3 szerepet j\u00e1tszani a civil diplom\u00e1ci\u00e1ban \u00e9s k\u00e9sz k\u00f6z\u00f6sen \u00e9p\u00edteni az emberis\u00e9g sorsk\u00f6z\u00f6ss\u00e9g\u00e9t valamennyi bar\u00e1tj\u00e1val egy\u00fctt.<\/p>\n\n\n\n<p><strong>2024. okt\u00f3ber 11.<\/strong><\/p>\n\n\n\n<p><strong><em>(China Media Group)<\/em><\/strong><\/p>\n\n\n\n<p><strong>(x)<\/strong><\/p>\n","protected":false},"excerpt":{"rendered":"<p>Okt\u00f3ber 11-\u00e9n d\u00e9lel\u0151tt Hszi Csin-ping k\u00ednai \u00e1llameln\u00f6k a K\u00ednai Nemzetk\u00f6zi Bar\u00e1ts\u00e1g Konferenci\u00e1n, vagyis a K\u00ednai N\u00e9pi Sz\u00f6vets\u00e9g a K\u00fclf\u00f6ldi Bar\u00e1ts\u00e1g\u00e9rt (CPAFFC) megalap\u00edt\u00e1s\u00e1nak 70. \u00e9vfordul\u00f3ja alkalm\u00e1b\u00f3l rendezett megeml\u00e9kez\u00e9sen r\u00e9szt vev\u0151 k\u00fclf\u00f6ldi vend\u00e9gekkel tal\u00e1lkozott Pekingben, a N\u00e9pi Gy\u0171l\u00e9s H\u00e1z\u00e1ban. Hszi Csin-ping a tal\u00e1lkoz\u00f3n mindenek el\u0151tt nagyra \u00e9rt\u00e9kelte a nemzetk\u00f6zi bar\u00e1tok hossz\u00fa t\u00e1v\u00fa t\u00f6rekv\u00e9seit a K\u00edn\u00e1val val\u00f3 bar\u00e1ts\u00e1g [&hellip;]<\/p>\n","protected":false},"author":2,"featured_media":23612,"comment_status":"open","ping_status":"open","sticky":false,"template":"","format":"standard","meta":{"footnotes":""},"categories":[45],"tags":[292,414,305,3696,326,4530,4532,4531,2681,1628],"class_list":["post-23610","post","type-post","status-publish","format-standard","has-post-thumbnail","hentry","category-hirek","tag-evfordulo","tag-fejlodes","tag-hszi-csin-ping","tag-kina","tag-kinai-allamelnok","tag-kinai-nemzetkozi-baratsag-konferencia","tag-kinai-nepi-szovetseg-a-kulfoldi-baratsagert","tag-kulfoldi-vendegek","tag-megemlekezes","tag-nepi-gyules-haza"],"yoast_head":"<!-- This site is optimized with the Yoast SEO plugin v23.7 - https:\/\/yoast.com\/wordpress\/plugins\/seo\/ -->\n<title>Hszi Csin-ping k\u00fclf\u00f6ldi vend\u00e9gekkel tal\u00e1lkozott - kinaikaleidoszkop.hu<\/title>\n<meta name=\"robots\" content=\"index, follow, max-snippet:-1, max-image-preview:large, max-video-preview:-1\" \/>\n<link rel=\"canonical\" href=\"https:\/\/kinaikaleidoszkop.hu\/index.php\/2024\/10\/11\/hszi-csin-ping-kulfoldi-vendegekkel-talalkozott\/\" \/>\n<meta property=\"og:locale\" content=\"hu_HU\" \/>\n<meta property=\"og:type\" content=\"article\" \/>\n<meta property=\"og:title\" content=\"Hszi Csin-ping k\u00fclf\u00f6ldi vend\u00e9gekkel tal\u00e1lkozott - kinaikaleidoszkop.hu\" \/>\n<meta property=\"og:description\" content=\"Okt\u00f3ber 11-\u00e9n d\u00e9lel\u0151tt Hszi Csin-ping k\u00ednai \u00e1llameln\u00f6k a K\u00ednai Nemzetk\u00f6zi Bar\u00e1ts\u00e1g Konferenci\u00e1n, vagyis a K\u00ednai N\u00e9pi Sz\u00f6vets\u00e9g a K\u00fclf\u00f6ldi Bar\u00e1ts\u00e1g\u00e9rt (CPAFFC) megalap\u00edt\u00e1s\u00e1nak 70. \u00e9vfordul\u00f3ja alkalm\u00e1b\u00f3l rendezett megeml\u00e9kez\u00e9sen r\u00e9szt vev\u0151 k\u00fclf\u00f6ldi vend\u00e9gekkel tal\u00e1lkozott Pekingben, a N\u00e9pi Gy\u0171l\u00e9s H\u00e1z\u00e1ban. Hszi Csin-ping a tal\u00e1lkoz\u00f3n mindenek el\u0151tt nagyra \u00e9rt\u00e9kelte a nemzetk\u00f6zi bar\u00e1tok hossz\u00fa t\u00e1v\u00fa t\u00f6rekv\u00e9seit a K\u00edn\u00e1val val\u00f3 bar\u00e1ts\u00e1g [&hellip;]\" \/>\n<meta property=\"og:url\" content=\"https:\/\/kinaikaleidoszkop.hu\/index.php\/2024\/10\/11\/hszi-csin-ping-kulfoldi-vendegekkel-talalkozott\/\" \/>\n<meta property=\"og:site_name\" content=\"kinaikaleidoszkop.hu\" \/>\n<meta property=\"article:published_time\" content=\"2024-10-11T13:14:34+00:00\" \/>\n<meta property=\"og:image\" content=\"https:\/\/kinaikaleidoszkop.hu\/wp-content\/uploads\/2024\/10\/Hszi-Csin-ping-kulfoldi-vendegekkel-talalkozott-1.jpg\" \/>\n\t<meta property=\"og:image:width\" content=\"1920\" \/>\n\t<meta property=\"og:image:height\" content=\"1292\" \/>\n\t<meta property=\"og:image:type\" content=\"image\/jpeg\" \/>\n<meta name=\"author\" content=\"admin-szabolcs\" \/>\n<meta name=\"twitter:card\" content=\"summary_large_image\" \/>\n<meta name=\"twitter:label1\" content=\"Szerz\u0151:\" \/>\n\t<meta name=\"twitter:data1\" content=\"admin-szabolcs\" \/>\n\t<meta name=\"twitter:label2\" content=\"Becs\u00fclt olvas\u00e1si id\u0151\" \/>\n\t<meta name=\"twitter:data2\" content=\"2 perc\" \/>\n<script type=\"application\/ld+json\" class=\"yoast-schema-graph\">{\"@context\":\"https:\/\/schema.org\",\"@graph\":[{\"@type\":\"WebPage\",\"@id\":\"https:\/\/kinaikaleidoszkop.hu\/index.php\/2024\/10\/11\/hszi-csin-ping-kulfoldi-vendegekkel-talalkozott\/\",\"url\":\"https:\/\/kinaikaleidoszkop.hu\/index.php\/2024\/10\/11\/hszi-csin-ping-kulfoldi-vendegekkel-talalkozott\/\",\"name\":\"Hszi Csin-ping k\u00fclf\u00f6ldi vend\u00e9gekkel tal\u00e1lkozott - kinaikaleidoszkop.hu\",\"isPartOf\":{\"@id\":\"https:\/\/kinaikaleidoszkop.hu\/#website\"},\"primaryImageOfPage\":{\"@id\":\"https:\/\/kinaikaleidoszkop.hu\/index.php\/2024\/10\/11\/hszi-csin-ping-kulfoldi-vendegekkel-talalkozott\/#primaryimage\"},\"image\":{\"@id\":\"https:\/\/kinaikaleidoszkop.hu\/index.php\/2024\/10\/11\/hszi-csin-ping-kulfoldi-vendegekkel-talalkozott\/#primaryimage\"},\"thumbnailUrl\":\"https:\/\/kinaikaleidoszkop.hu\/wp-content\/uploads\/2024\/10\/Hszi-Csin-ping-kulfoldi-vendegekkel-talalkozott-1.jpg\",\"datePublished\":\"2024-10-11T13:14:34+00:00\",\"dateModified\":\"2024-10-11T13:14:34+00:00\",\"author\":{\"@id\":\"https:\/\/kinaikaleidoszkop.hu\/#\/schema\/person\/b9e2febe742edd540c1197716ec02bf7\"},\"breadcrumb\":{\"@id\":\"https:\/\/kinaikaleidoszkop.hu\/index.php\/2024\/10\/11\/hszi-csin-ping-kulfoldi-vendegekkel-talalkozott\/#breadcrumb\"},\"inLanguage\":\"hu\",\"potentialAction\":[{\"@type\":\"ReadAction\",\"target\":[\"https:\/\/kinaikaleidoszkop.hu\/index.php\/2024\/10\/11\/hszi-csin-ping-kulfoldi-vendegekkel-talalkozott\/\"]}]},{\"@type\":\"ImageObject\",\"inLanguage\":\"hu\",\"@id\":\"https:\/\/kinaikaleidoszkop.hu\/index.php\/2024\/10\/11\/hszi-csin-ping-kulfoldi-vendegekkel-talalkozott\/#primaryimage\",\"url\":\"https:\/\/kinaikaleidoszkop.hu\/wp-content\/uploads\/2024\/10\/Hszi-Csin-ping-kulfoldi-vendegekkel-talalkozott-1.jpg\",\"contentUrl\":\"https:\/\/kinaikaleidoszkop.hu\/wp-content\/uploads\/2024\/10\/Hszi-Csin-ping-kulfoldi-vendegekkel-talalkozott-1.jpg\",\"width\":1920,\"height\":1292},{\"@type\":\"BreadcrumbList\",\"@id\":\"https:\/\/kinaikaleidoszkop.hu\/index.php\/2024\/10\/11\/hszi-csin-ping-kulfoldi-vendegekkel-talalkozott\/#breadcrumb\",\"itemListElement\":[{\"@type\":\"ListItem\",\"position\":1,\"name\":\"Kezd\u0151lap\",\"item\":\"https:\/\/kinaikaleidoszkop.hu\/\"},{\"@type\":\"ListItem\",\"position\":2,\"name\":\"Hszi Csin-ping k\u00fclf\u00f6ldi vend\u00e9gekkel tal\u00e1lkozott\"}]},{\"@type\":\"WebSite\",\"@id\":\"https:\/\/kinaikaleidoszkop.hu\/#website\",\"url\":\"https:\/\/kinaikaleidoszkop.hu\/\",\"name\":\"kinaikaleidoszkop.hu\",\"description\":\"\",\"potentialAction\":[{\"@type\":\"SearchAction\",\"target\":{\"@type\":\"EntryPoint\",\"urlTemplate\":\"https:\/\/kinaikaleidoszkop.hu\/?s={search_term_string}\"},\"query-input\":{\"@type\":\"PropertyValueSpecification\",\"valueRequired\":true,\"valueName\":\"search_term_string\"}}],\"inLanguage\":\"hu\"},{\"@type\":\"Person\",\"@id\":\"https:\/\/kinaikaleidoszkop.hu\/#\/schema\/person\/b9e2febe742edd540c1197716ec02bf7\",\"name\":\"admin-szabolcs\",\"image\":{\"@type\":\"ImageObject\",\"inLanguage\":\"hu\",\"@id\":\"https:\/\/kinaikaleidoszkop.hu\/#\/schema\/person\/image\/\",\"url\":\"https:\/\/secure.gravatar.com\/avatar\/154f262492794df2a6cb5d5349227b18ef8f85ab462fbb32625fc42406483d21?s=96&d=mm&r=g\",\"contentUrl\":\"https:\/\/secure.gravatar.com\/avatar\/154f262492794df2a6cb5d5349227b18ef8f85ab462fbb32625fc42406483d21?s=96&d=mm&r=g\",\"caption\":\"admin-szabolcs\"},\"url\":\"https:\/\/kinaikaleidoszkop.hu\/index.php\/author\/admin-szabolcs\/\"}]}<\/script>\n<!-- \/ Yoast SEO plugin. -->","yoast_head_json":{"title":"Hszi Csin-ping k\u00fclf\u00f6ldi vend\u00e9gekkel tal\u00e1lkozott - kinaikaleidoszkop.hu","robots":{"index":"index","follow":"follow","max-snippet":"max-snippet:-1","max-image-preview":"max-image-preview:large","max-video-preview":"max-video-preview:-1"},"canonical":"https:\/\/kinaikaleidoszkop.hu\/index.php\/2024\/10\/11\/hszi-csin-ping-kulfoldi-vendegekkel-talalkozott\/","og_locale":"hu_HU","og_type":"article","og_title":"Hszi Csin-ping k\u00fclf\u00f6ldi vend\u00e9gekkel tal\u00e1lkozott - kinaikaleidoszkop.hu","og_description":"Okt\u00f3ber 11-\u00e9n d\u00e9lel\u0151tt Hszi Csin-ping k\u00ednai \u00e1llameln\u00f6k a K\u00ednai Nemzetk\u00f6zi Bar\u00e1ts\u00e1g Konferenci\u00e1n, vagyis a K\u00ednai N\u00e9pi Sz\u00f6vets\u00e9g a K\u00fclf\u00f6ldi Bar\u00e1ts\u00e1g\u00e9rt (CPAFFC) megalap\u00edt\u00e1s\u00e1nak 70. \u00e9vfordul\u00f3ja alkalm\u00e1b\u00f3l rendezett megeml\u00e9kez\u00e9sen r\u00e9szt vev\u0151 k\u00fclf\u00f6ldi vend\u00e9gekkel tal\u00e1lkozott Pekingben, a N\u00e9pi Gy\u0171l\u00e9s H\u00e1z\u00e1ban. Hszi Csin-ping a tal\u00e1lkoz\u00f3n mindenek el\u0151tt nagyra \u00e9rt\u00e9kelte a nemzetk\u00f6zi bar\u00e1tok hossz\u00fa t\u00e1v\u00fa t\u00f6rekv\u00e9seit a K\u00edn\u00e1val val\u00f3 bar\u00e1ts\u00e1g [&hellip;]","og_url":"https:\/\/kinaikaleidoszkop.hu\/index.php\/2024\/10\/11\/hszi-csin-ping-kulfoldi-vendegekkel-talalkozott\/","og_site_name":"kinaikaleidoszkop.hu","article_published_time":"2024-10-11T13:14:34+00:00","og_image":[{"width":1920,"height":1292,"url":"https:\/\/kinaikaleidoszkop.hu\/wp-content\/uploads\/2024\/10\/Hszi-Csin-ping-kulfoldi-vendegekkel-talalkozott-1.jpg","type":"image\/jpeg"}],"author":"admin-szabolcs","twitter_card":"summary_large_image","twitter_misc":{"Szerz\u0151:":"admin-szabolcs","Becs\u00fclt olvas\u00e1si id\u0151":"2 perc"},"schema":{"@context":"https:\/\/schema.org","@graph":[{"@type":"WebPage","@id":"https:\/\/kinaikaleidoszkop.hu\/index.php\/2024\/10\/11\/hszi-csin-ping-kulfoldi-vendegekkel-talalkozott\/","url":"https:\/\/kinaikaleidoszkop.hu\/index.php\/2024\/10\/11\/hszi-csin-ping-kulfoldi-vendegekkel-talalkozott\/","name":"Hszi Csin-ping k\u00fclf\u00f6ldi vend\u00e9gekkel tal\u00e1lkozott - kinaikaleidoszkop.hu","isPartOf":{"@id":"https:\/\/kinaikaleidoszkop.hu\/#website"},"primaryImageOfPage":{"@id":"https:\/\/kinaikaleidoszkop.hu\/index.php\/2024\/10\/11\/hszi-csin-ping-kulfoldi-vendegekkel-talalkozott\/#primaryimage"},"image":{"@id":"https:\/\/kinaikaleidoszkop.hu\/index.php\/2024\/10\/11\/hszi-csin-ping-kulfoldi-vendegekkel-talalkozott\/#primaryimage"},"thumbnailUrl":"https:\/\/kinaikaleidoszkop.hu\/wp-content\/uploads\/2024\/10\/Hszi-Csin-ping-kulfoldi-vendegekkel-talalkozott-1.jpg","datePublished":"2024-10-11T13:14:34+00:00","dateModified":"2024-10-11T13:14:34+00:00","author":{"@id":"https:\/\/kinaikaleidoszkop.hu\/#\/schema\/person\/b9e2febe742edd540c1197716ec02bf7"},"breadcrumb":{"@id":"https:\/\/kinaikaleidoszkop.hu\/index.php\/2024\/10\/11\/hszi-csin-ping-kulfoldi-vendegekkel-talalkozott\/#breadcrumb"},"inLanguage":"hu","potentialAction":[{"@type":"ReadAction","target":["https:\/\/kinaikaleidoszkop.hu\/index.php\/2024\/10\/11\/hszi-csin-ping-kulfoldi-vendegekkel-talalkozott\/"]}]},{"@type":"ImageObject","inLanguage":"hu","@id":"https:\/\/kinaikaleidoszkop.hu\/index.php\/2024\/10\/11\/hszi-csin-ping-kulfoldi-vendegekkel-talalkozott\/#primaryimage","url":"https:\/\/kinaikaleidoszkop.hu\/wp-content\/uploads\/2024\/10\/Hszi-Csin-ping-kulfoldi-vendegekkel-talalkozott-1.jpg","contentUrl":"https:\/\/kinaikaleidoszkop.hu\/wp-content\/uploads\/2024\/10\/Hszi-Csin-ping-kulfoldi-vendegekkel-talalkozott-1.jpg","width":1920,"height":1292},{"@type":"BreadcrumbList","@id":"https:\/\/kinaikaleidoszkop.hu\/index.php\/2024\/10\/11\/hszi-csin-ping-kulfoldi-vendegekkel-talalkozott\/#breadcrumb","itemListElement":[{"@type":"ListItem","position":1,"name":"Kezd\u0151lap","item":"https:\/\/kinaikaleidoszkop.hu\/"},{"@type":"ListItem","position":2,"name":"Hszi Csin-ping k\u00fclf\u00f6ldi vend\u00e9gekkel tal\u00e1lkozott"}]},{"@type":"WebSite","@id":"https:\/\/kinaikaleidoszkop.hu\/#website","url":"https:\/\/kinaikaleidoszkop.hu\/","name":"kinaikaleidoszkop.hu","description":"","potentialAction":[{"@type":"SearchAction","target":{"@type":"EntryPoint","urlTemplate":"https:\/\/kinaikaleidoszkop.hu\/?s={search_term_string}"},"query-input":{"@type":"PropertyValueSpecification","valueRequired":true,"valueName":"search_term_string"}}],"inLanguage":"hu"},{"@type":"Person","@id":"https:\/\/kinaikaleidoszkop.hu\/#\/schema\/person\/b9e2febe742edd540c1197716ec02bf7","name":"admin-szabolcs","image":{"@type":"ImageObject","inLanguage":"hu","@id":"https:\/\/kinaikaleidoszkop.hu\/#\/schema\/person\/image\/","url":"https:\/\/secure.gravatar.com\/avatar\/154f262492794df2a6cb5d5349227b18ef8f85ab462fbb32625fc42406483d21?s=96&d=mm&r=g","contentUrl":"https:\/\/secure.gravatar.com\/avatar\/154f262492794df2a6cb5d5349227b18ef8f85ab462fbb32625fc42406483d21?s=96&d=mm&r=g","caption":"admin-szabolcs"},"url":"https:\/\/kinaikaleidoszkop.hu\/index.php\/author\/admin-szabolcs\/"}]}},"views":229,"distributor_meta":false,"distributor_terms":false,"distributor_media":false,"distributor_original_site_name":"kinaikaleidoszkop.hu","distributor_original_site_url":"https:\/\/kinaikaleidoszkop.hu","push-errors":false,"_links":{"self":[{"href":"https:\/\/kinaikaleidoszkop.hu\/index.php\/wp-json\/wp\/v2\/posts\/23610","targetHints":{"allow":["GET"]}}],"collection":[{"href":"https:\/\/kinaikaleidoszkop.hu\/index.php\/wp-json\/wp\/v2\/posts"}],"about":[{"href":"https:\/\/kinaikaleidoszkop.hu\/index.php\/wp-json\/wp\/v2\/types\/post"}],"author":[{"embeddable":true,"href":"https:\/\/kinaikaleidoszkop.hu\/index.php\/wp-json\/wp\/v2\/users\/2"}],"replies":[{"embeddable":true,"href":"https:\/\/kinaikaleidoszkop.hu\/index.php\/wp-json\/wp\/v2\/comments?post=23610"}],"version-history":[{"count":1,"href":"https:\/\/kinaikaleidoszkop.hu\/index.php\/wp-json\/wp\/v2\/posts\/23610\/revisions"}],"predecessor-version":[{"id":23613,"href":"https:\/\/kinaikaleidoszkop.hu\/index.php\/wp-json\/wp\/v2\/posts\/23610\/revisions\/23613"}],"wp:featuredmedia":[{"embeddable":true,"href":"https:\/\/kinaikaleidoszkop.hu\/index.php\/wp-json\/wp\/v2\/media\/23612"}],"wp:attachment":[{"href":"https:\/\/kinaikaleidoszkop.hu\/index.php\/wp-json\/wp\/v2\/media?parent=23610"}],"wp:term":[{"taxonomy":"category","embeddable":true,"href":"https:\/\/kinaikaleidoszkop.hu\/index.php\/wp-json\/wp\/v2\/categories?post=23610"},{"taxonomy":"post_tag","embeddable":true,"href":"https:\/\/kinaikaleidoszkop.hu\/index.php\/wp-json\/wp\/v2\/tags?post=23610"}],"curies":[{"name":"wp","href":"https:\/\/api.w.org\/{rel}","templated":true}]}}